{"id":10082,"date":"2025-12-24T10:33:30","date_gmt":"2025-12-24T08:33:30","guid":{"rendered":"https:\/\/mhf.ro\/mm\/?p=10082"},"modified":"2025-12-29T09:58:49","modified_gmt":"2025-12-29T07:58:49","slug":"fugaci-de-tarm-calidris-alpina","status":"publish","type":"post","link":"https:\/\/mhf.ro\/mm\/fugaci-de-tarm-calidris-alpina\/","title":{"rendered":"Fugaci de \u021b\u0103rm ( Calidris alpina )"},"content":{"rendered":"<p><span class=\"gs_cit_txt\" tabindex=\"-1\" data-sups=\"1\" data-hover-id=\"1\"><span class=\"gs_tkn\">Fugaciul\u00a0<\/span><span class=\"gs_tkn\">de\u00a0<\/span><span class=\"gs_tkn\">\u021b\u0103rm\u00a0<\/span><span class=\"gs_tkn\">(Calidris\u00a0<\/span><span class=\"gs_tkn\">alpina)\u00a0<\/span><span class=\"gs_tkn\">este\u00a0<\/span><span class=\"gs_tkn\">o\u00a0<\/span><span class=\"gs_tkn\">pas\u0103re\u00a0<\/span><span class=\"gs_tkn\">circumpolar\u0103\u00a0<\/span><span class=\"gs_tkn\">migratoare\u00a0<\/span><span class=\"gs_tkn\">care activeaz\u0103 dea lungul \u021b\u0103rmurilor, <\/span><span class=\"gs_tkn\">de\u00a0<\/span><span class=\"gs_tkn\">talie\u00a0<\/span><span class=\"gs_tkn\">mic\u0103\u00a0<\/span><span class=\"gs_tkn\">din\u00a0<\/span><span class=\"gs_tkn\">familia\u00a0<\/span><span class=\"gs_tkn\">scolopacidelor.\u00a0<\/span><span class=\"gs_tkn\">Este o pas\u0103re care tranziteaz\u0103 <\/span><span class=\"gs_tkn\">Rom\u00e2nia \u00een perioadele de migra\u021bie, prim\u0103vara \u0219i toamna<\/span><span class=\"gs_tkn\">.<\/span><\/span><\/p>\n<figure id=\"attachment_10083\" aria-describedby=\"caption-attachment-10083\" style=\"width: 300px\" class=\"wp-caption alignnone\"><a href=\"https:\/\/mhf.ro\/mm\/wp-content\/uploads\/2025\/12\/Fugaci-de-tarm-Calidris-alpina--scaled.jpg\"><img fetchpriority=\"high\" decoding=\"async\" class=\"size-medium wp-image-10083\" src=\"https:\/\/mhf.ro\/mm\/wp-content\/uploads\/2025\/12\/Fugaci-de-tarm-Calidris-alpina--300x200.jpg\" alt=\"\" width=\"300\" height=\"200\" srcset=\"https:\/\/mhf.ro\/mm\/wp-content\/uploads\/2025\/12\/Fugaci-de-tarm-Calidris-alpina--300x200.jpg 300w, https:\/\/mhf.ro\/mm\/wp-content\/uploads\/2025\/12\/Fugaci-de-tarm-Calidris-alpina--1024x683.jpg 1024w, https:\/\/mhf.ro\/mm\/wp-content\/uploads\/2025\/12\/Fugaci-de-tarm-Calidris-alpina--768x512.jpg 768w, https:\/\/mhf.ro\/mm\/wp-content\/uploads\/2025\/12\/Fugaci-de-tarm-Calidris-alpina--1536x1024.jpg 1536w, https:\/\/mhf.ro\/mm\/wp-content\/uploads\/2025\/12\/Fugaci-de-tarm-Calidris-alpina--2048x1365.jpg 2048w\" sizes=\"(max-width: 300px) 100vw, 300px\" \/><\/a><figcaption id=\"caption-attachment-10083\" class=\"wp-caption-text\">poze mhf.ro<\/figcaption><\/figure>\n","protected":false},"excerpt":{"rendered":"<p>Fugaciul\u00a0de\u00a0\u021b\u0103rm\u00a0(Calidris\u00a0alpina)\u00a0este\u00a0o\u00a0pas\u0103re\u00a0circumpolar\u0103\u00a0migratoare\u00a0care activeaz\u0103 dea lungul \u021b\u0103rmurilor, de\u00a0talie\u00a0mic\u0103\u00a0din\u00a0familia\u00a0scolopacidelor.\u00a0Este o pas\u0103re care tranziteaz\u0103 Rom\u00e2nia \u00een perioadele de migra\u021bie, prim\u0103vara \u0219i toamna.<\/p>\n","protected":false},"author":1,"featured_media":10083,"comment_status":"open","ping_status":"open","sticky":false,"template":"","format":"standard","meta":{"colormag_page_container_layout":"default_layout","colormag_page_sidebar_layout":"default_layout","footnotes":""},"categories":[40,66],"tags":[],"class_list":["post-10082","post","type-post","status-publish","format-standard","has-post-thumbnail","hentry","category-fotografi-diverse","category-wildlife"],"yoast_head":"<!-- This site is optimized with the Yoast SEO plugin v27.0 - https:\/\/yoast.com\/product\/yoast-seo-wordpress\/ -->\n<title>Fugaci de \u021b\u0103rm ( Calidris alpina ) - MHF Photography<\/title>\n<meta name=\"description\" content=\"O\u00a0pas\u0103re\u00a0circumpolar\u0103\u00a0migratoare\u00a0care activeaz\u0103 dea lungul \u021b\u0103rmurilor, de\u00a0talie\u00a0mic\u0103\u00a0din\u00a0familia\u00a0scolopacidelor.\u00a0Este o pas\u0103re de tranzit\" \/>\n<meta name=\"robots\" content=\"index, follow, max-snippet:-1, max-image-preview:large, max-video-preview:-1\" \/>\n<link rel=\"canonical\" href=\"https:\/\/mhf.ro\/mm\/fugaci-de-tarm-calidris-alpina\/\" \/>\n<meta property=\"og:locale\" content=\"ro_RO\" \/>\n<meta property=\"og:type\" content=\"article\" \/>\n<meta property=\"og:title\" content=\"Fugaci de \u021b\u0103rm ( Calidris alpina ) - MHF Photography\" \/>\n<meta property=\"og:description\" content=\"O\u00a0pas\u0103re\u00a0circumpolar\u0103\u00a0migratoare\u00a0care activeaz\u0103 dea lungul \u021b\u0103rmurilor, de\u00a0talie\u00a0mic\u0103\u00a0din\u00a0familia\u00a0scolopacidelor.\u00a0Este o pas\u0103re de tranzit\" \/>\n<meta property=\"og:url\" content=\"https:\/\/mhf.ro\/mm\/fugaci-de-tarm-calidris-alpina\/\" \/>\n<meta property=\"og:site_name\" content=\"MHF Photography\" \/>\n<meta property=\"article:published_time\" content=\"2025-12-24T08:33:30+00:00\" \/>\n<meta property=\"article:modified_time\" content=\"2025-12-29T07:58:49+00:00\" \/>\n<meta property=\"og:image\" content=\"https:\/\/mhf.ro\/mm\/wp-content\/uploads\/2025\/12\/Fugaci-de-tarm-Calidris-alpina--scaled.jpg\" \/>\n\t<meta property=\"og:image:width\" content=\"2560\" \/>\n\t<meta property=\"og:image:height\" content=\"1706\" \/>\n\t<meta property=\"og:image:type\" content=\"image\/jpeg\" \/>\n<meta name=\"author\" content=\"Marius Marcu\" \/>\n<meta name=\"twitter:card\" content=\"summary_large_image\" \/>\n<meta name=\"twitter:label1\" content=\"Scris de\" \/>\n\t<meta name=\"twitter:data1\" content=\"Marius Marcu\" \/>\n\t<meta name=\"twitter:label2\" content=\"Timp estimat pentru citire\" \/>\n\t<meta name=\"twitter:data2\" content=\"1 minut\" \/>\n<script type=\"application\/ld+json\" class=\"yoast-schema-graph\">{\"@context\":\"https:\/\/schema.org\",\"@graph\":[{\"@type\":\"Article\",\"@id\":\"https:\/\/mhf.ro\/mm\/fugaci-de-tarm-calidris-alpina\/#article\",\"isPartOf\":{\"@id\":\"https:\/\/mhf.ro\/mm\/fugaci-de-tarm-calidris-alpina\/\"},\"author\":{\"name\":\"Marius Marcu\",\"@id\":\"https:\/\/mhf.ro\/mm\/#\/schema\/person\/a3bebf7bdb4bf12f698aff73c7e46c21\"},\"headline\":\"Fugaci de \u021b\u0103rm ( Calidris alpina )\",\"datePublished\":\"2025-12-24T08:33:30+00:00\",\"dateModified\":\"2025-12-29T07:58:49+00:00\",\"mainEntityOfPage\":{\"@id\":\"https:\/\/mhf.ro\/mm\/fugaci-de-tarm-calidris-alpina\/\"},\"wordCount\":54,\"commentCount\":2,\"publisher\":{\"@id\":\"https:\/\/mhf.ro\/mm\/#\/schema\/person\/a3bebf7bdb4bf12f698aff73c7e46c21\"},\"image\":{\"@id\":\"https:\/\/mhf.ro\/mm\/fugaci-de-tarm-calidris-alpina\/#primaryimage\"},\"thumbnailUrl\":\"https:\/\/mhf.ro\/mm\/wp-content\/uploads\/2025\/12\/Fugaci-de-tarm-Calidris-alpina--scaled.jpg\",\"articleSection\":[\"Foto\",\"Wildlife\"],\"inLanguage\":\"ro-RO\",\"potentialAction\":[{\"@type\":\"CommentAction\",\"name\":\"Comment\",\"target\":[\"https:\/\/mhf.ro\/mm\/fugaci-de-tarm-calidris-alpina\/#respond\"]}]},{\"@type\":\"WebPage\",\"@id\":\"https:\/\/mhf.ro\/mm\/fugaci-de-tarm-calidris-alpina\/\",\"url\":\"https:\/\/mhf.ro\/mm\/fugaci-de-tarm-calidris-alpina\/\",\"name\":\"Fugaci de \u021b\u0103rm ( Calidris alpina ) - MHF Photography\",\"isPartOf\":{\"@id\":\"https:\/\/mhf.ro\/mm\/#website\"},\"primaryImageOfPage\":{\"@id\":\"https:\/\/mhf.ro\/mm\/fugaci-de-tarm-calidris-alpina\/#primaryimage\"},\"image\":{\"@id\":\"https:\/\/mhf.ro\/mm\/fugaci-de-tarm-calidris-alpina\/#primaryimage\"},\"thumbnailUrl\":\"https:\/\/mhf.ro\/mm\/wp-content\/uploads\/2025\/12\/Fugaci-de-tarm-Calidris-alpina--scaled.jpg\",\"datePublished\":\"2025-12-24T08:33:30+00:00\",\"dateModified\":\"2025-12-29T07:58:49+00:00\",\"description\":\"O\u00a0pas\u0103re\u00a0circumpolar\u0103\u00a0migratoare\u00a0care activeaz\u0103 dea lungul \u021b\u0103rmurilor, de\u00a0talie\u00a0mic\u0103\u00a0din\u00a0familia\u00a0scolopacidelor.\u00a0Este o pas\u0103re de tranzit\",\"breadcrumb\":{\"@id\":\"https:\/\/mhf.ro\/mm\/fugaci-de-tarm-calidris-alpina\/#breadcrumb\"},\"inLanguage\":\"ro-RO\",\"potentialAction\":[{\"@type\":\"ReadAction\",\"target\":[\"https:\/\/mhf.ro\/mm\/fugaci-de-tarm-calidris-alpina\/\"]}]},{\"@type\":\"ImageObject\",\"inLanguage\":\"ro-RO\",\"@id\":\"https:\/\/mhf.ro\/mm\/fugaci-de-tarm-calidris-alpina\/#primaryimage\",\"url\":\"https:\/\/mhf.ro\/mm\/wp-content\/uploads\/2025\/12\/Fugaci-de-tarm-Calidris-alpina--scaled.jpg\",\"contentUrl\":\"https:\/\/mhf.ro\/mm\/wp-content\/uploads\/2025\/12\/Fugaci-de-tarm-Calidris-alpina--scaled.jpg\",\"width\":2560,\"height\":1706,\"caption\":\"poze mhf.ro\"},{\"@type\":\"BreadcrumbList\",\"@id\":\"https:\/\/mhf.ro\/mm\/fugaci-de-tarm-calidris-alpina\/#breadcrumb\",\"itemListElement\":[{\"@type\":\"ListItem\",\"position\":1,\"name\":\"Prima pagin\u0103\",\"item\":\"https:\/\/mhf.ro\/mm\/\"},{\"@type\":\"ListItem\",\"position\":2,\"name\":\"Fugaci de \u021b\u0103rm ( Calidris alpina )\"}]},{\"@type\":\"WebSite\",\"@id\":\"https:\/\/mhf.ro\/mm\/#website\",\"url\":\"https:\/\/mhf.ro\/mm\/\",\"name\":\"MHF Photography \u2013 Blog de fotografie, natur\u0103 \u0219i tehnic\u0103 divers\u0103\",\"description\":\"Aventur\u0103 \u00een fiecare cadru.\",\"publisher\":{\"@id\":\"https:\/\/mhf.ro\/mm\/#\/schema\/person\/a3bebf7bdb4bf12f698aff73c7e46c21\"},\"potentialAction\":[{\"@type\":\"SearchAction\",\"target\":{\"@type\":\"EntryPoint\",\"urlTemplate\":\"https:\/\/mhf.ro\/mm\/?s={search_term_string}\"},\"query-input\":{\"@type\":\"PropertyValueSpecification\",\"valueRequired\":true,\"valueName\":\"search_term_string\"}}],\"inLanguage\":\"ro-RO\"},{\"@type\":[\"Person\",\"Organization\"],\"@id\":\"https:\/\/mhf.ro\/mm\/#\/schema\/person\/a3bebf7bdb4bf12f698aff73c7e46c21\",\"name\":\"Marius Marcu\",\"image\":{\"@type\":\"ImageObject\",\"inLanguage\":\"ro-RO\",\"@id\":\"https:\/\/mhf.ro\/mm\/#\/schema\/person\/image\/\",\"url\":\"https:\/\/mhf.ro\/mm\/wp-content\/uploads\/2025\/12\/cropped-logo_mhf_2.png\",\"contentUrl\":\"https:\/\/mhf.ro\/mm\/wp-content\/uploads\/2025\/12\/cropped-logo_mhf_2.png\",\"width\":1096,\"height\":457,\"caption\":\"Marius Marcu\"},\"logo\":{\"@id\":\"https:\/\/mhf.ro\/mm\/#\/schema\/person\/image\/\"},\"sameAs\":[\"https:\/\/mhf.ro\/mm\"],\"url\":\"https:\/\/mhf.ro\/mm\/author\/mihai\/\"}]}<\/script>\n<!-- \/ Yoast SEO plugin. -->","yoast_head_json":{"title":"Fugaci de \u021b\u0103rm ( Calidris alpina ) - MHF Photography","description":"O\u00a0pas\u0103re\u00a0circumpolar\u0103\u00a0migratoare\u00a0care activeaz\u0103 dea lungul \u021b\u0103rmurilor, de\u00a0talie\u00a0mic\u0103\u00a0din\u00a0familia\u00a0scolopacidelor.\u00a0Este o pas\u0103re de tranzit","robots":{"index":"index","follow":"follow","max-snippet":"max-snippet:-1","max-image-preview":"max-image-preview:large","max-video-preview":"max-video-preview:-1"},"canonical":"https:\/\/mhf.ro\/mm\/fugaci-de-tarm-calidris-alpina\/","og_locale":"ro_RO","og_type":"article","og_title":"Fugaci de \u021b\u0103rm ( Calidris alpina ) - MHF Photography","og_description":"O\u00a0pas\u0103re\u00a0circumpolar\u0103\u00a0migratoare\u00a0care activeaz\u0103 dea lungul \u021b\u0103rmurilor, de\u00a0talie\u00a0mic\u0103\u00a0din\u00a0familia\u00a0scolopacidelor.\u00a0Este o pas\u0103re de tranzit","og_url":"https:\/\/mhf.ro\/mm\/fugaci-de-tarm-calidris-alpina\/","og_site_name":"MHF Photography","article_published_time":"2025-12-24T08:33:30+00:00","article_modified_time":"2025-12-29T07:58:49+00:00","og_image":[{"width":2560,"height":1706,"url":"https:\/\/mhf.ro\/mm\/wp-content\/uploads\/2025\/12\/Fugaci-de-tarm-Calidris-alpina--scaled.jpg","type":"image\/jpeg"}],"author":"Marius Marcu","twitter_card":"summary_large_image","twitter_misc":{"Scris de":"Marius Marcu","Timp estimat pentru citire":"1 minut"},"schema":{"@context":"https:\/\/schema.org","@graph":[{"@type":"Article","@id":"https:\/\/mhf.ro\/mm\/fugaci-de-tarm-calidris-alpina\/#article","isPartOf":{"@id":"https:\/\/mhf.ro\/mm\/fugaci-de-tarm-calidris-alpina\/"},"author":{"name":"Marius Marcu","@id":"https:\/\/mhf.ro\/mm\/#\/schema\/person\/a3bebf7bdb4bf12f698aff73c7e46c21"},"headline":"Fugaci de \u021b\u0103rm ( Calidris alpina )","datePublished":"2025-12-24T08:33:30+00:00","dateModified":"2025-12-29T07:58:49+00:00","mainEntityOfPage":{"@id":"https:\/\/mhf.ro\/mm\/fugaci-de-tarm-calidris-alpina\/"},"wordCount":54,"commentCount":2,"publisher":{"@id":"https:\/\/mhf.ro\/mm\/#\/schema\/person\/a3bebf7bdb4bf12f698aff73c7e46c21"},"image":{"@id":"https:\/\/mhf.ro\/mm\/fugaci-de-tarm-calidris-alpina\/#primaryimage"},"thumbnailUrl":"https:\/\/mhf.ro\/mm\/wp-content\/uploads\/2025\/12\/Fugaci-de-tarm-Calidris-alpina--scaled.jpg","articleSection":["Foto","Wildlife"],"inLanguage":"ro-RO","potentialAction":[{"@type":"CommentAction","name":"Comment","target":["https:\/\/mhf.ro\/mm\/fugaci-de-tarm-calidris-alpina\/#respond"]}]},{"@type":"WebPage","@id":"https:\/\/mhf.ro\/mm\/fugaci-de-tarm-calidris-alpina\/","url":"https:\/\/mhf.ro\/mm\/fugaci-de-tarm-calidris-alpina\/","name":"Fugaci de \u021b\u0103rm ( Calidris alpina ) - MHF Photography","isPartOf":{"@id":"https:\/\/mhf.ro\/mm\/#website"},"primaryImageOfPage":{"@id":"https:\/\/mhf.ro\/mm\/fugaci-de-tarm-calidris-alpina\/#primaryimage"},"image":{"@id":"https:\/\/mhf.ro\/mm\/fugaci-de-tarm-calidris-alpina\/#primaryimage"},"thumbnailUrl":"https:\/\/mhf.ro\/mm\/wp-content\/uploads\/2025\/12\/Fugaci-de-tarm-Calidris-alpina--scaled.jpg","datePublished":"2025-12-24T08:33:30+00:00","dateModified":"2025-12-29T07:58:49+00:00","description":"O\u00a0pas\u0103re\u00a0circumpolar\u0103\u00a0migratoare\u00a0care activeaz\u0103 dea lungul \u021b\u0103rmurilor, de\u00a0talie\u00a0mic\u0103\u00a0din\u00a0familia\u00a0scolopacidelor.\u00a0Este o pas\u0103re de tranzit","breadcrumb":{"@id":"https:\/\/mhf.ro\/mm\/fugaci-de-tarm-calidris-alpina\/#breadcrumb"},"inLanguage":"ro-RO","potentialAction":[{"@type":"ReadAction","target":["https:\/\/mhf.ro\/mm\/fugaci-de-tarm-calidris-alpina\/"]}]},{"@type":"ImageObject","inLanguage":"ro-RO","@id":"https:\/\/mhf.ro\/mm\/fugaci-de-tarm-calidris-alpina\/#primaryimage","url":"https:\/\/mhf.ro\/mm\/wp-content\/uploads\/2025\/12\/Fugaci-de-tarm-Calidris-alpina--scaled.jpg","contentUrl":"https:\/\/mhf.ro\/mm\/wp-content\/uploads\/2025\/12\/Fugaci-de-tarm-Calidris-alpina--scaled.jpg","width":2560,"height":1706,"caption":"poze mhf.ro"},{"@type":"BreadcrumbList","@id":"https:\/\/mhf.ro\/mm\/fugaci-de-tarm-calidris-alpina\/#breadcrumb","itemListElement":[{"@type":"ListItem","position":1,"name":"Prima pagin\u0103","item":"https:\/\/mhf.ro\/mm\/"},{"@type":"ListItem","position":2,"name":"Fugaci de \u021b\u0103rm ( Calidris alpina )"}]},{"@type":"WebSite","@id":"https:\/\/mhf.ro\/mm\/#website","url":"https:\/\/mhf.ro\/mm\/","name":"MHF Photography \u2013 Blog de fotografie, natur\u0103 \u0219i tehnic\u0103 divers\u0103","description":"Aventur\u0103 \u00een fiecare cadru.","publisher":{"@id":"https:\/\/mhf.ro\/mm\/#\/schema\/person\/a3bebf7bdb4bf12f698aff73c7e46c21"},"potentialAction":[{"@type":"SearchAction","target":{"@type":"EntryPoint","urlTemplate":"https:\/\/mhf.ro\/mm\/?s={search_term_string}"},"query-input":{"@type":"PropertyValueSpecification","valueRequired":true,"valueName":"search_term_string"}}],"inLanguage":"ro-RO"},{"@type":["Person","Organization"],"@id":"https:\/\/mhf.ro\/mm\/#\/schema\/person\/a3bebf7bdb4bf12f698aff73c7e46c21","name":"Marius Marcu","image":{"@type":"ImageObject","inLanguage":"ro-RO","@id":"https:\/\/mhf.ro\/mm\/#\/schema\/person\/image\/","url":"https:\/\/mhf.ro\/mm\/wp-content\/uploads\/2025\/12\/cropped-logo_mhf_2.png","contentUrl":"https:\/\/mhf.ro\/mm\/wp-content\/uploads\/2025\/12\/cropped-logo_mhf_2.png","width":1096,"height":457,"caption":"Marius Marcu"},"logo":{"@id":"https:\/\/mhf.ro\/mm\/#\/schema\/person\/image\/"},"sameAs":["https:\/\/mhf.ro\/mm"],"url":"https:\/\/mhf.ro\/mm\/author\/mihai\/"}]}},"_links":{"self":[{"href":"https:\/\/mhf.ro\/mm\/wp-json\/wp\/v2\/posts\/10082","targetHints":{"allow":["GET"]}}],"collection":[{"href":"https:\/\/mhf.ro\/mm\/wp-json\/wp\/v2\/posts"}],"about":[{"href":"https:\/\/mhf.ro\/mm\/wp-json\/wp\/v2\/types\/post"}],"author":[{"embeddable":true,"href":"https:\/\/mhf.ro\/mm\/wp-json\/wp\/v2\/users\/1"}],"replies":[{"embeddable":true,"href":"https:\/\/mhf.ro\/mm\/wp-json\/wp\/v2\/comments?post=10082"}],"version-history":[{"count":1,"href":"https:\/\/mhf.ro\/mm\/wp-json\/wp\/v2\/posts\/10082\/revisions"}],"predecessor-version":[{"id":10084,"href":"https:\/\/mhf.ro\/mm\/wp-json\/wp\/v2\/posts\/10082\/revisions\/10084"}],"wp:featuredmedia":[{"embeddable":true,"href":"https:\/\/mhf.ro\/mm\/wp-json\/wp\/v2\/media\/10083"}],"wp:attachment":[{"href":"https:\/\/mhf.ro\/mm\/wp-json\/wp\/v2\/media?parent=10082"}],"wp:term":[{"taxonomy":"category","embeddable":true,"href":"https:\/\/mhf.ro\/mm\/wp-json\/wp\/v2\/categories?post=10082"},{"taxonomy":"post_tag","embeddable":true,"href":"https:\/\/mhf.ro\/mm\/wp-json\/wp\/v2\/tags?post=10082"}],"curies":[{"name":"wp","href":"https:\/\/api.w.org\/{rel}","templated":true}]}}