{"id":10100,"date":"2025-12-26T12:53:36","date_gmt":"2025-12-26T10:53:36","guid":{"rendered":"https:\/\/mhf.ro\/mm\/?p=10100"},"modified":"2025-12-27T12:07:49","modified_gmt":"2025-12-27T10:07:49","slug":"si-in-ziua-de-craciun-avem-productie","status":"publish","type":"post","link":"https:\/\/mhf.ro\/mm\/si-in-ziua-de-craciun-avem-productie\/","title":{"rendered":"\u0218i \u00een ziua de Cr\u0103ciun avem produc\u021bie."},"content":{"rendered":"<p>\u00cen 25 decembrie 2025 avem produc\u021bie moderat\u0103, \u00een partea de jos al graficului lunii. Zile foarte scurte, cer acoperit, condi\u021bii nu tocmai bune pentru producerea curentului din panouri fotovoltaice.<\/p>\n<p>Am trecut de solsti\u021biul de iarn\u0103, de acum ziua este \u00een cre\u0219tere, vom avea luni cu maxime tot mai mari.<\/p>\n<p>Minima lunii este 0,6 kw, lar maxima 9,87 kw. Dup\u0103 cum se poate vedea \u00een graficele de pe <a href=\"http:\/\/Www.dt.st-g.ro\">dt.st-g.ro<\/a> avem diferen\u021be foarte mari \u00eentre zile, la produc\u021bia de curent electric din cele 8 panouri.<\/p>\n<p>Dac\u0103 dori\u021bi s\u0103 face-\u021bi o compara\u021bie cu instala\u021bia dumneavoastr\u0103 solar\u0103 este foarte simplu. Exemplu de calcul:pe site avem productie de 6 kw, prin \u00eemp\u0103r\u021bire 6,45 : 3,280 afl\u0103m produc\u021bia pe 1kw putere instalat\u0103. 6,45 este valoare zilei luat\u0103 de pe grafic, 3,280 este puterea instalat\u0103 a celor 8 panouri. Apoi dac\u0103 noi avem putere instalat\u0103 de 7,2 kw, \u00eenmul\u021bim rezultatul cu 7,2 \u0219i afl\u0103m c\u00e2t ar trebui s\u0103 produc\u0103 panourile noastre.<\/p>\n<p><a href=\"https:\/\/mhf.ro\/mm\/wp-content\/uploads\/2025\/12\/Screenshot_20251226_122938_com.brave_.browser.jpg\"><img fetchpriority=\"high\" decoding=\"async\" class=\"alignnone wp-image-10101 size-full\" src=\"https:\/\/mhf.ro\/mm\/wp-content\/uploads\/2025\/12\/Screenshot_20251226_122938_com.brave_.browser.jpg\" alt=\"\" width=\"2388\" height=\"1080\" srcset=\"https:\/\/mhf.ro\/mm\/wp-content\/uploads\/2025\/12\/Screenshot_20251226_122938_com.brave_.browser.jpg 2388w, https:\/\/mhf.ro\/mm\/wp-content\/uploads\/2025\/12\/Screenshot_20251226_122938_com.brave_.browser-300x136.jpg 300w, https:\/\/mhf.ro\/mm\/wp-content\/uploads\/2025\/12\/Screenshot_20251226_122938_com.brave_.browser-1024x463.jpg 1024w, https:\/\/mhf.ro\/mm\/wp-content\/uploads\/2025\/12\/Screenshot_20251226_122938_com.brave_.browser-768x347.jpg 768w, https:\/\/mhf.ro\/mm\/wp-content\/uploads\/2025\/12\/Screenshot_20251226_122938_com.brave_.browser-1536x695.jpg 1536w, https:\/\/mhf.ro\/mm\/wp-content\/uploads\/2025\/12\/Screenshot_20251226_122938_com.brave_.browser-2048x926.jpg 2048w\" sizes=\"(max-width: 2388px) 100vw, 2388px\" \/><\/a><\/p>\n","protected":false},"excerpt":{"rendered":"<p>\u00cen 25 decembrie 2025 avem produc\u021bie moderat\u0103, \u00een partea de jos al graficului lunii. Zile foarte scurte, cer acoperit, condi\u021bii<\/p>\n","protected":false},"author":20,"featured_media":10101,"comment_status":"open","ping_status":"open","sticky":false,"template":"","format":"standard","meta":{"colormag_page_container_layout":"default_layout","colormag_page_sidebar_layout":"default_layout","footnotes":""},"categories":[8],"tags":[],"class_list":["post-10100","post","type-post","status-publish","format-standard","has-post-thumbnail","hentry","category-div"],"yoast_head":"<!-- This site is optimized with the Yoast SEO plugin v27.0 - https:\/\/yoast.com\/product\/yoast-seo-wordpress\/ -->\n<title>\u0218i \u00een ziua de Cr\u0103ciun avem produc\u021bie. - MHF Photography<\/title>\n<meta name=\"robots\" content=\"index, follow, max-snippet:-1, max-image-preview:large, max-video-preview:-1\" \/>\n<link rel=\"canonical\" href=\"https:\/\/mhf.ro\/mm\/si-in-ziua-de-craciun-avem-productie\/\" \/>\n<meta property=\"og:locale\" content=\"ro_RO\" \/>\n<meta property=\"og:type\" content=\"article\" \/>\n<meta property=\"og:title\" content=\"\u0218i \u00een ziua de Cr\u0103ciun avem produc\u021bie. - MHF Photography\" \/>\n<meta property=\"og:description\" content=\"\u00cen 25 decembrie 2025 avem produc\u021bie moderat\u0103, \u00een partea de jos al graficului lunii. Zile foarte scurte, cer acoperit, condi\u021bii\" \/>\n<meta property=\"og:url\" content=\"https:\/\/mhf.ro\/mm\/si-in-ziua-de-craciun-avem-productie\/\" \/>\n<meta property=\"og:site_name\" content=\"MHF Photography\" \/>\n<meta property=\"article:published_time\" content=\"2025-12-26T10:53:36+00:00\" \/>\n<meta property=\"article:modified_time\" content=\"2025-12-27T10:07:49+00:00\" \/>\n<meta property=\"og:image\" content=\"https:\/\/mhf.ro\/mm\/wp-content\/uploads\/2025\/12\/Screenshot_20251226_122938_com.brave_.browser.jpg\" \/>\n\t<meta property=\"og:image:width\" content=\"2388\" \/>\n\t<meta property=\"og:image:height\" content=\"1080\" \/>\n\t<meta property=\"og:image:type\" content=\"image\/jpeg\" \/>\n<meta name=\"author\" content=\"Dj Gheorghe\" \/>\n<meta name=\"twitter:card\" content=\"summary_large_image\" \/>\n<meta name=\"twitter:label1\" content=\"Scris de\" \/>\n\t<meta name=\"twitter:data1\" content=\"Dj Gheorghe\" \/>\n\t<meta name=\"twitter:label2\" content=\"Timp estimat pentru citire\" \/>\n\t<meta name=\"twitter:data2\" content=\"2 minute\" \/>\n<script type=\"application\/ld+json\" class=\"yoast-schema-graph\">{\"@context\":\"https:\/\/schema.org\",\"@graph\":[{\"@type\":\"Article\",\"@id\":\"https:\/\/mhf.ro\/mm\/si-in-ziua-de-craciun-avem-productie\/#article\",\"isPartOf\":{\"@id\":\"https:\/\/mhf.ro\/mm\/si-in-ziua-de-craciun-avem-productie\/\"},\"author\":{\"name\":\"Dj Gheorghe\",\"@id\":\"https:\/\/mhf.ro\/mm\/#\/schema\/person\/b21bf637718d32e75b6b3da24a9ded75\"},\"headline\":\"\u0218i \u00een ziua de Cr\u0103ciun avem produc\u021bie.\",\"datePublished\":\"2025-12-26T10:53:36+00:00\",\"dateModified\":\"2025-12-27T10:07:49+00:00\",\"mainEntityOfPage\":{\"@id\":\"https:\/\/mhf.ro\/mm\/si-in-ziua-de-craciun-avem-productie\/\"},\"wordCount\":169,\"commentCount\":0,\"publisher\":{\"@id\":\"https:\/\/mhf.ro\/mm\/#\/schema\/person\/a3bebf7bdb4bf12f698aff73c7e46c21\"},\"image\":{\"@id\":\"https:\/\/mhf.ro\/mm\/si-in-ziua-de-craciun-avem-productie\/#primaryimage\"},\"thumbnailUrl\":\"https:\/\/mhf.ro\/mm\/wp-content\/uploads\/2025\/12\/Screenshot_20251226_122938_com.brave_.browser.jpg\",\"articleSection\":[\"Diverse\"],\"inLanguage\":\"ro-RO\",\"potentialAction\":[{\"@type\":\"CommentAction\",\"name\":\"Comment\",\"target\":[\"https:\/\/mhf.ro\/mm\/si-in-ziua-de-craciun-avem-productie\/#respond\"]}]},{\"@type\":\"WebPage\",\"@id\":\"https:\/\/mhf.ro\/mm\/si-in-ziua-de-craciun-avem-productie\/\",\"url\":\"https:\/\/mhf.ro\/mm\/si-in-ziua-de-craciun-avem-productie\/\",\"name\":\"\u0218i \u00een ziua de Cr\u0103ciun avem produc\u021bie. - MHF Photography\",\"isPartOf\":{\"@id\":\"https:\/\/mhf.ro\/mm\/#website\"},\"primaryImageOfPage\":{\"@id\":\"https:\/\/mhf.ro\/mm\/si-in-ziua-de-craciun-avem-productie\/#primaryimage\"},\"image\":{\"@id\":\"https:\/\/mhf.ro\/mm\/si-in-ziua-de-craciun-avem-productie\/#primaryimage\"},\"thumbnailUrl\":\"https:\/\/mhf.ro\/mm\/wp-content\/uploads\/2025\/12\/Screenshot_20251226_122938_com.brave_.browser.jpg\",\"datePublished\":\"2025-12-26T10:53:36+00:00\",\"dateModified\":\"2025-12-27T10:07:49+00:00\",\"breadcrumb\":{\"@id\":\"https:\/\/mhf.ro\/mm\/si-in-ziua-de-craciun-avem-productie\/#breadcrumb\"},\"inLanguage\":\"ro-RO\",\"potentialAction\":[{\"@type\":\"ReadAction\",\"target\":[\"https:\/\/mhf.ro\/mm\/si-in-ziua-de-craciun-avem-productie\/\"]}]},{\"@type\":\"ImageObject\",\"inLanguage\":\"ro-RO\",\"@id\":\"https:\/\/mhf.ro\/mm\/si-in-ziua-de-craciun-avem-productie\/#primaryimage\",\"url\":\"https:\/\/mhf.ro\/mm\/wp-content\/uploads\/2025\/12\/Screenshot_20251226_122938_com.brave_.browser.jpg\",\"contentUrl\":\"https:\/\/mhf.ro\/mm\/wp-content\/uploads\/2025\/12\/Screenshot_20251226_122938_com.brave_.browser.jpg\",\"width\":2388,\"height\":1080},{\"@type\":\"BreadcrumbList\",\"@id\":\"https:\/\/mhf.ro\/mm\/si-in-ziua-de-craciun-avem-productie\/#breadcrumb\",\"itemListElement\":[{\"@type\":\"ListItem\",\"position\":1,\"name\":\"Prima pagin\u0103\",\"item\":\"https:\/\/mhf.ro\/mm\/\"},{\"@type\":\"ListItem\",\"position\":2,\"name\":\"\u0218i \u00een ziua de Cr\u0103ciun avem produc\u021bie.\"}]},{\"@type\":\"WebSite\",\"@id\":\"https:\/\/mhf.ro\/mm\/#website\",\"url\":\"https:\/\/mhf.ro\/mm\/\",\"name\":\"MHF Photography \u2013 Blog de fotografie, natur\u0103 \u0219i tehnic\u0103 divers\u0103\",\"description\":\"Aventur\u0103 \u00een fiecare cadru.\",\"publisher\":{\"@id\":\"https:\/\/mhf.ro\/mm\/#\/schema\/person\/a3bebf7bdb4bf12f698aff73c7e46c21\"},\"potentialAction\":[{\"@type\":\"SearchAction\",\"target\":{\"@type\":\"EntryPoint\",\"urlTemplate\":\"https:\/\/mhf.ro\/mm\/?s={search_term_string}\"},\"query-input\":{\"@type\":\"PropertyValueSpecification\",\"valueRequired\":true,\"valueName\":\"search_term_string\"}}],\"inLanguage\":\"ro-RO\"},{\"@type\":[\"Person\",\"Organization\"],\"@id\":\"https:\/\/mhf.ro\/mm\/#\/schema\/person\/a3bebf7bdb4bf12f698aff73c7e46c21\",\"name\":\"Marius Marcu\",\"image\":{\"@type\":\"ImageObject\",\"inLanguage\":\"ro-RO\",\"@id\":\"https:\/\/mhf.ro\/mm\/#\/schema\/person\/image\/\",\"url\":\"https:\/\/mhf.ro\/mm\/wp-content\/uploads\/2025\/12\/cropped-logo_mhf_2.png\",\"contentUrl\":\"https:\/\/mhf.ro\/mm\/wp-content\/uploads\/2025\/12\/cropped-logo_mhf_2.png\",\"width\":1096,\"height\":457,\"caption\":\"Marius Marcu\"},\"logo\":{\"@id\":\"https:\/\/mhf.ro\/mm\/#\/schema\/person\/image\/\"},\"sameAs\":[\"https:\/\/mhf.ro\/mm\"]},{\"@type\":\"Person\",\"@id\":\"https:\/\/mhf.ro\/mm\/#\/schema\/person\/b21bf637718d32e75b6b3da24a9ded75\",\"name\":\"Dj Gheorghe\",\"image\":{\"@type\":\"ImageObject\",\"inLanguage\":\"ro-RO\",\"@id\":\"https:\/\/mhf.ro\/mm\/#\/schema\/person\/image\/\",\"url\":\"https:\/\/secure.gravatar.com\/avatar\/3fb5031476b7fbcce6bf83601eb81d5f49d0c19f9bb43bd83e5b5ae78658d527?s=96&d=monsterid&r=g\",\"contentUrl\":\"https:\/\/secure.gravatar.com\/avatar\/3fb5031476b7fbcce6bf83601eb81d5f49d0c19f9bb43bd83e5b5ae78658d527?s=96&d=monsterid&r=g\",\"caption\":\"Dj Gheorghe\"},\"sameAs\":[\"http:\/\/mhf.ro\"],\"url\":\"https:\/\/mhf.ro\/mm\/author\/djg\/\"}]}<\/script>\n<!-- \/ Yoast SEO plugin. -->","yoast_head_json":{"title":"\u0218i \u00een ziua de Cr\u0103ciun avem produc\u021bie. - MHF Photography","robots":{"index":"index","follow":"follow","max-snippet":"max-snippet:-1","max-image-preview":"max-image-preview:large","max-video-preview":"max-video-preview:-1"},"canonical":"https:\/\/mhf.ro\/mm\/si-in-ziua-de-craciun-avem-productie\/","og_locale":"ro_RO","og_type":"article","og_title":"\u0218i \u00een ziua de Cr\u0103ciun avem produc\u021bie. - MHF Photography","og_description":"\u00cen 25 decembrie 2025 avem produc\u021bie moderat\u0103, \u00een partea de jos al graficului lunii. Zile foarte scurte, cer acoperit, condi\u021bii","og_url":"https:\/\/mhf.ro\/mm\/si-in-ziua-de-craciun-avem-productie\/","og_site_name":"MHF Photography","article_published_time":"2025-12-26T10:53:36+00:00","article_modified_time":"2025-12-27T10:07:49+00:00","og_image":[{"width":2388,"height":1080,"url":"https:\/\/mhf.ro\/mm\/wp-content\/uploads\/2025\/12\/Screenshot_20251226_122938_com.brave_.browser.jpg","type":"image\/jpeg"}],"author":"Dj Gheorghe","twitter_card":"summary_large_image","twitter_misc":{"Scris de":"Dj Gheorghe","Timp estimat pentru citire":"2 minute"},"schema":{"@context":"https:\/\/schema.org","@graph":[{"@type":"Article","@id":"https:\/\/mhf.ro\/mm\/si-in-ziua-de-craciun-avem-productie\/#article","isPartOf":{"@id":"https:\/\/mhf.ro\/mm\/si-in-ziua-de-craciun-avem-productie\/"},"author":{"name":"Dj Gheorghe","@id":"https:\/\/mhf.ro\/mm\/#\/schema\/person\/b21bf637718d32e75b6b3da24a9ded75"},"headline":"\u0218i \u00een ziua de Cr\u0103ciun avem produc\u021bie.","datePublished":"2025-12-26T10:53:36+00:00","dateModified":"2025-12-27T10:07:49+00:00","mainEntityOfPage":{"@id":"https:\/\/mhf.ro\/mm\/si-in-ziua-de-craciun-avem-productie\/"},"wordCount":169,"commentCount":0,"publisher":{"@id":"https:\/\/mhf.ro\/mm\/#\/schema\/person\/a3bebf7bdb4bf12f698aff73c7e46c21"},"image":{"@id":"https:\/\/mhf.ro\/mm\/si-in-ziua-de-craciun-avem-productie\/#primaryimage"},"thumbnailUrl":"https:\/\/mhf.ro\/mm\/wp-content\/uploads\/2025\/12\/Screenshot_20251226_122938_com.brave_.browser.jpg","articleSection":["Diverse"],"inLanguage":"ro-RO","potentialAction":[{"@type":"CommentAction","name":"Comment","target":["https:\/\/mhf.ro\/mm\/si-in-ziua-de-craciun-avem-productie\/#respond"]}]},{"@type":"WebPage","@id":"https:\/\/mhf.ro\/mm\/si-in-ziua-de-craciun-avem-productie\/","url":"https:\/\/mhf.ro\/mm\/si-in-ziua-de-craciun-avem-productie\/","name":"\u0218i \u00een ziua de Cr\u0103ciun avem produc\u021bie. - MHF Photography","isPartOf":{"@id":"https:\/\/mhf.ro\/mm\/#website"},"primaryImageOfPage":{"@id":"https:\/\/mhf.ro\/mm\/si-in-ziua-de-craciun-avem-productie\/#primaryimage"},"image":{"@id":"https:\/\/mhf.ro\/mm\/si-in-ziua-de-craciun-avem-productie\/#primaryimage"},"thumbnailUrl":"https:\/\/mhf.ro\/mm\/wp-content\/uploads\/2025\/12\/Screenshot_20251226_122938_com.brave_.browser.jpg","datePublished":"2025-12-26T10:53:36+00:00","dateModified":"2025-12-27T10:07:49+00:00","breadcrumb":{"@id":"https:\/\/mhf.ro\/mm\/si-in-ziua-de-craciun-avem-productie\/#breadcrumb"},"inLanguage":"ro-RO","potentialAction":[{"@type":"ReadAction","target":["https:\/\/mhf.ro\/mm\/si-in-ziua-de-craciun-avem-productie\/"]}]},{"@type":"ImageObject","inLanguage":"ro-RO","@id":"https:\/\/mhf.ro\/mm\/si-in-ziua-de-craciun-avem-productie\/#primaryimage","url":"https:\/\/mhf.ro\/mm\/wp-content\/uploads\/2025\/12\/Screenshot_20251226_122938_com.brave_.browser.jpg","contentUrl":"https:\/\/mhf.ro\/mm\/wp-content\/uploads\/2025\/12\/Screenshot_20251226_122938_com.brave_.browser.jpg","width":2388,"height":1080},{"@type":"BreadcrumbList","@id":"https:\/\/mhf.ro\/mm\/si-in-ziua-de-craciun-avem-productie\/#breadcrumb","itemListElement":[{"@type":"ListItem","position":1,"name":"Prima pagin\u0103","item":"https:\/\/mhf.ro\/mm\/"},{"@type":"ListItem","position":2,"name":"\u0218i \u00een ziua de Cr\u0103ciun avem produc\u021bie."}]},{"@type":"WebSite","@id":"https:\/\/mhf.ro\/mm\/#website","url":"https:\/\/mhf.ro\/mm\/","name":"MHF Photography \u2013 Blog de fotografie, natur\u0103 \u0219i tehnic\u0103 divers\u0103","description":"Aventur\u0103 \u00een fiecare cadru.","publisher":{"@id":"https:\/\/mhf.ro\/mm\/#\/schema\/person\/a3bebf7bdb4bf12f698aff73c7e46c21"},"potentialAction":[{"@type":"SearchAction","target":{"@type":"EntryPoint","urlTemplate":"https:\/\/mhf.ro\/mm\/?s={search_term_string}"},"query-input":{"@type":"PropertyValueSpecification","valueRequired":true,"valueName":"search_term_string"}}],"inLanguage":"ro-RO"},{"@type":["Person","Organization"],"@id":"https:\/\/mhf.ro\/mm\/#\/schema\/person\/a3bebf7bdb4bf12f698aff73c7e46c21","name":"Marius Marcu","image":{"@type":"ImageObject","inLanguage":"ro-RO","@id":"https:\/\/mhf.ro\/mm\/#\/schema\/person\/image\/","url":"https:\/\/mhf.ro\/mm\/wp-content\/uploads\/2025\/12\/cropped-logo_mhf_2.png","contentUrl":"https:\/\/mhf.ro\/mm\/wp-content\/uploads\/2025\/12\/cropped-logo_mhf_2.png","width":1096,"height":457,"caption":"Marius Marcu"},"logo":{"@id":"https:\/\/mhf.ro\/mm\/#\/schema\/person\/image\/"},"sameAs":["https:\/\/mhf.ro\/mm"]},{"@type":"Person","@id":"https:\/\/mhf.ro\/mm\/#\/schema\/person\/b21bf637718d32e75b6b3da24a9ded75","name":"Dj Gheorghe","image":{"@type":"ImageObject","inLanguage":"ro-RO","@id":"https:\/\/mhf.ro\/mm\/#\/schema\/person\/image\/","url":"https:\/\/secure.gravatar.com\/avatar\/3fb5031476b7fbcce6bf83601eb81d5f49d0c19f9bb43bd83e5b5ae78658d527?s=96&d=monsterid&r=g","contentUrl":"https:\/\/secure.gravatar.com\/avatar\/3fb5031476b7fbcce6bf83601eb81d5f49d0c19f9bb43bd83e5b5ae78658d527?s=96&d=monsterid&r=g","caption":"Dj Gheorghe"},"sameAs":["http:\/\/mhf.ro"],"url":"https:\/\/mhf.ro\/mm\/author\/djg\/"}]}},"_links":{"self":[{"href":"https:\/\/mhf.ro\/mm\/wp-json\/wp\/v2\/posts\/10100","targetHints":{"allow":["GET"]}}],"collection":[{"href":"https:\/\/mhf.ro\/mm\/wp-json\/wp\/v2\/posts"}],"about":[{"href":"https:\/\/mhf.ro\/mm\/wp-json\/wp\/v2\/types\/post"}],"author":[{"embeddable":true,"href":"https:\/\/mhf.ro\/mm\/wp-json\/wp\/v2\/users\/20"}],"replies":[{"embeddable":true,"href":"https:\/\/mhf.ro\/mm\/wp-json\/wp\/v2\/comments?post=10100"}],"version-history":[{"count":4,"href":"https:\/\/mhf.ro\/mm\/wp-json\/wp\/v2\/posts\/10100\/revisions"}],"predecessor-version":[{"id":10107,"href":"https:\/\/mhf.ro\/mm\/wp-json\/wp\/v2\/posts\/10100\/revisions\/10107"}],"wp:featuredmedia":[{"embeddable":true,"href":"https:\/\/mhf.ro\/mm\/wp-json\/wp\/v2\/media\/10101"}],"wp:attachment":[{"href":"https:\/\/mhf.ro\/mm\/wp-json\/wp\/v2\/media?parent=10100"}],"wp:term":[{"taxonomy":"category","embeddable":true,"href":"https:\/\/mhf.ro\/mm\/wp-json\/wp\/v2\/categories?post=10100"},{"taxonomy":"post_tag","embeddable":true,"href":"https:\/\/mhf.ro\/mm\/wp-json\/wp\/v2\/tags?post=10100"}],"curies":[{"name":"wp","href":"https:\/\/api.w.org\/{rel}","templated":true}]}}