{"id":10120,"date":"2025-12-26T15:15:06","date_gmt":"2025-12-26T13:15:06","guid":{"rendered":"https:\/\/mhf.ro\/mm\/?p=10120"},"modified":"2025-12-29T09:58:24","modified_gmt":"2025-12-29T07:58:24","slug":"portret-de-rata-sulitar-anas-acuta","status":"publish","type":"post","link":"https:\/\/mhf.ro\/mm\/portret-de-rata-sulitar-anas-acuta\/","title":{"rendered":"Portret de ra\u021b\u0103 suli\u021bar ( Anas acuta )"},"content":{"rendered":"<h4><span class=\"gs_cit_txt\" tabindex=\"-1\" data-sups=\"1,2,3,4\" data-hover-id=\"1\"><strong><span class=\"gs_tkn show\">Ra\u021ba\u00a0<\/span><span class=\"gs_tkn show\">suli\u021bar<\/span><span class=\"gs_tkn show\">\u00a0<\/span><span class=\"gs_tkn show\">(Anas\u00a0<\/span><\/strong><span class=\"gs_tkn show\"><strong>acuta)<\/strong>\u00a0<\/span><\/span><\/h4>\n<p>Este o pas\u0103re migratoare, cu o lungime de aproximativ 55 cm. Aceasta se distinge prin coada sa lung\u0103 \u0219i ascu\u021bit\u0103, av\u00e2nd un penaj relativ simplu, dar armonios.<\/p>\n<p><a href=\"https:\/\/mhf.ro\/mm\/wp-content\/uploads\/2025\/12\/Portret-de-rata-sulitar-Anas-acuta-.jpg\"><img fetchpriority=\"high\" decoding=\"async\" class=\"alignnone size-medium wp-image-10121\" src=\"https:\/\/mhf.ro\/mm\/wp-content\/uploads\/2025\/12\/Portret-de-rata-sulitar-Anas-acuta--300x300.jpg\" alt=\"Fotografi www.mhf.ro\" width=\"300\" height=\"300\" srcset=\"https:\/\/mhf.ro\/mm\/wp-content\/uploads\/2025\/12\/Portret-de-rata-sulitar-Anas-acuta--300x300.jpg 300w, https:\/\/mhf.ro\/mm\/wp-content\/uploads\/2025\/12\/Portret-de-rata-sulitar-Anas-acuta--1024x1024.jpg 1024w, https:\/\/mhf.ro\/mm\/wp-content\/uploads\/2025\/12\/Portret-de-rata-sulitar-Anas-acuta--150x150.jpg 150w, https:\/\/mhf.ro\/mm\/wp-content\/uploads\/2025\/12\/Portret-de-rata-sulitar-Anas-acuta--768x768.jpg 768w, https:\/\/mhf.ro\/mm\/wp-content\/uploads\/2025\/12\/Portret-de-rata-sulitar-Anas-acuta--1536x1536.jpg 1536w, https:\/\/mhf.ro\/mm\/wp-content\/uploads\/2025\/12\/Portret-de-rata-sulitar-Anas-acuta-.jpg 1759w\" sizes=\"(max-width: 300px) 100vw, 300px\" \/><\/a><\/p>\n<p>Pas\u0103re migratoare, are o anvergur\u0103 de 80 &#8211; 95 cm si o greutate p\u00e2n\u0103 la 1 kg, masculii.\u00a0 Se hr\u0103ne\u0219te cu pestisori, insecte, molu\u0219te, crustacee, dar \u00een principal cu semin\u021be, tuberculi, rogoz, \u0219i plante acvatice.<\/p>\n","protected":false},"excerpt":{"rendered":"<p>Ra\u021ba\u00a0suli\u021bar\u00a0(Anas\u00a0acuta)\u00a0 Este o pas\u0103re migratoare, cu o lungime de aproximativ 55 cm. Aceasta se distinge prin coada sa lung\u0103 \u0219i<\/p>\n","protected":false},"author":1,"featured_media":10121,"comment_status":"open","ping_status":"open","sticky":false,"template":"","format":"standard","meta":{"colormag_page_container_layout":"default_layout","colormag_page_sidebar_layout":"default_layout","footnotes":""},"categories":[40,66],"tags":[],"class_list":["post-10120","post","type-post","status-publish","format-standard","has-post-thumbnail","hentry","category-fotografi-diverse","category-wildlife"],"yoast_head":"<!-- This site is optimized with the Yoast SEO plugin v27.0 - https:\/\/yoast.com\/product\/yoast-seo-wordpress\/ -->\n<title>Portret de ra\u021b\u0103 suli\u021bar ( Anas acuta ) - MHF Photography<\/title>\n<meta name=\"description\" content=\"Este o pas\u0103re migratoare, cu o lungime de aproximativ 55 cm. Aceasta se distinge prin coada sa lung\u0103 \u0219i ascu\u021bit\u0103, av\u00e2nd un penaj simplu.\" \/>\n<meta name=\"robots\" content=\"index, follow, max-snippet:-1, max-image-preview:large, max-video-preview:-1\" \/>\n<link rel=\"canonical\" href=\"https:\/\/mhf.ro\/mm\/portret-de-rata-sulitar-anas-acuta\/\" \/>\n<meta property=\"og:locale\" content=\"ro_RO\" \/>\n<meta property=\"og:type\" content=\"article\" \/>\n<meta property=\"og:title\" content=\"Portret de ra\u021b\u0103 suli\u021bar ( Anas acuta ) - MHF Photography\" \/>\n<meta property=\"og:description\" content=\"Este o pas\u0103re migratoare, cu o lungime de aproximativ 55 cm. Aceasta se distinge prin coada sa lung\u0103 \u0219i ascu\u021bit\u0103, av\u00e2nd un penaj simplu.\" \/>\n<meta property=\"og:url\" content=\"https:\/\/mhf.ro\/mm\/portret-de-rata-sulitar-anas-acuta\/\" \/>\n<meta property=\"og:site_name\" content=\"MHF Photography\" \/>\n<meta property=\"article:published_time\" content=\"2025-12-26T13:15:06+00:00\" \/>\n<meta property=\"article:modified_time\" content=\"2025-12-29T07:58:24+00:00\" \/>\n<meta property=\"og:image\" content=\"https:\/\/mhf.ro\/mm\/wp-content\/uploads\/2025\/12\/Portret-de-rata-sulitar-Anas-acuta-.jpg\" \/>\n\t<meta property=\"og:image:width\" content=\"1759\" \/>\n\t<meta property=\"og:image:height\" content=\"1759\" \/>\n\t<meta property=\"og:image:type\" content=\"image\/jpeg\" \/>\n<meta name=\"author\" content=\"Marius Marcu\" \/>\n<meta name=\"twitter:card\" content=\"summary_large_image\" \/>\n<meta name=\"twitter:label1\" content=\"Scris de\" \/>\n\t<meta name=\"twitter:data1\" content=\"Marius Marcu\" \/>\n\t<meta name=\"twitter:label2\" content=\"Timp estimat pentru citire\" \/>\n\t<meta name=\"twitter:data2\" content=\"1 minut\" \/>\n<script type=\"application\/ld+json\" class=\"yoast-schema-graph\">{\"@context\":\"https:\/\/schema.org\",\"@graph\":[{\"@type\":\"Article\",\"@id\":\"https:\/\/mhf.ro\/mm\/portret-de-rata-sulitar-anas-acuta\/#article\",\"isPartOf\":{\"@id\":\"https:\/\/mhf.ro\/mm\/portret-de-rata-sulitar-anas-acuta\/\"},\"author\":{\"name\":\"Marius Marcu\",\"@id\":\"https:\/\/mhf.ro\/mm\/#\/schema\/person\/a3bebf7bdb4bf12f698aff73c7e46c21\"},\"headline\":\"Portret de ra\u021b\u0103 suli\u021bar ( Anas acuta )\",\"datePublished\":\"2025-12-26T13:15:06+00:00\",\"dateModified\":\"2025-12-29T07:58:24+00:00\",\"mainEntityOfPage\":{\"@id\":\"https:\/\/mhf.ro\/mm\/portret-de-rata-sulitar-anas-acuta\/\"},\"wordCount\":80,\"commentCount\":3,\"publisher\":{\"@id\":\"https:\/\/mhf.ro\/mm\/#\/schema\/person\/a3bebf7bdb4bf12f698aff73c7e46c21\"},\"image\":{\"@id\":\"https:\/\/mhf.ro\/mm\/portret-de-rata-sulitar-anas-acuta\/#primaryimage\"},\"thumbnailUrl\":\"https:\/\/mhf.ro\/mm\/wp-content\/uploads\/2025\/12\/Portret-de-rata-sulitar-Anas-acuta-.jpg\",\"articleSection\":[\"Foto\",\"Wildlife\"],\"inLanguage\":\"ro-RO\",\"potentialAction\":[{\"@type\":\"CommentAction\",\"name\":\"Comment\",\"target\":[\"https:\/\/mhf.ro\/mm\/portret-de-rata-sulitar-anas-acuta\/#respond\"]}]},{\"@type\":\"WebPage\",\"@id\":\"https:\/\/mhf.ro\/mm\/portret-de-rata-sulitar-anas-acuta\/\",\"url\":\"https:\/\/mhf.ro\/mm\/portret-de-rata-sulitar-anas-acuta\/\",\"name\":\"Portret de ra\u021b\u0103 suli\u021bar ( Anas acuta ) - MHF Photography\",\"isPartOf\":{\"@id\":\"https:\/\/mhf.ro\/mm\/#website\"},\"primaryImageOfPage\":{\"@id\":\"https:\/\/mhf.ro\/mm\/portret-de-rata-sulitar-anas-acuta\/#primaryimage\"},\"image\":{\"@id\":\"https:\/\/mhf.ro\/mm\/portret-de-rata-sulitar-anas-acuta\/#primaryimage\"},\"thumbnailUrl\":\"https:\/\/mhf.ro\/mm\/wp-content\/uploads\/2025\/12\/Portret-de-rata-sulitar-Anas-acuta-.jpg\",\"datePublished\":\"2025-12-26T13:15:06+00:00\",\"dateModified\":\"2025-12-29T07:58:24+00:00\",\"description\":\"Este o pas\u0103re migratoare, cu o lungime de aproximativ 55 cm. Aceasta se distinge prin coada sa lung\u0103 \u0219i ascu\u021bit\u0103, av\u00e2nd un penaj simplu.\",\"breadcrumb\":{\"@id\":\"https:\/\/mhf.ro\/mm\/portret-de-rata-sulitar-anas-acuta\/#breadcrumb\"},\"inLanguage\":\"ro-RO\",\"potentialAction\":[{\"@type\":\"ReadAction\",\"target\":[\"https:\/\/mhf.ro\/mm\/portret-de-rata-sulitar-anas-acuta\/\"]}]},{\"@type\":\"ImageObject\",\"inLanguage\":\"ro-RO\",\"@id\":\"https:\/\/mhf.ro\/mm\/portret-de-rata-sulitar-anas-acuta\/#primaryimage\",\"url\":\"https:\/\/mhf.ro\/mm\/wp-content\/uploads\/2025\/12\/Portret-de-rata-sulitar-Anas-acuta-.jpg\",\"contentUrl\":\"https:\/\/mhf.ro\/mm\/wp-content\/uploads\/2025\/12\/Portret-de-rata-sulitar-Anas-acuta-.jpg\",\"width\":1759,\"height\":1759,\"caption\":\"Fotografi www.mhf.ro\"},{\"@type\":\"BreadcrumbList\",\"@id\":\"https:\/\/mhf.ro\/mm\/portret-de-rata-sulitar-anas-acuta\/#breadcrumb\",\"itemListElement\":[{\"@type\":\"ListItem\",\"position\":1,\"name\":\"Prima pagin\u0103\",\"item\":\"https:\/\/mhf.ro\/mm\/\"},{\"@type\":\"ListItem\",\"position\":2,\"name\":\"Portret de ra\u021b\u0103 suli\u021bar ( Anas acuta )\"}]},{\"@type\":\"WebSite\",\"@id\":\"https:\/\/mhf.ro\/mm\/#website\",\"url\":\"https:\/\/mhf.ro\/mm\/\",\"name\":\"MHF Photography \u2013 Blog de fotografie, natur\u0103 \u0219i tehnic\u0103 divers\u0103\",\"description\":\"Aventur\u0103 \u00een fiecare cadru.\",\"publisher\":{\"@id\":\"https:\/\/mhf.ro\/mm\/#\/schema\/person\/a3bebf7bdb4bf12f698aff73c7e46c21\"},\"potentialAction\":[{\"@type\":\"SearchAction\",\"target\":{\"@type\":\"EntryPoint\",\"urlTemplate\":\"https:\/\/mhf.ro\/mm\/?s={search_term_string}\"},\"query-input\":{\"@type\":\"PropertyValueSpecification\",\"valueRequired\":true,\"valueName\":\"search_term_string\"}}],\"inLanguage\":\"ro-RO\"},{\"@type\":[\"Person\",\"Organization\"],\"@id\":\"https:\/\/mhf.ro\/mm\/#\/schema\/person\/a3bebf7bdb4bf12f698aff73c7e46c21\",\"name\":\"Marius Marcu\",\"image\":{\"@type\":\"ImageObject\",\"inLanguage\":\"ro-RO\",\"@id\":\"https:\/\/mhf.ro\/mm\/#\/schema\/person\/image\/\",\"url\":\"https:\/\/mhf.ro\/mm\/wp-content\/uploads\/2025\/12\/cropped-logo_mhf_2.png\",\"contentUrl\":\"https:\/\/mhf.ro\/mm\/wp-content\/uploads\/2025\/12\/cropped-logo_mhf_2.png\",\"width\":1096,\"height\":457,\"caption\":\"Marius Marcu\"},\"logo\":{\"@id\":\"https:\/\/mhf.ro\/mm\/#\/schema\/person\/image\/\"},\"sameAs\":[\"https:\/\/mhf.ro\/mm\"],\"url\":\"https:\/\/mhf.ro\/mm\/author\/mihai\/\"}]}<\/script>\n<!-- \/ Yoast SEO plugin. -->","yoast_head_json":{"title":"Portret de ra\u021b\u0103 suli\u021bar ( Anas acuta ) - MHF Photography","description":"Este o pas\u0103re migratoare, cu o lungime de aproximativ 55 cm. Aceasta se distinge prin coada sa lung\u0103 \u0219i ascu\u021bit\u0103, av\u00e2nd un penaj simplu.","robots":{"index":"index","follow":"follow","max-snippet":"max-snippet:-1","max-image-preview":"max-image-preview:large","max-video-preview":"max-video-preview:-1"},"canonical":"https:\/\/mhf.ro\/mm\/portret-de-rata-sulitar-anas-acuta\/","og_locale":"ro_RO","og_type":"article","og_title":"Portret de ra\u021b\u0103 suli\u021bar ( Anas acuta ) - MHF Photography","og_description":"Este o pas\u0103re migratoare, cu o lungime de aproximativ 55 cm. Aceasta se distinge prin coada sa lung\u0103 \u0219i ascu\u021bit\u0103, av\u00e2nd un penaj simplu.","og_url":"https:\/\/mhf.ro\/mm\/portret-de-rata-sulitar-anas-acuta\/","og_site_name":"MHF Photography","article_published_time":"2025-12-26T13:15:06+00:00","article_modified_time":"2025-12-29T07:58:24+00:00","og_image":[{"width":1759,"height":1759,"url":"https:\/\/mhf.ro\/mm\/wp-content\/uploads\/2025\/12\/Portret-de-rata-sulitar-Anas-acuta-.jpg","type":"image\/jpeg"}],"author":"Marius Marcu","twitter_card":"summary_large_image","twitter_misc":{"Scris de":"Marius Marcu","Timp estimat pentru citire":"1 minut"},"schema":{"@context":"https:\/\/schema.org","@graph":[{"@type":"Article","@id":"https:\/\/mhf.ro\/mm\/portret-de-rata-sulitar-anas-acuta\/#article","isPartOf":{"@id":"https:\/\/mhf.ro\/mm\/portret-de-rata-sulitar-anas-acuta\/"},"author":{"name":"Marius Marcu","@id":"https:\/\/mhf.ro\/mm\/#\/schema\/person\/a3bebf7bdb4bf12f698aff73c7e46c21"},"headline":"Portret de ra\u021b\u0103 suli\u021bar ( Anas acuta )","datePublished":"2025-12-26T13:15:06+00:00","dateModified":"2025-12-29T07:58:24+00:00","mainEntityOfPage":{"@id":"https:\/\/mhf.ro\/mm\/portret-de-rata-sulitar-anas-acuta\/"},"wordCount":80,"commentCount":3,"publisher":{"@id":"https:\/\/mhf.ro\/mm\/#\/schema\/person\/a3bebf7bdb4bf12f698aff73c7e46c21"},"image":{"@id":"https:\/\/mhf.ro\/mm\/portret-de-rata-sulitar-anas-acuta\/#primaryimage"},"thumbnailUrl":"https:\/\/mhf.ro\/mm\/wp-content\/uploads\/2025\/12\/Portret-de-rata-sulitar-Anas-acuta-.jpg","articleSection":["Foto","Wildlife"],"inLanguage":"ro-RO","potentialAction":[{"@type":"CommentAction","name":"Comment","target":["https:\/\/mhf.ro\/mm\/portret-de-rata-sulitar-anas-acuta\/#respond"]}]},{"@type":"WebPage","@id":"https:\/\/mhf.ro\/mm\/portret-de-rata-sulitar-anas-acuta\/","url":"https:\/\/mhf.ro\/mm\/portret-de-rata-sulitar-anas-acuta\/","name":"Portret de ra\u021b\u0103 suli\u021bar ( Anas acuta ) - MHF Photography","isPartOf":{"@id":"https:\/\/mhf.ro\/mm\/#website"},"primaryImageOfPage":{"@id":"https:\/\/mhf.ro\/mm\/portret-de-rata-sulitar-anas-acuta\/#primaryimage"},"image":{"@id":"https:\/\/mhf.ro\/mm\/portret-de-rata-sulitar-anas-acuta\/#primaryimage"},"thumbnailUrl":"https:\/\/mhf.ro\/mm\/wp-content\/uploads\/2025\/12\/Portret-de-rata-sulitar-Anas-acuta-.jpg","datePublished":"2025-12-26T13:15:06+00:00","dateModified":"2025-12-29T07:58:24+00:00","description":"Este o pas\u0103re migratoare, cu o lungime de aproximativ 55 cm. Aceasta se distinge prin coada sa lung\u0103 \u0219i ascu\u021bit\u0103, av\u00e2nd un penaj simplu.","breadcrumb":{"@id":"https:\/\/mhf.ro\/mm\/portret-de-rata-sulitar-anas-acuta\/#breadcrumb"},"inLanguage":"ro-RO","potentialAction":[{"@type":"ReadAction","target":["https:\/\/mhf.ro\/mm\/portret-de-rata-sulitar-anas-acuta\/"]}]},{"@type":"ImageObject","inLanguage":"ro-RO","@id":"https:\/\/mhf.ro\/mm\/portret-de-rata-sulitar-anas-acuta\/#primaryimage","url":"https:\/\/mhf.ro\/mm\/wp-content\/uploads\/2025\/12\/Portret-de-rata-sulitar-Anas-acuta-.jpg","contentUrl":"https:\/\/mhf.ro\/mm\/wp-content\/uploads\/2025\/12\/Portret-de-rata-sulitar-Anas-acuta-.jpg","width":1759,"height":1759,"caption":"Fotografi www.mhf.ro"},{"@type":"BreadcrumbList","@id":"https:\/\/mhf.ro\/mm\/portret-de-rata-sulitar-anas-acuta\/#breadcrumb","itemListElement":[{"@type":"ListItem","position":1,"name":"Prima pagin\u0103","item":"https:\/\/mhf.ro\/mm\/"},{"@type":"ListItem","position":2,"name":"Portret de ra\u021b\u0103 suli\u021bar ( Anas acuta )"}]},{"@type":"WebSite","@id":"https:\/\/mhf.ro\/mm\/#website","url":"https:\/\/mhf.ro\/mm\/","name":"MHF Photography \u2013 Blog de fotografie, natur\u0103 \u0219i tehnic\u0103 divers\u0103","description":"Aventur\u0103 \u00een fiecare cadru.","publisher":{"@id":"https:\/\/mhf.ro\/mm\/#\/schema\/person\/a3bebf7bdb4bf12f698aff73c7e46c21"},"potentialAction":[{"@type":"SearchAction","target":{"@type":"EntryPoint","urlTemplate":"https:\/\/mhf.ro\/mm\/?s={search_term_string}"},"query-input":{"@type":"PropertyValueSpecification","valueRequired":true,"valueName":"search_term_string"}}],"inLanguage":"ro-RO"},{"@type":["Person","Organization"],"@id":"https:\/\/mhf.ro\/mm\/#\/schema\/person\/a3bebf7bdb4bf12f698aff73c7e46c21","name":"Marius Marcu","image":{"@type":"ImageObject","inLanguage":"ro-RO","@id":"https:\/\/mhf.ro\/mm\/#\/schema\/person\/image\/","url":"https:\/\/mhf.ro\/mm\/wp-content\/uploads\/2025\/12\/cropped-logo_mhf_2.png","contentUrl":"https:\/\/mhf.ro\/mm\/wp-content\/uploads\/2025\/12\/cropped-logo_mhf_2.png","width":1096,"height":457,"caption":"Marius Marcu"},"logo":{"@id":"https:\/\/mhf.ro\/mm\/#\/schema\/person\/image\/"},"sameAs":["https:\/\/mhf.ro\/mm"],"url":"https:\/\/mhf.ro\/mm\/author\/mihai\/"}]}},"_links":{"self":[{"href":"https:\/\/mhf.ro\/mm\/wp-json\/wp\/v2\/posts\/10120","targetHints":{"allow":["GET"]}}],"collection":[{"href":"https:\/\/mhf.ro\/mm\/wp-json\/wp\/v2\/posts"}],"about":[{"href":"https:\/\/mhf.ro\/mm\/wp-json\/wp\/v2\/types\/post"}],"author":[{"embeddable":true,"href":"https:\/\/mhf.ro\/mm\/wp-json\/wp\/v2\/users\/1"}],"replies":[{"embeddable":true,"href":"https:\/\/mhf.ro\/mm\/wp-json\/wp\/v2\/comments?post=10120"}],"version-history":[{"count":1,"href":"https:\/\/mhf.ro\/mm\/wp-json\/wp\/v2\/posts\/10120\/revisions"}],"predecessor-version":[{"id":10122,"href":"https:\/\/mhf.ro\/mm\/wp-json\/wp\/v2\/posts\/10120\/revisions\/10122"}],"wp:featuredmedia":[{"embeddable":true,"href":"https:\/\/mhf.ro\/mm\/wp-json\/wp\/v2\/media\/10121"}],"wp:attachment":[{"href":"https:\/\/mhf.ro\/mm\/wp-json\/wp\/v2\/media?parent=10120"}],"wp:term":[{"taxonomy":"category","embeddable":true,"href":"https:\/\/mhf.ro\/mm\/wp-json\/wp\/v2\/categories?post=10120"},{"taxonomy":"post_tag","embeddable":true,"href":"https:\/\/mhf.ro\/mm\/wp-json\/wp\/v2\/tags?post=10120"}],"curies":[{"name":"wp","href":"https:\/\/api.w.org\/{rel}","templated":true}]}}