{"id":10128,"date":"2025-12-27T12:14:15","date_gmt":"2025-12-27T10:14:15","guid":{"rendered":"https:\/\/mhf.ro\/mm\/?p=10128"},"modified":"2025-12-27T12:14:58","modified_gmt":"2025-12-27T10:14:58","slug":"panourile-fotovoltaice-au-produs-24-kw","status":"publish","type":"post","link":"https:\/\/mhf.ro\/mm\/panourile-fotovoltaice-au-produs-24-kw\/","title":{"rendered":"Panourile fotovoltaice au produs 2,4 kw"},"content":{"rendered":"<p>Ieri 26 decembrie, panourile fotovoltaice au produs 2,4 kw energie electric\u0103<\/p>\n<figure id=\"attachment_10129\" aria-describedby=\"caption-attachment-10129\" style=\"width: 300px\" class=\"wp-caption alignleft\"><a href=\"https:\/\/mhf.ro\/mm\/wp-content\/uploads\/2025\/12\/Screenshot_20251227_120650_com.brave_.browser.jpg\"><img decoding=\"async\" class=\"wp-image-10129 size-medium\" src=\"https:\/\/mhf.ro\/mm\/wp-content\/uploads\/2025\/12\/Screenshot_20251227_120650_com.brave_.browser-300x136.jpg\" alt=\"\" width=\"300\" height=\"136\" srcset=\"https:\/\/mhf.ro\/mm\/wp-content\/uploads\/2025\/12\/Screenshot_20251227_120650_com.brave_.browser-300x136.jpg 300w, https:\/\/mhf.ro\/mm\/wp-content\/uploads\/2025\/12\/Screenshot_20251227_120650_com.brave_.browser-1024x463.jpg 1024w, https:\/\/mhf.ro\/mm\/wp-content\/uploads\/2025\/12\/Screenshot_20251227_120650_com.brave_.browser-768x347.jpg 768w, https:\/\/mhf.ro\/mm\/wp-content\/uploads\/2025\/12\/Screenshot_20251227_120650_com.brave_.browser-1536x695.jpg 1536w, https:\/\/mhf.ro\/mm\/wp-content\/uploads\/2025\/12\/Screenshot_20251227_120650_com.brave_.browser-2048x926.jpg 2048w\" sizes=\"(max-width: 300px) 100vw, 300px\" \/><\/a><figcaption id=\"caption-attachment-10129\" class=\"wp-caption-text\">Productie 2,4 kw energie electrica.<\/figcaption><\/figure>\n","protected":false},"excerpt":{"rendered":"<p>Ieri 26 decembrie, panourile fotovoltaice au produs 2,4 kw energie electric\u0103<\/p>\n","protected":false},"author":20,"featured_media":10129,"comment_status":"open","ping_status":"open","sticky":false,"template":"","format":"standard","meta":{"colormag_page_container_layout":"default_layout","colormag_page_sidebar_layout":"default_layout","footnotes":""},"categories":[8],"tags":[],"class_list":["post-10128","post","type-post","status-publish","format-standard","has-post-thumbnail","hentry","category-div"],"yoast_head":"<!-- This site is optimized with the Yoast SEO plugin v27.0 - https:\/\/yoast.com\/product\/yoast-seo-wordpress\/ -->\n<title>Panourile fotovoltaice au produs 2,4 kw - MHF Photography<\/title>\n<meta name=\"description\" content=\"Produc\u021bia \u00een 26 decembrie a fost de 2,4 kw energie electric\u0103, am avut un cer par\u021bial acoperit cu nori si ziua scurt\u0103.\" \/>\n<meta name=\"robots\" content=\"index, follow, max-snippet:-1, max-image-preview:large, max-video-preview:-1\" \/>\n<link rel=\"canonical\" href=\"https:\/\/mhf.ro\/mm\/panourile-fotovoltaice-au-produs-24-kw\/\" \/>\n<meta property=\"og:locale\" content=\"ro_RO\" \/>\n<meta property=\"og:type\" content=\"article\" \/>\n<meta property=\"og:title\" content=\"Panourile fotovoltaice au produs 2,4 kw - MHF Photography\" \/>\n<meta property=\"og:description\" content=\"Produc\u021bia \u00een 26 decembrie a fost de 2,4 kw energie electric\u0103, am avut un cer par\u021bial acoperit cu nori si ziua scurt\u0103.\" \/>\n<meta property=\"og:url\" content=\"https:\/\/mhf.ro\/mm\/panourile-fotovoltaice-au-produs-24-kw\/\" \/>\n<meta property=\"og:site_name\" content=\"MHF Photography\" \/>\n<meta property=\"article:published_time\" content=\"2025-12-27T10:14:15+00:00\" \/>\n<meta property=\"article:modified_time\" content=\"2025-12-27T10:14:58+00:00\" \/>\n<meta property=\"og:image\" content=\"https:\/\/mhf.ro\/mm\/wp-content\/uploads\/2025\/12\/Screenshot_20251227_120650_com.brave_.browser.jpg\" \/>\n\t<meta property=\"og:image:width\" content=\"2388\" \/>\n\t<meta property=\"og:image:height\" content=\"1080\" \/>\n\t<meta property=\"og:image:type\" content=\"image\/jpeg\" \/>\n<meta name=\"author\" content=\"Dj Gheorghe\" \/>\n<meta name=\"twitter:card\" content=\"summary_large_image\" \/>\n<meta name=\"twitter:label1\" content=\"Scris de\" \/>\n\t<meta name=\"twitter:data1\" content=\"Dj Gheorghe\" \/>\n\t<meta name=\"twitter:label2\" content=\"Timp estimat pentru citire\" \/>\n\t<meta name=\"twitter:data2\" content=\"1 minut\" \/>\n<script type=\"application\/ld+json\" class=\"yoast-schema-graph\">{\"@context\":\"https:\/\/schema.org\",\"@graph\":[{\"@type\":\"Article\",\"@id\":\"https:\/\/mhf.ro\/mm\/panourile-fotovoltaice-au-produs-24-kw\/#article\",\"isPartOf\":{\"@id\":\"https:\/\/mhf.ro\/mm\/panourile-fotovoltaice-au-produs-24-kw\/\"},\"author\":{\"name\":\"Dj Gheorghe\",\"@id\":\"https:\/\/mhf.ro\/mm\/#\/schema\/person\/b21bf637718d32e75b6b3da24a9ded75\"},\"headline\":\"Panourile fotovoltaice au produs 2,4 kw\",\"datePublished\":\"2025-12-27T10:14:15+00:00\",\"dateModified\":\"2025-12-27T10:14:58+00:00\",\"mainEntityOfPage\":{\"@id\":\"https:\/\/mhf.ro\/mm\/panourile-fotovoltaice-au-produs-24-kw\/\"},\"wordCount\":25,\"commentCount\":0,\"publisher\":{\"@id\":\"https:\/\/mhf.ro\/mm\/#\/schema\/person\/a3bebf7bdb4bf12f698aff73c7e46c21\"},\"image\":{\"@id\":\"https:\/\/mhf.ro\/mm\/panourile-fotovoltaice-au-produs-24-kw\/#primaryimage\"},\"thumbnailUrl\":\"https:\/\/mhf.ro\/mm\/wp-content\/uploads\/2025\/12\/Screenshot_20251227_120650_com.brave_.browser.jpg\",\"articleSection\":[\"Diverse\"],\"inLanguage\":\"ro-RO\",\"potentialAction\":[{\"@type\":\"CommentAction\",\"name\":\"Comment\",\"target\":[\"https:\/\/mhf.ro\/mm\/panourile-fotovoltaice-au-produs-24-kw\/#respond\"]}]},{\"@type\":\"WebPage\",\"@id\":\"https:\/\/mhf.ro\/mm\/panourile-fotovoltaice-au-produs-24-kw\/\",\"url\":\"https:\/\/mhf.ro\/mm\/panourile-fotovoltaice-au-produs-24-kw\/\",\"name\":\"Panourile fotovoltaice au produs 2,4 kw - MHF Photography\",\"isPartOf\":{\"@id\":\"https:\/\/mhf.ro\/mm\/#website\"},\"primaryImageOfPage\":{\"@id\":\"https:\/\/mhf.ro\/mm\/panourile-fotovoltaice-au-produs-24-kw\/#primaryimage\"},\"image\":{\"@id\":\"https:\/\/mhf.ro\/mm\/panourile-fotovoltaice-au-produs-24-kw\/#primaryimage\"},\"thumbnailUrl\":\"https:\/\/mhf.ro\/mm\/wp-content\/uploads\/2025\/12\/Screenshot_20251227_120650_com.brave_.browser.jpg\",\"datePublished\":\"2025-12-27T10:14:15+00:00\",\"dateModified\":\"2025-12-27T10:14:58+00:00\",\"description\":\"Produc\u021bia \u00een 26 decembrie a fost de 2,4 kw energie electric\u0103, am avut un cer par\u021bial acoperit cu nori si ziua scurt\u0103.\",\"breadcrumb\":{\"@id\":\"https:\/\/mhf.ro\/mm\/panourile-fotovoltaice-au-produs-24-kw\/#breadcrumb\"},\"inLanguage\":\"ro-RO\",\"potentialAction\":[{\"@type\":\"ReadAction\",\"target\":[\"https:\/\/mhf.ro\/mm\/panourile-fotovoltaice-au-produs-24-kw\/\"]}]},{\"@type\":\"ImageObject\",\"inLanguage\":\"ro-RO\",\"@id\":\"https:\/\/mhf.ro\/mm\/panourile-fotovoltaice-au-produs-24-kw\/#primaryimage\",\"url\":\"https:\/\/mhf.ro\/mm\/wp-content\/uploads\/2025\/12\/Screenshot_20251227_120650_com.brave_.browser.jpg\",\"contentUrl\":\"https:\/\/mhf.ro\/mm\/wp-content\/uploads\/2025\/12\/Screenshot_20251227_120650_com.brave_.browser.jpg\",\"width\":2388,\"height\":1080,\"caption\":\"Productie 2,4 kw energie electrica.\"},{\"@type\":\"BreadcrumbList\",\"@id\":\"https:\/\/mhf.ro\/mm\/panourile-fotovoltaice-au-produs-24-kw\/#breadcrumb\",\"itemListElement\":[{\"@type\":\"ListItem\",\"position\":1,\"name\":\"Prima pagin\u0103\",\"item\":\"https:\/\/mhf.ro\/mm\/\"},{\"@type\":\"ListItem\",\"position\":2,\"name\":\"Panourile fotovoltaice au produs 2,4 kw\"}]},{\"@type\":\"WebSite\",\"@id\":\"https:\/\/mhf.ro\/mm\/#website\",\"url\":\"https:\/\/mhf.ro\/mm\/\",\"name\":\"MHF Photography \u2013 Blog de fotografie, natur\u0103 \u0219i tehnic\u0103 divers\u0103\",\"description\":\"Aventur\u0103 \u00een fiecare cadru.\",\"publisher\":{\"@id\":\"https:\/\/mhf.ro\/mm\/#\/schema\/person\/a3bebf7bdb4bf12f698aff73c7e46c21\"},\"potentialAction\":[{\"@type\":\"SearchAction\",\"target\":{\"@type\":\"EntryPoint\",\"urlTemplate\":\"https:\/\/mhf.ro\/mm\/?s={search_term_string}\"},\"query-input\":{\"@type\":\"PropertyValueSpecification\",\"valueRequired\":true,\"valueName\":\"search_term_string\"}}],\"inLanguage\":\"ro-RO\"},{\"@type\":[\"Person\",\"Organization\"],\"@id\":\"https:\/\/mhf.ro\/mm\/#\/schema\/person\/a3bebf7bdb4bf12f698aff73c7e46c21\",\"name\":\"Marius Marcu\",\"image\":{\"@type\":\"ImageObject\",\"inLanguage\":\"ro-RO\",\"@id\":\"https:\/\/mhf.ro\/mm\/#\/schema\/person\/image\/\",\"url\":\"https:\/\/mhf.ro\/mm\/wp-content\/uploads\/2025\/12\/cropped-logo_mhf_2.png\",\"contentUrl\":\"https:\/\/mhf.ro\/mm\/wp-content\/uploads\/2025\/12\/cropped-logo_mhf_2.png\",\"width\":1096,\"height\":457,\"caption\":\"Marius Marcu\"},\"logo\":{\"@id\":\"https:\/\/mhf.ro\/mm\/#\/schema\/person\/image\/\"},\"sameAs\":[\"https:\/\/mhf.ro\/mm\"]},{\"@type\":\"Person\",\"@id\":\"https:\/\/mhf.ro\/mm\/#\/schema\/person\/b21bf637718d32e75b6b3da24a9ded75\",\"name\":\"Dj Gheorghe\",\"image\":{\"@type\":\"ImageObject\",\"inLanguage\":\"ro-RO\",\"@id\":\"https:\/\/mhf.ro\/mm\/#\/schema\/person\/image\/\",\"url\":\"https:\/\/secure.gravatar.com\/avatar\/3fb5031476b7fbcce6bf83601eb81d5f49d0c19f9bb43bd83e5b5ae78658d527?s=96&d=monsterid&r=g\",\"contentUrl\":\"https:\/\/secure.gravatar.com\/avatar\/3fb5031476b7fbcce6bf83601eb81d5f49d0c19f9bb43bd83e5b5ae78658d527?s=96&d=monsterid&r=g\",\"caption\":\"Dj Gheorghe\"},\"sameAs\":[\"http:\/\/mhf.ro\"],\"url\":\"https:\/\/mhf.ro\/mm\/author\/djg\/\"}]}<\/script>\n<!-- \/ Yoast SEO plugin. -->","yoast_head_json":{"title":"Panourile fotovoltaice au produs 2,4 kw - MHF Photography","description":"Produc\u021bia \u00een 26 decembrie a fost de 2,4 kw energie electric\u0103, am avut un cer par\u021bial acoperit cu nori si ziua scurt\u0103.","robots":{"index":"index","follow":"follow","max-snippet":"max-snippet:-1","max-image-preview":"max-image-preview:large","max-video-preview":"max-video-preview:-1"},"canonical":"https:\/\/mhf.ro\/mm\/panourile-fotovoltaice-au-produs-24-kw\/","og_locale":"ro_RO","og_type":"article","og_title":"Panourile fotovoltaice au produs 2,4 kw - MHF Photography","og_description":"Produc\u021bia \u00een 26 decembrie a fost de 2,4 kw energie electric\u0103, am avut un cer par\u021bial acoperit cu nori si ziua scurt\u0103.","og_url":"https:\/\/mhf.ro\/mm\/panourile-fotovoltaice-au-produs-24-kw\/","og_site_name":"MHF Photography","article_published_time":"2025-12-27T10:14:15+00:00","article_modified_time":"2025-12-27T10:14:58+00:00","og_image":[{"width":2388,"height":1080,"url":"https:\/\/mhf.ro\/mm\/wp-content\/uploads\/2025\/12\/Screenshot_20251227_120650_com.brave_.browser.jpg","type":"image\/jpeg"}],"author":"Dj Gheorghe","twitter_card":"summary_large_image","twitter_misc":{"Scris de":"Dj Gheorghe","Timp estimat pentru citire":"1 minut"},"schema":{"@context":"https:\/\/schema.org","@graph":[{"@type":"Article","@id":"https:\/\/mhf.ro\/mm\/panourile-fotovoltaice-au-produs-24-kw\/#article","isPartOf":{"@id":"https:\/\/mhf.ro\/mm\/panourile-fotovoltaice-au-produs-24-kw\/"},"author":{"name":"Dj Gheorghe","@id":"https:\/\/mhf.ro\/mm\/#\/schema\/person\/b21bf637718d32e75b6b3da24a9ded75"},"headline":"Panourile fotovoltaice au produs 2,4 kw","datePublished":"2025-12-27T10:14:15+00:00","dateModified":"2025-12-27T10:14:58+00:00","mainEntityOfPage":{"@id":"https:\/\/mhf.ro\/mm\/panourile-fotovoltaice-au-produs-24-kw\/"},"wordCount":25,"commentCount":0,"publisher":{"@id":"https:\/\/mhf.ro\/mm\/#\/schema\/person\/a3bebf7bdb4bf12f698aff73c7e46c21"},"image":{"@id":"https:\/\/mhf.ro\/mm\/panourile-fotovoltaice-au-produs-24-kw\/#primaryimage"},"thumbnailUrl":"https:\/\/mhf.ro\/mm\/wp-content\/uploads\/2025\/12\/Screenshot_20251227_120650_com.brave_.browser.jpg","articleSection":["Diverse"],"inLanguage":"ro-RO","potentialAction":[{"@type":"CommentAction","name":"Comment","target":["https:\/\/mhf.ro\/mm\/panourile-fotovoltaice-au-produs-24-kw\/#respond"]}]},{"@type":"WebPage","@id":"https:\/\/mhf.ro\/mm\/panourile-fotovoltaice-au-produs-24-kw\/","url":"https:\/\/mhf.ro\/mm\/panourile-fotovoltaice-au-produs-24-kw\/","name":"Panourile fotovoltaice au produs 2,4 kw - MHF Photography","isPartOf":{"@id":"https:\/\/mhf.ro\/mm\/#website"},"primaryImageOfPage":{"@id":"https:\/\/mhf.ro\/mm\/panourile-fotovoltaice-au-produs-24-kw\/#primaryimage"},"image":{"@id":"https:\/\/mhf.ro\/mm\/panourile-fotovoltaice-au-produs-24-kw\/#primaryimage"},"thumbnailUrl":"https:\/\/mhf.ro\/mm\/wp-content\/uploads\/2025\/12\/Screenshot_20251227_120650_com.brave_.browser.jpg","datePublished":"2025-12-27T10:14:15+00:00","dateModified":"2025-12-27T10:14:58+00:00","description":"Produc\u021bia \u00een 26 decembrie a fost de 2,4 kw energie electric\u0103, am avut un cer par\u021bial acoperit cu nori si ziua scurt\u0103.","breadcrumb":{"@id":"https:\/\/mhf.ro\/mm\/panourile-fotovoltaice-au-produs-24-kw\/#breadcrumb"},"inLanguage":"ro-RO","potentialAction":[{"@type":"ReadAction","target":["https:\/\/mhf.ro\/mm\/panourile-fotovoltaice-au-produs-24-kw\/"]}]},{"@type":"ImageObject","inLanguage":"ro-RO","@id":"https:\/\/mhf.ro\/mm\/panourile-fotovoltaice-au-produs-24-kw\/#primaryimage","url":"https:\/\/mhf.ro\/mm\/wp-content\/uploads\/2025\/12\/Screenshot_20251227_120650_com.brave_.browser.jpg","contentUrl":"https:\/\/mhf.ro\/mm\/wp-content\/uploads\/2025\/12\/Screenshot_20251227_120650_com.brave_.browser.jpg","width":2388,"height":1080,"caption":"Productie 2,4 kw energie electrica."},{"@type":"BreadcrumbList","@id":"https:\/\/mhf.ro\/mm\/panourile-fotovoltaice-au-produs-24-kw\/#breadcrumb","itemListElement":[{"@type":"ListItem","position":1,"name":"Prima pagin\u0103","item":"https:\/\/mhf.ro\/mm\/"},{"@type":"ListItem","position":2,"name":"Panourile fotovoltaice au produs 2,4 kw"}]},{"@type":"WebSite","@id":"https:\/\/mhf.ro\/mm\/#website","url":"https:\/\/mhf.ro\/mm\/","name":"MHF Photography \u2013 Blog de fotografie, natur\u0103 \u0219i tehnic\u0103 divers\u0103","description":"Aventur\u0103 \u00een fiecare cadru.","publisher":{"@id":"https:\/\/mhf.ro\/mm\/#\/schema\/person\/a3bebf7bdb4bf12f698aff73c7e46c21"},"potentialAction":[{"@type":"SearchAction","target":{"@type":"EntryPoint","urlTemplate":"https:\/\/mhf.ro\/mm\/?s={search_term_string}"},"query-input":{"@type":"PropertyValueSpecification","valueRequired":true,"valueName":"search_term_string"}}],"inLanguage":"ro-RO"},{"@type":["Person","Organization"],"@id":"https:\/\/mhf.ro\/mm\/#\/schema\/person\/a3bebf7bdb4bf12f698aff73c7e46c21","name":"Marius Marcu","image":{"@type":"ImageObject","inLanguage":"ro-RO","@id":"https:\/\/mhf.ro\/mm\/#\/schema\/person\/image\/","url":"https:\/\/mhf.ro\/mm\/wp-content\/uploads\/2025\/12\/cropped-logo_mhf_2.png","contentUrl":"https:\/\/mhf.ro\/mm\/wp-content\/uploads\/2025\/12\/cropped-logo_mhf_2.png","width":1096,"height":457,"caption":"Marius Marcu"},"logo":{"@id":"https:\/\/mhf.ro\/mm\/#\/schema\/person\/image\/"},"sameAs":["https:\/\/mhf.ro\/mm"]},{"@type":"Person","@id":"https:\/\/mhf.ro\/mm\/#\/schema\/person\/b21bf637718d32e75b6b3da24a9ded75","name":"Dj Gheorghe","image":{"@type":"ImageObject","inLanguage":"ro-RO","@id":"https:\/\/mhf.ro\/mm\/#\/schema\/person\/image\/","url":"https:\/\/secure.gravatar.com\/avatar\/3fb5031476b7fbcce6bf83601eb81d5f49d0c19f9bb43bd83e5b5ae78658d527?s=96&d=monsterid&r=g","contentUrl":"https:\/\/secure.gravatar.com\/avatar\/3fb5031476b7fbcce6bf83601eb81d5f49d0c19f9bb43bd83e5b5ae78658d527?s=96&d=monsterid&r=g","caption":"Dj Gheorghe"},"sameAs":["http:\/\/mhf.ro"],"url":"https:\/\/mhf.ro\/mm\/author\/djg\/"}]}},"_links":{"self":[{"href":"https:\/\/mhf.ro\/mm\/wp-json\/wp\/v2\/posts\/10128","targetHints":{"allow":["GET"]}}],"collection":[{"href":"https:\/\/mhf.ro\/mm\/wp-json\/wp\/v2\/posts"}],"about":[{"href":"https:\/\/mhf.ro\/mm\/wp-json\/wp\/v2\/types\/post"}],"author":[{"embeddable":true,"href":"https:\/\/mhf.ro\/mm\/wp-json\/wp\/v2\/users\/20"}],"replies":[{"embeddable":true,"href":"https:\/\/mhf.ro\/mm\/wp-json\/wp\/v2\/comments?post=10128"}],"version-history":[{"count":2,"href":"https:\/\/mhf.ro\/mm\/wp-json\/wp\/v2\/posts\/10128\/revisions"}],"predecessor-version":[{"id":10131,"href":"https:\/\/mhf.ro\/mm\/wp-json\/wp\/v2\/posts\/10128\/revisions\/10131"}],"wp:featuredmedia":[{"embeddable":true,"href":"https:\/\/mhf.ro\/mm\/wp-json\/wp\/v2\/media\/10129"}],"wp:attachment":[{"href":"https:\/\/mhf.ro\/mm\/wp-json\/wp\/v2\/media?parent=10128"}],"wp:term":[{"taxonomy":"category","embeddable":true,"href":"https:\/\/mhf.ro\/mm\/wp-json\/wp\/v2\/categories?post=10128"},{"taxonomy":"post_tag","embeddable":true,"href":"https:\/\/mhf.ro\/mm\/wp-json\/wp\/v2\/tags?post=10128"}],"curies":[{"name":"wp","href":"https:\/\/api.w.org\/{rel}","templated":true}]}}