{"id":10206,"date":"2026-01-03T07:49:02","date_gmt":"2026-01-03T05:49:02","guid":{"rendered":"https:\/\/mhf.ro\/mm\/ce-mai-aflam-azi-saturday-03-01-2026\/"},"modified":"2026-01-03T07:49:02","modified_gmt":"2026-01-03T05:49:02","slug":"ce-mai-aflam-azi-saturday-03-01-2026","status":"publish","type":"post","link":"https:\/\/mhf.ro\/mm\/ce-mai-aflam-azi-saturday-03-01-2026\/","title":{"rendered":"Ce mai aflam azi \u2013 Saturday, 03.01.2026"},"content":{"rendered":"<ul>\n<li><a href=\"https:\/\/www.mediafax.ro\/social\/anuntul-anm-cod-galben-de-ploaie-si-polei-in-capitala-si-in-mai-multe-judete-23666100\" target=\"_blank\" rel=\"nofollow noopener\">Anun\u021bul ANM: Cod galben de ploaie \u0219i polei \u00een Capital\u0103 \u0219i \u00een mai multe jude\u021be<\/a><\/li>\n<li><a href=\"https:\/\/www.realitatea.net\/stiri\/actual\/barbat-arestat-pentru-ca-siar-fi-ucis-tatal-in-bataie-ar-fi-stat-doua-zile-langa-cadavru_6958b522fa5c78380325fbf8\" target=\"_blank\" rel=\"nofollow noopener\">B\u0103rbat arestat pentru c\u0103 \u0219i-ar fi ucis tat\u0103l \u00een b\u0103taie: ar fi stat dou\u0103 zile l\u00e2ng\u0103 cadavru<\/a><\/li>\n<li><a href=\"https:\/\/www.realitatea.net\/stiri\/actual\/accident-rutier-in-brasov-izvor-contaminat-patru-localitati-au-ramas-fara-apa-potabila_6958b40afa5c78380325fbf2\" target=\"_blank\" rel=\"nofollow noopener\">Accident rutier \u00een Bra\u0219ov: izvor contaminat, patru localit\u0103\u021bi au r\u0103mas f\u0103r\u0103 ap\u0103 potabil\u0103<\/a><\/li>\n<li><a href=\"https:\/\/stirileprotv.ro\/divers\/romanii-si-turistii-s-au-relaxat-la-maximum-in-centrele-spa-din-apropierea-bucurestiului-zeste-ok-un-inot.html\" target=\"_blank\" rel=\"nofollow noopener\">Rom\u00e2nii \u0219i turi\u0219tii s-au relaxat la maximum \u00een centrele spa din apropierea Bucure\u0219tiului: \u201eEste ok un \u00eenot\u201d<\/a><\/li>\n<li><a href=\"https:\/\/stirileprotv.ro\/stiri\/international\/liniste-apasatoare-la-crans-montana-dupa-tragedie-imagini-greu-de-privit-cu-familiile-indurerate-ale-celor-disparuti.html\" target=\"_blank\" rel=\"nofollow noopener\">Lini\u0219te ap\u0103s\u0103toare la Crans-Montana dup\u0103 tragedie. Imagini greu de privit cu familiile \u00eendurerate ale celor disp\u0103ru\u021bi<\/a><\/li>\n<li><a href=\"https:\/\/www.realitatea.net\/stiri\/actual\/iarna-loveste-din-nou-drumuri-blocate-ninsori-abundente-si-risc-crescut-de-avalansa_6958b26a1deda739d9168962\" target=\"_blank\" rel=\"nofollow noopener\">Iarna love\u0219te din plin: drumuri blocate, ninsori abundente \u0219i risc crescut de avalan\u0219\u0103<\/a><\/li>\n<li><a href=\"https:\/\/www.mediafax.ro\/stiinta-sanatate\/descoperire-istorica-in-medicina-cercetatorii-au-creat-un-plaman-uman-care-respira-pe-un-cip-din-celulele-unei-singure-persoane-23666089\" target=\"_blank\" rel=\"nofollow noopener\">Descoperire istoric\u0103 \u00een medicin\u0103: Cercet\u0103torii au creat un pl\u0103m\u00e2n uman \u201ecare respir\u0103\u201d pe un cip, din celulele unei singure persoane<\/a><\/li>\n<li><a href=\"https:\/\/stirileprotv.ro\/divers\/turistii-se-bucura-de-zapada-si-schi-la-paltinis-cat-costa-o-ora-de-pregatire-cu-un-instructor-de-schi.html\" target=\"_blank\" rel=\"nofollow noopener\">Turi\u0219tii se bucur\u0103 de z\u0103pad\u0103 la P\u0103ltini\u0219. C\u00e2t cost\u0103 o or\u0103 de preg\u0103tire cu un instructor de schi<\/a><\/li>\n<\/ul>\n","protected":false},"excerpt":{"rendered":"<p>Anun\u021bul ANM: Cod galben de ploaie \u0219i polei \u00een Capital\u0103 \u0219i \u00een mai multe jude\u021be B\u0103rbat arestat pentru c\u0103 \u0219i-ar<\/p>\n","protected":false},"author":11,"featured_media":10148,"comment_status":"open","ping_status":"open","sticky":false,"template":"","format":"standard","meta":{"colormag_page_container_layout":"default_layout","colormag_page_sidebar_layout":"default_layout","footnotes":""},"categories":[65],"tags":[],"class_list":["post-10206","post","type-post","status-publish","format-standard","has-post-thumbnail","hentry","category-titluri-stiri"],"yoast_head":"<!-- This site is optimized with the Yoast SEO plugin v27.0 - https:\/\/yoast.com\/product\/yoast-seo-wordpress\/ -->\n<title>Ce mai aflam azi \u2013 Saturday, 03.01.2026 - MHF Photography<\/title>\n<meta name=\"description\" content=\"\u0218tiri de azi (03 ianuarie 2026): cele mai importante titluri din Rom\u00e2nia \u0219i din lume, actualizate zilnic.\" \/>\n<meta name=\"robots\" content=\"index, follow, max-snippet:-1, max-image-preview:large, max-video-preview:-1\" \/>\n<link rel=\"canonical\" href=\"https:\/\/mhf.ro\/mm\/ce-mai-aflam-azi-saturday-03-01-2026\/\" \/>\n<meta property=\"og:locale\" content=\"ro_RO\" \/>\n<meta property=\"og:type\" content=\"article\" \/>\n<meta property=\"og:title\" content=\"Ce mai aflam azi \u2013 Saturday, 03.01.2026 - MHF Photography\" \/>\n<meta property=\"og:description\" content=\"\u0218tiri de azi (03 ianuarie 2026): cele mai importante titluri din Rom\u00e2nia \u0219i din lume, actualizate zilnic.\" \/>\n<meta property=\"og:url\" content=\"https:\/\/mhf.ro\/mm\/ce-mai-aflam-azi-saturday-03-01-2026\/\" \/>\n<meta property=\"og:site_name\" content=\"MHF Photography\" \/>\n<meta property=\"article:published_time\" content=\"2026-01-03T05:49:02+00:00\" \/>\n<meta property=\"og:image\" content=\"https:\/\/mhf.ro\/mm\/wp-content\/uploads\/2025\/12\/stirimhf_3.jpg\" \/>\n\t<meta property=\"og:image:width\" content=\"1280\" \/>\n\t<meta property=\"og:image:height\" content=\"906\" \/>\n\t<meta property=\"og:image:type\" content=\"image\/jpeg\" \/>\n<meta name=\"author\" content=\"Fodrea Iuliana Reve\" \/>\n<meta name=\"twitter:card\" content=\"summary_large_image\" \/>\n<meta name=\"twitter:label1\" content=\"Scris de\" \/>\n\t<meta name=\"twitter:data1\" content=\"Fodrea Iuliana Reve\" \/>\n\t<meta name=\"twitter:label2\" content=\"Timp estimat pentru citire\" \/>\n\t<meta name=\"twitter:data2\" content=\"1 minut\" \/>\n<script type=\"application\/ld+json\" class=\"yoast-schema-graph\">{\"@context\":\"https:\/\/schema.org\",\"@graph\":[{\"@type\":\"Article\",\"@id\":\"https:\/\/mhf.ro\/mm\/ce-mai-aflam-azi-saturday-03-01-2026\/#article\",\"isPartOf\":{\"@id\":\"https:\/\/mhf.ro\/mm\/ce-mai-aflam-azi-saturday-03-01-2026\/\"},\"author\":{\"name\":\"Fodrea Iuliana Reve\",\"@id\":\"https:\/\/mhf.ro\/mm\/#\/schema\/person\/17f3fed455503130cb08cdc1421f8001\"},\"headline\":\"Ce mai aflam azi \u2013 Saturday, 03.01.2026\",\"datePublished\":\"2026-01-03T05:49:02+00:00\",\"mainEntityOfPage\":{\"@id\":\"https:\/\/mhf.ro\/mm\/ce-mai-aflam-azi-saturday-03-01-2026\/\"},\"wordCount\":161,\"commentCount\":0,\"publisher\":{\"@id\":\"https:\/\/mhf.ro\/mm\/#\/schema\/person\/a3bebf7bdb4bf12f698aff73c7e46c21\"},\"image\":{\"@id\":\"https:\/\/mhf.ro\/mm\/ce-mai-aflam-azi-saturday-03-01-2026\/#primaryimage\"},\"thumbnailUrl\":\"https:\/\/mhf.ro\/mm\/wp-content\/uploads\/2025\/12\/stirimhf_3.jpg\",\"articleSection\":[\"Titluri -\u0219tiri\"],\"inLanguage\":\"ro-RO\",\"potentialAction\":[{\"@type\":\"CommentAction\",\"name\":\"Comment\",\"target\":[\"https:\/\/mhf.ro\/mm\/ce-mai-aflam-azi-saturday-03-01-2026\/#respond\"]}]},{\"@type\":\"WebPage\",\"@id\":\"https:\/\/mhf.ro\/mm\/ce-mai-aflam-azi-saturday-03-01-2026\/\",\"url\":\"https:\/\/mhf.ro\/mm\/ce-mai-aflam-azi-saturday-03-01-2026\/\",\"name\":\"Ce mai aflam azi \u2013 Saturday, 03.01.2026 - MHF Photography\",\"isPartOf\":{\"@id\":\"https:\/\/mhf.ro\/mm\/#website\"},\"primaryImageOfPage\":{\"@id\":\"https:\/\/mhf.ro\/mm\/ce-mai-aflam-azi-saturday-03-01-2026\/#primaryimage\"},\"image\":{\"@id\":\"https:\/\/mhf.ro\/mm\/ce-mai-aflam-azi-saturday-03-01-2026\/#primaryimage\"},\"thumbnailUrl\":\"https:\/\/mhf.ro\/mm\/wp-content\/uploads\/2025\/12\/stirimhf_3.jpg\",\"datePublished\":\"2026-01-03T05:49:02+00:00\",\"description\":\"\u0218tiri de azi (03 ianuarie 2026): cele mai importante titluri din Rom\u00e2nia \u0219i din lume, actualizate zilnic.\",\"breadcrumb\":{\"@id\":\"https:\/\/mhf.ro\/mm\/ce-mai-aflam-azi-saturday-03-01-2026\/#breadcrumb\"},\"inLanguage\":\"ro-RO\",\"potentialAction\":[{\"@type\":\"ReadAction\",\"target\":[\"https:\/\/mhf.ro\/mm\/ce-mai-aflam-azi-saturday-03-01-2026\/\"]}]},{\"@type\":\"ImageObject\",\"inLanguage\":\"ro-RO\",\"@id\":\"https:\/\/mhf.ro\/mm\/ce-mai-aflam-azi-saturday-03-01-2026\/#primaryimage\",\"url\":\"https:\/\/mhf.ro\/mm\/wp-content\/uploads\/2025\/12\/stirimhf_3.jpg\",\"contentUrl\":\"https:\/\/mhf.ro\/mm\/wp-content\/uploads\/2025\/12\/stirimhf_3.jpg\",\"width\":1280,\"height\":906},{\"@type\":\"BreadcrumbList\",\"@id\":\"https:\/\/mhf.ro\/mm\/ce-mai-aflam-azi-saturday-03-01-2026\/#breadcrumb\",\"itemListElement\":[{\"@type\":\"ListItem\",\"position\":1,\"name\":\"Prima pagin\u0103\",\"item\":\"https:\/\/mhf.ro\/mm\/\"},{\"@type\":\"ListItem\",\"position\":2,\"name\":\"Ce mai aflam azi \u2013 Saturday, 03.01.2026\"}]},{\"@type\":\"WebSite\",\"@id\":\"https:\/\/mhf.ro\/mm\/#website\",\"url\":\"https:\/\/mhf.ro\/mm\/\",\"name\":\"MHF Photography \u2013 Blog de fotografie, natur\u0103 \u0219i tehnic\u0103 divers\u0103\",\"description\":\"Aventur\u0103 \u00een fiecare cadru.\",\"publisher\":{\"@id\":\"https:\/\/mhf.ro\/mm\/#\/schema\/person\/a3bebf7bdb4bf12f698aff73c7e46c21\"},\"potentialAction\":[{\"@type\":\"SearchAction\",\"target\":{\"@type\":\"EntryPoint\",\"urlTemplate\":\"https:\/\/mhf.ro\/mm\/?s={search_term_string}\"},\"query-input\":{\"@type\":\"PropertyValueSpecification\",\"valueRequired\":true,\"valueName\":\"search_term_string\"}}],\"inLanguage\":\"ro-RO\"},{\"@type\":[\"Person\",\"Organization\"],\"@id\":\"https:\/\/mhf.ro\/mm\/#\/schema\/person\/a3bebf7bdb4bf12f698aff73c7e46c21\",\"name\":\"Marius Marcu\",\"image\":{\"@type\":\"ImageObject\",\"inLanguage\":\"ro-RO\",\"@id\":\"https:\/\/mhf.ro\/mm\/#\/schema\/person\/image\/\",\"url\":\"https:\/\/mhf.ro\/mm\/wp-content\/uploads\/2025\/12\/cropped-logo_mhf_2.png\",\"contentUrl\":\"https:\/\/mhf.ro\/mm\/wp-content\/uploads\/2025\/12\/cropped-logo_mhf_2.png\",\"width\":1096,\"height\":457,\"caption\":\"Marius Marcu\"},\"logo\":{\"@id\":\"https:\/\/mhf.ro\/mm\/#\/schema\/person\/image\/\"},\"sameAs\":[\"https:\/\/mhf.ro\/mm\"]},{\"@type\":\"Person\",\"@id\":\"https:\/\/mhf.ro\/mm\/#\/schema\/person\/17f3fed455503130cb08cdc1421f8001\",\"name\":\"Fodrea Iuliana Reve\",\"image\":{\"@type\":\"ImageObject\",\"inLanguage\":\"ro-RO\",\"@id\":\"https:\/\/mhf.ro\/mm\/#\/schema\/person\/image\/\",\"url\":\"https:\/\/secure.gravatar.com\/avatar\/f6a66b0b93f1a25e8049c1c4e66e60a1a6809ab11ad60f8dcc2eaafeb7ca1580?s=96&d=monsterid&r=g\",\"contentUrl\":\"https:\/\/secure.gravatar.com\/avatar\/f6a66b0b93f1a25e8049c1c4e66e60a1a6809ab11ad60f8dcc2eaafeb7ca1580?s=96&d=monsterid&r=g\",\"caption\":\"Fodrea Iuliana Reve\"},\"sameAs\":[\"https:\/\/mhf.ro\/mm\"],\"url\":\"https:\/\/mhf.ro\/mm\/author\/iuliana\/\"}]}<\/script>\n<!-- \/ Yoast SEO plugin. -->","yoast_head_json":{"title":"Ce mai aflam azi \u2013 Saturday, 03.01.2026 - MHF Photography","description":"\u0218tiri de azi (03 ianuarie 2026): cele mai importante titluri din Rom\u00e2nia \u0219i din lume, actualizate zilnic.","robots":{"index":"index","follow":"follow","max-snippet":"max-snippet:-1","max-image-preview":"max-image-preview:large","max-video-preview":"max-video-preview:-1"},"canonical":"https:\/\/mhf.ro\/mm\/ce-mai-aflam-azi-saturday-03-01-2026\/","og_locale":"ro_RO","og_type":"article","og_title":"Ce mai aflam azi \u2013 Saturday, 03.01.2026 - MHF Photography","og_description":"\u0218tiri de azi (03 ianuarie 2026): cele mai importante titluri din Rom\u00e2nia \u0219i din lume, actualizate zilnic.","og_url":"https:\/\/mhf.ro\/mm\/ce-mai-aflam-azi-saturday-03-01-2026\/","og_site_name":"MHF Photography","article_published_time":"2026-01-03T05:49:02+00:00","og_image":[{"width":1280,"height":906,"url":"https:\/\/mhf.ro\/mm\/wp-content\/uploads\/2025\/12\/stirimhf_3.jpg","type":"image\/jpeg"}],"author":"Fodrea Iuliana Reve","twitter_card":"summary_large_image","twitter_misc":{"Scris de":"Fodrea Iuliana Reve","Timp estimat pentru citire":"1 minut"},"schema":{"@context":"https:\/\/schema.org","@graph":[{"@type":"Article","@id":"https:\/\/mhf.ro\/mm\/ce-mai-aflam-azi-saturday-03-01-2026\/#article","isPartOf":{"@id":"https:\/\/mhf.ro\/mm\/ce-mai-aflam-azi-saturday-03-01-2026\/"},"author":{"name":"Fodrea Iuliana Reve","@id":"https:\/\/mhf.ro\/mm\/#\/schema\/person\/17f3fed455503130cb08cdc1421f8001"},"headline":"Ce mai aflam azi \u2013 Saturday, 03.01.2026","datePublished":"2026-01-03T05:49:02+00:00","mainEntityOfPage":{"@id":"https:\/\/mhf.ro\/mm\/ce-mai-aflam-azi-saturday-03-01-2026\/"},"wordCount":161,"commentCount":0,"publisher":{"@id":"https:\/\/mhf.ro\/mm\/#\/schema\/person\/a3bebf7bdb4bf12f698aff73c7e46c21"},"image":{"@id":"https:\/\/mhf.ro\/mm\/ce-mai-aflam-azi-saturday-03-01-2026\/#primaryimage"},"thumbnailUrl":"https:\/\/mhf.ro\/mm\/wp-content\/uploads\/2025\/12\/stirimhf_3.jpg","articleSection":["Titluri -\u0219tiri"],"inLanguage":"ro-RO","potentialAction":[{"@type":"CommentAction","name":"Comment","target":["https:\/\/mhf.ro\/mm\/ce-mai-aflam-azi-saturday-03-01-2026\/#respond"]}]},{"@type":"WebPage","@id":"https:\/\/mhf.ro\/mm\/ce-mai-aflam-azi-saturday-03-01-2026\/","url":"https:\/\/mhf.ro\/mm\/ce-mai-aflam-azi-saturday-03-01-2026\/","name":"Ce mai aflam azi \u2013 Saturday, 03.01.2026 - MHF Photography","isPartOf":{"@id":"https:\/\/mhf.ro\/mm\/#website"},"primaryImageOfPage":{"@id":"https:\/\/mhf.ro\/mm\/ce-mai-aflam-azi-saturday-03-01-2026\/#primaryimage"},"image":{"@id":"https:\/\/mhf.ro\/mm\/ce-mai-aflam-azi-saturday-03-01-2026\/#primaryimage"},"thumbnailUrl":"https:\/\/mhf.ro\/mm\/wp-content\/uploads\/2025\/12\/stirimhf_3.jpg","datePublished":"2026-01-03T05:49:02+00:00","description":"\u0218tiri de azi (03 ianuarie 2026): cele mai importante titluri din Rom\u00e2nia \u0219i din lume, actualizate zilnic.","breadcrumb":{"@id":"https:\/\/mhf.ro\/mm\/ce-mai-aflam-azi-saturday-03-01-2026\/#breadcrumb"},"inLanguage":"ro-RO","potentialAction":[{"@type":"ReadAction","target":["https:\/\/mhf.ro\/mm\/ce-mai-aflam-azi-saturday-03-01-2026\/"]}]},{"@type":"ImageObject","inLanguage":"ro-RO","@id":"https:\/\/mhf.ro\/mm\/ce-mai-aflam-azi-saturday-03-01-2026\/#primaryimage","url":"https:\/\/mhf.ro\/mm\/wp-content\/uploads\/2025\/12\/stirimhf_3.jpg","contentUrl":"https:\/\/mhf.ro\/mm\/wp-content\/uploads\/2025\/12\/stirimhf_3.jpg","width":1280,"height":906},{"@type":"BreadcrumbList","@id":"https:\/\/mhf.ro\/mm\/ce-mai-aflam-azi-saturday-03-01-2026\/#breadcrumb","itemListElement":[{"@type":"ListItem","position":1,"name":"Prima pagin\u0103","item":"https:\/\/mhf.ro\/mm\/"},{"@type":"ListItem","position":2,"name":"Ce mai aflam azi \u2013 Saturday, 03.01.2026"}]},{"@type":"WebSite","@id":"https:\/\/mhf.ro\/mm\/#website","url":"https:\/\/mhf.ro\/mm\/","name":"MHF Photography \u2013 Blog de fotografie, natur\u0103 \u0219i tehnic\u0103 divers\u0103","description":"Aventur\u0103 \u00een fiecare cadru.","publisher":{"@id":"https:\/\/mhf.ro\/mm\/#\/schema\/person\/a3bebf7bdb4bf12f698aff73c7e46c21"},"potentialAction":[{"@type":"SearchAction","target":{"@type":"EntryPoint","urlTemplate":"https:\/\/mhf.ro\/mm\/?s={search_term_string}"},"query-input":{"@type":"PropertyValueSpecification","valueRequired":true,"valueName":"search_term_string"}}],"inLanguage":"ro-RO"},{"@type":["Person","Organization"],"@id":"https:\/\/mhf.ro\/mm\/#\/schema\/person\/a3bebf7bdb4bf12f698aff73c7e46c21","name":"Marius Marcu","image":{"@type":"ImageObject","inLanguage":"ro-RO","@id":"https:\/\/mhf.ro\/mm\/#\/schema\/person\/image\/","url":"https:\/\/mhf.ro\/mm\/wp-content\/uploads\/2025\/12\/cropped-logo_mhf_2.png","contentUrl":"https:\/\/mhf.ro\/mm\/wp-content\/uploads\/2025\/12\/cropped-logo_mhf_2.png","width":1096,"height":457,"caption":"Marius Marcu"},"logo":{"@id":"https:\/\/mhf.ro\/mm\/#\/schema\/person\/image\/"},"sameAs":["https:\/\/mhf.ro\/mm"]},{"@type":"Person","@id":"https:\/\/mhf.ro\/mm\/#\/schema\/person\/17f3fed455503130cb08cdc1421f8001","name":"Fodrea Iuliana Reve","image":{"@type":"ImageObject","inLanguage":"ro-RO","@id":"https:\/\/mhf.ro\/mm\/#\/schema\/person\/image\/","url":"https:\/\/secure.gravatar.com\/avatar\/f6a66b0b93f1a25e8049c1c4e66e60a1a6809ab11ad60f8dcc2eaafeb7ca1580?s=96&d=monsterid&r=g","contentUrl":"https:\/\/secure.gravatar.com\/avatar\/f6a66b0b93f1a25e8049c1c4e66e60a1a6809ab11ad60f8dcc2eaafeb7ca1580?s=96&d=monsterid&r=g","caption":"Fodrea Iuliana Reve"},"sameAs":["https:\/\/mhf.ro\/mm"],"url":"https:\/\/mhf.ro\/mm\/author\/iuliana\/"}]}},"_links":{"self":[{"href":"https:\/\/mhf.ro\/mm\/wp-json\/wp\/v2\/posts\/10206","targetHints":{"allow":["GET"]}}],"collection":[{"href":"https:\/\/mhf.ro\/mm\/wp-json\/wp\/v2\/posts"}],"about":[{"href":"https:\/\/mhf.ro\/mm\/wp-json\/wp\/v2\/types\/post"}],"author":[{"embeddable":true,"href":"https:\/\/mhf.ro\/mm\/wp-json\/wp\/v2\/users\/11"}],"replies":[{"embeddable":true,"href":"https:\/\/mhf.ro\/mm\/wp-json\/wp\/v2\/comments?post=10206"}],"version-history":[{"count":0,"href":"https:\/\/mhf.ro\/mm\/wp-json\/wp\/v2\/posts\/10206\/revisions"}],"wp:featuredmedia":[{"embeddable":true,"href":"https:\/\/mhf.ro\/mm\/wp-json\/wp\/v2\/media\/10148"}],"wp:attachment":[{"href":"https:\/\/mhf.ro\/mm\/wp-json\/wp\/v2\/media?parent=10206"}],"wp:term":[{"taxonomy":"category","embeddable":true,"href":"https:\/\/mhf.ro\/mm\/wp-json\/wp\/v2\/categories?post=10206"},{"taxonomy":"post_tag","embeddable":true,"href":"https:\/\/mhf.ro\/mm\/wp-json\/wp\/v2\/tags?post=10206"}],"curies":[{"name":"wp","href":"https:\/\/api.w.org\/{rel}","templated":true}]}}