{"id":10284,"date":"2026-01-15T08:12:03","date_gmt":"2026-01-15T06:12:03","guid":{"rendered":"https:\/\/mhf.ro\/mm\/ce-mai-aflam-azi-thursday-15-01-2026\/"},"modified":"2026-01-15T08:12:03","modified_gmt":"2026-01-15T06:12:03","slug":"ce-mai-aflam-azi-thursday-15-01-2026","status":"publish","type":"post","link":"https:\/\/mhf.ro\/mm\/ce-mai-aflam-azi-thursday-15-01-2026\/","title":{"rendered":"Ce mai aflam azi \u2013 Thursday, 15.01.2026"},"content":{"rendered":"<ul>\n<li><a href=\"https:\/\/www.realitatea.net\/stiri\/actual\/nicusor-dan-mesaj-de-ziua-culturii-nationale-identitatea-romaniei-sa-conturat-in-timp-prin-creatie-si-vocatia-universalitatii_69688838f07e6f5bf9459d92\" target=\"_blank\" rel=\"nofollow noopener\">Nicu\u0219or Dan, mesaj de Ziua Culturii Na\u021bionale: \u201dIdentitatea Rom\u00e2niei s-a conturat, \u00een timp, prin crea\u021bie \u0219i voca\u021bia universalit\u0103\u021bii\u201d<\/a><\/li>\n<li><a href=\"https:\/\/www.mediafax.ro\/externe\/trump-despre-capacitatea-lui-reza-pahlavi-de-a-obtine-sprijin-in-iran-nu-stiu-daca-tara-lui-i-ar-accepta-conducerea-23671475\" target=\"_blank\" rel=\"nofollow noopener\">Trump, despre capacitatea lui Reza Pahlavi de a ob\u021bine sprijin \u00een Iran: \u201eNu \u0219tiu dac\u0103 \u021bara lui i-ar accepta conducerea\u201d<\/a><\/li>\n<li><a href=\"https:\/\/www.mediafax.ro\/externe\/china-in-linia-de-foc-a-lui-trump-tarifele-anti-iran-pun-in-pericol-acordul-comercial-23671485\" target=\"_blank\" rel=\"nofollow noopener\">China, \u00een linia de foc a lui Trump. Tarifele anti-Iran pun \u00een pericol acordul comercial<\/a><\/li>\n<li><a href=\"https:\/\/www.mediafax.ro\/politic\/dragos-pislaru-despre-reforma-in-administratie-este-un-pachet-de-masuri-asteptat-de-romani-ministrul-sustine-reducerea-cheltuielilor-23671484\" target=\"_blank\" rel=\"nofollow noopener\">Drago\u0219 P\u00eeslaru despre reforma \u00een administra\u021bie: \u201eEste un pachet de m\u0103suri a\u0219teptat de rom\u00e2ni\u201d \/  Ministrul sus\u021bine reducerea cheltuielilor<\/a><\/li>\n<li><a href=\"https:\/\/stirileprotv.ro\/divers\/evenimente-organizate-in-toata-romania-de-ziua-culturii-nationale-ce-spectacole-vor-fi-in-bucuresti.html\" target=\"_blank\" rel=\"nofollow noopener\">Evenimente organizate \u00een toat\u0103 Rom\u00e2nia de Ziua Culturii Na\u021bionale. Ce spectacole vor fi \u00een Bucure\u0219ti<\/a><\/li>\n<li><a href=\"https:\/\/www.realitatea.net\/stiri\/politica\/ciucu-despre-criza-termoficarii-din-capitala-putem-livra-doar-apa-calduta-cat-de-grava-e-avaria-de-la-cet-sud_69688423feaed14eed1a6b25\" target=\"_blank\" rel=\"nofollow noopener\">Ciucu, despre criza termofic\u0103rii din Capital\u0103: \u201ePutem livra doar ap\u0103 c\u0103ldu\u021b\u0103\u201d. C\u00e2t de grav\u0103 e avaria de la CET Sud<\/a><\/li>\n<li><a href=\"https:\/\/stirileprotv.ro\/justitie\/cum-ar-putea-arata-reforma-justitiei-guvernul-cere-un-plan-pentru-criza-de-personal-din-intante-reactia-csm.html\" target=\"_blank\" rel=\"nofollow noopener\">Cum ar putea ar\u0103ta reforma Justi\u021biei. Guvernul cere un plan pentru criza de personal din intan\u021be. Reac\u021bia CSM<\/a><\/li>\n<li><a href=\"https:\/\/www.realitatea.net\/stiri\/actual\/presedintele-columbiei-se-va-intalni-cu-donald-trump-in-statele-unite-la-data-de-3-februarie_696881cffeaed14eed1a6b23\" target=\"_blank\" rel=\"nofollow noopener\">Pre\u015fedintele Columbiei se va \u00eent\u00e2lni cu Donald Trump \u00een Statele Unite la data de 3 februarie<\/a><\/li>\n<\/ul>\n","protected":false},"excerpt":{"rendered":"<p>Nicu\u0219or Dan, mesaj de Ziua Culturii Na\u021bionale: \u201dIdentitatea Rom\u00e2niei s-a conturat, \u00een timp, prin crea\u021bie \u0219i voca\u021bia universalit\u0103\u021bii\u201d Trump, despre<\/p>\n","protected":false},"author":11,"featured_media":10066,"comment_status":"open","ping_status":"open","sticky":false,"template":"","format":"standard","meta":{"colormag_page_container_layout":"default_layout","colormag_page_sidebar_layout":"default_layout","footnotes":""},"categories":[65],"tags":[],"class_list":["post-10284","post","type-post","status-publish","format-standard","has-post-thumbnail","hentry","category-titluri-stiri"],"yoast_head":"<!-- This site is optimized with the Yoast SEO plugin v27.0 - https:\/\/yoast.com\/product\/yoast-seo-wordpress\/ -->\n<title>Ce mai aflam azi \u2013 Thursday, 15.01.2026 - MHF Photography<\/title>\n<meta name=\"description\" content=\"\u0218tiri de azi (15 ianuarie 2026): cele mai importante titluri din Rom\u00e2nia \u0219i din lume, actualizate zilnic.\" \/>\n<meta name=\"robots\" content=\"index, follow, max-snippet:-1, max-image-preview:large, max-video-preview:-1\" \/>\n<link rel=\"canonical\" href=\"https:\/\/mhf.ro\/mm\/ce-mai-aflam-azi-thursday-15-01-2026\/\" \/>\n<meta property=\"og:locale\" content=\"ro_RO\" \/>\n<meta property=\"og:type\" content=\"article\" \/>\n<meta property=\"og:title\" content=\"Ce mai aflam azi \u2013 Thursday, 15.01.2026 - MHF Photography\" \/>\n<meta property=\"og:description\" content=\"\u0218tiri de azi (15 ianuarie 2026): cele mai importante titluri din Rom\u00e2nia \u0219i din lume, actualizate zilnic.\" \/>\n<meta property=\"og:url\" content=\"https:\/\/mhf.ro\/mm\/ce-mai-aflam-azi-thursday-15-01-2026\/\" \/>\n<meta property=\"og:site_name\" content=\"MHF Photography\" \/>\n<meta property=\"article:published_time\" content=\"2026-01-15T06:12:03+00:00\" \/>\n<meta property=\"og:image\" content=\"https:\/\/mhf.ro\/mm\/wp-content\/uploads\/2025\/12\/st8.jpg\" \/>\n\t<meta property=\"og:image:width\" content=\"1280\" \/>\n\t<meta property=\"og:image:height\" content=\"709\" \/>\n\t<meta property=\"og:image:type\" content=\"image\/jpeg\" \/>\n<meta name=\"author\" content=\"Fodrea Iuliana Reve\" \/>\n<meta name=\"twitter:card\" content=\"summary_large_image\" \/>\n<meta name=\"twitter:label1\" content=\"Scris de\" \/>\n\t<meta name=\"twitter:data1\" content=\"Fodrea Iuliana Reve\" \/>\n\t<meta name=\"twitter:label2\" content=\"Timp estimat pentru citire\" \/>\n\t<meta name=\"twitter:data2\" content=\"1 minut\" \/>\n<script type=\"application\/ld+json\" class=\"yoast-schema-graph\">{\"@context\":\"https:\/\/schema.org\",\"@graph\":[{\"@type\":\"Article\",\"@id\":\"https:\/\/mhf.ro\/mm\/ce-mai-aflam-azi-thursday-15-01-2026\/#article\",\"isPartOf\":{\"@id\":\"https:\/\/mhf.ro\/mm\/ce-mai-aflam-azi-thursday-15-01-2026\/\"},\"author\":{\"name\":\"Fodrea Iuliana Reve\",\"@id\":\"https:\/\/mhf.ro\/mm\/#\/schema\/person\/17f3fed455503130cb08cdc1421f8001\"},\"headline\":\"Ce mai aflam azi \u2013 Thursday, 15.01.2026\",\"datePublished\":\"2026-01-15T06:12:03+00:00\",\"mainEntityOfPage\":{\"@id\":\"https:\/\/mhf.ro\/mm\/ce-mai-aflam-azi-thursday-15-01-2026\/\"},\"wordCount\":169,\"commentCount\":0,\"publisher\":{\"@id\":\"https:\/\/mhf.ro\/mm\/#\/schema\/person\/a3bebf7bdb4bf12f698aff73c7e46c21\"},\"image\":{\"@id\":\"https:\/\/mhf.ro\/mm\/ce-mai-aflam-azi-thursday-15-01-2026\/#primaryimage\"},\"thumbnailUrl\":\"https:\/\/mhf.ro\/mm\/wp-content\/uploads\/2025\/12\/st8.jpg\",\"articleSection\":[\"Titluri -\u0219tiri\"],\"inLanguage\":\"ro-RO\",\"potentialAction\":[{\"@type\":\"CommentAction\",\"name\":\"Comment\",\"target\":[\"https:\/\/mhf.ro\/mm\/ce-mai-aflam-azi-thursday-15-01-2026\/#respond\"]}]},{\"@type\":\"WebPage\",\"@id\":\"https:\/\/mhf.ro\/mm\/ce-mai-aflam-azi-thursday-15-01-2026\/\",\"url\":\"https:\/\/mhf.ro\/mm\/ce-mai-aflam-azi-thursday-15-01-2026\/\",\"name\":\"Ce mai aflam azi \u2013 Thursday, 15.01.2026 - MHF Photography\",\"isPartOf\":{\"@id\":\"https:\/\/mhf.ro\/mm\/#website\"},\"primaryImageOfPage\":{\"@id\":\"https:\/\/mhf.ro\/mm\/ce-mai-aflam-azi-thursday-15-01-2026\/#primaryimage\"},\"image\":{\"@id\":\"https:\/\/mhf.ro\/mm\/ce-mai-aflam-azi-thursday-15-01-2026\/#primaryimage\"},\"thumbnailUrl\":\"https:\/\/mhf.ro\/mm\/wp-content\/uploads\/2025\/12\/st8.jpg\",\"datePublished\":\"2026-01-15T06:12:03+00:00\",\"description\":\"\u0218tiri de azi (15 ianuarie 2026): cele mai importante titluri din Rom\u00e2nia \u0219i din lume, actualizate zilnic.\",\"breadcrumb\":{\"@id\":\"https:\/\/mhf.ro\/mm\/ce-mai-aflam-azi-thursday-15-01-2026\/#breadcrumb\"},\"inLanguage\":\"ro-RO\",\"potentialAction\":[{\"@type\":\"ReadAction\",\"target\":[\"https:\/\/mhf.ro\/mm\/ce-mai-aflam-azi-thursday-15-01-2026\/\"]}]},{\"@type\":\"ImageObject\",\"inLanguage\":\"ro-RO\",\"@id\":\"https:\/\/mhf.ro\/mm\/ce-mai-aflam-azi-thursday-15-01-2026\/#primaryimage\",\"url\":\"https:\/\/mhf.ro\/mm\/wp-content\/uploads\/2025\/12\/st8.jpg\",\"contentUrl\":\"https:\/\/mhf.ro\/mm\/wp-content\/uploads\/2025\/12\/st8.jpg\",\"width\":1280,\"height\":709},{\"@type\":\"BreadcrumbList\",\"@id\":\"https:\/\/mhf.ro\/mm\/ce-mai-aflam-azi-thursday-15-01-2026\/#breadcrumb\",\"itemListElement\":[{\"@type\":\"ListItem\",\"position\":1,\"name\":\"Prima pagin\u0103\",\"item\":\"https:\/\/mhf.ro\/mm\/\"},{\"@type\":\"ListItem\",\"position\":2,\"name\":\"Ce mai aflam azi \u2013 Thursday, 15.01.2026\"}]},{\"@type\":\"WebSite\",\"@id\":\"https:\/\/mhf.ro\/mm\/#website\",\"url\":\"https:\/\/mhf.ro\/mm\/\",\"name\":\"MHF Photography \u2013 Blog de fotografie, natur\u0103 \u0219i tehnic\u0103 divers\u0103\",\"description\":\"Aventur\u0103 \u00een fiecare cadru.\",\"publisher\":{\"@id\":\"https:\/\/mhf.ro\/mm\/#\/schema\/person\/a3bebf7bdb4bf12f698aff73c7e46c21\"},\"potentialAction\":[{\"@type\":\"SearchAction\",\"target\":{\"@type\":\"EntryPoint\",\"urlTemplate\":\"https:\/\/mhf.ro\/mm\/?s={search_term_string}\"},\"query-input\":{\"@type\":\"PropertyValueSpecification\",\"valueRequired\":true,\"valueName\":\"search_term_string\"}}],\"inLanguage\":\"ro-RO\"},{\"@type\":[\"Person\",\"Organization\"],\"@id\":\"https:\/\/mhf.ro\/mm\/#\/schema\/person\/a3bebf7bdb4bf12f698aff73c7e46c21\",\"name\":\"Marius Marcu\",\"image\":{\"@type\":\"ImageObject\",\"inLanguage\":\"ro-RO\",\"@id\":\"https:\/\/mhf.ro\/mm\/#\/schema\/person\/image\/\",\"url\":\"https:\/\/mhf.ro\/mm\/wp-content\/uploads\/2025\/12\/cropped-logo_mhf_2.png\",\"contentUrl\":\"https:\/\/mhf.ro\/mm\/wp-content\/uploads\/2025\/12\/cropped-logo_mhf_2.png\",\"width\":1096,\"height\":457,\"caption\":\"Marius Marcu\"},\"logo\":{\"@id\":\"https:\/\/mhf.ro\/mm\/#\/schema\/person\/image\/\"},\"sameAs\":[\"https:\/\/mhf.ro\/mm\"]},{\"@type\":\"Person\",\"@id\":\"https:\/\/mhf.ro\/mm\/#\/schema\/person\/17f3fed455503130cb08cdc1421f8001\",\"name\":\"Fodrea Iuliana Reve\",\"image\":{\"@type\":\"ImageObject\",\"inLanguage\":\"ro-RO\",\"@id\":\"https:\/\/mhf.ro\/mm\/#\/schema\/person\/image\/\",\"url\":\"https:\/\/secure.gravatar.com\/avatar\/f6a66b0b93f1a25e8049c1c4e66e60a1a6809ab11ad60f8dcc2eaafeb7ca1580?s=96&d=monsterid&r=g\",\"contentUrl\":\"https:\/\/secure.gravatar.com\/avatar\/f6a66b0b93f1a25e8049c1c4e66e60a1a6809ab11ad60f8dcc2eaafeb7ca1580?s=96&d=monsterid&r=g\",\"caption\":\"Fodrea Iuliana Reve\"},\"sameAs\":[\"https:\/\/mhf.ro\/mm\"],\"url\":\"https:\/\/mhf.ro\/mm\/author\/iuliana\/\"}]}<\/script>\n<!-- \/ Yoast SEO plugin. -->","yoast_head_json":{"title":"Ce mai aflam azi \u2013 Thursday, 15.01.2026 - MHF Photography","description":"\u0218tiri de azi (15 ianuarie 2026): cele mai importante titluri din Rom\u00e2nia \u0219i din lume, actualizate zilnic.","robots":{"index":"index","follow":"follow","max-snippet":"max-snippet:-1","max-image-preview":"max-image-preview:large","max-video-preview":"max-video-preview:-1"},"canonical":"https:\/\/mhf.ro\/mm\/ce-mai-aflam-azi-thursday-15-01-2026\/","og_locale":"ro_RO","og_type":"article","og_title":"Ce mai aflam azi \u2013 Thursday, 15.01.2026 - MHF Photography","og_description":"\u0218tiri de azi (15 ianuarie 2026): cele mai importante titluri din Rom\u00e2nia \u0219i din lume, actualizate zilnic.","og_url":"https:\/\/mhf.ro\/mm\/ce-mai-aflam-azi-thursday-15-01-2026\/","og_site_name":"MHF Photography","article_published_time":"2026-01-15T06:12:03+00:00","og_image":[{"width":1280,"height":709,"url":"https:\/\/mhf.ro\/mm\/wp-content\/uploads\/2025\/12\/st8.jpg","type":"image\/jpeg"}],"author":"Fodrea Iuliana Reve","twitter_card":"summary_large_image","twitter_misc":{"Scris de":"Fodrea Iuliana Reve","Timp estimat pentru citire":"1 minut"},"schema":{"@context":"https:\/\/schema.org","@graph":[{"@type":"Article","@id":"https:\/\/mhf.ro\/mm\/ce-mai-aflam-azi-thursday-15-01-2026\/#article","isPartOf":{"@id":"https:\/\/mhf.ro\/mm\/ce-mai-aflam-azi-thursday-15-01-2026\/"},"author":{"name":"Fodrea Iuliana Reve","@id":"https:\/\/mhf.ro\/mm\/#\/schema\/person\/17f3fed455503130cb08cdc1421f8001"},"headline":"Ce mai aflam azi \u2013 Thursday, 15.01.2026","datePublished":"2026-01-15T06:12:03+00:00","mainEntityOfPage":{"@id":"https:\/\/mhf.ro\/mm\/ce-mai-aflam-azi-thursday-15-01-2026\/"},"wordCount":169,"commentCount":0,"publisher":{"@id":"https:\/\/mhf.ro\/mm\/#\/schema\/person\/a3bebf7bdb4bf12f698aff73c7e46c21"},"image":{"@id":"https:\/\/mhf.ro\/mm\/ce-mai-aflam-azi-thursday-15-01-2026\/#primaryimage"},"thumbnailUrl":"https:\/\/mhf.ro\/mm\/wp-content\/uploads\/2025\/12\/st8.jpg","articleSection":["Titluri -\u0219tiri"],"inLanguage":"ro-RO","potentialAction":[{"@type":"CommentAction","name":"Comment","target":["https:\/\/mhf.ro\/mm\/ce-mai-aflam-azi-thursday-15-01-2026\/#respond"]}]},{"@type":"WebPage","@id":"https:\/\/mhf.ro\/mm\/ce-mai-aflam-azi-thursday-15-01-2026\/","url":"https:\/\/mhf.ro\/mm\/ce-mai-aflam-azi-thursday-15-01-2026\/","name":"Ce mai aflam azi \u2013 Thursday, 15.01.2026 - MHF Photography","isPartOf":{"@id":"https:\/\/mhf.ro\/mm\/#website"},"primaryImageOfPage":{"@id":"https:\/\/mhf.ro\/mm\/ce-mai-aflam-azi-thursday-15-01-2026\/#primaryimage"},"image":{"@id":"https:\/\/mhf.ro\/mm\/ce-mai-aflam-azi-thursday-15-01-2026\/#primaryimage"},"thumbnailUrl":"https:\/\/mhf.ro\/mm\/wp-content\/uploads\/2025\/12\/st8.jpg","datePublished":"2026-01-15T06:12:03+00:00","description":"\u0218tiri de azi (15 ianuarie 2026): cele mai importante titluri din Rom\u00e2nia \u0219i din lume, actualizate zilnic.","breadcrumb":{"@id":"https:\/\/mhf.ro\/mm\/ce-mai-aflam-azi-thursday-15-01-2026\/#breadcrumb"},"inLanguage":"ro-RO","potentialAction":[{"@type":"ReadAction","target":["https:\/\/mhf.ro\/mm\/ce-mai-aflam-azi-thursday-15-01-2026\/"]}]},{"@type":"ImageObject","inLanguage":"ro-RO","@id":"https:\/\/mhf.ro\/mm\/ce-mai-aflam-azi-thursday-15-01-2026\/#primaryimage","url":"https:\/\/mhf.ro\/mm\/wp-content\/uploads\/2025\/12\/st8.jpg","contentUrl":"https:\/\/mhf.ro\/mm\/wp-content\/uploads\/2025\/12\/st8.jpg","width":1280,"height":709},{"@type":"BreadcrumbList","@id":"https:\/\/mhf.ro\/mm\/ce-mai-aflam-azi-thursday-15-01-2026\/#breadcrumb","itemListElement":[{"@type":"ListItem","position":1,"name":"Prima pagin\u0103","item":"https:\/\/mhf.ro\/mm\/"},{"@type":"ListItem","position":2,"name":"Ce mai aflam azi \u2013 Thursday, 15.01.2026"}]},{"@type":"WebSite","@id":"https:\/\/mhf.ro\/mm\/#website","url":"https:\/\/mhf.ro\/mm\/","name":"MHF Photography \u2013 Blog de fotografie, natur\u0103 \u0219i tehnic\u0103 divers\u0103","description":"Aventur\u0103 \u00een fiecare cadru.","publisher":{"@id":"https:\/\/mhf.ro\/mm\/#\/schema\/person\/a3bebf7bdb4bf12f698aff73c7e46c21"},"potentialAction":[{"@type":"SearchAction","target":{"@type":"EntryPoint","urlTemplate":"https:\/\/mhf.ro\/mm\/?s={search_term_string}"},"query-input":{"@type":"PropertyValueSpecification","valueRequired":true,"valueName":"search_term_string"}}],"inLanguage":"ro-RO"},{"@type":["Person","Organization"],"@id":"https:\/\/mhf.ro\/mm\/#\/schema\/person\/a3bebf7bdb4bf12f698aff73c7e46c21","name":"Marius Marcu","image":{"@type":"ImageObject","inLanguage":"ro-RO","@id":"https:\/\/mhf.ro\/mm\/#\/schema\/person\/image\/","url":"https:\/\/mhf.ro\/mm\/wp-content\/uploads\/2025\/12\/cropped-logo_mhf_2.png","contentUrl":"https:\/\/mhf.ro\/mm\/wp-content\/uploads\/2025\/12\/cropped-logo_mhf_2.png","width":1096,"height":457,"caption":"Marius Marcu"},"logo":{"@id":"https:\/\/mhf.ro\/mm\/#\/schema\/person\/image\/"},"sameAs":["https:\/\/mhf.ro\/mm"]},{"@type":"Person","@id":"https:\/\/mhf.ro\/mm\/#\/schema\/person\/17f3fed455503130cb08cdc1421f8001","name":"Fodrea Iuliana Reve","image":{"@type":"ImageObject","inLanguage":"ro-RO","@id":"https:\/\/mhf.ro\/mm\/#\/schema\/person\/image\/","url":"https:\/\/secure.gravatar.com\/avatar\/f6a66b0b93f1a25e8049c1c4e66e60a1a6809ab11ad60f8dcc2eaafeb7ca1580?s=96&d=monsterid&r=g","contentUrl":"https:\/\/secure.gravatar.com\/avatar\/f6a66b0b93f1a25e8049c1c4e66e60a1a6809ab11ad60f8dcc2eaafeb7ca1580?s=96&d=monsterid&r=g","caption":"Fodrea Iuliana Reve"},"sameAs":["https:\/\/mhf.ro\/mm"],"url":"https:\/\/mhf.ro\/mm\/author\/iuliana\/"}]}},"_links":{"self":[{"href":"https:\/\/mhf.ro\/mm\/wp-json\/wp\/v2\/posts\/10284","targetHints":{"allow":["GET"]}}],"collection":[{"href":"https:\/\/mhf.ro\/mm\/wp-json\/wp\/v2\/posts"}],"about":[{"href":"https:\/\/mhf.ro\/mm\/wp-json\/wp\/v2\/types\/post"}],"author":[{"embeddable":true,"href":"https:\/\/mhf.ro\/mm\/wp-json\/wp\/v2\/users\/11"}],"replies":[{"embeddable":true,"href":"https:\/\/mhf.ro\/mm\/wp-json\/wp\/v2\/comments?post=10284"}],"version-history":[{"count":0,"href":"https:\/\/mhf.ro\/mm\/wp-json\/wp\/v2\/posts\/10284\/revisions"}],"wp:featuredmedia":[{"embeddable":true,"href":"https:\/\/mhf.ro\/mm\/wp-json\/wp\/v2\/media\/10066"}],"wp:attachment":[{"href":"https:\/\/mhf.ro\/mm\/wp-json\/wp\/v2\/media?parent=10284"}],"wp:term":[{"taxonomy":"category","embeddable":true,"href":"https:\/\/mhf.ro\/mm\/wp-json\/wp\/v2\/categories?post=10284"},{"taxonomy":"post_tag","embeddable":true,"href":"https:\/\/mhf.ro\/mm\/wp-json\/wp\/v2\/tags?post=10284"}],"curies":[{"name":"wp","href":"https:\/\/api.w.org\/{rel}","templated":true}]}}