{"id":10559,"date":"2026-03-09T07:44:02","date_gmt":"2026-03-09T05:44:02","guid":{"rendered":"https:\/\/mhf.ro\/mm\/ce-se-intampla-astazi-monday-09-03-2026\/"},"modified":"2026-03-09T07:44:02","modified_gmt":"2026-03-09T05:44:02","slug":"ce-se-intampla-astazi-monday-09-03-2026","status":"publish","type":"post","link":"https:\/\/mhf.ro\/mm\/ce-se-intampla-astazi-monday-09-03-2026\/","title":{"rendered":"Ce se \u00eent\u00e2mpl\u0103 ast\u0103zi \u2013 Monday, 09.03.2026"},"content":{"rendered":"<ul>\n<li><a href=\"https:\/\/stirileprotv.ro\/stiri\/actualitate\/masinile-plug-in-hybrid-consuma-de-trei-ori-mai-mult-in-trafic-decat-in-testele-oficiale-explicatiile-cercetatorilor.html?category_slug=stiri%2Factualitate\" target=\"_blank\" rel=\"nofollow noopener\">Unele ma\u0219ini hibride consum\u0103 de trei ori mai mult \u00een trafic dec\u00e2t \u00een testele oficiale &#8211; studiu. Explica\u021biile cercet\u0103torilor<\/a><\/li>\n<li><a href=\"https:\/\/www.mediafax.ro\/externe\/europa-se-mobilizeaza-macron-merge-in-cipru-dupa-primul-atac-cu-drona-pe-teritoriu-european-in-razboiul-cu-iranul-23699437\" target=\"_blank\" rel=\"nofollow noopener\">Europa se mobilizeaz\u0103: Macron merge \u00een Cipru dup\u0103 primul atac cu dron\u0103 pe teritoriu european \u00een r\u0103zboiul cu Iranul<\/a><\/li>\n<li><a href=\"https:\/\/www.mediafax.ro\/life-entertaiment\/o-insotitoare-de-zbor-cu-11-ani-experienta-ce-sa-faceti-si-ce-nu-intr-un-avion-23699434\" target=\"_blank\" rel=\"nofollow noopener\">O \u00eenso\u021bitoare de zbor cu 11 ani experien\u021b\u0103: ce s\u0103 face\u021bi \u0219i ce nu \u00eentr-un avion<\/a><\/li>\n<li><a href=\"https:\/\/stirileprotv.ro\/stiri\/international\/incendiu-puternic-la-gara-centrala-din-glasgow-scotia-flacarile-au-afectat-mai-multe-cladiri-si-afaceri.html?category_slug=stiri%2Finternational\" target=\"_blank\" rel=\"nofollow noopener\">Incendiu puternic la Gara Central\u0103 din Glasgow, Sco\u021bia. Fl\u0103c\u0103rile au afectat mai multe cl\u0103diri \u0219i afaceri | VIDEO<\/a><\/li>\n<li><a href=\"https:\/\/www.mediafax.ro\/externe\/o-organizatie-pentru-drepturile-omului-acuza-israelul-ca-a-folosit-fosfor-alb-intr-un-atac-23699433\" target=\"_blank\" rel=\"nofollow noopener\">O organiza\u021bie pentru drepturile omului acuz\u0103 Israelul c\u0103 a folosit fosfor alb \u00eentr-un atac<\/a><\/li>\n<li><a href=\"https:\/\/stirileprotv.ro\/divers\/un-tanar-de-25-de-ani-din-galati-a-murit-dupa-ce-a-condus-un-scuter-fara-permis-o-fata-de-19-ani-era-cu-el.html?category_slug=divers\" target=\"_blank\" rel=\"nofollow noopener\">Un t\u00e2n\u0103r de 25 de ani din Gala\u021bi a murit dup\u0103 ce a condus un scuter f\u0103r\u0103 permis. O fat\u0103 de 19 ani era cu el<\/a><\/li>\n<li><a href=\"https:\/\/www.mediafax.ro\/externe\/fiul-lui-khamenei-este-noul-lider-suprem-al-iranului-23699351\" target=\"_blank\" rel=\"nofollow noopener\">R\u0103zboi \u00een Orientul Mijlociu, ziua 10. Fiul lui Khamenei este noul lider suprem al Iranului \/ Primul atac asupra Israelului sub noul lider suprem<\/a><\/li>\n<li><a href=\"https:\/\/www.mediafax.ro\/externe\/cum-promoveaza-donald-trump-si-pete-hegseth-razboiul-cu-iranul-in-randul-americanilor-23699410\" target=\"_blank\" rel=\"nofollow noopener\">Cum promoveaz\u0103 Donald Trump \u0219i Pete Hegseth r\u0103zboiul cu Iranul \u00een r\u00e2ndul americanilor<\/a><\/li>\n<\/ul>\n","protected":false},"excerpt":{"rendered":"<p>Unele ma\u0219ini hibride consum\u0103 de trei ori mai mult \u00een trafic dec\u00e2t \u00een testele oficiale &#8211; studiu. Explica\u021biile cercet\u0103torilor Europa<\/p>\n","protected":false},"author":11,"featured_media":10065,"comment_status":"open","ping_status":"open","sticky":false,"template":"","format":"standard","meta":{"colormag_page_container_layout":"default_layout","colormag_page_sidebar_layout":"default_layout","footnotes":""},"categories":[65],"tags":[],"class_list":["post-10559","post","type-post","status-publish","format-standard","has-post-thumbnail","hentry","category-titluri-stiri"],"yoast_head":"<!-- This site is optimized with the Yoast SEO plugin v27.0 - https:\/\/yoast.com\/product\/yoast-seo-wordpress\/ -->\n<title>Ce se \u00eent\u00e2mpl\u0103 ast\u0103zi \u2013 Monday, 09.03.2026 - MHF Photography<\/title>\n<meta name=\"description\" content=\"\u0218tiri de azi (09 martie 2026): cele mai importante titluri din Rom\u00e2nia \u0219i din lume, actualizate zilnic.\" \/>\n<meta name=\"robots\" content=\"index, follow, max-snippet:-1, max-image-preview:large, max-video-preview:-1\" \/>\n<link rel=\"canonical\" href=\"https:\/\/mhf.ro\/mm\/ce-se-intampla-astazi-monday-09-03-2026\/\" \/>\n<meta property=\"og:locale\" content=\"ro_RO\" \/>\n<meta property=\"og:type\" content=\"article\" \/>\n<meta property=\"og:title\" content=\"Ce se \u00eent\u00e2mpl\u0103 ast\u0103zi \u2013 Monday, 09.03.2026 - MHF Photography\" \/>\n<meta property=\"og:description\" content=\"\u0218tiri de azi (09 martie 2026): cele mai importante titluri din Rom\u00e2nia \u0219i din lume, actualizate zilnic.\" \/>\n<meta property=\"og:url\" content=\"https:\/\/mhf.ro\/mm\/ce-se-intampla-astazi-monday-09-03-2026\/\" \/>\n<meta property=\"og:site_name\" content=\"MHF Photography\" \/>\n<meta property=\"article:published_time\" content=\"2026-03-09T05:44:02+00:00\" \/>\n<meta property=\"og:image\" content=\"https:\/\/mhf.ro\/mm\/wp-content\/uploads\/2025\/12\/st7.jpg\" \/>\n\t<meta property=\"og:image:width\" content=\"1280\" \/>\n\t<meta property=\"og:image:height\" content=\"853\" \/>\n\t<meta property=\"og:image:type\" content=\"image\/jpeg\" \/>\n<meta name=\"author\" content=\"Fodrea Iuliana Reve\" \/>\n<meta name=\"twitter:card\" content=\"summary_large_image\" \/>\n<meta name=\"twitter:label1\" content=\"Scris de\" \/>\n\t<meta name=\"twitter:data1\" content=\"Fodrea Iuliana Reve\" \/>\n\t<meta name=\"twitter:label2\" content=\"Timp estimat pentru citire\" \/>\n\t<meta name=\"twitter:data2\" content=\"1 minut\" \/>\n<script type=\"application\/ld+json\" class=\"yoast-schema-graph\">{\"@context\":\"https:\/\/schema.org\",\"@graph\":[{\"@type\":\"Article\",\"@id\":\"https:\/\/mhf.ro\/mm\/ce-se-intampla-astazi-monday-09-03-2026\/#article\",\"isPartOf\":{\"@id\":\"https:\/\/mhf.ro\/mm\/ce-se-intampla-astazi-monday-09-03-2026\/\"},\"author\":{\"name\":\"Fodrea Iuliana Reve\",\"@id\":\"https:\/\/mhf.ro\/mm\/#\/schema\/person\/17f3fed455503130cb08cdc1421f8001\"},\"headline\":\"Ce se \u00eent\u00e2mpl\u0103 ast\u0103zi \u2013 Monday, 09.03.2026\",\"datePublished\":\"2026-03-09T05:44:02+00:00\",\"mainEntityOfPage\":{\"@id\":\"https:\/\/mhf.ro\/mm\/ce-se-intampla-astazi-monday-09-03-2026\/\"},\"wordCount\":169,\"commentCount\":0,\"publisher\":{\"@id\":\"https:\/\/mhf.ro\/mm\/#\/schema\/person\/a3bebf7bdb4bf12f698aff73c7e46c21\"},\"image\":{\"@id\":\"https:\/\/mhf.ro\/mm\/ce-se-intampla-astazi-monday-09-03-2026\/#primaryimage\"},\"thumbnailUrl\":\"https:\/\/mhf.ro\/mm\/wp-content\/uploads\/2025\/12\/st7.jpg\",\"articleSection\":[\"Titluri -\u0219tiri\"],\"inLanguage\":\"ro-RO\",\"potentialAction\":[{\"@type\":\"CommentAction\",\"name\":\"Comment\",\"target\":[\"https:\/\/mhf.ro\/mm\/ce-se-intampla-astazi-monday-09-03-2026\/#respond\"]}]},{\"@type\":\"WebPage\",\"@id\":\"https:\/\/mhf.ro\/mm\/ce-se-intampla-astazi-monday-09-03-2026\/\",\"url\":\"https:\/\/mhf.ro\/mm\/ce-se-intampla-astazi-monday-09-03-2026\/\",\"name\":\"Ce se \u00eent\u00e2mpl\u0103 ast\u0103zi \u2013 Monday, 09.03.2026 - MHF Photography\",\"isPartOf\":{\"@id\":\"https:\/\/mhf.ro\/mm\/#website\"},\"primaryImageOfPage\":{\"@id\":\"https:\/\/mhf.ro\/mm\/ce-se-intampla-astazi-monday-09-03-2026\/#primaryimage\"},\"image\":{\"@id\":\"https:\/\/mhf.ro\/mm\/ce-se-intampla-astazi-monday-09-03-2026\/#primaryimage\"},\"thumbnailUrl\":\"https:\/\/mhf.ro\/mm\/wp-content\/uploads\/2025\/12\/st7.jpg\",\"datePublished\":\"2026-03-09T05:44:02+00:00\",\"description\":\"\u0218tiri de azi (09 martie 2026): cele mai importante titluri din Rom\u00e2nia \u0219i din lume, actualizate zilnic.\",\"breadcrumb\":{\"@id\":\"https:\/\/mhf.ro\/mm\/ce-se-intampla-astazi-monday-09-03-2026\/#breadcrumb\"},\"inLanguage\":\"ro-RO\",\"potentialAction\":[{\"@type\":\"ReadAction\",\"target\":[\"https:\/\/mhf.ro\/mm\/ce-se-intampla-astazi-monday-09-03-2026\/\"]}]},{\"@type\":\"ImageObject\",\"inLanguage\":\"ro-RO\",\"@id\":\"https:\/\/mhf.ro\/mm\/ce-se-intampla-astazi-monday-09-03-2026\/#primaryimage\",\"url\":\"https:\/\/mhf.ro\/mm\/wp-content\/uploads\/2025\/12\/st7.jpg\",\"contentUrl\":\"https:\/\/mhf.ro\/mm\/wp-content\/uploads\/2025\/12\/st7.jpg\",\"width\":1280,\"height\":853},{\"@type\":\"BreadcrumbList\",\"@id\":\"https:\/\/mhf.ro\/mm\/ce-se-intampla-astazi-monday-09-03-2026\/#breadcrumb\",\"itemListElement\":[{\"@type\":\"ListItem\",\"position\":1,\"name\":\"Prima pagin\u0103\",\"item\":\"https:\/\/mhf.ro\/mm\/\"},{\"@type\":\"ListItem\",\"position\":2,\"name\":\"Ce se \u00eent\u00e2mpl\u0103 ast\u0103zi \u2013 Monday, 09.03.2026\"}]},{\"@type\":\"WebSite\",\"@id\":\"https:\/\/mhf.ro\/mm\/#website\",\"url\":\"https:\/\/mhf.ro\/mm\/\",\"name\":\"MHF Photography \u2013 Blog de fotografie, natur\u0103 \u0219i tehnic\u0103 divers\u0103\",\"description\":\"Aventur\u0103 \u00een fiecare cadru.\",\"publisher\":{\"@id\":\"https:\/\/mhf.ro\/mm\/#\/schema\/person\/a3bebf7bdb4bf12f698aff73c7e46c21\"},\"potentialAction\":[{\"@type\":\"SearchAction\",\"target\":{\"@type\":\"EntryPoint\",\"urlTemplate\":\"https:\/\/mhf.ro\/mm\/?s={search_term_string}\"},\"query-input\":{\"@type\":\"PropertyValueSpecification\",\"valueRequired\":true,\"valueName\":\"search_term_string\"}}],\"inLanguage\":\"ro-RO\"},{\"@type\":[\"Person\",\"Organization\"],\"@id\":\"https:\/\/mhf.ro\/mm\/#\/schema\/person\/a3bebf7bdb4bf12f698aff73c7e46c21\",\"name\":\"Marius Marcu\",\"image\":{\"@type\":\"ImageObject\",\"inLanguage\":\"ro-RO\",\"@id\":\"https:\/\/mhf.ro\/mm\/#\/schema\/person\/image\/\",\"url\":\"https:\/\/mhf.ro\/mm\/wp-content\/uploads\/2025\/12\/cropped-logo_mhf_2.png\",\"contentUrl\":\"https:\/\/mhf.ro\/mm\/wp-content\/uploads\/2025\/12\/cropped-logo_mhf_2.png\",\"width\":1096,\"height\":457,\"caption\":\"Marius Marcu\"},\"logo\":{\"@id\":\"https:\/\/mhf.ro\/mm\/#\/schema\/person\/image\/\"},\"sameAs\":[\"https:\/\/mhf.ro\/mm\"]},{\"@type\":\"Person\",\"@id\":\"https:\/\/mhf.ro\/mm\/#\/schema\/person\/17f3fed455503130cb08cdc1421f8001\",\"name\":\"Fodrea Iuliana Reve\",\"image\":{\"@type\":\"ImageObject\",\"inLanguage\":\"ro-RO\",\"@id\":\"https:\/\/mhf.ro\/mm\/#\/schema\/person\/image\/\",\"url\":\"https:\/\/secure.gravatar.com\/avatar\/f6a66b0b93f1a25e8049c1c4e66e60a1a6809ab11ad60f8dcc2eaafeb7ca1580?s=96&d=monsterid&r=g\",\"contentUrl\":\"https:\/\/secure.gravatar.com\/avatar\/f6a66b0b93f1a25e8049c1c4e66e60a1a6809ab11ad60f8dcc2eaafeb7ca1580?s=96&d=monsterid&r=g\",\"caption\":\"Fodrea Iuliana Reve\"},\"sameAs\":[\"https:\/\/mhf.ro\/mm\"],\"url\":\"https:\/\/mhf.ro\/mm\/author\/iuliana\/\"}]}<\/script>\n<!-- \/ Yoast SEO plugin. -->","yoast_head_json":{"title":"Ce se \u00eent\u00e2mpl\u0103 ast\u0103zi \u2013 Monday, 09.03.2026 - MHF Photography","description":"\u0218tiri de azi (09 martie 2026): cele mai importante titluri din Rom\u00e2nia \u0219i din lume, actualizate zilnic.","robots":{"index":"index","follow":"follow","max-snippet":"max-snippet:-1","max-image-preview":"max-image-preview:large","max-video-preview":"max-video-preview:-1"},"canonical":"https:\/\/mhf.ro\/mm\/ce-se-intampla-astazi-monday-09-03-2026\/","og_locale":"ro_RO","og_type":"article","og_title":"Ce se \u00eent\u00e2mpl\u0103 ast\u0103zi \u2013 Monday, 09.03.2026 - MHF Photography","og_description":"\u0218tiri de azi (09 martie 2026): cele mai importante titluri din Rom\u00e2nia \u0219i din lume, actualizate zilnic.","og_url":"https:\/\/mhf.ro\/mm\/ce-se-intampla-astazi-monday-09-03-2026\/","og_site_name":"MHF Photography","article_published_time":"2026-03-09T05:44:02+00:00","og_image":[{"width":1280,"height":853,"url":"https:\/\/mhf.ro\/mm\/wp-content\/uploads\/2025\/12\/st7.jpg","type":"image\/jpeg"}],"author":"Fodrea Iuliana Reve","twitter_card":"summary_large_image","twitter_misc":{"Scris de":"Fodrea Iuliana Reve","Timp estimat pentru citire":"1 minut"},"schema":{"@context":"https:\/\/schema.org","@graph":[{"@type":"Article","@id":"https:\/\/mhf.ro\/mm\/ce-se-intampla-astazi-monday-09-03-2026\/#article","isPartOf":{"@id":"https:\/\/mhf.ro\/mm\/ce-se-intampla-astazi-monday-09-03-2026\/"},"author":{"name":"Fodrea Iuliana Reve","@id":"https:\/\/mhf.ro\/mm\/#\/schema\/person\/17f3fed455503130cb08cdc1421f8001"},"headline":"Ce se \u00eent\u00e2mpl\u0103 ast\u0103zi \u2013 Monday, 09.03.2026","datePublished":"2026-03-09T05:44:02+00:00","mainEntityOfPage":{"@id":"https:\/\/mhf.ro\/mm\/ce-se-intampla-astazi-monday-09-03-2026\/"},"wordCount":169,"commentCount":0,"publisher":{"@id":"https:\/\/mhf.ro\/mm\/#\/schema\/person\/a3bebf7bdb4bf12f698aff73c7e46c21"},"image":{"@id":"https:\/\/mhf.ro\/mm\/ce-se-intampla-astazi-monday-09-03-2026\/#primaryimage"},"thumbnailUrl":"https:\/\/mhf.ro\/mm\/wp-content\/uploads\/2025\/12\/st7.jpg","articleSection":["Titluri -\u0219tiri"],"inLanguage":"ro-RO","potentialAction":[{"@type":"CommentAction","name":"Comment","target":["https:\/\/mhf.ro\/mm\/ce-se-intampla-astazi-monday-09-03-2026\/#respond"]}]},{"@type":"WebPage","@id":"https:\/\/mhf.ro\/mm\/ce-se-intampla-astazi-monday-09-03-2026\/","url":"https:\/\/mhf.ro\/mm\/ce-se-intampla-astazi-monday-09-03-2026\/","name":"Ce se \u00eent\u00e2mpl\u0103 ast\u0103zi \u2013 Monday, 09.03.2026 - MHF Photography","isPartOf":{"@id":"https:\/\/mhf.ro\/mm\/#website"},"primaryImageOfPage":{"@id":"https:\/\/mhf.ro\/mm\/ce-se-intampla-astazi-monday-09-03-2026\/#primaryimage"},"image":{"@id":"https:\/\/mhf.ro\/mm\/ce-se-intampla-astazi-monday-09-03-2026\/#primaryimage"},"thumbnailUrl":"https:\/\/mhf.ro\/mm\/wp-content\/uploads\/2025\/12\/st7.jpg","datePublished":"2026-03-09T05:44:02+00:00","description":"\u0218tiri de azi (09 martie 2026): cele mai importante titluri din Rom\u00e2nia \u0219i din lume, actualizate zilnic.","breadcrumb":{"@id":"https:\/\/mhf.ro\/mm\/ce-se-intampla-astazi-monday-09-03-2026\/#breadcrumb"},"inLanguage":"ro-RO","potentialAction":[{"@type":"ReadAction","target":["https:\/\/mhf.ro\/mm\/ce-se-intampla-astazi-monday-09-03-2026\/"]}]},{"@type":"ImageObject","inLanguage":"ro-RO","@id":"https:\/\/mhf.ro\/mm\/ce-se-intampla-astazi-monday-09-03-2026\/#primaryimage","url":"https:\/\/mhf.ro\/mm\/wp-content\/uploads\/2025\/12\/st7.jpg","contentUrl":"https:\/\/mhf.ro\/mm\/wp-content\/uploads\/2025\/12\/st7.jpg","width":1280,"height":853},{"@type":"BreadcrumbList","@id":"https:\/\/mhf.ro\/mm\/ce-se-intampla-astazi-monday-09-03-2026\/#breadcrumb","itemListElement":[{"@type":"ListItem","position":1,"name":"Prima pagin\u0103","item":"https:\/\/mhf.ro\/mm\/"},{"@type":"ListItem","position":2,"name":"Ce se \u00eent\u00e2mpl\u0103 ast\u0103zi \u2013 Monday, 09.03.2026"}]},{"@type":"WebSite","@id":"https:\/\/mhf.ro\/mm\/#website","url":"https:\/\/mhf.ro\/mm\/","name":"MHF Photography \u2013 Blog de fotografie, natur\u0103 \u0219i tehnic\u0103 divers\u0103","description":"Aventur\u0103 \u00een fiecare cadru.","publisher":{"@id":"https:\/\/mhf.ro\/mm\/#\/schema\/person\/a3bebf7bdb4bf12f698aff73c7e46c21"},"potentialAction":[{"@type":"SearchAction","target":{"@type":"EntryPoint","urlTemplate":"https:\/\/mhf.ro\/mm\/?s={search_term_string}"},"query-input":{"@type":"PropertyValueSpecification","valueRequired":true,"valueName":"search_term_string"}}],"inLanguage":"ro-RO"},{"@type":["Person","Organization"],"@id":"https:\/\/mhf.ro\/mm\/#\/schema\/person\/a3bebf7bdb4bf12f698aff73c7e46c21","name":"Marius Marcu","image":{"@type":"ImageObject","inLanguage":"ro-RO","@id":"https:\/\/mhf.ro\/mm\/#\/schema\/person\/image\/","url":"https:\/\/mhf.ro\/mm\/wp-content\/uploads\/2025\/12\/cropped-logo_mhf_2.png","contentUrl":"https:\/\/mhf.ro\/mm\/wp-content\/uploads\/2025\/12\/cropped-logo_mhf_2.png","width":1096,"height":457,"caption":"Marius Marcu"},"logo":{"@id":"https:\/\/mhf.ro\/mm\/#\/schema\/person\/image\/"},"sameAs":["https:\/\/mhf.ro\/mm"]},{"@type":"Person","@id":"https:\/\/mhf.ro\/mm\/#\/schema\/person\/17f3fed455503130cb08cdc1421f8001","name":"Fodrea Iuliana Reve","image":{"@type":"ImageObject","inLanguage":"ro-RO","@id":"https:\/\/mhf.ro\/mm\/#\/schema\/person\/image\/","url":"https:\/\/secure.gravatar.com\/avatar\/f6a66b0b93f1a25e8049c1c4e66e60a1a6809ab11ad60f8dcc2eaafeb7ca1580?s=96&d=monsterid&r=g","contentUrl":"https:\/\/secure.gravatar.com\/avatar\/f6a66b0b93f1a25e8049c1c4e66e60a1a6809ab11ad60f8dcc2eaafeb7ca1580?s=96&d=monsterid&r=g","caption":"Fodrea Iuliana Reve"},"sameAs":["https:\/\/mhf.ro\/mm"],"url":"https:\/\/mhf.ro\/mm\/author\/iuliana\/"}]}},"_links":{"self":[{"href":"https:\/\/mhf.ro\/mm\/wp-json\/wp\/v2\/posts\/10559","targetHints":{"allow":["GET"]}}],"collection":[{"href":"https:\/\/mhf.ro\/mm\/wp-json\/wp\/v2\/posts"}],"about":[{"href":"https:\/\/mhf.ro\/mm\/wp-json\/wp\/v2\/types\/post"}],"author":[{"embeddable":true,"href":"https:\/\/mhf.ro\/mm\/wp-json\/wp\/v2\/users\/11"}],"replies":[{"embeddable":true,"href":"https:\/\/mhf.ro\/mm\/wp-json\/wp\/v2\/comments?post=10559"}],"version-history":[{"count":0,"href":"https:\/\/mhf.ro\/mm\/wp-json\/wp\/v2\/posts\/10559\/revisions"}],"wp:featuredmedia":[{"embeddable":true,"href":"https:\/\/mhf.ro\/mm\/wp-json\/wp\/v2\/media\/10065"}],"wp:attachment":[{"href":"https:\/\/mhf.ro\/mm\/wp-json\/wp\/v2\/media?parent=10559"}],"wp:term":[{"taxonomy":"category","embeddable":true,"href":"https:\/\/mhf.ro\/mm\/wp-json\/wp\/v2\/categories?post=10559"},{"taxonomy":"post_tag","embeddable":true,"href":"https:\/\/mhf.ro\/mm\/wp-json\/wp\/v2\/tags?post=10559"}],"curies":[{"name":"wp","href":"https:\/\/api.w.org\/{rel}","templated":true}]}}