{"id":10661,"date":"2026-04-29T06:47:02","date_gmt":"2026-04-29T04:47:02","guid":{"rendered":"https:\/\/mhf.ro\/mm\/agenda-zilei-wednesday-29-04-2026\/"},"modified":"2026-04-29T06:47:02","modified_gmt":"2026-04-29T04:47:02","slug":"agenda-zilei-wednesday-29-04-2026","status":"publish","type":"post","link":"https:\/\/mhf.ro\/mm\/agenda-zilei-wednesday-29-04-2026\/","title":{"rendered":"Agenda zilei \u2013 Wednesday, 29.04.2026"},"content":{"rendered":"<ul>\n<li><a href=\"https:\/\/stirileprotv.ro\/stiri\/social\/ce-se-intampla-cand-un-proiect-din-fonduri-europene-distruge-un-altul-facut-tot-cu-bani-ue-exemplul-avrig-s-au-suprapus.html\" target=\"_blank\" rel=\"nofollow noopener\">Ce se \u00eent\u00e2mpl\u0103 c\u00e2nd un proiect din fonduri europene distruge un altul, f\u0103cut tot cu bani UE. Exemplul Avrig: \u201dS-au suprapus\u201d<\/a><\/li>\n<li><a href=\"https:\/\/www.mediafax.ro\/externe\/lovituri-israeliene-in-sudul-libanului-opt-morti-inclusiv-salvatori-armistitiul-ramane-fragil-23728236\" target=\"_blank\" rel=\"nofollow noopener\">Lovituri israeliene \u00een sudul Libanului: opt mor\u021bi, inclusiv salvatori. Armisti\u021biul r\u0103m\u00e2ne fragil<\/a><\/li>\n<li><a href=\"https:\/\/stirileprotv.ro\/stiri\/vremea\/vremea-azi-29-aprilie-temperaturile-scad-brusc-in-toata-tara-si-ploile-isi-fac-aparitia-in-mai-multe-regiuni.html\" target=\"_blank\" rel=\"nofollow noopener\">Vremea azi, 29 aprilie. Temperaturile scad brusc \u00een toat\u0103 \u021bara \u0219i ploile \u00ee\u0219i fac apari\u021bia \u00een mai multe regiuni<\/a><\/li>\n<li><a href=\"https:\/\/www.mediafax.ro\/externe\/tensiune-in-jurul-canalului-panama-operatiunile-chinei-impotriva-panamezilor-starnesc-ingrijorare-in-regiune-23728237\" target=\"_blank\" rel=\"nofollow noopener\">Tensiune \u00een jurul Canalului Panama. Opera\u021biunile Chinei \u00eempotriva panamezilor st\u00e2rnesc \u00eengrijorare \u00een regiune<\/a><\/li>\n<li><a href=\"https:\/\/www.mediafax.ro\/externe\/cum-poate-occidentul-sa-evite-criza-stramtorii-ormuz-prin-noi-coridoare-energetice-23728241\" target=\"_blank\" rel=\"nofollow noopener\">Cum poate Occidentul s\u0103 evite criza Str\u00e2mtorii Ormuz prin noi coridoare energetice<\/a><\/li>\n<li><a href=\"https:\/\/stirileprotv.ro\/stiri\/social\/un-pod-din-arad-a-fost-reabilitat-atat-de-bine-incat-nu-se-mai-poate-trece-cu-utilaje-pe-el-fermierii-o-iau-prin-rau.html\" target=\"_blank\" rel=\"nofollow noopener\">Un pod din Arad nu mai poate fi traversat de utilaje dup\u0103 reabilitare. Fermierii o iau prin r\u00e2u sau ocolesc zeci de kilometri<\/a><\/li>\n<li><a href=\"https:\/\/www.mediafax.ro\/social\/raport-valuri-de-caldura-fara-precedent-in-aproape-toata-europa-in-2025-expert-schimbarile-climatice-sunt-realitatea-noastra-actuala-23728228\" target=\"_blank\" rel=\"nofollow noopener\">Raport: Valuri de c\u0103ldur\u0103 f\u0103r\u0103 precedent \u00een aproape toat\u0103 Europa, \u00een 2025. Expert: Schimb\u0103rile climatice sunt realitatea noastr\u0103 actual\u0103<\/a><\/li>\n<li><a href=\"https:\/\/stirileprotv.ro\/stiri\/actualitate\/incendiu-violent-intr-un-bloc-din-sibiu-un-barbat-a-murit-dupa-ce-a-uitat-tigara-aprinsa-langa-canapea.html\" target=\"_blank\" rel=\"nofollow noopener\">Incendiu violent \u00eentr-un bloc din Sibiu. Un b\u0103rbat a murit dup\u0103 ce a uitat \u021bigara aprins\u0103 l\u00e2ng\u0103 canapea<\/a><\/li>\n<\/ul>\n","protected":false},"excerpt":{"rendered":"<p>Ce se \u00eent\u00e2mpl\u0103 c\u00e2nd un proiect din fonduri europene distruge un altul, f\u0103cut tot cu bani UE. Exemplul Avrig: \u201dS-au<\/p>\n","protected":false},"author":11,"featured_media":10062,"comment_status":"open","ping_status":"open","sticky":false,"template":"","format":"standard","meta":{"colormag_page_container_layout":"default_layout","colormag_page_sidebar_layout":"default_layout","footnotes":""},"categories":[65],"tags":[],"class_list":["post-10661","post","type-post","status-publish","format-standard","has-post-thumbnail","hentry","category-titluri-stiri"],"yoast_head":"<!-- This site is optimized with the Yoast SEO plugin v27.0 - https:\/\/yoast.com\/product\/yoast-seo-wordpress\/ -->\n<title>Agenda zilei \u2013 Wednesday, 29.04.2026 - MHF Photography<\/title>\n<meta name=\"description\" content=\"\u0218tiri de azi (29 aprilie 2026): cele mai importante titluri din Rom\u00e2nia \u0219i din lume, actualizate zilnic.\" \/>\n<meta name=\"robots\" content=\"index, follow, max-snippet:-1, max-image-preview:large, max-video-preview:-1\" \/>\n<link rel=\"canonical\" href=\"https:\/\/mhf.ro\/mm\/agenda-zilei-wednesday-29-04-2026\/\" \/>\n<meta property=\"og:locale\" content=\"ro_RO\" \/>\n<meta property=\"og:type\" content=\"article\" \/>\n<meta property=\"og:title\" content=\"Agenda zilei \u2013 Wednesday, 29.04.2026 - MHF Photography\" \/>\n<meta property=\"og:description\" content=\"\u0218tiri de azi (29 aprilie 2026): cele mai importante titluri din Rom\u00e2nia \u0219i din lume, actualizate zilnic.\" \/>\n<meta property=\"og:url\" content=\"https:\/\/mhf.ro\/mm\/agenda-zilei-wednesday-29-04-2026\/\" \/>\n<meta property=\"og:site_name\" content=\"MHF Photography\" \/>\n<meta property=\"article:published_time\" content=\"2026-04-29T04:47:02+00:00\" \/>\n<meta property=\"og:image\" content=\"https:\/\/mhf.ro\/mm\/wp-content\/uploads\/2025\/12\/st4.jpg\" \/>\n\t<meta property=\"og:image:width\" content=\"1280\" \/>\n\t<meta property=\"og:image:height\" content=\"853\" \/>\n\t<meta property=\"og:image:type\" content=\"image\/jpeg\" \/>\n<meta name=\"author\" content=\"Fodrea Iuliana Reve\" \/>\n<meta name=\"twitter:card\" content=\"summary_large_image\" \/>\n<meta name=\"twitter:label1\" content=\"Scris de\" \/>\n\t<meta name=\"twitter:data1\" content=\"Fodrea Iuliana Reve\" \/>\n\t<meta name=\"twitter:label2\" content=\"Timp estimat pentru citire\" \/>\n\t<meta name=\"twitter:data2\" content=\"1 minut\" \/>\n<script type=\"application\/ld+json\" class=\"yoast-schema-graph\">{\"@context\":\"https:\/\/schema.org\",\"@graph\":[{\"@type\":\"Article\",\"@id\":\"https:\/\/mhf.ro\/mm\/agenda-zilei-wednesday-29-04-2026\/#article\",\"isPartOf\":{\"@id\":\"https:\/\/mhf.ro\/mm\/agenda-zilei-wednesday-29-04-2026\/\"},\"author\":{\"name\":\"Fodrea Iuliana Reve\",\"@id\":\"https:\/\/mhf.ro\/mm\/#\/schema\/person\/17f3fed455503130cb08cdc1421f8001\"},\"headline\":\"Agenda zilei \u2013 Wednesday, 29.04.2026\",\"datePublished\":\"2026-04-29T04:47:02+00:00\",\"mainEntityOfPage\":{\"@id\":\"https:\/\/mhf.ro\/mm\/agenda-zilei-wednesday-29-04-2026\/\"},\"wordCount\":155,\"commentCount\":0,\"publisher\":{\"@id\":\"https:\/\/mhf.ro\/mm\/#\/schema\/person\/a3bebf7bdb4bf12f698aff73c7e46c21\"},\"image\":{\"@id\":\"https:\/\/mhf.ro\/mm\/agenda-zilei-wednesday-29-04-2026\/#primaryimage\"},\"thumbnailUrl\":\"https:\/\/mhf.ro\/mm\/wp-content\/uploads\/2025\/12\/st4.jpg\",\"articleSection\":[\"Titluri -\u0219tiri\"],\"inLanguage\":\"ro-RO\",\"potentialAction\":[{\"@type\":\"CommentAction\",\"name\":\"Comment\",\"target\":[\"https:\/\/mhf.ro\/mm\/agenda-zilei-wednesday-29-04-2026\/#respond\"]}]},{\"@type\":\"WebPage\",\"@id\":\"https:\/\/mhf.ro\/mm\/agenda-zilei-wednesday-29-04-2026\/\",\"url\":\"https:\/\/mhf.ro\/mm\/agenda-zilei-wednesday-29-04-2026\/\",\"name\":\"Agenda zilei \u2013 Wednesday, 29.04.2026 - MHF Photography\",\"isPartOf\":{\"@id\":\"https:\/\/mhf.ro\/mm\/#website\"},\"primaryImageOfPage\":{\"@id\":\"https:\/\/mhf.ro\/mm\/agenda-zilei-wednesday-29-04-2026\/#primaryimage\"},\"image\":{\"@id\":\"https:\/\/mhf.ro\/mm\/agenda-zilei-wednesday-29-04-2026\/#primaryimage\"},\"thumbnailUrl\":\"https:\/\/mhf.ro\/mm\/wp-content\/uploads\/2025\/12\/st4.jpg\",\"datePublished\":\"2026-04-29T04:47:02+00:00\",\"description\":\"\u0218tiri de azi (29 aprilie 2026): cele mai importante titluri din Rom\u00e2nia \u0219i din lume, actualizate zilnic.\",\"breadcrumb\":{\"@id\":\"https:\/\/mhf.ro\/mm\/agenda-zilei-wednesday-29-04-2026\/#breadcrumb\"},\"inLanguage\":\"ro-RO\",\"potentialAction\":[{\"@type\":\"ReadAction\",\"target\":[\"https:\/\/mhf.ro\/mm\/agenda-zilei-wednesday-29-04-2026\/\"]}]},{\"@type\":\"ImageObject\",\"inLanguage\":\"ro-RO\",\"@id\":\"https:\/\/mhf.ro\/mm\/agenda-zilei-wednesday-29-04-2026\/#primaryimage\",\"url\":\"https:\/\/mhf.ro\/mm\/wp-content\/uploads\/2025\/12\/st4.jpg\",\"contentUrl\":\"https:\/\/mhf.ro\/mm\/wp-content\/uploads\/2025\/12\/st4.jpg\",\"width\":1280,\"height\":853},{\"@type\":\"BreadcrumbList\",\"@id\":\"https:\/\/mhf.ro\/mm\/agenda-zilei-wednesday-29-04-2026\/#breadcrumb\",\"itemListElement\":[{\"@type\":\"ListItem\",\"position\":1,\"name\":\"Prima pagin\u0103\",\"item\":\"https:\/\/mhf.ro\/mm\/\"},{\"@type\":\"ListItem\",\"position\":2,\"name\":\"Agenda zilei \u2013 Wednesday, 29.04.2026\"}]},{\"@type\":\"WebSite\",\"@id\":\"https:\/\/mhf.ro\/mm\/#website\",\"url\":\"https:\/\/mhf.ro\/mm\/\",\"name\":\"MHF Photography \u2013 Blog de fotografie, natur\u0103 \u0219i tehnic\u0103 divers\u0103\",\"description\":\"Aventur\u0103 \u00een fiecare cadru.\",\"publisher\":{\"@id\":\"https:\/\/mhf.ro\/mm\/#\/schema\/person\/a3bebf7bdb4bf12f698aff73c7e46c21\"},\"potentialAction\":[{\"@type\":\"SearchAction\",\"target\":{\"@type\":\"EntryPoint\",\"urlTemplate\":\"https:\/\/mhf.ro\/mm\/?s={search_term_string}\"},\"query-input\":{\"@type\":\"PropertyValueSpecification\",\"valueRequired\":true,\"valueName\":\"search_term_string\"}}],\"inLanguage\":\"ro-RO\"},{\"@type\":[\"Person\",\"Organization\"],\"@id\":\"https:\/\/mhf.ro\/mm\/#\/schema\/person\/a3bebf7bdb4bf12f698aff73c7e46c21\",\"name\":\"Marius Marcu\",\"image\":{\"@type\":\"ImageObject\",\"inLanguage\":\"ro-RO\",\"@id\":\"https:\/\/mhf.ro\/mm\/#\/schema\/person\/image\/\",\"url\":\"https:\/\/mhf.ro\/mm\/wp-content\/uploads\/2025\/12\/cropped-logo_mhf_2.png\",\"contentUrl\":\"https:\/\/mhf.ro\/mm\/wp-content\/uploads\/2025\/12\/cropped-logo_mhf_2.png\",\"width\":1096,\"height\":457,\"caption\":\"Marius Marcu\"},\"logo\":{\"@id\":\"https:\/\/mhf.ro\/mm\/#\/schema\/person\/image\/\"},\"sameAs\":[\"https:\/\/mhf.ro\/mm\"]},{\"@type\":\"Person\",\"@id\":\"https:\/\/mhf.ro\/mm\/#\/schema\/person\/17f3fed455503130cb08cdc1421f8001\",\"name\":\"Fodrea Iuliana Reve\",\"image\":{\"@type\":\"ImageObject\",\"inLanguage\":\"ro-RO\",\"@id\":\"https:\/\/mhf.ro\/mm\/#\/schema\/person\/image\/\",\"url\":\"https:\/\/secure.gravatar.com\/avatar\/f6a66b0b93f1a25e8049c1c4e66e60a1a6809ab11ad60f8dcc2eaafeb7ca1580?s=96&d=monsterid&r=g\",\"contentUrl\":\"https:\/\/secure.gravatar.com\/avatar\/f6a66b0b93f1a25e8049c1c4e66e60a1a6809ab11ad60f8dcc2eaafeb7ca1580?s=96&d=monsterid&r=g\",\"caption\":\"Fodrea Iuliana Reve\"},\"sameAs\":[\"https:\/\/mhf.ro\/mm\"],\"url\":\"https:\/\/mhf.ro\/mm\/author\/iuliana\/\"}]}<\/script>\n<!-- \/ Yoast SEO plugin. -->","yoast_head_json":{"title":"Agenda zilei \u2013 Wednesday, 29.04.2026 - MHF Photography","description":"\u0218tiri de azi (29 aprilie 2026): cele mai importante titluri din Rom\u00e2nia \u0219i din lume, actualizate zilnic.","robots":{"index":"index","follow":"follow","max-snippet":"max-snippet:-1","max-image-preview":"max-image-preview:large","max-video-preview":"max-video-preview:-1"},"canonical":"https:\/\/mhf.ro\/mm\/agenda-zilei-wednesday-29-04-2026\/","og_locale":"ro_RO","og_type":"article","og_title":"Agenda zilei \u2013 Wednesday, 29.04.2026 - MHF Photography","og_description":"\u0218tiri de azi (29 aprilie 2026): cele mai importante titluri din Rom\u00e2nia \u0219i din lume, actualizate zilnic.","og_url":"https:\/\/mhf.ro\/mm\/agenda-zilei-wednesday-29-04-2026\/","og_site_name":"MHF Photography","article_published_time":"2026-04-29T04:47:02+00:00","og_image":[{"width":1280,"height":853,"url":"https:\/\/mhf.ro\/mm\/wp-content\/uploads\/2025\/12\/st4.jpg","type":"image\/jpeg"}],"author":"Fodrea Iuliana Reve","twitter_card":"summary_large_image","twitter_misc":{"Scris de":"Fodrea Iuliana Reve","Timp estimat pentru citire":"1 minut"},"schema":{"@context":"https:\/\/schema.org","@graph":[{"@type":"Article","@id":"https:\/\/mhf.ro\/mm\/agenda-zilei-wednesday-29-04-2026\/#article","isPartOf":{"@id":"https:\/\/mhf.ro\/mm\/agenda-zilei-wednesday-29-04-2026\/"},"author":{"name":"Fodrea Iuliana Reve","@id":"https:\/\/mhf.ro\/mm\/#\/schema\/person\/17f3fed455503130cb08cdc1421f8001"},"headline":"Agenda zilei \u2013 Wednesday, 29.04.2026","datePublished":"2026-04-29T04:47:02+00:00","mainEntityOfPage":{"@id":"https:\/\/mhf.ro\/mm\/agenda-zilei-wednesday-29-04-2026\/"},"wordCount":155,"commentCount":0,"publisher":{"@id":"https:\/\/mhf.ro\/mm\/#\/schema\/person\/a3bebf7bdb4bf12f698aff73c7e46c21"},"image":{"@id":"https:\/\/mhf.ro\/mm\/agenda-zilei-wednesday-29-04-2026\/#primaryimage"},"thumbnailUrl":"https:\/\/mhf.ro\/mm\/wp-content\/uploads\/2025\/12\/st4.jpg","articleSection":["Titluri -\u0219tiri"],"inLanguage":"ro-RO","potentialAction":[{"@type":"CommentAction","name":"Comment","target":["https:\/\/mhf.ro\/mm\/agenda-zilei-wednesday-29-04-2026\/#respond"]}]},{"@type":"WebPage","@id":"https:\/\/mhf.ro\/mm\/agenda-zilei-wednesday-29-04-2026\/","url":"https:\/\/mhf.ro\/mm\/agenda-zilei-wednesday-29-04-2026\/","name":"Agenda zilei \u2013 Wednesday, 29.04.2026 - MHF Photography","isPartOf":{"@id":"https:\/\/mhf.ro\/mm\/#website"},"primaryImageOfPage":{"@id":"https:\/\/mhf.ro\/mm\/agenda-zilei-wednesday-29-04-2026\/#primaryimage"},"image":{"@id":"https:\/\/mhf.ro\/mm\/agenda-zilei-wednesday-29-04-2026\/#primaryimage"},"thumbnailUrl":"https:\/\/mhf.ro\/mm\/wp-content\/uploads\/2025\/12\/st4.jpg","datePublished":"2026-04-29T04:47:02+00:00","description":"\u0218tiri de azi (29 aprilie 2026): cele mai importante titluri din Rom\u00e2nia \u0219i din lume, actualizate zilnic.","breadcrumb":{"@id":"https:\/\/mhf.ro\/mm\/agenda-zilei-wednesday-29-04-2026\/#breadcrumb"},"inLanguage":"ro-RO","potentialAction":[{"@type":"ReadAction","target":["https:\/\/mhf.ro\/mm\/agenda-zilei-wednesday-29-04-2026\/"]}]},{"@type":"ImageObject","inLanguage":"ro-RO","@id":"https:\/\/mhf.ro\/mm\/agenda-zilei-wednesday-29-04-2026\/#primaryimage","url":"https:\/\/mhf.ro\/mm\/wp-content\/uploads\/2025\/12\/st4.jpg","contentUrl":"https:\/\/mhf.ro\/mm\/wp-content\/uploads\/2025\/12\/st4.jpg","width":1280,"height":853},{"@type":"BreadcrumbList","@id":"https:\/\/mhf.ro\/mm\/agenda-zilei-wednesday-29-04-2026\/#breadcrumb","itemListElement":[{"@type":"ListItem","position":1,"name":"Prima pagin\u0103","item":"https:\/\/mhf.ro\/mm\/"},{"@type":"ListItem","position":2,"name":"Agenda zilei \u2013 Wednesday, 29.04.2026"}]},{"@type":"WebSite","@id":"https:\/\/mhf.ro\/mm\/#website","url":"https:\/\/mhf.ro\/mm\/","name":"MHF Photography \u2013 Blog de fotografie, natur\u0103 \u0219i tehnic\u0103 divers\u0103","description":"Aventur\u0103 \u00een fiecare cadru.","publisher":{"@id":"https:\/\/mhf.ro\/mm\/#\/schema\/person\/a3bebf7bdb4bf12f698aff73c7e46c21"},"potentialAction":[{"@type":"SearchAction","target":{"@type":"EntryPoint","urlTemplate":"https:\/\/mhf.ro\/mm\/?s={search_term_string}"},"query-input":{"@type":"PropertyValueSpecification","valueRequired":true,"valueName":"search_term_string"}}],"inLanguage":"ro-RO"},{"@type":["Person","Organization"],"@id":"https:\/\/mhf.ro\/mm\/#\/schema\/person\/a3bebf7bdb4bf12f698aff73c7e46c21","name":"Marius Marcu","image":{"@type":"ImageObject","inLanguage":"ro-RO","@id":"https:\/\/mhf.ro\/mm\/#\/schema\/person\/image\/","url":"https:\/\/mhf.ro\/mm\/wp-content\/uploads\/2025\/12\/cropped-logo_mhf_2.png","contentUrl":"https:\/\/mhf.ro\/mm\/wp-content\/uploads\/2025\/12\/cropped-logo_mhf_2.png","width":1096,"height":457,"caption":"Marius Marcu"},"logo":{"@id":"https:\/\/mhf.ro\/mm\/#\/schema\/person\/image\/"},"sameAs":["https:\/\/mhf.ro\/mm"]},{"@type":"Person","@id":"https:\/\/mhf.ro\/mm\/#\/schema\/person\/17f3fed455503130cb08cdc1421f8001","name":"Fodrea Iuliana Reve","image":{"@type":"ImageObject","inLanguage":"ro-RO","@id":"https:\/\/mhf.ro\/mm\/#\/schema\/person\/image\/","url":"https:\/\/secure.gravatar.com\/avatar\/f6a66b0b93f1a25e8049c1c4e66e60a1a6809ab11ad60f8dcc2eaafeb7ca1580?s=96&d=monsterid&r=g","contentUrl":"https:\/\/secure.gravatar.com\/avatar\/f6a66b0b93f1a25e8049c1c4e66e60a1a6809ab11ad60f8dcc2eaafeb7ca1580?s=96&d=monsterid&r=g","caption":"Fodrea Iuliana Reve"},"sameAs":["https:\/\/mhf.ro\/mm"],"url":"https:\/\/mhf.ro\/mm\/author\/iuliana\/"}]}},"_links":{"self":[{"href":"https:\/\/mhf.ro\/mm\/wp-json\/wp\/v2\/posts\/10661","targetHints":{"allow":["GET"]}}],"collection":[{"href":"https:\/\/mhf.ro\/mm\/wp-json\/wp\/v2\/posts"}],"about":[{"href":"https:\/\/mhf.ro\/mm\/wp-json\/wp\/v2\/types\/post"}],"author":[{"embeddable":true,"href":"https:\/\/mhf.ro\/mm\/wp-json\/wp\/v2\/users\/11"}],"replies":[{"embeddable":true,"href":"https:\/\/mhf.ro\/mm\/wp-json\/wp\/v2\/comments?post=10661"}],"version-history":[{"count":0,"href":"https:\/\/mhf.ro\/mm\/wp-json\/wp\/v2\/posts\/10661\/revisions"}],"wp:featuredmedia":[{"embeddable":true,"href":"https:\/\/mhf.ro\/mm\/wp-json\/wp\/v2\/media\/10062"}],"wp:attachment":[{"href":"https:\/\/mhf.ro\/mm\/wp-json\/wp\/v2\/media?parent=10661"}],"wp:term":[{"taxonomy":"category","embeddable":true,"href":"https:\/\/mhf.ro\/mm\/wp-json\/wp\/v2\/categories?post=10661"},{"taxonomy":"post_tag","embeddable":true,"href":"https:\/\/mhf.ro\/mm\/wp-json\/wp\/v2\/tags?post=10661"}],"curies":[{"name":"wp","href":"https:\/\/api.w.org\/{rel}","templated":true}]}}