{"id":1161,"date":"2020-05-02T14:10:11","date_gmt":"2020-05-02T14:10:11","guid":{"rendered":"https:\/\/mhf.ro\/mm\/?p=1161"},"modified":"2020-05-20T11:57:55","modified_gmt":"2020-05-20T11:57:55","slug":"blajul-un-izvor","status":"publish","type":"post","link":"https:\/\/mhf.ro\/mm\/blajul-un-izvor\/","title":{"rendered":"Blajul un izvor\u2026"},"content":{"rendered":"<p>&nbsp;<\/p>\n<p>Sunt lum\u00e2nari aprinse<br \/>\npeste veacuri<br \/>\nlumineaz\u0103 clipa de ieri<br \/>\n\u0219i clipa de azi<br \/>\ndoar pavajul str\u0103zilor<br \/>\n\u00eenguste<br \/>\nmai p\u0103streaz\u0103<br \/>\nsudoarea \u0219i s\u00eengele<br \/>\nneamului<br \/>\nmeu<br \/>\ne scris pe tricolor<br \/>\nnemurire<br \/>\ne scris pe tricolor<br \/>\niertare<br \/>\ne scris pe tricolor<br \/>\nvrednicie.<br \/>\nB\u0103rnutiu z\u00e2mbe\u0219te<br \/>\nun preot cite\u0219te<br \/>\nistoria se repet\u0103<br \/>\nt\u00e2r\u00e2ndu-se pe caldar\u00e2mul<br \/>\nde piatr\u0103<br \/>\nal \u0219coliilor din Ardeal<br \/>\nun omagiu adus zeilor cobor\u00e2\u021bi<br \/>\n\u00een Mica Rom\u0103<br \/>\ntreptele urc\u0103 spre f\u00e2nt\u00e2n\u0103<br \/>\ndomni\u0219oarei<br \/>\nizvor de lini\u0219te \u0219i dorin\u021b\u0103.<br \/>\ndoar tu T\u00e2rnav\u0103 \u0219tii,<br \/>\ntu ai v\u0103zut<br \/>\ntu nu regre\u021bi\u2026<br \/>\npatriotismul curge \u00een apele tale<br \/>\nspre azi<br \/>\nm\u0103-nchin \u021bie izvor alb<br \/>\ncondamnat s\u0103 despar\u021bi<br \/>\ntrecutul de prezent.<\/p>\n<p>tunurile au amu\u021bit demult<br \/>\nstindardul tresare<br \/>\nsub privirea copil\u0103riei tale<br \/>\nprivirea munce\u0219te<br \/>\nlacrimile curg<br \/>\nTribunii privesc peste tine deal<br \/>\nal nemuririi<br \/>\nr\u0103d\u0103cina teiului t\u0103u \u2026<br \/>\n\u00eenfipt ad\u00e2nc<br \/>\n\u00een speran\u021b\u0103<br \/>\nz\u00e2mbe\u0219te spre viitor<br \/>\nun luceafar a poposit \u0219i te-a salutat<br \/>\ncu dor \u0219i cu mirare<br \/>\nl-ai adoptat<br \/>\nred\u00e2ndu-i speran\u021ba\u2026<\/p>\n","protected":false},"excerpt":{"rendered":"<p>&nbsp; Sunt lum\u00e2nari aprinse peste veacuri lumineaz\u0103 clipa de ieri \u0219i clipa de azi doar pavajul str\u0103zilor \u00eenguste mai p\u0103streaz\u0103<\/p>\n","protected":false},"author":3,"featured_media":1162,"comment_status":"open","ping_status":"open","sticky":false,"template":"","format":"standard","meta":{"colormag_page_container_layout":"default_layout","colormag_page_sidebar_layout":"default_layout","footnotes":""},"categories":[8],"tags":[],"class_list":["post-1161","post","type-post","status-publish","format-standard","has-post-thumbnail","hentry","category-div"],"yoast_head":"<!-- This site is optimized with the Yoast SEO plugin v27.0 - https:\/\/yoast.com\/product\/yoast-seo-wordpress\/ -->\n<title>Blajul un izvor\u2026 - MHF Photography<\/title>\n<meta name=\"robots\" content=\"index, follow, max-snippet:-1, max-image-preview:large, max-video-preview:-1\" \/>\n<link rel=\"canonical\" href=\"https:\/\/mhf.ro\/mm\/blajul-un-izvor\/\" \/>\n<meta property=\"og:locale\" content=\"ro_RO\" \/>\n<meta property=\"og:type\" content=\"article\" \/>\n<meta property=\"og:title\" content=\"Blajul un izvor\u2026 - MHF Photography\" \/>\n<meta property=\"og:description\" content=\"&nbsp; Sunt lum\u00e2nari aprinse peste veacuri lumineaz\u0103 clipa de ieri \u0219i clipa de azi doar pavajul str\u0103zilor \u00eenguste mai p\u0103streaz\u0103\" \/>\n<meta property=\"og:url\" content=\"https:\/\/mhf.ro\/mm\/blajul-un-izvor\/\" \/>\n<meta property=\"og:site_name\" content=\"MHF Photography\" \/>\n<meta property=\"article:published_time\" content=\"2020-05-02T14:10:11+00:00\" \/>\n<meta property=\"article:modified_time\" content=\"2020-05-20T11:57:55+00:00\" \/>\n<meta property=\"og:image\" content=\"https:\/\/mhf.ro\/mm\/wp-content\/uploads\/2020\/05\/blaj-vedere-cu-dacia.jpg\" \/>\n\t<meta property=\"og:image:width\" content=\"960\" \/>\n\t<meta property=\"og:image:height\" content=\"656\" \/>\n\t<meta property=\"og:image:type\" content=\"image\/jpeg\" \/>\n<meta name=\"author\" content=\"Ciurtin Tavi\" \/>\n<meta name=\"twitter:card\" content=\"summary_large_image\" \/>\n<meta name=\"twitter:label1\" content=\"Scris de\" \/>\n\t<meta name=\"twitter:data1\" content=\"Ciurtin Tavi\" \/>\n\t<meta name=\"twitter:label2\" content=\"Timp estimat pentru citire\" \/>\n\t<meta name=\"twitter:data2\" content=\"1 minut\" \/>\n<script type=\"application\/ld+json\" class=\"yoast-schema-graph\">{\"@context\":\"https:\/\/schema.org\",\"@graph\":[{\"@type\":\"Article\",\"@id\":\"https:\/\/mhf.ro\/mm\/blajul-un-izvor\/#article\",\"isPartOf\":{\"@id\":\"https:\/\/mhf.ro\/mm\/blajul-un-izvor\/\"},\"author\":{\"name\":\"Ciurtin Tavi\",\"@id\":\"https:\/\/mhf.ro\/mm\/#\/schema\/person\/d2e8248dfe54de3d7284ff7254d2e29b\"},\"headline\":\"Blajul un izvor\u2026\",\"datePublished\":\"2020-05-02T14:10:11+00:00\",\"dateModified\":\"2020-05-20T11:57:55+00:00\",\"mainEntityOfPage\":{\"@id\":\"https:\/\/mhf.ro\/mm\/blajul-un-izvor\/\"},\"wordCount\":184,\"commentCount\":0,\"publisher\":{\"@id\":\"https:\/\/mhf.ro\/mm\/#\/schema\/person\/a3bebf7bdb4bf12f698aff73c7e46c21\"},\"image\":{\"@id\":\"https:\/\/mhf.ro\/mm\/blajul-un-izvor\/#primaryimage\"},\"thumbnailUrl\":\"https:\/\/mhf.ro\/mm\/wp-content\/uploads\/2020\/05\/blaj-vedere-cu-dacia.jpg\",\"articleSection\":[\"Diverse\"],\"inLanguage\":\"ro-RO\",\"potentialAction\":[{\"@type\":\"CommentAction\",\"name\":\"Comment\",\"target\":[\"https:\/\/mhf.ro\/mm\/blajul-un-izvor\/#respond\"]}]},{\"@type\":\"WebPage\",\"@id\":\"https:\/\/mhf.ro\/mm\/blajul-un-izvor\/\",\"url\":\"https:\/\/mhf.ro\/mm\/blajul-un-izvor\/\",\"name\":\"Blajul un izvor\u2026 - MHF Photography\",\"isPartOf\":{\"@id\":\"https:\/\/mhf.ro\/mm\/#website\"},\"primaryImageOfPage\":{\"@id\":\"https:\/\/mhf.ro\/mm\/blajul-un-izvor\/#primaryimage\"},\"image\":{\"@id\":\"https:\/\/mhf.ro\/mm\/blajul-un-izvor\/#primaryimage\"},\"thumbnailUrl\":\"https:\/\/mhf.ro\/mm\/wp-content\/uploads\/2020\/05\/blaj-vedere-cu-dacia.jpg\",\"datePublished\":\"2020-05-02T14:10:11+00:00\",\"dateModified\":\"2020-05-20T11:57:55+00:00\",\"breadcrumb\":{\"@id\":\"https:\/\/mhf.ro\/mm\/blajul-un-izvor\/#breadcrumb\"},\"inLanguage\":\"ro-RO\",\"potentialAction\":[{\"@type\":\"ReadAction\",\"target\":[\"https:\/\/mhf.ro\/mm\/blajul-un-izvor\/\"]}]},{\"@type\":\"ImageObject\",\"inLanguage\":\"ro-RO\",\"@id\":\"https:\/\/mhf.ro\/mm\/blajul-un-izvor\/#primaryimage\",\"url\":\"https:\/\/mhf.ro\/mm\/wp-content\/uploads\/2020\/05\/blaj-vedere-cu-dacia.jpg\",\"contentUrl\":\"https:\/\/mhf.ro\/mm\/wp-content\/uploads\/2020\/05\/blaj-vedere-cu-dacia.jpg\",\"width\":960,\"height\":656},{\"@type\":\"BreadcrumbList\",\"@id\":\"https:\/\/mhf.ro\/mm\/blajul-un-izvor\/#breadcrumb\",\"itemListElement\":[{\"@type\":\"ListItem\",\"position\":1,\"name\":\"Prima pagin\u0103\",\"item\":\"https:\/\/mhf.ro\/mm\/\"},{\"@type\":\"ListItem\",\"position\":2,\"name\":\"Blajul un izvor\u2026\"}]},{\"@type\":\"WebSite\",\"@id\":\"https:\/\/mhf.ro\/mm\/#website\",\"url\":\"https:\/\/mhf.ro\/mm\/\",\"name\":\"MHF Photography \u2013 Blog de fotografie, natur\u0103 \u0219i tehnic\u0103 divers\u0103\",\"description\":\"Aventur\u0103 \u00een fiecare cadru.\",\"publisher\":{\"@id\":\"https:\/\/mhf.ro\/mm\/#\/schema\/person\/a3bebf7bdb4bf12f698aff73c7e46c21\"},\"potentialAction\":[{\"@type\":\"SearchAction\",\"target\":{\"@type\":\"EntryPoint\",\"urlTemplate\":\"https:\/\/mhf.ro\/mm\/?s={search_term_string}\"},\"query-input\":{\"@type\":\"PropertyValueSpecification\",\"valueRequired\":true,\"valueName\":\"search_term_string\"}}],\"inLanguage\":\"ro-RO\"},{\"@type\":[\"Person\",\"Organization\"],\"@id\":\"https:\/\/mhf.ro\/mm\/#\/schema\/person\/a3bebf7bdb4bf12f698aff73c7e46c21\",\"name\":\"Marius Marcu\",\"image\":{\"@type\":\"ImageObject\",\"inLanguage\":\"ro-RO\",\"@id\":\"https:\/\/mhf.ro\/mm\/#\/schema\/person\/image\/\",\"url\":\"https:\/\/mhf.ro\/mm\/wp-content\/uploads\/2025\/12\/cropped-logo_mhf_2.png\",\"contentUrl\":\"https:\/\/mhf.ro\/mm\/wp-content\/uploads\/2025\/12\/cropped-logo_mhf_2.png\",\"width\":1096,\"height\":457,\"caption\":\"Marius Marcu\"},\"logo\":{\"@id\":\"https:\/\/mhf.ro\/mm\/#\/schema\/person\/image\/\"},\"sameAs\":[\"https:\/\/mhf.ro\/mm\"]},{\"@type\":\"Person\",\"@id\":\"https:\/\/mhf.ro\/mm\/#\/schema\/person\/d2e8248dfe54de3d7284ff7254d2e29b\",\"name\":\"Ciurtin Tavi\",\"image\":{\"@type\":\"ImageObject\",\"inLanguage\":\"ro-RO\",\"@id\":\"https:\/\/mhf.ro\/mm\/#\/schema\/person\/image\/\",\"url\":\"https:\/\/secure.gravatar.com\/avatar\/5afa01044b4e9328c510b64d3aa571c665404d2e22859f2e114ebd21774aab9c?s=96&d=monsterid&r=g\",\"contentUrl\":\"https:\/\/secure.gravatar.com\/avatar\/5afa01044b4e9328c510b64d3aa571c665404d2e22859f2e114ebd21774aab9c?s=96&d=monsterid&r=g\",\"caption\":\"Ciurtin Tavi\"},\"description\":\"N-am crezut niciodata ca ce am vizionat in vis, va fi permanent lege pentru mine... as fi isteric sa cred, ca, chiar eu pot sa-mi duc neputinta atat de mult sa cred ca eu... nu mai stiu sa glumesc, cu el, cu ea, cu tine, si in ultimul rand... cu mine... stii ce as vrea? ca eu nu stiu.... ma catar doar pe o dorinta, fumeganda-n mintea mea, asa, apucata de un ciucur ca un vis.... un vis legitim, nu unul....labartit din memoria somnului, ca... ultima discutie cu tine! hai, pa... ma duc sa-mi mustruluiesc, speranta de-a avea curajul sa revina la suprafata inaintea zorilor .\",\"sameAs\":[\"https:\/\/mhf.ro\/mm\"],\"url\":\"https:\/\/mhf.ro\/mm\/author\/tavi\/\"}]}<\/script>\n<!-- \/ Yoast SEO plugin. -->","yoast_head_json":{"title":"Blajul un izvor\u2026 - MHF Photography","robots":{"index":"index","follow":"follow","max-snippet":"max-snippet:-1","max-image-preview":"max-image-preview:large","max-video-preview":"max-video-preview:-1"},"canonical":"https:\/\/mhf.ro\/mm\/blajul-un-izvor\/","og_locale":"ro_RO","og_type":"article","og_title":"Blajul un izvor\u2026 - MHF Photography","og_description":"&nbsp; Sunt lum\u00e2nari aprinse peste veacuri lumineaz\u0103 clipa de ieri \u0219i clipa de azi doar pavajul str\u0103zilor \u00eenguste mai p\u0103streaz\u0103","og_url":"https:\/\/mhf.ro\/mm\/blajul-un-izvor\/","og_site_name":"MHF Photography","article_published_time":"2020-05-02T14:10:11+00:00","article_modified_time":"2020-05-20T11:57:55+00:00","og_image":[{"width":960,"height":656,"url":"https:\/\/mhf.ro\/mm\/wp-content\/uploads\/2020\/05\/blaj-vedere-cu-dacia.jpg","type":"image\/jpeg"}],"author":"Ciurtin Tavi","twitter_card":"summary_large_image","twitter_misc":{"Scris de":"Ciurtin Tavi","Timp estimat pentru citire":"1 minut"},"schema":{"@context":"https:\/\/schema.org","@graph":[{"@type":"Article","@id":"https:\/\/mhf.ro\/mm\/blajul-un-izvor\/#article","isPartOf":{"@id":"https:\/\/mhf.ro\/mm\/blajul-un-izvor\/"},"author":{"name":"Ciurtin Tavi","@id":"https:\/\/mhf.ro\/mm\/#\/schema\/person\/d2e8248dfe54de3d7284ff7254d2e29b"},"headline":"Blajul un izvor\u2026","datePublished":"2020-05-02T14:10:11+00:00","dateModified":"2020-05-20T11:57:55+00:00","mainEntityOfPage":{"@id":"https:\/\/mhf.ro\/mm\/blajul-un-izvor\/"},"wordCount":184,"commentCount":0,"publisher":{"@id":"https:\/\/mhf.ro\/mm\/#\/schema\/person\/a3bebf7bdb4bf12f698aff73c7e46c21"},"image":{"@id":"https:\/\/mhf.ro\/mm\/blajul-un-izvor\/#primaryimage"},"thumbnailUrl":"https:\/\/mhf.ro\/mm\/wp-content\/uploads\/2020\/05\/blaj-vedere-cu-dacia.jpg","articleSection":["Diverse"],"inLanguage":"ro-RO","potentialAction":[{"@type":"CommentAction","name":"Comment","target":["https:\/\/mhf.ro\/mm\/blajul-un-izvor\/#respond"]}]},{"@type":"WebPage","@id":"https:\/\/mhf.ro\/mm\/blajul-un-izvor\/","url":"https:\/\/mhf.ro\/mm\/blajul-un-izvor\/","name":"Blajul un izvor\u2026 - MHF Photography","isPartOf":{"@id":"https:\/\/mhf.ro\/mm\/#website"},"primaryImageOfPage":{"@id":"https:\/\/mhf.ro\/mm\/blajul-un-izvor\/#primaryimage"},"image":{"@id":"https:\/\/mhf.ro\/mm\/blajul-un-izvor\/#primaryimage"},"thumbnailUrl":"https:\/\/mhf.ro\/mm\/wp-content\/uploads\/2020\/05\/blaj-vedere-cu-dacia.jpg","datePublished":"2020-05-02T14:10:11+00:00","dateModified":"2020-05-20T11:57:55+00:00","breadcrumb":{"@id":"https:\/\/mhf.ro\/mm\/blajul-un-izvor\/#breadcrumb"},"inLanguage":"ro-RO","potentialAction":[{"@type":"ReadAction","target":["https:\/\/mhf.ro\/mm\/blajul-un-izvor\/"]}]},{"@type":"ImageObject","inLanguage":"ro-RO","@id":"https:\/\/mhf.ro\/mm\/blajul-un-izvor\/#primaryimage","url":"https:\/\/mhf.ro\/mm\/wp-content\/uploads\/2020\/05\/blaj-vedere-cu-dacia.jpg","contentUrl":"https:\/\/mhf.ro\/mm\/wp-content\/uploads\/2020\/05\/blaj-vedere-cu-dacia.jpg","width":960,"height":656},{"@type":"BreadcrumbList","@id":"https:\/\/mhf.ro\/mm\/blajul-un-izvor\/#breadcrumb","itemListElement":[{"@type":"ListItem","position":1,"name":"Prima pagin\u0103","item":"https:\/\/mhf.ro\/mm\/"},{"@type":"ListItem","position":2,"name":"Blajul un izvor\u2026"}]},{"@type":"WebSite","@id":"https:\/\/mhf.ro\/mm\/#website","url":"https:\/\/mhf.ro\/mm\/","name":"MHF Photography \u2013 Blog de fotografie, natur\u0103 \u0219i tehnic\u0103 divers\u0103","description":"Aventur\u0103 \u00een fiecare cadru.","publisher":{"@id":"https:\/\/mhf.ro\/mm\/#\/schema\/person\/a3bebf7bdb4bf12f698aff73c7e46c21"},"potentialAction":[{"@type":"SearchAction","target":{"@type":"EntryPoint","urlTemplate":"https:\/\/mhf.ro\/mm\/?s={search_term_string}"},"query-input":{"@type":"PropertyValueSpecification","valueRequired":true,"valueName":"search_term_string"}}],"inLanguage":"ro-RO"},{"@type":["Person","Organization"],"@id":"https:\/\/mhf.ro\/mm\/#\/schema\/person\/a3bebf7bdb4bf12f698aff73c7e46c21","name":"Marius Marcu","image":{"@type":"ImageObject","inLanguage":"ro-RO","@id":"https:\/\/mhf.ro\/mm\/#\/schema\/person\/image\/","url":"https:\/\/mhf.ro\/mm\/wp-content\/uploads\/2025\/12\/cropped-logo_mhf_2.png","contentUrl":"https:\/\/mhf.ro\/mm\/wp-content\/uploads\/2025\/12\/cropped-logo_mhf_2.png","width":1096,"height":457,"caption":"Marius Marcu"},"logo":{"@id":"https:\/\/mhf.ro\/mm\/#\/schema\/person\/image\/"},"sameAs":["https:\/\/mhf.ro\/mm"]},{"@type":"Person","@id":"https:\/\/mhf.ro\/mm\/#\/schema\/person\/d2e8248dfe54de3d7284ff7254d2e29b","name":"Ciurtin Tavi","image":{"@type":"ImageObject","inLanguage":"ro-RO","@id":"https:\/\/mhf.ro\/mm\/#\/schema\/person\/image\/","url":"https:\/\/secure.gravatar.com\/avatar\/5afa01044b4e9328c510b64d3aa571c665404d2e22859f2e114ebd21774aab9c?s=96&d=monsterid&r=g","contentUrl":"https:\/\/secure.gravatar.com\/avatar\/5afa01044b4e9328c510b64d3aa571c665404d2e22859f2e114ebd21774aab9c?s=96&d=monsterid&r=g","caption":"Ciurtin Tavi"},"description":"N-am crezut niciodata ca ce am vizionat in vis, va fi permanent lege pentru mine... as fi isteric sa cred, ca, chiar eu pot sa-mi duc neputinta atat de mult sa cred ca eu... nu mai stiu sa glumesc, cu el, cu ea, cu tine, si in ultimul rand... cu mine... stii ce as vrea? ca eu nu stiu.... ma catar doar pe o dorinta, fumeganda-n mintea mea, asa, apucata de un ciucur ca un vis.... un vis legitim, nu unul....labartit din memoria somnului, ca... ultima discutie cu tine! hai, pa... ma duc sa-mi mustruluiesc, speranta de-a avea curajul sa revina la suprafata inaintea zorilor .","sameAs":["https:\/\/mhf.ro\/mm"],"url":"https:\/\/mhf.ro\/mm\/author\/tavi\/"}]}},"_links":{"self":[{"href":"https:\/\/mhf.ro\/mm\/wp-json\/wp\/v2\/posts\/1161","targetHints":{"allow":["GET"]}}],"collection":[{"href":"https:\/\/mhf.ro\/mm\/wp-json\/wp\/v2\/posts"}],"about":[{"href":"https:\/\/mhf.ro\/mm\/wp-json\/wp\/v2\/types\/post"}],"author":[{"embeddable":true,"href":"https:\/\/mhf.ro\/mm\/wp-json\/wp\/v2\/users\/3"}],"replies":[{"embeddable":true,"href":"https:\/\/mhf.ro\/mm\/wp-json\/wp\/v2\/comments?post=1161"}],"version-history":[{"count":2,"href":"https:\/\/mhf.ro\/mm\/wp-json\/wp\/v2\/posts\/1161\/revisions"}],"predecessor-version":[{"id":1466,"href":"https:\/\/mhf.ro\/mm\/wp-json\/wp\/v2\/posts\/1161\/revisions\/1466"}],"wp:featuredmedia":[{"embeddable":true,"href":"https:\/\/mhf.ro\/mm\/wp-json\/wp\/v2\/media\/1162"}],"wp:attachment":[{"href":"https:\/\/mhf.ro\/mm\/wp-json\/wp\/v2\/media?parent=1161"}],"wp:term":[{"taxonomy":"category","embeddable":true,"href":"https:\/\/mhf.ro\/mm\/wp-json\/wp\/v2\/categories?post=1161"},{"taxonomy":"post_tag","embeddable":true,"href":"https:\/\/mhf.ro\/mm\/wp-json\/wp\/v2\/tags?post=1161"}],"curies":[{"name":"wp","href":"https:\/\/api.w.org\/{rel}","templated":true}]}}