{"id":1164,"date":"2020-05-02T15:13:47","date_gmt":"2020-05-02T15:13:47","guid":{"rendered":"https:\/\/mhf.ro\/mm\/?p=1164"},"modified":"2020-05-20T11:57:29","modified_gmt":"2020-05-20T11:57:29","slug":"atat-de-tanara","status":"publish","type":"post","link":"https:\/\/mhf.ro\/mm\/atat-de-tanara\/","title":{"rendered":"At\u00e2t de t\u00e2n\u0103r\u0103&#8230;"},"content":{"rendered":"<p>At\u00e2t de t\u00e2n\u0103r\u0103 e\u0219ti doamn\u0103, o frumoas\u0103 de giule\u0219ti,<br \/>\nca un liliac \u00een floare, \u0219i drag\u0103 tare-mi e\u0219ti.<br \/>\ndar ce spun eu?<br \/>\n\u00ee\u021bi port doar stim\u0103, ori sunt dobitoc?<br \/>\n\u2026dar ceva chiar m\u0103 \u00eendeamn\u0103, s\u0103 \u00ee\u021bi dau salutul meu,<br \/>\nchiar prin iarmaroc.<\/p>\n<p>privesc la tine azi, \u0219i\u2026 \u00eemi vine o cugetare,<br \/>\n-am parale d\u0103-mi \u0219i mie dac\u0103-s toate de v\u00e2nzare.<\/p>\n<p>tu, te ui\u021bi \u00een lungul str\u0103zii, chiar dai col\u021b la bulevard,<br \/>\n-ce se-nt\u00e2mpl\u0103 nu-s buni banii? s\u0103-\u021bi pl\u0103tesc,<br \/>\ncumva pe card ?<\/p>\n<p>las privirea-n jos cu mil\u0103, urm\u0103rind \u00een ochii t\u0103i,<br \/>\ncum nimic nu-\u021bi schimb\u0103 fa\u021ba, doar c\u0103 lacrimi<br \/>\nzac \u00een ei\u2026<\/p>\n<p>m\u0103 uit \u00een jur, nimic nu-mi zici, dar observ,<br \/>\ne\u0219ti ab\u0103tut\u0103.<br \/>\no \u021biganc\u0103 mai b\u0103tr\u00e2n\u0103 vine \u0219i o ia de m\u00e2n\u0103<br \/>\n-s-o ierta\u021bi e surdo-mut\u0103<br \/>\neu m\u0103 uit nu-mi vine-a crede<br \/>\ndar femeia cu n\u0103fram\u0103\u2026<br \/>\n-domnule, Nadin nu vede! .<\/p>\n","protected":false},"excerpt":{"rendered":"<p>At\u00e2t de t\u00e2n\u0103r\u0103 e\u0219ti doamn\u0103, o frumoas\u0103 de giule\u0219ti, ca un liliac \u00een floare, \u0219i drag\u0103 tare-mi e\u0219ti. dar ce<\/p>\n","protected":false},"author":3,"featured_media":1165,"comment_status":"open","ping_status":"open","sticky":false,"template":"","format":"standard","meta":{"colormag_page_container_layout":"default_layout","colormag_page_sidebar_layout":"default_layout","footnotes":""},"categories":[8],"tags":[],"class_list":["post-1164","post","type-post","status-publish","format-standard","has-post-thumbnail","hentry","category-div"],"yoast_head":"<!-- This site is optimized with the Yoast SEO plugin v27.0 - https:\/\/yoast.com\/product\/yoast-seo-wordpress\/ -->\n<title>At\u00e2t de t\u00e2n\u0103r\u0103... - MHF Photography<\/title>\n<meta name=\"robots\" content=\"index, follow, max-snippet:-1, max-image-preview:large, max-video-preview:-1\" \/>\n<link rel=\"canonical\" href=\"https:\/\/mhf.ro\/mm\/atat-de-tanara\/\" \/>\n<meta property=\"og:locale\" content=\"ro_RO\" \/>\n<meta property=\"og:type\" content=\"article\" \/>\n<meta property=\"og:title\" content=\"At\u00e2t de t\u00e2n\u0103r\u0103... - MHF Photography\" \/>\n<meta property=\"og:description\" content=\"At\u00e2t de t\u00e2n\u0103r\u0103 e\u0219ti doamn\u0103, o frumoas\u0103 de giule\u0219ti, ca un liliac \u00een floare, \u0219i drag\u0103 tare-mi e\u0219ti. dar ce\" \/>\n<meta property=\"og:url\" content=\"https:\/\/mhf.ro\/mm\/atat-de-tanara\/\" \/>\n<meta property=\"og:site_name\" content=\"MHF Photography\" \/>\n<meta property=\"article:published_time\" content=\"2020-05-02T15:13:47+00:00\" \/>\n<meta property=\"article:modified_time\" content=\"2020-05-20T11:57:29+00:00\" \/>\n<meta property=\"og:image\" content=\"https:\/\/mhf.ro\/mm\/wp-content\/uploads\/2020\/05\/Tiganci-florarese-pe-bulevardul-Bratianu-Staatsarchiv-Freiburg-W-134-Nr.-033226e.jpg\" \/>\n\t<meta property=\"og:image:width\" content=\"600\" \/>\n\t<meta property=\"og:image:height\" content=\"903\" \/>\n\t<meta property=\"og:image:type\" content=\"image\/jpeg\" \/>\n<meta name=\"author\" content=\"Ciurtin Tavi\" \/>\n<meta name=\"twitter:card\" content=\"summary_large_image\" \/>\n<meta name=\"twitter:label1\" content=\"Scris de\" \/>\n\t<meta name=\"twitter:data1\" content=\"Ciurtin Tavi\" \/>\n\t<meta name=\"twitter:label2\" content=\"Timp estimat pentru citire\" \/>\n\t<meta name=\"twitter:data2\" content=\"1 minut\" \/>\n<script type=\"application\/ld+json\" class=\"yoast-schema-graph\">{\"@context\":\"https:\/\/schema.org\",\"@graph\":[{\"@type\":\"Article\",\"@id\":\"https:\/\/mhf.ro\/mm\/atat-de-tanara\/#article\",\"isPartOf\":{\"@id\":\"https:\/\/mhf.ro\/mm\/atat-de-tanara\/\"},\"author\":{\"name\":\"Ciurtin Tavi\",\"@id\":\"https:\/\/mhf.ro\/mm\/#\/schema\/person\/d2e8248dfe54de3d7284ff7254d2e29b\"},\"headline\":\"At\u00e2t de t\u00e2n\u0103r\u0103&#8230;\",\"datePublished\":\"2020-05-02T15:13:47+00:00\",\"dateModified\":\"2020-05-20T11:57:29+00:00\",\"mainEntityOfPage\":{\"@id\":\"https:\/\/mhf.ro\/mm\/atat-de-tanara\/\"},\"wordCount\":172,\"commentCount\":0,\"publisher\":{\"@id\":\"https:\/\/mhf.ro\/mm\/#\/schema\/person\/a3bebf7bdb4bf12f698aff73c7e46c21\"},\"image\":{\"@id\":\"https:\/\/mhf.ro\/mm\/atat-de-tanara\/#primaryimage\"},\"thumbnailUrl\":\"https:\/\/mhf.ro\/mm\/wp-content\/uploads\/2020\/05\/Tiganci-florarese-pe-bulevardul-Bratianu-Staatsarchiv-Freiburg-W-134-Nr.-033226e.jpg\",\"articleSection\":[\"Diverse\"],\"inLanguage\":\"ro-RO\",\"potentialAction\":[{\"@type\":\"CommentAction\",\"name\":\"Comment\",\"target\":[\"https:\/\/mhf.ro\/mm\/atat-de-tanara\/#respond\"]}]},{\"@type\":\"WebPage\",\"@id\":\"https:\/\/mhf.ro\/mm\/atat-de-tanara\/\",\"url\":\"https:\/\/mhf.ro\/mm\/atat-de-tanara\/\",\"name\":\"At\u00e2t de t\u00e2n\u0103r\u0103... - MHF Photography\",\"isPartOf\":{\"@id\":\"https:\/\/mhf.ro\/mm\/#website\"},\"primaryImageOfPage\":{\"@id\":\"https:\/\/mhf.ro\/mm\/atat-de-tanara\/#primaryimage\"},\"image\":{\"@id\":\"https:\/\/mhf.ro\/mm\/atat-de-tanara\/#primaryimage\"},\"thumbnailUrl\":\"https:\/\/mhf.ro\/mm\/wp-content\/uploads\/2020\/05\/Tiganci-florarese-pe-bulevardul-Bratianu-Staatsarchiv-Freiburg-W-134-Nr.-033226e.jpg\",\"datePublished\":\"2020-05-02T15:13:47+00:00\",\"dateModified\":\"2020-05-20T11:57:29+00:00\",\"breadcrumb\":{\"@id\":\"https:\/\/mhf.ro\/mm\/atat-de-tanara\/#breadcrumb\"},\"inLanguage\":\"ro-RO\",\"potentialAction\":[{\"@type\":\"ReadAction\",\"target\":[\"https:\/\/mhf.ro\/mm\/atat-de-tanara\/\"]}]},{\"@type\":\"ImageObject\",\"inLanguage\":\"ro-RO\",\"@id\":\"https:\/\/mhf.ro\/mm\/atat-de-tanara\/#primaryimage\",\"url\":\"https:\/\/mhf.ro\/mm\/wp-content\/uploads\/2020\/05\/Tiganci-florarese-pe-bulevardul-Bratianu-Staatsarchiv-Freiburg-W-134-Nr.-033226e.jpg\",\"contentUrl\":\"https:\/\/mhf.ro\/mm\/wp-content\/uploads\/2020\/05\/Tiganci-florarese-pe-bulevardul-Bratianu-Staatsarchiv-Freiburg-W-134-Nr.-033226e.jpg\",\"width\":600,\"height\":903},{\"@type\":\"BreadcrumbList\",\"@id\":\"https:\/\/mhf.ro\/mm\/atat-de-tanara\/#breadcrumb\",\"itemListElement\":[{\"@type\":\"ListItem\",\"position\":1,\"name\":\"Prima pagin\u0103\",\"item\":\"https:\/\/mhf.ro\/mm\/\"},{\"@type\":\"ListItem\",\"position\":2,\"name\":\"At\u00e2t de t\u00e2n\u0103r\u0103&#8230;\"}]},{\"@type\":\"WebSite\",\"@id\":\"https:\/\/mhf.ro\/mm\/#website\",\"url\":\"https:\/\/mhf.ro\/mm\/\",\"name\":\"MHF Photography \u2013 Blog de fotografie, natur\u0103 \u0219i tehnic\u0103 divers\u0103\",\"description\":\"Aventur\u0103 \u00een fiecare cadru.\",\"publisher\":{\"@id\":\"https:\/\/mhf.ro\/mm\/#\/schema\/person\/a3bebf7bdb4bf12f698aff73c7e46c21\"},\"potentialAction\":[{\"@type\":\"SearchAction\",\"target\":{\"@type\":\"EntryPoint\",\"urlTemplate\":\"https:\/\/mhf.ro\/mm\/?s={search_term_string}\"},\"query-input\":{\"@type\":\"PropertyValueSpecification\",\"valueRequired\":true,\"valueName\":\"search_term_string\"}}],\"inLanguage\":\"ro-RO\"},{\"@type\":[\"Person\",\"Organization\"],\"@id\":\"https:\/\/mhf.ro\/mm\/#\/schema\/person\/a3bebf7bdb4bf12f698aff73c7e46c21\",\"name\":\"Marius Marcu\",\"image\":{\"@type\":\"ImageObject\",\"inLanguage\":\"ro-RO\",\"@id\":\"https:\/\/mhf.ro\/mm\/#\/schema\/person\/image\/\",\"url\":\"https:\/\/mhf.ro\/mm\/wp-content\/uploads\/2025\/12\/cropped-logo_mhf_2.png\",\"contentUrl\":\"https:\/\/mhf.ro\/mm\/wp-content\/uploads\/2025\/12\/cropped-logo_mhf_2.png\",\"width\":1096,\"height\":457,\"caption\":\"Marius Marcu\"},\"logo\":{\"@id\":\"https:\/\/mhf.ro\/mm\/#\/schema\/person\/image\/\"},\"sameAs\":[\"https:\/\/mhf.ro\/mm\"]},{\"@type\":\"Person\",\"@id\":\"https:\/\/mhf.ro\/mm\/#\/schema\/person\/d2e8248dfe54de3d7284ff7254d2e29b\",\"name\":\"Ciurtin Tavi\",\"image\":{\"@type\":\"ImageObject\",\"inLanguage\":\"ro-RO\",\"@id\":\"https:\/\/mhf.ro\/mm\/#\/schema\/person\/image\/\",\"url\":\"https:\/\/secure.gravatar.com\/avatar\/5afa01044b4e9328c510b64d3aa571c665404d2e22859f2e114ebd21774aab9c?s=96&d=monsterid&r=g\",\"contentUrl\":\"https:\/\/secure.gravatar.com\/avatar\/5afa01044b4e9328c510b64d3aa571c665404d2e22859f2e114ebd21774aab9c?s=96&d=monsterid&r=g\",\"caption\":\"Ciurtin Tavi\"},\"description\":\"N-am crezut niciodata ca ce am vizionat in vis, va fi permanent lege pentru mine... as fi isteric sa cred, ca, chiar eu pot sa-mi duc neputinta atat de mult sa cred ca eu... nu mai stiu sa glumesc, cu el, cu ea, cu tine, si in ultimul rand... cu mine... stii ce as vrea? ca eu nu stiu.... ma catar doar pe o dorinta, fumeganda-n mintea mea, asa, apucata de un ciucur ca un vis.... un vis legitim, nu unul....labartit din memoria somnului, ca... ultima discutie cu tine! hai, pa... ma duc sa-mi mustruluiesc, speranta de-a avea curajul sa revina la suprafata inaintea zorilor .\",\"sameAs\":[\"https:\/\/mhf.ro\/mm\"],\"url\":\"https:\/\/mhf.ro\/mm\/author\/tavi\/\"}]}<\/script>\n<!-- \/ Yoast SEO plugin. -->","yoast_head_json":{"title":"At\u00e2t de t\u00e2n\u0103r\u0103... - MHF Photography","robots":{"index":"index","follow":"follow","max-snippet":"max-snippet:-1","max-image-preview":"max-image-preview:large","max-video-preview":"max-video-preview:-1"},"canonical":"https:\/\/mhf.ro\/mm\/atat-de-tanara\/","og_locale":"ro_RO","og_type":"article","og_title":"At\u00e2t de t\u00e2n\u0103r\u0103... - MHF Photography","og_description":"At\u00e2t de t\u00e2n\u0103r\u0103 e\u0219ti doamn\u0103, o frumoas\u0103 de giule\u0219ti, ca un liliac \u00een floare, \u0219i drag\u0103 tare-mi e\u0219ti. dar ce","og_url":"https:\/\/mhf.ro\/mm\/atat-de-tanara\/","og_site_name":"MHF Photography","article_published_time":"2020-05-02T15:13:47+00:00","article_modified_time":"2020-05-20T11:57:29+00:00","og_image":[{"width":600,"height":903,"url":"https:\/\/mhf.ro\/mm\/wp-content\/uploads\/2020\/05\/Tiganci-florarese-pe-bulevardul-Bratianu-Staatsarchiv-Freiburg-W-134-Nr.-033226e.jpg","type":"image\/jpeg"}],"author":"Ciurtin Tavi","twitter_card":"summary_large_image","twitter_misc":{"Scris de":"Ciurtin Tavi","Timp estimat pentru citire":"1 minut"},"schema":{"@context":"https:\/\/schema.org","@graph":[{"@type":"Article","@id":"https:\/\/mhf.ro\/mm\/atat-de-tanara\/#article","isPartOf":{"@id":"https:\/\/mhf.ro\/mm\/atat-de-tanara\/"},"author":{"name":"Ciurtin Tavi","@id":"https:\/\/mhf.ro\/mm\/#\/schema\/person\/d2e8248dfe54de3d7284ff7254d2e29b"},"headline":"At\u00e2t de t\u00e2n\u0103r\u0103&#8230;","datePublished":"2020-05-02T15:13:47+00:00","dateModified":"2020-05-20T11:57:29+00:00","mainEntityOfPage":{"@id":"https:\/\/mhf.ro\/mm\/atat-de-tanara\/"},"wordCount":172,"commentCount":0,"publisher":{"@id":"https:\/\/mhf.ro\/mm\/#\/schema\/person\/a3bebf7bdb4bf12f698aff73c7e46c21"},"image":{"@id":"https:\/\/mhf.ro\/mm\/atat-de-tanara\/#primaryimage"},"thumbnailUrl":"https:\/\/mhf.ro\/mm\/wp-content\/uploads\/2020\/05\/Tiganci-florarese-pe-bulevardul-Bratianu-Staatsarchiv-Freiburg-W-134-Nr.-033226e.jpg","articleSection":["Diverse"],"inLanguage":"ro-RO","potentialAction":[{"@type":"CommentAction","name":"Comment","target":["https:\/\/mhf.ro\/mm\/atat-de-tanara\/#respond"]}]},{"@type":"WebPage","@id":"https:\/\/mhf.ro\/mm\/atat-de-tanara\/","url":"https:\/\/mhf.ro\/mm\/atat-de-tanara\/","name":"At\u00e2t de t\u00e2n\u0103r\u0103... - MHF Photography","isPartOf":{"@id":"https:\/\/mhf.ro\/mm\/#website"},"primaryImageOfPage":{"@id":"https:\/\/mhf.ro\/mm\/atat-de-tanara\/#primaryimage"},"image":{"@id":"https:\/\/mhf.ro\/mm\/atat-de-tanara\/#primaryimage"},"thumbnailUrl":"https:\/\/mhf.ro\/mm\/wp-content\/uploads\/2020\/05\/Tiganci-florarese-pe-bulevardul-Bratianu-Staatsarchiv-Freiburg-W-134-Nr.-033226e.jpg","datePublished":"2020-05-02T15:13:47+00:00","dateModified":"2020-05-20T11:57:29+00:00","breadcrumb":{"@id":"https:\/\/mhf.ro\/mm\/atat-de-tanara\/#breadcrumb"},"inLanguage":"ro-RO","potentialAction":[{"@type":"ReadAction","target":["https:\/\/mhf.ro\/mm\/atat-de-tanara\/"]}]},{"@type":"ImageObject","inLanguage":"ro-RO","@id":"https:\/\/mhf.ro\/mm\/atat-de-tanara\/#primaryimage","url":"https:\/\/mhf.ro\/mm\/wp-content\/uploads\/2020\/05\/Tiganci-florarese-pe-bulevardul-Bratianu-Staatsarchiv-Freiburg-W-134-Nr.-033226e.jpg","contentUrl":"https:\/\/mhf.ro\/mm\/wp-content\/uploads\/2020\/05\/Tiganci-florarese-pe-bulevardul-Bratianu-Staatsarchiv-Freiburg-W-134-Nr.-033226e.jpg","width":600,"height":903},{"@type":"BreadcrumbList","@id":"https:\/\/mhf.ro\/mm\/atat-de-tanara\/#breadcrumb","itemListElement":[{"@type":"ListItem","position":1,"name":"Prima pagin\u0103","item":"https:\/\/mhf.ro\/mm\/"},{"@type":"ListItem","position":2,"name":"At\u00e2t de t\u00e2n\u0103r\u0103&#8230;"}]},{"@type":"WebSite","@id":"https:\/\/mhf.ro\/mm\/#website","url":"https:\/\/mhf.ro\/mm\/","name":"MHF Photography \u2013 Blog de fotografie, natur\u0103 \u0219i tehnic\u0103 divers\u0103","description":"Aventur\u0103 \u00een fiecare cadru.","publisher":{"@id":"https:\/\/mhf.ro\/mm\/#\/schema\/person\/a3bebf7bdb4bf12f698aff73c7e46c21"},"potentialAction":[{"@type":"SearchAction","target":{"@type":"EntryPoint","urlTemplate":"https:\/\/mhf.ro\/mm\/?s={search_term_string}"},"query-input":{"@type":"PropertyValueSpecification","valueRequired":true,"valueName":"search_term_string"}}],"inLanguage":"ro-RO"},{"@type":["Person","Organization"],"@id":"https:\/\/mhf.ro\/mm\/#\/schema\/person\/a3bebf7bdb4bf12f698aff73c7e46c21","name":"Marius Marcu","image":{"@type":"ImageObject","inLanguage":"ro-RO","@id":"https:\/\/mhf.ro\/mm\/#\/schema\/person\/image\/","url":"https:\/\/mhf.ro\/mm\/wp-content\/uploads\/2025\/12\/cropped-logo_mhf_2.png","contentUrl":"https:\/\/mhf.ro\/mm\/wp-content\/uploads\/2025\/12\/cropped-logo_mhf_2.png","width":1096,"height":457,"caption":"Marius Marcu"},"logo":{"@id":"https:\/\/mhf.ro\/mm\/#\/schema\/person\/image\/"},"sameAs":["https:\/\/mhf.ro\/mm"]},{"@type":"Person","@id":"https:\/\/mhf.ro\/mm\/#\/schema\/person\/d2e8248dfe54de3d7284ff7254d2e29b","name":"Ciurtin Tavi","image":{"@type":"ImageObject","inLanguage":"ro-RO","@id":"https:\/\/mhf.ro\/mm\/#\/schema\/person\/image\/","url":"https:\/\/secure.gravatar.com\/avatar\/5afa01044b4e9328c510b64d3aa571c665404d2e22859f2e114ebd21774aab9c?s=96&d=monsterid&r=g","contentUrl":"https:\/\/secure.gravatar.com\/avatar\/5afa01044b4e9328c510b64d3aa571c665404d2e22859f2e114ebd21774aab9c?s=96&d=monsterid&r=g","caption":"Ciurtin Tavi"},"description":"N-am crezut niciodata ca ce am vizionat in vis, va fi permanent lege pentru mine... as fi isteric sa cred, ca, chiar eu pot sa-mi duc neputinta atat de mult sa cred ca eu... nu mai stiu sa glumesc, cu el, cu ea, cu tine, si in ultimul rand... cu mine... stii ce as vrea? ca eu nu stiu.... ma catar doar pe o dorinta, fumeganda-n mintea mea, asa, apucata de un ciucur ca un vis.... un vis legitim, nu unul....labartit din memoria somnului, ca... ultima discutie cu tine! hai, pa... ma duc sa-mi mustruluiesc, speranta de-a avea curajul sa revina la suprafata inaintea zorilor .","sameAs":["https:\/\/mhf.ro\/mm"],"url":"https:\/\/mhf.ro\/mm\/author\/tavi\/"}]}},"_links":{"self":[{"href":"https:\/\/mhf.ro\/mm\/wp-json\/wp\/v2\/posts\/1164","targetHints":{"allow":["GET"]}}],"collection":[{"href":"https:\/\/mhf.ro\/mm\/wp-json\/wp\/v2\/posts"}],"about":[{"href":"https:\/\/mhf.ro\/mm\/wp-json\/wp\/v2\/types\/post"}],"author":[{"embeddable":true,"href":"https:\/\/mhf.ro\/mm\/wp-json\/wp\/v2\/users\/3"}],"replies":[{"embeddable":true,"href":"https:\/\/mhf.ro\/mm\/wp-json\/wp\/v2\/comments?post=1164"}],"version-history":[{"count":3,"href":"https:\/\/mhf.ro\/mm\/wp-json\/wp\/v2\/posts\/1164\/revisions"}],"predecessor-version":[{"id":1465,"href":"https:\/\/mhf.ro\/mm\/wp-json\/wp\/v2\/posts\/1164\/revisions\/1465"}],"wp:featuredmedia":[{"embeddable":true,"href":"https:\/\/mhf.ro\/mm\/wp-json\/wp\/v2\/media\/1165"}],"wp:attachment":[{"href":"https:\/\/mhf.ro\/mm\/wp-json\/wp\/v2\/media?parent=1164"}],"wp:term":[{"taxonomy":"category","embeddable":true,"href":"https:\/\/mhf.ro\/mm\/wp-json\/wp\/v2\/categories?post=1164"},{"taxonomy":"post_tag","embeddable":true,"href":"https:\/\/mhf.ro\/mm\/wp-json\/wp\/v2\/tags?post=1164"}],"curies":[{"name":"wp","href":"https:\/\/api.w.org\/{rel}","templated":true}]}}