{"id":1236,"date":"2020-05-07T19:14:55","date_gmt":"2020-05-07T19:14:55","guid":{"rendered":"https:\/\/mhf.ro\/mm\/?p=1236"},"modified":"2020-05-07T19:19:04","modified_gmt":"2020-05-07T19:19:04","slug":"fraier-daca-respect-legile-si-restrictiile","status":"publish","type":"post","link":"https:\/\/mhf.ro\/mm\/fraier-daca-respect-legile-si-restrictiile\/","title":{"rendered":"Fraier daca respect legile si restrictiile ?"},"content":{"rendered":"<p>Noi, cetatenii Romaniei, avem tendinta de a nu respecta regulile si legile, probabil se datoreaza regimului socialist. Amenziile, indiferent de marime, nu isi ating scopul. In perioada aceasta grea, cand luptam totii cu un inamic invizibil, crud, nemilos si nepartinitor, sanctiunile impuse de autoritati au ca scop protejarea sanatatii si vietii cetatenilor. Chiar daca au fost marite la niste sume colosale, tot am ajuns in situatia ca sute de mii de cetateni sa fie amendati. Discutiile si dezbaterile televizate sunt partinitoare, permanent cu tenta politica, mereu cu tendinta de manipulare. De ce mereu ne punem intrebarile gresite? In loc sa ne intrebam de ce sunt asa mari amenzile si sa ne razvratim in inconstienta noastra, ajutati permanent de agitatorii politici, ar trebui sa gandim constructiv, sa ne intrebam, oare de ce nu putem respecta legea si restrictiile, de ce am ajuns in situatia penibila ca sute de mii de cetateni sa fie amendati, de ce trebuie sa fim ajutati cu forta ? Trebuie sa fim atenti la fel de fel de manipulari ordinare.\u00a0 O femeie din Bucuresti, a parcat in loc nepermis si a fost amendata. Pe un post tv se dezbate aprins faptul ca femeia nu trebuia amendata, datorita faptului ca distribuia mancare. A fost adus ca si argument suplimentar faptul ca distribuia mancare si politiei. Femeia are un restaurant in zona si distribuie mancare in aceasta perioada. Lucrurile trebuie privite obiectiv, orice incalcare a legii trebuie sanctionata, altfel se ajunge la anarhie, la abuzuri. Scopul nu trebuie sa scuze mijloacele.<\/p>\n<p><a href=\"http:\/\/riz.ro\" target=\"_blank\" rel=\"noopener noreferrer\"><img decoding=\"async\" class=\"alignright wp-image-1187\" src=\"https:\/\/mhf.ro\/mm\/wp-content\/uploads\/2020\/05\/ReclamaRiz_1-150x150.png\" alt=\"Profile din polistiren\" width=\"110\" height=\"41\" srcset=\"https:\/\/mhf.ro\/mm\/wp-content\/uploads\/2020\/05\/ReclamaRiz_1-300x111.png 300w, https:\/\/mhf.ro\/mm\/wp-content\/uploads\/2020\/05\/ReclamaRiz_1-1024x377.png 1024w, https:\/\/mhf.ro\/mm\/wp-content\/uploads\/2020\/05\/ReclamaRiz_1-768x283.png 768w, https:\/\/mhf.ro\/mm\/wp-content\/uploads\/2020\/05\/ReclamaRiz_1.png 1295w\" sizes=\"(max-width: 110px) 100vw, 110px\" \/><\/a><\/p>\n","protected":false},"excerpt":{"rendered":"<p>Noi, cetatenii Romaniei, avem tendinta de a nu respecta regulile si legile, probabil se datoreaza regimului socialist. Amenziile, indiferent de<\/p>\n","protected":false},"author":1,"featured_media":1238,"comment_status":"open","ping_status":"open","sticky":false,"template":"","format":"standard","meta":{"colormag_page_container_layout":"default_layout","colormag_page_sidebar_layout":"default_layout","footnotes":""},"categories":[5],"tags":[],"class_list":["post-1236","post","type-post","status-publish","format-standard","has-post-thumbnail","hentry","category-locale"],"yoast_head":"<!-- This site is optimized with the Yoast SEO plugin v27.0 - https:\/\/yoast.com\/product\/yoast-seo-wordpress\/ -->\n<title>Fraier daca respect legile si restrictiile ? - MHF Photography<\/title>\n<meta name=\"description\" content=\"In perioada aceasta grea, cand luptam totii cu un inamic invizibil, crud, nemilos si nepartinitor, sanctiunile impuse de autoritati au ca scop protejarea sanatatii si vietii cetatenilor.\" \/>\n<meta name=\"robots\" content=\"index, follow, max-snippet:-1, max-image-preview:large, max-video-preview:-1\" \/>\n<link rel=\"canonical\" href=\"https:\/\/mhf.ro\/mm\/fraier-daca-respect-legile-si-restrictiile\/\" \/>\n<meta property=\"og:locale\" content=\"ro_RO\" \/>\n<meta property=\"og:type\" content=\"article\" \/>\n<meta property=\"og:title\" content=\"Fraier daca respect legile si restrictiile ? - MHF Photography\" \/>\n<meta property=\"og:description\" content=\"In perioada aceasta grea, cand luptam totii cu un inamic invizibil, crud, nemilos si nepartinitor, sanctiunile impuse de autoritati au ca scop protejarea sanatatii si vietii cetatenilor.\" \/>\n<meta property=\"og:url\" content=\"https:\/\/mhf.ro\/mm\/fraier-daca-respect-legile-si-restrictiile\/\" \/>\n<meta property=\"og:site_name\" content=\"MHF Photography\" \/>\n<meta property=\"article:published_time\" content=\"2020-05-07T19:14:55+00:00\" \/>\n<meta property=\"article:modified_time\" content=\"2020-05-07T19:19:04+00:00\" \/>\n<meta property=\"og:image\" content=\"https:\/\/mhf.ro\/mm\/wp-content\/uploads\/2020\/05\/amenda.jpg\" \/>\n\t<meta property=\"og:image:width\" content=\"978\" \/>\n\t<meta property=\"og:image:height\" content=\"639\" \/>\n\t<meta property=\"og:image:type\" content=\"image\/jpeg\" \/>\n<meta name=\"author\" content=\"Marius Marcu\" \/>\n<meta name=\"twitter:card\" content=\"summary_large_image\" \/>\n<meta name=\"twitter:label1\" content=\"Scris de\" \/>\n\t<meta name=\"twitter:data1\" content=\"Marius Marcu\" \/>\n\t<meta name=\"twitter:label2\" content=\"Timp estimat pentru citire\" \/>\n\t<meta name=\"twitter:data2\" content=\"1 minut\" \/>\n<script type=\"application\/ld+json\" class=\"yoast-schema-graph\">{\"@context\":\"https:\/\/schema.org\",\"@graph\":[{\"@type\":\"Article\",\"@id\":\"https:\/\/mhf.ro\/mm\/fraier-daca-respect-legile-si-restrictiile\/#article\",\"isPartOf\":{\"@id\":\"https:\/\/mhf.ro\/mm\/fraier-daca-respect-legile-si-restrictiile\/\"},\"author\":{\"name\":\"Marius Marcu\",\"@id\":\"https:\/\/mhf.ro\/mm\/#\/schema\/person\/a3bebf7bdb4bf12f698aff73c7e46c21\"},\"headline\":\"Fraier daca respect legile si restrictiile ?\",\"datePublished\":\"2020-05-07T19:14:55+00:00\",\"dateModified\":\"2020-05-07T19:19:04+00:00\",\"mainEntityOfPage\":{\"@id\":\"https:\/\/mhf.ro\/mm\/fraier-daca-respect-legile-si-restrictiile\/\"},\"wordCount\":257,\"commentCount\":0,\"publisher\":{\"@id\":\"https:\/\/mhf.ro\/mm\/#\/schema\/person\/a3bebf7bdb4bf12f698aff73c7e46c21\"},\"image\":{\"@id\":\"https:\/\/mhf.ro\/mm\/fraier-daca-respect-legile-si-restrictiile\/#primaryimage\"},\"thumbnailUrl\":\"https:\/\/mhf.ro\/mm\/wp-content\/uploads\/2020\/05\/amenda.jpg\",\"articleSection\":[\"Locale\"],\"inLanguage\":\"ro-RO\",\"potentialAction\":[{\"@type\":\"CommentAction\",\"name\":\"Comment\",\"target\":[\"https:\/\/mhf.ro\/mm\/fraier-daca-respect-legile-si-restrictiile\/#respond\"]}]},{\"@type\":\"WebPage\",\"@id\":\"https:\/\/mhf.ro\/mm\/fraier-daca-respect-legile-si-restrictiile\/\",\"url\":\"https:\/\/mhf.ro\/mm\/fraier-daca-respect-legile-si-restrictiile\/\",\"name\":\"Fraier daca respect legile si restrictiile ? - MHF Photography\",\"isPartOf\":{\"@id\":\"https:\/\/mhf.ro\/mm\/#website\"},\"primaryImageOfPage\":{\"@id\":\"https:\/\/mhf.ro\/mm\/fraier-daca-respect-legile-si-restrictiile\/#primaryimage\"},\"image\":{\"@id\":\"https:\/\/mhf.ro\/mm\/fraier-daca-respect-legile-si-restrictiile\/#primaryimage\"},\"thumbnailUrl\":\"https:\/\/mhf.ro\/mm\/wp-content\/uploads\/2020\/05\/amenda.jpg\",\"datePublished\":\"2020-05-07T19:14:55+00:00\",\"dateModified\":\"2020-05-07T19:19:04+00:00\",\"description\":\"In perioada aceasta grea, cand luptam totii cu un inamic invizibil, crud, nemilos si nepartinitor, sanctiunile impuse de autoritati au ca scop protejarea sanatatii si vietii cetatenilor.\",\"breadcrumb\":{\"@id\":\"https:\/\/mhf.ro\/mm\/fraier-daca-respect-legile-si-restrictiile\/#breadcrumb\"},\"inLanguage\":\"ro-RO\",\"potentialAction\":[{\"@type\":\"ReadAction\",\"target\":[\"https:\/\/mhf.ro\/mm\/fraier-daca-respect-legile-si-restrictiile\/\"]}]},{\"@type\":\"ImageObject\",\"inLanguage\":\"ro-RO\",\"@id\":\"https:\/\/mhf.ro\/mm\/fraier-daca-respect-legile-si-restrictiile\/#primaryimage\",\"url\":\"https:\/\/mhf.ro\/mm\/wp-content\/uploads\/2020\/05\/amenda.jpg\",\"contentUrl\":\"https:\/\/mhf.ro\/mm\/wp-content\/uploads\/2020\/05\/amenda.jpg\",\"width\":978,\"height\":639},{\"@type\":\"BreadcrumbList\",\"@id\":\"https:\/\/mhf.ro\/mm\/fraier-daca-respect-legile-si-restrictiile\/#breadcrumb\",\"itemListElement\":[{\"@type\":\"ListItem\",\"position\":1,\"name\":\"Prima pagin\u0103\",\"item\":\"https:\/\/mhf.ro\/mm\/\"},{\"@type\":\"ListItem\",\"position\":2,\"name\":\"Fraier daca respect legile si restrictiile ?\"}]},{\"@type\":\"WebSite\",\"@id\":\"https:\/\/mhf.ro\/mm\/#website\",\"url\":\"https:\/\/mhf.ro\/mm\/\",\"name\":\"MHF Photography \u2013 Blog de fotografie, natur\u0103 \u0219i tehnic\u0103 divers\u0103\",\"description\":\"Aventur\u0103 \u00een fiecare cadru.\",\"publisher\":{\"@id\":\"https:\/\/mhf.ro\/mm\/#\/schema\/person\/a3bebf7bdb4bf12f698aff73c7e46c21\"},\"potentialAction\":[{\"@type\":\"SearchAction\",\"target\":{\"@type\":\"EntryPoint\",\"urlTemplate\":\"https:\/\/mhf.ro\/mm\/?s={search_term_string}\"},\"query-input\":{\"@type\":\"PropertyValueSpecification\",\"valueRequired\":true,\"valueName\":\"search_term_string\"}}],\"inLanguage\":\"ro-RO\"},{\"@type\":[\"Person\",\"Organization\"],\"@id\":\"https:\/\/mhf.ro\/mm\/#\/schema\/person\/a3bebf7bdb4bf12f698aff73c7e46c21\",\"name\":\"Marius Marcu\",\"image\":{\"@type\":\"ImageObject\",\"inLanguage\":\"ro-RO\",\"@id\":\"https:\/\/mhf.ro\/mm\/#\/schema\/person\/image\/\",\"url\":\"https:\/\/mhf.ro\/mm\/wp-content\/uploads\/2025\/12\/cropped-logo_mhf_2.png\",\"contentUrl\":\"https:\/\/mhf.ro\/mm\/wp-content\/uploads\/2025\/12\/cropped-logo_mhf_2.png\",\"width\":1096,\"height\":457,\"caption\":\"Marius Marcu\"},\"logo\":{\"@id\":\"https:\/\/mhf.ro\/mm\/#\/schema\/person\/image\/\"},\"sameAs\":[\"https:\/\/mhf.ro\/mm\"],\"url\":\"https:\/\/mhf.ro\/mm\/author\/mihai\/\"}]}<\/script>\n<!-- \/ Yoast SEO plugin. -->","yoast_head_json":{"title":"Fraier daca respect legile si restrictiile ? - MHF Photography","description":"In perioada aceasta grea, cand luptam totii cu un inamic invizibil, crud, nemilos si nepartinitor, sanctiunile impuse de autoritati au ca scop protejarea sanatatii si vietii cetatenilor.","robots":{"index":"index","follow":"follow","max-snippet":"max-snippet:-1","max-image-preview":"max-image-preview:large","max-video-preview":"max-video-preview:-1"},"canonical":"https:\/\/mhf.ro\/mm\/fraier-daca-respect-legile-si-restrictiile\/","og_locale":"ro_RO","og_type":"article","og_title":"Fraier daca respect legile si restrictiile ? - MHF Photography","og_description":"In perioada aceasta grea, cand luptam totii cu un inamic invizibil, crud, nemilos si nepartinitor, sanctiunile impuse de autoritati au ca scop protejarea sanatatii si vietii cetatenilor.","og_url":"https:\/\/mhf.ro\/mm\/fraier-daca-respect-legile-si-restrictiile\/","og_site_name":"MHF Photography","article_published_time":"2020-05-07T19:14:55+00:00","article_modified_time":"2020-05-07T19:19:04+00:00","og_image":[{"width":978,"height":639,"url":"https:\/\/mhf.ro\/mm\/wp-content\/uploads\/2020\/05\/amenda.jpg","type":"image\/jpeg"}],"author":"Marius Marcu","twitter_card":"summary_large_image","twitter_misc":{"Scris de":"Marius Marcu","Timp estimat pentru citire":"1 minut"},"schema":{"@context":"https:\/\/schema.org","@graph":[{"@type":"Article","@id":"https:\/\/mhf.ro\/mm\/fraier-daca-respect-legile-si-restrictiile\/#article","isPartOf":{"@id":"https:\/\/mhf.ro\/mm\/fraier-daca-respect-legile-si-restrictiile\/"},"author":{"name":"Marius Marcu","@id":"https:\/\/mhf.ro\/mm\/#\/schema\/person\/a3bebf7bdb4bf12f698aff73c7e46c21"},"headline":"Fraier daca respect legile si restrictiile ?","datePublished":"2020-05-07T19:14:55+00:00","dateModified":"2020-05-07T19:19:04+00:00","mainEntityOfPage":{"@id":"https:\/\/mhf.ro\/mm\/fraier-daca-respect-legile-si-restrictiile\/"},"wordCount":257,"commentCount":0,"publisher":{"@id":"https:\/\/mhf.ro\/mm\/#\/schema\/person\/a3bebf7bdb4bf12f698aff73c7e46c21"},"image":{"@id":"https:\/\/mhf.ro\/mm\/fraier-daca-respect-legile-si-restrictiile\/#primaryimage"},"thumbnailUrl":"https:\/\/mhf.ro\/mm\/wp-content\/uploads\/2020\/05\/amenda.jpg","articleSection":["Locale"],"inLanguage":"ro-RO","potentialAction":[{"@type":"CommentAction","name":"Comment","target":["https:\/\/mhf.ro\/mm\/fraier-daca-respect-legile-si-restrictiile\/#respond"]}]},{"@type":"WebPage","@id":"https:\/\/mhf.ro\/mm\/fraier-daca-respect-legile-si-restrictiile\/","url":"https:\/\/mhf.ro\/mm\/fraier-daca-respect-legile-si-restrictiile\/","name":"Fraier daca respect legile si restrictiile ? - MHF Photography","isPartOf":{"@id":"https:\/\/mhf.ro\/mm\/#website"},"primaryImageOfPage":{"@id":"https:\/\/mhf.ro\/mm\/fraier-daca-respect-legile-si-restrictiile\/#primaryimage"},"image":{"@id":"https:\/\/mhf.ro\/mm\/fraier-daca-respect-legile-si-restrictiile\/#primaryimage"},"thumbnailUrl":"https:\/\/mhf.ro\/mm\/wp-content\/uploads\/2020\/05\/amenda.jpg","datePublished":"2020-05-07T19:14:55+00:00","dateModified":"2020-05-07T19:19:04+00:00","description":"In perioada aceasta grea, cand luptam totii cu un inamic invizibil, crud, nemilos si nepartinitor, sanctiunile impuse de autoritati au ca scop protejarea sanatatii si vietii cetatenilor.","breadcrumb":{"@id":"https:\/\/mhf.ro\/mm\/fraier-daca-respect-legile-si-restrictiile\/#breadcrumb"},"inLanguage":"ro-RO","potentialAction":[{"@type":"ReadAction","target":["https:\/\/mhf.ro\/mm\/fraier-daca-respect-legile-si-restrictiile\/"]}]},{"@type":"ImageObject","inLanguage":"ro-RO","@id":"https:\/\/mhf.ro\/mm\/fraier-daca-respect-legile-si-restrictiile\/#primaryimage","url":"https:\/\/mhf.ro\/mm\/wp-content\/uploads\/2020\/05\/amenda.jpg","contentUrl":"https:\/\/mhf.ro\/mm\/wp-content\/uploads\/2020\/05\/amenda.jpg","width":978,"height":639},{"@type":"BreadcrumbList","@id":"https:\/\/mhf.ro\/mm\/fraier-daca-respect-legile-si-restrictiile\/#breadcrumb","itemListElement":[{"@type":"ListItem","position":1,"name":"Prima pagin\u0103","item":"https:\/\/mhf.ro\/mm\/"},{"@type":"ListItem","position":2,"name":"Fraier daca respect legile si restrictiile ?"}]},{"@type":"WebSite","@id":"https:\/\/mhf.ro\/mm\/#website","url":"https:\/\/mhf.ro\/mm\/","name":"MHF Photography \u2013 Blog de fotografie, natur\u0103 \u0219i tehnic\u0103 divers\u0103","description":"Aventur\u0103 \u00een fiecare cadru.","publisher":{"@id":"https:\/\/mhf.ro\/mm\/#\/schema\/person\/a3bebf7bdb4bf12f698aff73c7e46c21"},"potentialAction":[{"@type":"SearchAction","target":{"@type":"EntryPoint","urlTemplate":"https:\/\/mhf.ro\/mm\/?s={search_term_string}"},"query-input":{"@type":"PropertyValueSpecification","valueRequired":true,"valueName":"search_term_string"}}],"inLanguage":"ro-RO"},{"@type":["Person","Organization"],"@id":"https:\/\/mhf.ro\/mm\/#\/schema\/person\/a3bebf7bdb4bf12f698aff73c7e46c21","name":"Marius Marcu","image":{"@type":"ImageObject","inLanguage":"ro-RO","@id":"https:\/\/mhf.ro\/mm\/#\/schema\/person\/image\/","url":"https:\/\/mhf.ro\/mm\/wp-content\/uploads\/2025\/12\/cropped-logo_mhf_2.png","contentUrl":"https:\/\/mhf.ro\/mm\/wp-content\/uploads\/2025\/12\/cropped-logo_mhf_2.png","width":1096,"height":457,"caption":"Marius Marcu"},"logo":{"@id":"https:\/\/mhf.ro\/mm\/#\/schema\/person\/image\/"},"sameAs":["https:\/\/mhf.ro\/mm"],"url":"https:\/\/mhf.ro\/mm\/author\/mihai\/"}]}},"_links":{"self":[{"href":"https:\/\/mhf.ro\/mm\/wp-json\/wp\/v2\/posts\/1236","targetHints":{"allow":["GET"]}}],"collection":[{"href":"https:\/\/mhf.ro\/mm\/wp-json\/wp\/v2\/posts"}],"about":[{"href":"https:\/\/mhf.ro\/mm\/wp-json\/wp\/v2\/types\/post"}],"author":[{"embeddable":true,"href":"https:\/\/mhf.ro\/mm\/wp-json\/wp\/v2\/users\/1"}],"replies":[{"embeddable":true,"href":"https:\/\/mhf.ro\/mm\/wp-json\/wp\/v2\/comments?post=1236"}],"version-history":[{"count":3,"href":"https:\/\/mhf.ro\/mm\/wp-json\/wp\/v2\/posts\/1236\/revisions"}],"predecessor-version":[{"id":1240,"href":"https:\/\/mhf.ro\/mm\/wp-json\/wp\/v2\/posts\/1236\/revisions\/1240"}],"wp:featuredmedia":[{"embeddable":true,"href":"https:\/\/mhf.ro\/mm\/wp-json\/wp\/v2\/media\/1238"}],"wp:attachment":[{"href":"https:\/\/mhf.ro\/mm\/wp-json\/wp\/v2\/media?parent=1236"}],"wp:term":[{"taxonomy":"category","embeddable":true,"href":"https:\/\/mhf.ro\/mm\/wp-json\/wp\/v2\/categories?post=1236"},{"taxonomy":"post_tag","embeddable":true,"href":"https:\/\/mhf.ro\/mm\/wp-json\/wp\/v2\/tags?post=1236"}],"curies":[{"name":"wp","href":"https:\/\/api.w.org\/{rel}","templated":true}]}}