{"id":1247,"date":"2020-05-07T20:31:00","date_gmt":"2020-05-07T18:31:00","guid":{"rendered":"https:\/\/mhf.ro\/mm\/?p=1247"},"modified":"2021-04-21T08:45:06","modified_gmt":"2021-04-21T06:45:06","slug":"nu-stiu-se-va-mai-lumina-vreodata","status":"publish","type":"post","link":"https:\/\/mhf.ro\/mm\/nu-stiu-se-va-mai-lumina-vreodata\/","title":{"rendered":"Nu \u015ftiu, se va mai lumina vreodat\u0103?"},"content":{"rendered":"<p>&nbsp;<\/p>\n<p>Traim, ce lumea n-a trait vreodat\u0103,<br \/>\nun r\u0103zboi in lumea toata&#8230;<span class=\"text_exposed_show\"><br \/>\nnu cad bombe, aviatia nu zboar\u0103,<br \/>\nsi totusi&#8230; ceva ne omoara.<\/span><\/p>\n<div class=\"text_exposed_show\">\n<p>S-a declansat ca &#8222;sfar\u0103-n \u0163ar\u0103&#8221;<br \/>\nun inamic ne cauta pe-afara,<br \/>\nsi-n iuresul ce trepideaza-n stiri&#8230;<br \/>\nsub cheie stam, copii, batrani, martiri.<\/p>\n<p>S-au unit guverne mondiale,<br \/>\ncu b\u00e2ta-n m\u00e2n\u0103, la amenzi stradale&#8230;<br \/>\ncopilul, izolat de neamuri si parinti<br \/>\ncheia la gat, o amintire de la sfinti.<\/p>\n<p>S-a-ntunecat, si seara e pustie,<br \/>\nsotron, de-a scunsa-lea-n &#8222;cutie&#8221;<br \/>\nadio gust amar de ciocolata,<br \/>\nne vom trezi?<br \/>\nSe va mai lumina vreodata?<\/p>\n<p>Poza\/net<\/p>\n<p style=\"text-align: center;\"><a href=\"http:\/\/riz.ro\" target=\"_blank\" rel=\"noopener noreferrer\"><img decoding=\"async\" class=\"alignright wp-image-1187\" src=\"https:\/\/mhf.ro\/mm\/wp-content\/uploads\/2020\/05\/ReclamaRiz_1-150x150.png\" alt=\"Profile din polistiren\" width=\"110\" height=\"41\" srcset=\"https:\/\/mhf.ro\/mm\/wp-content\/uploads\/2020\/05\/ReclamaRiz_1-300x111.png 300w, https:\/\/mhf.ro\/mm\/wp-content\/uploads\/2020\/05\/ReclamaRiz_1-1024x377.png 1024w, https:\/\/mhf.ro\/mm\/wp-content\/uploads\/2020\/05\/ReclamaRiz_1-768x283.png 768w, https:\/\/mhf.ro\/mm\/wp-content\/uploads\/2020\/05\/ReclamaRiz_1.png 1295w\" sizes=\"(max-width: 110px) 100vw, 110px\" \/>RadioVoceaBlajului.ro<\/a><\/p>\n<\/div>\n","protected":false},"excerpt":{"rendered":"<p>&nbsp; Traim, ce lumea n-a trait vreodat\u0103, un r\u0103zboi in lumea toata&#8230; nu cad bombe, aviatia nu zboar\u0103, si totusi&#8230;<\/p>\n","protected":false},"author":3,"featured_media":1246,"comment_status":"open","ping_status":"open","sticky":false,"template":"","format":"standard","meta":{"colormag_page_container_layout":"default_layout","colormag_page_sidebar_layout":"default_layout","footnotes":""},"categories":[21,8],"tags":[],"class_list":["post-1247","post","type-post","status-publish","format-standard","has-post-thumbnail","hentry","category-arta","category-div"],"yoast_head":"<!-- This site is optimized with the Yoast SEO plugin v27.0 - https:\/\/yoast.com\/product\/yoast-seo-wordpress\/ -->\n<title>Nu \u015ftiu, se va mai lumina vreodat\u0103? - MHF Photography<\/title>\n<meta name=\"description\" content=\"Traim, ce lumea n-a trait vreodat\u0103,un r\u0103zboi in lumea toata...nu cad bombe, aviatia nu zboar\u0103,si totusi... ceva ne omoara.\" \/>\n<meta name=\"robots\" content=\"index, follow, max-snippet:-1, max-image-preview:large, max-video-preview:-1\" \/>\n<link rel=\"canonical\" href=\"https:\/\/mhf.ro\/mm\/nu-stiu-se-va-mai-lumina-vreodata\/\" \/>\n<meta property=\"og:locale\" content=\"ro_RO\" \/>\n<meta property=\"og:type\" content=\"article\" \/>\n<meta property=\"og:title\" content=\"Nu \u015ftiu, se va mai lumina vreodat\u0103? - MHF Photography\" \/>\n<meta property=\"og:description\" content=\"Traim, ce lumea n-a trait vreodat\u0103,un r\u0103zboi in lumea toata...nu cad bombe, aviatia nu zboar\u0103,si totusi... ceva ne omoara.\" \/>\n<meta property=\"og:url\" content=\"https:\/\/mhf.ro\/mm\/nu-stiu-se-va-mai-lumina-vreodata\/\" \/>\n<meta property=\"og:site_name\" content=\"MHF Photography\" \/>\n<meta property=\"article:published_time\" content=\"2020-05-07T18:31:00+00:00\" \/>\n<meta property=\"article:modified_time\" content=\"2021-04-21T06:45:06+00:00\" \/>\n<meta property=\"og:image\" content=\"https:\/\/mhf.ro\/mm\/wp-content\/uploads\/2020\/05\/AnnMar-1.jpg\" \/>\n\t<meta property=\"og:image:width\" content=\"480\" \/>\n\t<meta property=\"og:image:height\" content=\"640\" \/>\n\t<meta property=\"og:image:type\" content=\"image\/jpeg\" \/>\n<meta name=\"author\" content=\"Ciurtin Tavi\" \/>\n<meta name=\"twitter:card\" content=\"summary_large_image\" \/>\n<meta name=\"twitter:label1\" content=\"Scris de\" \/>\n\t<meta name=\"twitter:data1\" content=\"Ciurtin Tavi\" \/>\n<script type=\"application\/ld+json\" class=\"yoast-schema-graph\">{\"@context\":\"https:\/\/schema.org\",\"@graph\":[{\"@type\":\"Article\",\"@id\":\"https:\/\/mhf.ro\/mm\/nu-stiu-se-va-mai-lumina-vreodata\/#article\",\"isPartOf\":{\"@id\":\"https:\/\/mhf.ro\/mm\/nu-stiu-se-va-mai-lumina-vreodata\/\"},\"author\":{\"name\":\"Ciurtin Tavi\",\"@id\":\"https:\/\/mhf.ro\/mm\/#\/schema\/person\/d2e8248dfe54de3d7284ff7254d2e29b\"},\"headline\":\"Nu \u015ftiu, se va mai lumina vreodat\u0103?\",\"datePublished\":\"2020-05-07T18:31:00+00:00\",\"dateModified\":\"2021-04-21T06:45:06+00:00\",\"mainEntityOfPage\":{\"@id\":\"https:\/\/mhf.ro\/mm\/nu-stiu-se-va-mai-lumina-vreodata\/\"},\"wordCount\":105,\"commentCount\":0,\"publisher\":{\"@id\":\"https:\/\/mhf.ro\/mm\/#\/schema\/person\/a3bebf7bdb4bf12f698aff73c7e46c21\"},\"image\":{\"@id\":\"https:\/\/mhf.ro\/mm\/nu-stiu-se-va-mai-lumina-vreodata\/#primaryimage\"},\"thumbnailUrl\":\"https:\/\/mhf.ro\/mm\/wp-content\/uploads\/2020\/05\/AnnMar-1.jpg\",\"articleSection\":[\"Arta\",\"Diverse\"],\"inLanguage\":\"ro-RO\",\"potentialAction\":[{\"@type\":\"CommentAction\",\"name\":\"Comment\",\"target\":[\"https:\/\/mhf.ro\/mm\/nu-stiu-se-va-mai-lumina-vreodata\/#respond\"]}]},{\"@type\":\"WebPage\",\"@id\":\"https:\/\/mhf.ro\/mm\/nu-stiu-se-va-mai-lumina-vreodata\/\",\"url\":\"https:\/\/mhf.ro\/mm\/nu-stiu-se-va-mai-lumina-vreodata\/\",\"name\":\"Nu \u015ftiu, se va mai lumina vreodat\u0103? - MHF Photography\",\"isPartOf\":{\"@id\":\"https:\/\/mhf.ro\/mm\/#website\"},\"primaryImageOfPage\":{\"@id\":\"https:\/\/mhf.ro\/mm\/nu-stiu-se-va-mai-lumina-vreodata\/#primaryimage\"},\"image\":{\"@id\":\"https:\/\/mhf.ro\/mm\/nu-stiu-se-va-mai-lumina-vreodata\/#primaryimage\"},\"thumbnailUrl\":\"https:\/\/mhf.ro\/mm\/wp-content\/uploads\/2020\/05\/AnnMar-1.jpg\",\"datePublished\":\"2020-05-07T18:31:00+00:00\",\"dateModified\":\"2021-04-21T06:45:06+00:00\",\"description\":\"Traim, ce lumea n-a trait vreodat\u0103,un r\u0103zboi in lumea toata...nu cad bombe, aviatia nu zboar\u0103,si totusi... ceva ne omoara.\",\"breadcrumb\":{\"@id\":\"https:\/\/mhf.ro\/mm\/nu-stiu-se-va-mai-lumina-vreodata\/#breadcrumb\"},\"inLanguage\":\"ro-RO\",\"potentialAction\":[{\"@type\":\"ReadAction\",\"target\":[\"https:\/\/mhf.ro\/mm\/nu-stiu-se-va-mai-lumina-vreodata\/\"]}]},{\"@type\":\"ImageObject\",\"inLanguage\":\"ro-RO\",\"@id\":\"https:\/\/mhf.ro\/mm\/nu-stiu-se-va-mai-lumina-vreodata\/#primaryimage\",\"url\":\"https:\/\/mhf.ro\/mm\/wp-content\/uploads\/2020\/05\/AnnMar-1.jpg\",\"contentUrl\":\"https:\/\/mhf.ro\/mm\/wp-content\/uploads\/2020\/05\/AnnMar-1.jpg\",\"width\":480,\"height\":640},{\"@type\":\"BreadcrumbList\",\"@id\":\"https:\/\/mhf.ro\/mm\/nu-stiu-se-va-mai-lumina-vreodata\/#breadcrumb\",\"itemListElement\":[{\"@type\":\"ListItem\",\"position\":1,\"name\":\"Prima pagin\u0103\",\"item\":\"https:\/\/mhf.ro\/mm\/\"},{\"@type\":\"ListItem\",\"position\":2,\"name\":\"Nu \u015ftiu, se va mai lumina vreodat\u0103?\"}]},{\"@type\":\"WebSite\",\"@id\":\"https:\/\/mhf.ro\/mm\/#website\",\"url\":\"https:\/\/mhf.ro\/mm\/\",\"name\":\"MHF Photography \u2013 Blog de fotografie, natur\u0103 \u0219i tehnic\u0103 divers\u0103\",\"description\":\"Aventur\u0103 \u00een fiecare cadru.\",\"publisher\":{\"@id\":\"https:\/\/mhf.ro\/mm\/#\/schema\/person\/a3bebf7bdb4bf12f698aff73c7e46c21\"},\"potentialAction\":[{\"@type\":\"SearchAction\",\"target\":{\"@type\":\"EntryPoint\",\"urlTemplate\":\"https:\/\/mhf.ro\/mm\/?s={search_term_string}\"},\"query-input\":{\"@type\":\"PropertyValueSpecification\",\"valueRequired\":true,\"valueName\":\"search_term_string\"}}],\"inLanguage\":\"ro-RO\"},{\"@type\":[\"Person\",\"Organization\"],\"@id\":\"https:\/\/mhf.ro\/mm\/#\/schema\/person\/a3bebf7bdb4bf12f698aff73c7e46c21\",\"name\":\"Marius Marcu\",\"image\":{\"@type\":\"ImageObject\",\"inLanguage\":\"ro-RO\",\"@id\":\"https:\/\/mhf.ro\/mm\/#\/schema\/person\/image\/\",\"url\":\"https:\/\/mhf.ro\/mm\/wp-content\/uploads\/2025\/12\/cropped-logo_mhf_2.png\",\"contentUrl\":\"https:\/\/mhf.ro\/mm\/wp-content\/uploads\/2025\/12\/cropped-logo_mhf_2.png\",\"width\":1096,\"height\":457,\"caption\":\"Marius Marcu\"},\"logo\":{\"@id\":\"https:\/\/mhf.ro\/mm\/#\/schema\/person\/image\/\"},\"sameAs\":[\"https:\/\/mhf.ro\/mm\"]},{\"@type\":\"Person\",\"@id\":\"https:\/\/mhf.ro\/mm\/#\/schema\/person\/d2e8248dfe54de3d7284ff7254d2e29b\",\"name\":\"Ciurtin Tavi\",\"image\":{\"@type\":\"ImageObject\",\"inLanguage\":\"ro-RO\",\"@id\":\"https:\/\/mhf.ro\/mm\/#\/schema\/person\/image\/\",\"url\":\"https:\/\/secure.gravatar.com\/avatar\/5afa01044b4e9328c510b64d3aa571c665404d2e22859f2e114ebd21774aab9c?s=96&d=monsterid&r=g\",\"contentUrl\":\"https:\/\/secure.gravatar.com\/avatar\/5afa01044b4e9328c510b64d3aa571c665404d2e22859f2e114ebd21774aab9c?s=96&d=monsterid&r=g\",\"caption\":\"Ciurtin Tavi\"},\"description\":\"N-am crezut niciodata ca ce am vizionat in vis, va fi permanent lege pentru mine... as fi isteric sa cred, ca, chiar eu pot sa-mi duc neputinta atat de mult sa cred ca eu... nu mai stiu sa glumesc, cu el, cu ea, cu tine, si in ultimul rand... cu mine... stii ce as vrea? ca eu nu stiu.... ma catar doar pe o dorinta, fumeganda-n mintea mea, asa, apucata de un ciucur ca un vis.... un vis legitim, nu unul....labartit din memoria somnului, ca... ultima discutie cu tine! hai, pa... ma duc sa-mi mustruluiesc, speranta de-a avea curajul sa revina la suprafata inaintea zorilor .\",\"sameAs\":[\"https:\/\/mhf.ro\/mm\"],\"url\":\"https:\/\/mhf.ro\/mm\/author\/tavi\/\"}]}<\/script>\n<!-- \/ Yoast SEO plugin. -->","yoast_head_json":{"title":"Nu \u015ftiu, se va mai lumina vreodat\u0103? - MHF Photography","description":"Traim, ce lumea n-a trait vreodat\u0103,un r\u0103zboi in lumea toata...nu cad bombe, aviatia nu zboar\u0103,si totusi... ceva ne omoara.","robots":{"index":"index","follow":"follow","max-snippet":"max-snippet:-1","max-image-preview":"max-image-preview:large","max-video-preview":"max-video-preview:-1"},"canonical":"https:\/\/mhf.ro\/mm\/nu-stiu-se-va-mai-lumina-vreodata\/","og_locale":"ro_RO","og_type":"article","og_title":"Nu \u015ftiu, se va mai lumina vreodat\u0103? - MHF Photography","og_description":"Traim, ce lumea n-a trait vreodat\u0103,un r\u0103zboi in lumea toata...nu cad bombe, aviatia nu zboar\u0103,si totusi... ceva ne omoara.","og_url":"https:\/\/mhf.ro\/mm\/nu-stiu-se-va-mai-lumina-vreodata\/","og_site_name":"MHF Photography","article_published_time":"2020-05-07T18:31:00+00:00","article_modified_time":"2021-04-21T06:45:06+00:00","og_image":[{"width":480,"height":640,"url":"https:\/\/mhf.ro\/mm\/wp-content\/uploads\/2020\/05\/AnnMar-1.jpg","type":"image\/jpeg"}],"author":"Ciurtin Tavi","twitter_card":"summary_large_image","twitter_misc":{"Scris de":"Ciurtin Tavi"},"schema":{"@context":"https:\/\/schema.org","@graph":[{"@type":"Article","@id":"https:\/\/mhf.ro\/mm\/nu-stiu-se-va-mai-lumina-vreodata\/#article","isPartOf":{"@id":"https:\/\/mhf.ro\/mm\/nu-stiu-se-va-mai-lumina-vreodata\/"},"author":{"name":"Ciurtin Tavi","@id":"https:\/\/mhf.ro\/mm\/#\/schema\/person\/d2e8248dfe54de3d7284ff7254d2e29b"},"headline":"Nu \u015ftiu, se va mai lumina vreodat\u0103?","datePublished":"2020-05-07T18:31:00+00:00","dateModified":"2021-04-21T06:45:06+00:00","mainEntityOfPage":{"@id":"https:\/\/mhf.ro\/mm\/nu-stiu-se-va-mai-lumina-vreodata\/"},"wordCount":105,"commentCount":0,"publisher":{"@id":"https:\/\/mhf.ro\/mm\/#\/schema\/person\/a3bebf7bdb4bf12f698aff73c7e46c21"},"image":{"@id":"https:\/\/mhf.ro\/mm\/nu-stiu-se-va-mai-lumina-vreodata\/#primaryimage"},"thumbnailUrl":"https:\/\/mhf.ro\/mm\/wp-content\/uploads\/2020\/05\/AnnMar-1.jpg","articleSection":["Arta","Diverse"],"inLanguage":"ro-RO","potentialAction":[{"@type":"CommentAction","name":"Comment","target":["https:\/\/mhf.ro\/mm\/nu-stiu-se-va-mai-lumina-vreodata\/#respond"]}]},{"@type":"WebPage","@id":"https:\/\/mhf.ro\/mm\/nu-stiu-se-va-mai-lumina-vreodata\/","url":"https:\/\/mhf.ro\/mm\/nu-stiu-se-va-mai-lumina-vreodata\/","name":"Nu \u015ftiu, se va mai lumina vreodat\u0103? - MHF Photography","isPartOf":{"@id":"https:\/\/mhf.ro\/mm\/#website"},"primaryImageOfPage":{"@id":"https:\/\/mhf.ro\/mm\/nu-stiu-se-va-mai-lumina-vreodata\/#primaryimage"},"image":{"@id":"https:\/\/mhf.ro\/mm\/nu-stiu-se-va-mai-lumina-vreodata\/#primaryimage"},"thumbnailUrl":"https:\/\/mhf.ro\/mm\/wp-content\/uploads\/2020\/05\/AnnMar-1.jpg","datePublished":"2020-05-07T18:31:00+00:00","dateModified":"2021-04-21T06:45:06+00:00","description":"Traim, ce lumea n-a trait vreodat\u0103,un r\u0103zboi in lumea toata...nu cad bombe, aviatia nu zboar\u0103,si totusi... ceva ne omoara.","breadcrumb":{"@id":"https:\/\/mhf.ro\/mm\/nu-stiu-se-va-mai-lumina-vreodata\/#breadcrumb"},"inLanguage":"ro-RO","potentialAction":[{"@type":"ReadAction","target":["https:\/\/mhf.ro\/mm\/nu-stiu-se-va-mai-lumina-vreodata\/"]}]},{"@type":"ImageObject","inLanguage":"ro-RO","@id":"https:\/\/mhf.ro\/mm\/nu-stiu-se-va-mai-lumina-vreodata\/#primaryimage","url":"https:\/\/mhf.ro\/mm\/wp-content\/uploads\/2020\/05\/AnnMar-1.jpg","contentUrl":"https:\/\/mhf.ro\/mm\/wp-content\/uploads\/2020\/05\/AnnMar-1.jpg","width":480,"height":640},{"@type":"BreadcrumbList","@id":"https:\/\/mhf.ro\/mm\/nu-stiu-se-va-mai-lumina-vreodata\/#breadcrumb","itemListElement":[{"@type":"ListItem","position":1,"name":"Prima pagin\u0103","item":"https:\/\/mhf.ro\/mm\/"},{"@type":"ListItem","position":2,"name":"Nu \u015ftiu, se va mai lumina vreodat\u0103?"}]},{"@type":"WebSite","@id":"https:\/\/mhf.ro\/mm\/#website","url":"https:\/\/mhf.ro\/mm\/","name":"MHF Photography \u2013 Blog de fotografie, natur\u0103 \u0219i tehnic\u0103 divers\u0103","description":"Aventur\u0103 \u00een fiecare cadru.","publisher":{"@id":"https:\/\/mhf.ro\/mm\/#\/schema\/person\/a3bebf7bdb4bf12f698aff73c7e46c21"},"potentialAction":[{"@type":"SearchAction","target":{"@type":"EntryPoint","urlTemplate":"https:\/\/mhf.ro\/mm\/?s={search_term_string}"},"query-input":{"@type":"PropertyValueSpecification","valueRequired":true,"valueName":"search_term_string"}}],"inLanguage":"ro-RO"},{"@type":["Person","Organization"],"@id":"https:\/\/mhf.ro\/mm\/#\/schema\/person\/a3bebf7bdb4bf12f698aff73c7e46c21","name":"Marius Marcu","image":{"@type":"ImageObject","inLanguage":"ro-RO","@id":"https:\/\/mhf.ro\/mm\/#\/schema\/person\/image\/","url":"https:\/\/mhf.ro\/mm\/wp-content\/uploads\/2025\/12\/cropped-logo_mhf_2.png","contentUrl":"https:\/\/mhf.ro\/mm\/wp-content\/uploads\/2025\/12\/cropped-logo_mhf_2.png","width":1096,"height":457,"caption":"Marius Marcu"},"logo":{"@id":"https:\/\/mhf.ro\/mm\/#\/schema\/person\/image\/"},"sameAs":["https:\/\/mhf.ro\/mm"]},{"@type":"Person","@id":"https:\/\/mhf.ro\/mm\/#\/schema\/person\/d2e8248dfe54de3d7284ff7254d2e29b","name":"Ciurtin Tavi","image":{"@type":"ImageObject","inLanguage":"ro-RO","@id":"https:\/\/mhf.ro\/mm\/#\/schema\/person\/image\/","url":"https:\/\/secure.gravatar.com\/avatar\/5afa01044b4e9328c510b64d3aa571c665404d2e22859f2e114ebd21774aab9c?s=96&d=monsterid&r=g","contentUrl":"https:\/\/secure.gravatar.com\/avatar\/5afa01044b4e9328c510b64d3aa571c665404d2e22859f2e114ebd21774aab9c?s=96&d=monsterid&r=g","caption":"Ciurtin Tavi"},"description":"N-am crezut niciodata ca ce am vizionat in vis, va fi permanent lege pentru mine... as fi isteric sa cred, ca, chiar eu pot sa-mi duc neputinta atat de mult sa cred ca eu... nu mai stiu sa glumesc, cu el, cu ea, cu tine, si in ultimul rand... cu mine... stii ce as vrea? ca eu nu stiu.... ma catar doar pe o dorinta, fumeganda-n mintea mea, asa, apucata de un ciucur ca un vis.... un vis legitim, nu unul....labartit din memoria somnului, ca... ultima discutie cu tine! hai, pa... ma duc sa-mi mustruluiesc, speranta de-a avea curajul sa revina la suprafata inaintea zorilor .","sameAs":["https:\/\/mhf.ro\/mm"],"url":"https:\/\/mhf.ro\/mm\/author\/tavi\/"}]}},"_links":{"self":[{"href":"https:\/\/mhf.ro\/mm\/wp-json\/wp\/v2\/posts\/1247","targetHints":{"allow":["GET"]}}],"collection":[{"href":"https:\/\/mhf.ro\/mm\/wp-json\/wp\/v2\/posts"}],"about":[{"href":"https:\/\/mhf.ro\/mm\/wp-json\/wp\/v2\/types\/post"}],"author":[{"embeddable":true,"href":"https:\/\/mhf.ro\/mm\/wp-json\/wp\/v2\/users\/3"}],"replies":[{"embeddable":true,"href":"https:\/\/mhf.ro\/mm\/wp-json\/wp\/v2\/comments?post=1247"}],"version-history":[{"count":5,"href":"https:\/\/mhf.ro\/mm\/wp-json\/wp\/v2\/posts\/1247\/revisions"}],"predecessor-version":[{"id":1462,"href":"https:\/\/mhf.ro\/mm\/wp-json\/wp\/v2\/posts\/1247\/revisions\/1462"}],"wp:featuredmedia":[{"embeddable":true,"href":"https:\/\/mhf.ro\/mm\/wp-json\/wp\/v2\/media\/1246"}],"wp:attachment":[{"href":"https:\/\/mhf.ro\/mm\/wp-json\/wp\/v2\/media?parent=1247"}],"wp:term":[{"taxonomy":"category","embeddable":true,"href":"https:\/\/mhf.ro\/mm\/wp-json\/wp\/v2\/categories?post=1247"},{"taxonomy":"post_tag","embeddable":true,"href":"https:\/\/mhf.ro\/mm\/wp-json\/wp\/v2\/tags?post=1247"}],"curies":[{"name":"wp","href":"https:\/\/api.w.org\/{rel}","templated":true}]}}