{"id":1264,"date":"2020-05-08T17:28:39","date_gmt":"2020-05-08T17:28:39","guid":{"rendered":"https:\/\/mhf.ro\/mm\/?p=1264"},"modified":"2020-05-08T17:30:11","modified_gmt":"2020-05-08T17:30:11","slug":"epidemia-de-prostie","status":"publish","type":"post","link":"https:\/\/mhf.ro\/mm\/epidemia-de-prostie\/","title":{"rendered":"EPIDEMIA DE PROSTIE"},"content":{"rendered":"<p>Exist\u0103 pe l\u00e2ng\u0103 pandemia cauzat\u0103 de Covid \u015fi o pandemie de prostie la nivel planetar. Nu puteau s\u0103 rateze ocazia cei care cred orbe\u015fte \u00een perceptele Bibliei \u015fi \u00een sf\u00e2r\u015fitul promis de Apocalips\u0103. Astfel, au ap\u0103rut ca ciupercile dup\u0103 ploaie tot felul de comentatori care habar n-au \u00een ce lume tr\u0103iesc, \u00eens\u0103 \u015ftiu cu siguran\u021b\u0103 c\u0103 sf\u00e2r\u015fitul este aproape, iar Covidul nu e dec\u00e2t un semn. Unul dintre multele pe care profanii nu le-au \u00een\u021beles&#8230;<br \/>\nCe nu spun ace\u015fti oameni este faptul c\u0103 semne de genul \u0103sta au tot fost de-a lungul timpului, \u00eencep\u00e2nd cu ciuma lui Iustinian, ciuma lui Caragea, gripa spaniol\u0103 de la \u00eenceputul sec. 20. De astea \u015ftiu eu, \u00eens\u0103 sunt mult mai multe. \u015ei omenirea a continuat s\u0103 existe, chiar dac\u0103 rata mortalit\u0103\u021bii a fost \u00een trecutul de care vorbesc infinit mai mare dec\u00e2t acum, ajung\u00e2nd la 40 sau 50 la sut\u0103!<br \/>\n\u015ei ce nu mai spun ei, sau nu \u015ftiu, este c\u0103 sf\u00e2r\u015fitul lumii a tot fost prezis \u00eencep\u00e2nd de la Cristos \u00eencoace. Aproape fiecare cifr\u0103 rotund\u0103 la care ajungea istoria noastr\u0103, anul 1000 sau 1500, chiar 2000, aducea cu ea \u00eenc\u0103 o poveste despre sf\u00e2r\u015fitul omenirii, care a r\u0103mas, fire\u015fte, la acest stadiu, de poveste pentru copii. \u015ei pove\u015ftile astea pot face mult r\u0103u, mai ales dac\u0103 se creeaz\u0103 o isterie \u00een mas\u0103, de care nu suntem chiar a\u015fa departe. \u015ei sunt exemple \u00een sensul \u0103sta. \u00centr-unul din momentele acestea, c\u00eend oamenii a\u015fteptau \u00eengrozi\u021bi sf\u00e2r\u015fitul lumii \u00een biserici, s-a nimerit s\u0103 fie o eclips\u0103 de soare. Imagina\u0163i-v\u0103 isteria creat\u0103 c\u00e2nd soarele a fost acoperit \u015fi \u00eentunericul a luat locul luminei zilei. Groaza i-a cuprins pe oameni \u015fi num\u0103rul victimelor c\u0103lcate \u00een picioare de ceilal\u021bi nu-l \u015ftie nimeni.<br \/>\nP\u0103m\u00e2ntul nu este ve\u015fnic, cu siguran\u021b\u0103! Asta o \u015ftiu to\u021bi oamenii de \u015ftiin\u021b\u0103, credincio\u015fi sau nu. \u00cens\u0103 sf\u00e2r\u015fitul nu-l poate prezice nimeni cu exactitate. C\u00e2nd eram copil, anul cel mai vehiculat ca &#8222;anul sf\u00e2r\u015fitului lumii&#8221; era anul 2000. \u00centre timp, oamenii au \u00een\u021beles tot mai mult c\u0103 facem parte dintr-un sistem care func\u0163ioneaz\u0103 pe baza unor legi simple, legi care au permis p\u0103m\u00e2ntului s\u0103 ajung\u0103 p\u00e2n\u0103 la con\u015ftiin\u021ba existen\u021bei de sine prin f\u0103ptura numit\u0103 homo sapiens \u015fi la venerabila v\u00e2rst\u0103 de vreo 4 miliarde de ani \u015fi ceva. \u015ei aceia\u015fi oameni de \u015ftiin\u021b\u0103 care nu cred p\u00e2n\u0103 nu cerceteaz\u0103, spun c\u0103 P\u0103m\u00e2ntul mai are de tr\u0103it vreo 3-4 miliarde de ani. Cred c\u0103 pe noi ne intereseaz\u0103 mai mult urm\u0103toarea sut\u0103 de ani&#8230; (<strong>Mitu Ion<\/strong>)<\/p>\n<p><a href=\"http:\/\/riz.ro\" target=\"_blank\" rel=\"noopener noreferrer\"><img decoding=\"async\" class=\"alignright wp-image-1187\" src=\"https:\/\/mhf.ro\/mm\/wp-content\/uploads\/2020\/05\/ReclamaRiz_1-150x150.png\" alt=\"Profile din polistiren\" width=\"110\" height=\"41\" srcset=\"https:\/\/mhf.ro\/mm\/wp-content\/uploads\/2020\/05\/ReclamaRiz_1-300x111.png 300w, https:\/\/mhf.ro\/mm\/wp-content\/uploads\/2020\/05\/ReclamaRiz_1-1024x377.png 1024w, https:\/\/mhf.ro\/mm\/wp-content\/uploads\/2020\/05\/ReclamaRiz_1-768x283.png 768w, https:\/\/mhf.ro\/mm\/wp-content\/uploads\/2020\/05\/ReclamaRiz_1.png 1295w\" sizes=\"(max-width: 110px) 100vw, 110px\" \/><\/a><\/p>\n","protected":false},"excerpt":{"rendered":"<p>Exist\u0103 pe l\u00e2ng\u0103 pandemia cauzat\u0103 de Covid \u015fi o pandemie de prostie la nivel planetar. Nu puteau s\u0103 rateze ocazia<\/p>\n","protected":false},"author":1,"featured_media":1265,"comment_status":"open","ping_status":"open","sticky":false,"template":"","format":"standard","meta":{"colormag_page_container_layout":"default_layout","colormag_page_sidebar_layout":"default_layout","footnotes":""},"categories":[8],"tags":[],"class_list":["post-1264","post","type-post","status-publish","format-standard","has-post-thumbnail","hentry","category-div"],"yoast_head":"<!-- This site is optimized with the Yoast SEO plugin v27.0 - https:\/\/yoast.com\/product\/yoast-seo-wordpress\/ -->\n<title>EPIDEMIA DE PROSTIE - MHF Photography<\/title>\n<meta name=\"description\" content=\"Nu puteau s\u0103 rateze ocazia cei care cred orbe\u015fte \u00een perceptele Bibliei \u015fi \u00een sf\u00e2r\u015fitul promis de Apocalips\u0103.\" \/>\n<meta name=\"robots\" content=\"index, follow, max-snippet:-1, max-image-preview:large, max-video-preview:-1\" \/>\n<link rel=\"canonical\" href=\"https:\/\/mhf.ro\/mm\/epidemia-de-prostie\/\" \/>\n<meta property=\"og:locale\" content=\"ro_RO\" \/>\n<meta property=\"og:type\" content=\"article\" \/>\n<meta property=\"og:title\" content=\"EPIDEMIA DE PROSTIE - MHF Photography\" \/>\n<meta property=\"og:description\" content=\"Nu puteau s\u0103 rateze ocazia cei care cred orbe\u015fte \u00een perceptele Bibliei \u015fi \u00een sf\u00e2r\u015fitul promis de Apocalips\u0103.\" \/>\n<meta property=\"og:url\" content=\"https:\/\/mhf.ro\/mm\/epidemia-de-prostie\/\" \/>\n<meta property=\"og:site_name\" content=\"MHF Photography\" \/>\n<meta property=\"article:published_time\" content=\"2020-05-08T17:28:39+00:00\" \/>\n<meta property=\"article:modified_time\" content=\"2020-05-08T17:30:11+00:00\" \/>\n<meta property=\"og:image\" content=\"https:\/\/mhf.ro\/mm\/wp-content\/uploads\/2020\/05\/PandemiaDeProstie.png\" \/>\n\t<meta property=\"og:image:width\" content=\"846\" \/>\n\t<meta property=\"og:image:height\" content=\"564\" \/>\n\t<meta property=\"og:image:type\" content=\"image\/png\" \/>\n<meta name=\"author\" content=\"Marius Marcu\" \/>\n<meta name=\"twitter:card\" content=\"summary_large_image\" \/>\n<meta name=\"twitter:label1\" content=\"Scris de\" \/>\n\t<meta name=\"twitter:data1\" content=\"Marius Marcu\" \/>\n\t<meta name=\"twitter:label2\" content=\"Timp estimat pentru citire\" \/>\n\t<meta name=\"twitter:data2\" content=\"2 minute\" \/>\n<script type=\"application\/ld+json\" class=\"yoast-schema-graph\">{\"@context\":\"https:\/\/schema.org\",\"@graph\":[{\"@type\":\"Article\",\"@id\":\"https:\/\/mhf.ro\/mm\/epidemia-de-prostie\/#article\",\"isPartOf\":{\"@id\":\"https:\/\/mhf.ro\/mm\/epidemia-de-prostie\/\"},\"author\":{\"name\":\"Marius Marcu\",\"@id\":\"https:\/\/mhf.ro\/mm\/#\/schema\/person\/a3bebf7bdb4bf12f698aff73c7e46c21\"},\"headline\":\"EPIDEMIA DE PROSTIE\",\"datePublished\":\"2020-05-08T17:28:39+00:00\",\"dateModified\":\"2020-05-08T17:30:11+00:00\",\"mainEntityOfPage\":{\"@id\":\"https:\/\/mhf.ro\/mm\/epidemia-de-prostie\/\"},\"wordCount\":464,\"commentCount\":1,\"publisher\":{\"@id\":\"https:\/\/mhf.ro\/mm\/#\/schema\/person\/a3bebf7bdb4bf12f698aff73c7e46c21\"},\"image\":{\"@id\":\"https:\/\/mhf.ro\/mm\/epidemia-de-prostie\/#primaryimage\"},\"thumbnailUrl\":\"https:\/\/mhf.ro\/mm\/wp-content\/uploads\/2020\/05\/PandemiaDeProstie.png\",\"articleSection\":[\"Diverse\"],\"inLanguage\":\"ro-RO\",\"potentialAction\":[{\"@type\":\"CommentAction\",\"name\":\"Comment\",\"target\":[\"https:\/\/mhf.ro\/mm\/epidemia-de-prostie\/#respond\"]}]},{\"@type\":\"WebPage\",\"@id\":\"https:\/\/mhf.ro\/mm\/epidemia-de-prostie\/\",\"url\":\"https:\/\/mhf.ro\/mm\/epidemia-de-prostie\/\",\"name\":\"EPIDEMIA DE PROSTIE - MHF Photography\",\"isPartOf\":{\"@id\":\"https:\/\/mhf.ro\/mm\/#website\"},\"primaryImageOfPage\":{\"@id\":\"https:\/\/mhf.ro\/mm\/epidemia-de-prostie\/#primaryimage\"},\"image\":{\"@id\":\"https:\/\/mhf.ro\/mm\/epidemia-de-prostie\/#primaryimage\"},\"thumbnailUrl\":\"https:\/\/mhf.ro\/mm\/wp-content\/uploads\/2020\/05\/PandemiaDeProstie.png\",\"datePublished\":\"2020-05-08T17:28:39+00:00\",\"dateModified\":\"2020-05-08T17:30:11+00:00\",\"description\":\"Nu puteau s\u0103 rateze ocazia cei care cred orbe\u015fte \u00een perceptele Bibliei \u015fi \u00een sf\u00e2r\u015fitul promis de Apocalips\u0103.\",\"breadcrumb\":{\"@id\":\"https:\/\/mhf.ro\/mm\/epidemia-de-prostie\/#breadcrumb\"},\"inLanguage\":\"ro-RO\",\"potentialAction\":[{\"@type\":\"ReadAction\",\"target\":[\"https:\/\/mhf.ro\/mm\/epidemia-de-prostie\/\"]}]},{\"@type\":\"ImageObject\",\"inLanguage\":\"ro-RO\",\"@id\":\"https:\/\/mhf.ro\/mm\/epidemia-de-prostie\/#primaryimage\",\"url\":\"https:\/\/mhf.ro\/mm\/wp-content\/uploads\/2020\/05\/PandemiaDeProstie.png\",\"contentUrl\":\"https:\/\/mhf.ro\/mm\/wp-content\/uploads\/2020\/05\/PandemiaDeProstie.png\",\"width\":846,\"height\":564},{\"@type\":\"BreadcrumbList\",\"@id\":\"https:\/\/mhf.ro\/mm\/epidemia-de-prostie\/#breadcrumb\",\"itemListElement\":[{\"@type\":\"ListItem\",\"position\":1,\"name\":\"Prima pagin\u0103\",\"item\":\"https:\/\/mhf.ro\/mm\/\"},{\"@type\":\"ListItem\",\"position\":2,\"name\":\"EPIDEMIA DE PROSTIE\"}]},{\"@type\":\"WebSite\",\"@id\":\"https:\/\/mhf.ro\/mm\/#website\",\"url\":\"https:\/\/mhf.ro\/mm\/\",\"name\":\"MHF Photography \u2013 Blog de fotografie, natur\u0103 \u0219i tehnic\u0103 divers\u0103\",\"description\":\"Aventur\u0103 \u00een fiecare cadru.\",\"publisher\":{\"@id\":\"https:\/\/mhf.ro\/mm\/#\/schema\/person\/a3bebf7bdb4bf12f698aff73c7e46c21\"},\"potentialAction\":[{\"@type\":\"SearchAction\",\"target\":{\"@type\":\"EntryPoint\",\"urlTemplate\":\"https:\/\/mhf.ro\/mm\/?s={search_term_string}\"},\"query-input\":{\"@type\":\"PropertyValueSpecification\",\"valueRequired\":true,\"valueName\":\"search_term_string\"}}],\"inLanguage\":\"ro-RO\"},{\"@type\":[\"Person\",\"Organization\"],\"@id\":\"https:\/\/mhf.ro\/mm\/#\/schema\/person\/a3bebf7bdb4bf12f698aff73c7e46c21\",\"name\":\"Marius Marcu\",\"image\":{\"@type\":\"ImageObject\",\"inLanguage\":\"ro-RO\",\"@id\":\"https:\/\/mhf.ro\/mm\/#\/schema\/person\/image\/\",\"url\":\"https:\/\/mhf.ro\/mm\/wp-content\/uploads\/2025\/12\/cropped-logo_mhf_2.png\",\"contentUrl\":\"https:\/\/mhf.ro\/mm\/wp-content\/uploads\/2025\/12\/cropped-logo_mhf_2.png\",\"width\":1096,\"height\":457,\"caption\":\"Marius Marcu\"},\"logo\":{\"@id\":\"https:\/\/mhf.ro\/mm\/#\/schema\/person\/image\/\"},\"sameAs\":[\"https:\/\/mhf.ro\/mm\"],\"url\":\"https:\/\/mhf.ro\/mm\/author\/mihai\/\"}]}<\/script>\n<!-- \/ Yoast SEO plugin. -->","yoast_head_json":{"title":"EPIDEMIA DE PROSTIE - MHF Photography","description":"Nu puteau s\u0103 rateze ocazia cei care cred orbe\u015fte \u00een perceptele Bibliei \u015fi \u00een sf\u00e2r\u015fitul promis de Apocalips\u0103.","robots":{"index":"index","follow":"follow","max-snippet":"max-snippet:-1","max-image-preview":"max-image-preview:large","max-video-preview":"max-video-preview:-1"},"canonical":"https:\/\/mhf.ro\/mm\/epidemia-de-prostie\/","og_locale":"ro_RO","og_type":"article","og_title":"EPIDEMIA DE PROSTIE - MHF Photography","og_description":"Nu puteau s\u0103 rateze ocazia cei care cred orbe\u015fte \u00een perceptele Bibliei \u015fi \u00een sf\u00e2r\u015fitul promis de Apocalips\u0103.","og_url":"https:\/\/mhf.ro\/mm\/epidemia-de-prostie\/","og_site_name":"MHF Photography","article_published_time":"2020-05-08T17:28:39+00:00","article_modified_time":"2020-05-08T17:30:11+00:00","og_image":[{"width":846,"height":564,"url":"https:\/\/mhf.ro\/mm\/wp-content\/uploads\/2020\/05\/PandemiaDeProstie.png","type":"image\/png"}],"author":"Marius Marcu","twitter_card":"summary_large_image","twitter_misc":{"Scris de":"Marius Marcu","Timp estimat pentru citire":"2 minute"},"schema":{"@context":"https:\/\/schema.org","@graph":[{"@type":"Article","@id":"https:\/\/mhf.ro\/mm\/epidemia-de-prostie\/#article","isPartOf":{"@id":"https:\/\/mhf.ro\/mm\/epidemia-de-prostie\/"},"author":{"name":"Marius Marcu","@id":"https:\/\/mhf.ro\/mm\/#\/schema\/person\/a3bebf7bdb4bf12f698aff73c7e46c21"},"headline":"EPIDEMIA DE PROSTIE","datePublished":"2020-05-08T17:28:39+00:00","dateModified":"2020-05-08T17:30:11+00:00","mainEntityOfPage":{"@id":"https:\/\/mhf.ro\/mm\/epidemia-de-prostie\/"},"wordCount":464,"commentCount":1,"publisher":{"@id":"https:\/\/mhf.ro\/mm\/#\/schema\/person\/a3bebf7bdb4bf12f698aff73c7e46c21"},"image":{"@id":"https:\/\/mhf.ro\/mm\/epidemia-de-prostie\/#primaryimage"},"thumbnailUrl":"https:\/\/mhf.ro\/mm\/wp-content\/uploads\/2020\/05\/PandemiaDeProstie.png","articleSection":["Diverse"],"inLanguage":"ro-RO","potentialAction":[{"@type":"CommentAction","name":"Comment","target":["https:\/\/mhf.ro\/mm\/epidemia-de-prostie\/#respond"]}]},{"@type":"WebPage","@id":"https:\/\/mhf.ro\/mm\/epidemia-de-prostie\/","url":"https:\/\/mhf.ro\/mm\/epidemia-de-prostie\/","name":"EPIDEMIA DE PROSTIE - MHF Photography","isPartOf":{"@id":"https:\/\/mhf.ro\/mm\/#website"},"primaryImageOfPage":{"@id":"https:\/\/mhf.ro\/mm\/epidemia-de-prostie\/#primaryimage"},"image":{"@id":"https:\/\/mhf.ro\/mm\/epidemia-de-prostie\/#primaryimage"},"thumbnailUrl":"https:\/\/mhf.ro\/mm\/wp-content\/uploads\/2020\/05\/PandemiaDeProstie.png","datePublished":"2020-05-08T17:28:39+00:00","dateModified":"2020-05-08T17:30:11+00:00","description":"Nu puteau s\u0103 rateze ocazia cei care cred orbe\u015fte \u00een perceptele Bibliei \u015fi \u00een sf\u00e2r\u015fitul promis de Apocalips\u0103.","breadcrumb":{"@id":"https:\/\/mhf.ro\/mm\/epidemia-de-prostie\/#breadcrumb"},"inLanguage":"ro-RO","potentialAction":[{"@type":"ReadAction","target":["https:\/\/mhf.ro\/mm\/epidemia-de-prostie\/"]}]},{"@type":"ImageObject","inLanguage":"ro-RO","@id":"https:\/\/mhf.ro\/mm\/epidemia-de-prostie\/#primaryimage","url":"https:\/\/mhf.ro\/mm\/wp-content\/uploads\/2020\/05\/PandemiaDeProstie.png","contentUrl":"https:\/\/mhf.ro\/mm\/wp-content\/uploads\/2020\/05\/PandemiaDeProstie.png","width":846,"height":564},{"@type":"BreadcrumbList","@id":"https:\/\/mhf.ro\/mm\/epidemia-de-prostie\/#breadcrumb","itemListElement":[{"@type":"ListItem","position":1,"name":"Prima pagin\u0103","item":"https:\/\/mhf.ro\/mm\/"},{"@type":"ListItem","position":2,"name":"EPIDEMIA DE PROSTIE"}]},{"@type":"WebSite","@id":"https:\/\/mhf.ro\/mm\/#website","url":"https:\/\/mhf.ro\/mm\/","name":"MHF Photography \u2013 Blog de fotografie, natur\u0103 \u0219i tehnic\u0103 divers\u0103","description":"Aventur\u0103 \u00een fiecare cadru.","publisher":{"@id":"https:\/\/mhf.ro\/mm\/#\/schema\/person\/a3bebf7bdb4bf12f698aff73c7e46c21"},"potentialAction":[{"@type":"SearchAction","target":{"@type":"EntryPoint","urlTemplate":"https:\/\/mhf.ro\/mm\/?s={search_term_string}"},"query-input":{"@type":"PropertyValueSpecification","valueRequired":true,"valueName":"search_term_string"}}],"inLanguage":"ro-RO"},{"@type":["Person","Organization"],"@id":"https:\/\/mhf.ro\/mm\/#\/schema\/person\/a3bebf7bdb4bf12f698aff73c7e46c21","name":"Marius Marcu","image":{"@type":"ImageObject","inLanguage":"ro-RO","@id":"https:\/\/mhf.ro\/mm\/#\/schema\/person\/image\/","url":"https:\/\/mhf.ro\/mm\/wp-content\/uploads\/2025\/12\/cropped-logo_mhf_2.png","contentUrl":"https:\/\/mhf.ro\/mm\/wp-content\/uploads\/2025\/12\/cropped-logo_mhf_2.png","width":1096,"height":457,"caption":"Marius Marcu"},"logo":{"@id":"https:\/\/mhf.ro\/mm\/#\/schema\/person\/image\/"},"sameAs":["https:\/\/mhf.ro\/mm"],"url":"https:\/\/mhf.ro\/mm\/author\/mihai\/"}]}},"_links":{"self":[{"href":"https:\/\/mhf.ro\/mm\/wp-json\/wp\/v2\/posts\/1264","targetHints":{"allow":["GET"]}}],"collection":[{"href":"https:\/\/mhf.ro\/mm\/wp-json\/wp\/v2\/posts"}],"about":[{"href":"https:\/\/mhf.ro\/mm\/wp-json\/wp\/v2\/types\/post"}],"author":[{"embeddable":true,"href":"https:\/\/mhf.ro\/mm\/wp-json\/wp\/v2\/users\/1"}],"replies":[{"embeddable":true,"href":"https:\/\/mhf.ro\/mm\/wp-json\/wp\/v2\/comments?post=1264"}],"version-history":[{"count":4,"href":"https:\/\/mhf.ro\/mm\/wp-json\/wp\/v2\/posts\/1264\/revisions"}],"predecessor-version":[{"id":1269,"href":"https:\/\/mhf.ro\/mm\/wp-json\/wp\/v2\/posts\/1264\/revisions\/1269"}],"wp:featuredmedia":[{"embeddable":true,"href":"https:\/\/mhf.ro\/mm\/wp-json\/wp\/v2\/media\/1265"}],"wp:attachment":[{"href":"https:\/\/mhf.ro\/mm\/wp-json\/wp\/v2\/media?parent=1264"}],"wp:term":[{"taxonomy":"category","embeddable":true,"href":"https:\/\/mhf.ro\/mm\/wp-json\/wp\/v2\/categories?post=1264"},{"taxonomy":"post_tag","embeddable":true,"href":"https:\/\/mhf.ro\/mm\/wp-json\/wp\/v2\/tags?post=1264"}],"curies":[{"name":"wp","href":"https:\/\/api.w.org\/{rel}","templated":true}]}}