{"id":1277,"date":"2020-05-09T19:56:46","date_gmt":"2020-05-09T19:56:46","guid":{"rendered":"https:\/\/mhf.ro\/mm\/?p=1277"},"modified":"2020-05-09T20:01:55","modified_gmt":"2020-05-09T20:01:55","slug":"circulatia-spre-valea-lunga-se-va-desfasura-pe-ruta-ocolitoare","status":"publish","type":"post","link":"https:\/\/mhf.ro\/mm\/circulatia-spre-valea-lunga-se-va-desfasura-pe-ruta-ocolitoare\/","title":{"rendered":"Circulatia spre Valea Lunga se va desfasura pe ruta ocolitoare"},"content":{"rendered":"<p><img decoding=\"async\" class=\"alignnone size-thumbnail wp-image-1278\" src=\"https:\/\/mhf.ro\/mm\/wp-content\/uploads\/2020\/05\/ocolire-150x150.png\" alt=\"\" width=\"150\" height=\"150\" \/><\/p>\n<p>Luni 11 mai si marti 12 mai se vor desfasura lucrari de asfaltare pe strada Mihail Kog\u0103lniceanu din municipiul Blaj. Pe strada Mihail Kog\u0103lniceanu se fac lucrari de reparatii si modernizare incepand cu data de 28 aprilie. Se monteaza capace noi de canalizare. Traficul va fi directionat pe ruta ocolitoare, prin cartierul Veza, Manarade si reintrare in DN14B.<\/p>\n","protected":false},"excerpt":{"rendered":"<p>Luni 11 mai si marti 12 mai se vor desfasura lucrari de asfaltare pe strada Mihail Kog\u0103lniceanu din municipiul Blaj.<\/p>\n","protected":false},"author":1,"featured_media":1278,"comment_status":"open","ping_status":"open","sticky":false,"template":"","format":"standard","meta":{"colormag_page_container_layout":"default_layout","colormag_page_sidebar_layout":"default_layout","footnotes":""},"categories":[5],"tags":[],"class_list":["post-1277","post","type-post","status-publish","format-standard","has-post-thumbnail","hentry","category-locale"],"yoast_head":"<!-- This site is optimized with the Yoast SEO plugin v27.0 - https:\/\/yoast.com\/product\/yoast-seo-wordpress\/ -->\n<title>Circulatia spre Valea Lunga se va desfasura pe ruta ocolitoare - MHF Photography<\/title>\n<meta name=\"description\" content=\"Luni 11 mai si marti 12 mai se vor desfasura lucrari de asfaltare pe strada Mihail Kog\u0103lniceanu din municipiul Blaj.\" \/>\n<meta name=\"robots\" content=\"index, follow, max-snippet:-1, max-image-preview:large, max-video-preview:-1\" \/>\n<link rel=\"canonical\" href=\"https:\/\/mhf.ro\/mm\/circulatia-spre-valea-lunga-se-va-desfasura-pe-ruta-ocolitoare\/\" \/>\n<meta property=\"og:locale\" content=\"ro_RO\" \/>\n<meta property=\"og:type\" content=\"article\" \/>\n<meta property=\"og:title\" content=\"Circulatia spre Valea Lunga se va desfasura pe ruta ocolitoare - MHF Photography\" \/>\n<meta property=\"og:description\" content=\"Luni 11 mai si marti 12 mai se vor desfasura lucrari de asfaltare pe strada Mihail Kog\u0103lniceanu din municipiul Blaj.\" \/>\n<meta property=\"og:url\" content=\"https:\/\/mhf.ro\/mm\/circulatia-spre-valea-lunga-se-va-desfasura-pe-ruta-ocolitoare\/\" \/>\n<meta property=\"og:site_name\" content=\"MHF Photography\" \/>\n<meta property=\"article:published_time\" content=\"2020-05-09T19:56:46+00:00\" \/>\n<meta property=\"article:modified_time\" content=\"2020-05-09T20:01:55+00:00\" \/>\n<meta property=\"og:image\" content=\"https:\/\/mhf.ro\/mm\/wp-content\/uploads\/2020\/05\/ocolire.png\" \/>\n\t<meta property=\"og:image:width\" content=\"890\" \/>\n\t<meta property=\"og:image:height\" content=\"712\" \/>\n\t<meta property=\"og:image:type\" content=\"image\/png\" \/>\n<meta name=\"author\" content=\"Marius Marcu\" \/>\n<meta name=\"twitter:card\" content=\"summary_large_image\" \/>\n<meta name=\"twitter:label1\" content=\"Scris de\" \/>\n\t<meta name=\"twitter:data1\" content=\"Marius Marcu\" \/>\n<script type=\"application\/ld+json\" class=\"yoast-schema-graph\">{\"@context\":\"https:\/\/schema.org\",\"@graph\":[{\"@type\":\"Article\",\"@id\":\"https:\/\/mhf.ro\/mm\/circulatia-spre-valea-lunga-se-va-desfasura-pe-ruta-ocolitoare\/#article\",\"isPartOf\":{\"@id\":\"https:\/\/mhf.ro\/mm\/circulatia-spre-valea-lunga-se-va-desfasura-pe-ruta-ocolitoare\/\"},\"author\":{\"name\":\"Marius Marcu\",\"@id\":\"https:\/\/mhf.ro\/mm\/#\/schema\/person\/a3bebf7bdb4bf12f698aff73c7e46c21\"},\"headline\":\"Circulatia spre Valea Lunga se va desfasura pe ruta ocolitoare\",\"datePublished\":\"2020-05-09T19:56:46+00:00\",\"dateModified\":\"2020-05-09T20:01:55+00:00\",\"mainEntityOfPage\":{\"@id\":\"https:\/\/mhf.ro\/mm\/circulatia-spre-valea-lunga-se-va-desfasura-pe-ruta-ocolitoare\/\"},\"wordCount\":68,\"commentCount\":0,\"publisher\":{\"@id\":\"https:\/\/mhf.ro\/mm\/#\/schema\/person\/a3bebf7bdb4bf12f698aff73c7e46c21\"},\"image\":{\"@id\":\"https:\/\/mhf.ro\/mm\/circulatia-spre-valea-lunga-se-va-desfasura-pe-ruta-ocolitoare\/#primaryimage\"},\"thumbnailUrl\":\"https:\/\/mhf.ro\/mm\/wp-content\/uploads\/2020\/05\/ocolire.png\",\"articleSection\":[\"Locale\"],\"inLanguage\":\"ro-RO\",\"potentialAction\":[{\"@type\":\"CommentAction\",\"name\":\"Comment\",\"target\":[\"https:\/\/mhf.ro\/mm\/circulatia-spre-valea-lunga-se-va-desfasura-pe-ruta-ocolitoare\/#respond\"]}]},{\"@type\":\"WebPage\",\"@id\":\"https:\/\/mhf.ro\/mm\/circulatia-spre-valea-lunga-se-va-desfasura-pe-ruta-ocolitoare\/\",\"url\":\"https:\/\/mhf.ro\/mm\/circulatia-spre-valea-lunga-se-va-desfasura-pe-ruta-ocolitoare\/\",\"name\":\"Circulatia spre Valea Lunga se va desfasura pe ruta ocolitoare - MHF Photography\",\"isPartOf\":{\"@id\":\"https:\/\/mhf.ro\/mm\/#website\"},\"primaryImageOfPage\":{\"@id\":\"https:\/\/mhf.ro\/mm\/circulatia-spre-valea-lunga-se-va-desfasura-pe-ruta-ocolitoare\/#primaryimage\"},\"image\":{\"@id\":\"https:\/\/mhf.ro\/mm\/circulatia-spre-valea-lunga-se-va-desfasura-pe-ruta-ocolitoare\/#primaryimage\"},\"thumbnailUrl\":\"https:\/\/mhf.ro\/mm\/wp-content\/uploads\/2020\/05\/ocolire.png\",\"datePublished\":\"2020-05-09T19:56:46+00:00\",\"dateModified\":\"2020-05-09T20:01:55+00:00\",\"description\":\"Luni 11 mai si marti 12 mai se vor desfasura lucrari de asfaltare pe strada Mihail Kog\u0103lniceanu din municipiul Blaj.\",\"breadcrumb\":{\"@id\":\"https:\/\/mhf.ro\/mm\/circulatia-spre-valea-lunga-se-va-desfasura-pe-ruta-ocolitoare\/#breadcrumb\"},\"inLanguage\":\"ro-RO\",\"potentialAction\":[{\"@type\":\"ReadAction\",\"target\":[\"https:\/\/mhf.ro\/mm\/circulatia-spre-valea-lunga-se-va-desfasura-pe-ruta-ocolitoare\/\"]}]},{\"@type\":\"ImageObject\",\"inLanguage\":\"ro-RO\",\"@id\":\"https:\/\/mhf.ro\/mm\/circulatia-spre-valea-lunga-se-va-desfasura-pe-ruta-ocolitoare\/#primaryimage\",\"url\":\"https:\/\/mhf.ro\/mm\/wp-content\/uploads\/2020\/05\/ocolire.png\",\"contentUrl\":\"https:\/\/mhf.ro\/mm\/wp-content\/uploads\/2020\/05\/ocolire.png\",\"width\":890,\"height\":712},{\"@type\":\"BreadcrumbList\",\"@id\":\"https:\/\/mhf.ro\/mm\/circulatia-spre-valea-lunga-se-va-desfasura-pe-ruta-ocolitoare\/#breadcrumb\",\"itemListElement\":[{\"@type\":\"ListItem\",\"position\":1,\"name\":\"Prima pagin\u0103\",\"item\":\"https:\/\/mhf.ro\/mm\/\"},{\"@type\":\"ListItem\",\"position\":2,\"name\":\"Circulatia spre Valea Lunga se va desfasura pe ruta ocolitoare\"}]},{\"@type\":\"WebSite\",\"@id\":\"https:\/\/mhf.ro\/mm\/#website\",\"url\":\"https:\/\/mhf.ro\/mm\/\",\"name\":\"MHF Photography \u2013 Blog de fotografie, natur\u0103 \u0219i tehnic\u0103 divers\u0103\",\"description\":\"Aventur\u0103 \u00een fiecare cadru.\",\"publisher\":{\"@id\":\"https:\/\/mhf.ro\/mm\/#\/schema\/person\/a3bebf7bdb4bf12f698aff73c7e46c21\"},\"potentialAction\":[{\"@type\":\"SearchAction\",\"target\":{\"@type\":\"EntryPoint\",\"urlTemplate\":\"https:\/\/mhf.ro\/mm\/?s={search_term_string}\"},\"query-input\":{\"@type\":\"PropertyValueSpecification\",\"valueRequired\":true,\"valueName\":\"search_term_string\"}}],\"inLanguage\":\"ro-RO\"},{\"@type\":[\"Person\",\"Organization\"],\"@id\":\"https:\/\/mhf.ro\/mm\/#\/schema\/person\/a3bebf7bdb4bf12f698aff73c7e46c21\",\"name\":\"Marius Marcu\",\"image\":{\"@type\":\"ImageObject\",\"inLanguage\":\"ro-RO\",\"@id\":\"https:\/\/mhf.ro\/mm\/#\/schema\/person\/image\/\",\"url\":\"https:\/\/mhf.ro\/mm\/wp-content\/uploads\/2025\/12\/cropped-logo_mhf_2.png\",\"contentUrl\":\"https:\/\/mhf.ro\/mm\/wp-content\/uploads\/2025\/12\/cropped-logo_mhf_2.png\",\"width\":1096,\"height\":457,\"caption\":\"Marius Marcu\"},\"logo\":{\"@id\":\"https:\/\/mhf.ro\/mm\/#\/schema\/person\/image\/\"},\"sameAs\":[\"https:\/\/mhf.ro\/mm\"],\"url\":\"https:\/\/mhf.ro\/mm\/author\/mihai\/\"}]}<\/script>\n<!-- \/ Yoast SEO plugin. -->","yoast_head_json":{"title":"Circulatia spre Valea Lunga se va desfasura pe ruta ocolitoare - MHF Photography","description":"Luni 11 mai si marti 12 mai se vor desfasura lucrari de asfaltare pe strada Mihail Kog\u0103lniceanu din municipiul Blaj.","robots":{"index":"index","follow":"follow","max-snippet":"max-snippet:-1","max-image-preview":"max-image-preview:large","max-video-preview":"max-video-preview:-1"},"canonical":"https:\/\/mhf.ro\/mm\/circulatia-spre-valea-lunga-se-va-desfasura-pe-ruta-ocolitoare\/","og_locale":"ro_RO","og_type":"article","og_title":"Circulatia spre Valea Lunga se va desfasura pe ruta ocolitoare - MHF Photography","og_description":"Luni 11 mai si marti 12 mai se vor desfasura lucrari de asfaltare pe strada Mihail Kog\u0103lniceanu din municipiul Blaj.","og_url":"https:\/\/mhf.ro\/mm\/circulatia-spre-valea-lunga-se-va-desfasura-pe-ruta-ocolitoare\/","og_site_name":"MHF Photography","article_published_time":"2020-05-09T19:56:46+00:00","article_modified_time":"2020-05-09T20:01:55+00:00","og_image":[{"width":890,"height":712,"url":"https:\/\/mhf.ro\/mm\/wp-content\/uploads\/2020\/05\/ocolire.png","type":"image\/png"}],"author":"Marius Marcu","twitter_card":"summary_large_image","twitter_misc":{"Scris de":"Marius Marcu"},"schema":{"@context":"https:\/\/schema.org","@graph":[{"@type":"Article","@id":"https:\/\/mhf.ro\/mm\/circulatia-spre-valea-lunga-se-va-desfasura-pe-ruta-ocolitoare\/#article","isPartOf":{"@id":"https:\/\/mhf.ro\/mm\/circulatia-spre-valea-lunga-se-va-desfasura-pe-ruta-ocolitoare\/"},"author":{"name":"Marius Marcu","@id":"https:\/\/mhf.ro\/mm\/#\/schema\/person\/a3bebf7bdb4bf12f698aff73c7e46c21"},"headline":"Circulatia spre Valea Lunga se va desfasura pe ruta ocolitoare","datePublished":"2020-05-09T19:56:46+00:00","dateModified":"2020-05-09T20:01:55+00:00","mainEntityOfPage":{"@id":"https:\/\/mhf.ro\/mm\/circulatia-spre-valea-lunga-se-va-desfasura-pe-ruta-ocolitoare\/"},"wordCount":68,"commentCount":0,"publisher":{"@id":"https:\/\/mhf.ro\/mm\/#\/schema\/person\/a3bebf7bdb4bf12f698aff73c7e46c21"},"image":{"@id":"https:\/\/mhf.ro\/mm\/circulatia-spre-valea-lunga-se-va-desfasura-pe-ruta-ocolitoare\/#primaryimage"},"thumbnailUrl":"https:\/\/mhf.ro\/mm\/wp-content\/uploads\/2020\/05\/ocolire.png","articleSection":["Locale"],"inLanguage":"ro-RO","potentialAction":[{"@type":"CommentAction","name":"Comment","target":["https:\/\/mhf.ro\/mm\/circulatia-spre-valea-lunga-se-va-desfasura-pe-ruta-ocolitoare\/#respond"]}]},{"@type":"WebPage","@id":"https:\/\/mhf.ro\/mm\/circulatia-spre-valea-lunga-se-va-desfasura-pe-ruta-ocolitoare\/","url":"https:\/\/mhf.ro\/mm\/circulatia-spre-valea-lunga-se-va-desfasura-pe-ruta-ocolitoare\/","name":"Circulatia spre Valea Lunga se va desfasura pe ruta ocolitoare - MHF Photography","isPartOf":{"@id":"https:\/\/mhf.ro\/mm\/#website"},"primaryImageOfPage":{"@id":"https:\/\/mhf.ro\/mm\/circulatia-spre-valea-lunga-se-va-desfasura-pe-ruta-ocolitoare\/#primaryimage"},"image":{"@id":"https:\/\/mhf.ro\/mm\/circulatia-spre-valea-lunga-se-va-desfasura-pe-ruta-ocolitoare\/#primaryimage"},"thumbnailUrl":"https:\/\/mhf.ro\/mm\/wp-content\/uploads\/2020\/05\/ocolire.png","datePublished":"2020-05-09T19:56:46+00:00","dateModified":"2020-05-09T20:01:55+00:00","description":"Luni 11 mai si marti 12 mai se vor desfasura lucrari de asfaltare pe strada Mihail Kog\u0103lniceanu din municipiul Blaj.","breadcrumb":{"@id":"https:\/\/mhf.ro\/mm\/circulatia-spre-valea-lunga-se-va-desfasura-pe-ruta-ocolitoare\/#breadcrumb"},"inLanguage":"ro-RO","potentialAction":[{"@type":"ReadAction","target":["https:\/\/mhf.ro\/mm\/circulatia-spre-valea-lunga-se-va-desfasura-pe-ruta-ocolitoare\/"]}]},{"@type":"ImageObject","inLanguage":"ro-RO","@id":"https:\/\/mhf.ro\/mm\/circulatia-spre-valea-lunga-se-va-desfasura-pe-ruta-ocolitoare\/#primaryimage","url":"https:\/\/mhf.ro\/mm\/wp-content\/uploads\/2020\/05\/ocolire.png","contentUrl":"https:\/\/mhf.ro\/mm\/wp-content\/uploads\/2020\/05\/ocolire.png","width":890,"height":712},{"@type":"BreadcrumbList","@id":"https:\/\/mhf.ro\/mm\/circulatia-spre-valea-lunga-se-va-desfasura-pe-ruta-ocolitoare\/#breadcrumb","itemListElement":[{"@type":"ListItem","position":1,"name":"Prima pagin\u0103","item":"https:\/\/mhf.ro\/mm\/"},{"@type":"ListItem","position":2,"name":"Circulatia spre Valea Lunga se va desfasura pe ruta ocolitoare"}]},{"@type":"WebSite","@id":"https:\/\/mhf.ro\/mm\/#website","url":"https:\/\/mhf.ro\/mm\/","name":"MHF Photography \u2013 Blog de fotografie, natur\u0103 \u0219i tehnic\u0103 divers\u0103","description":"Aventur\u0103 \u00een fiecare cadru.","publisher":{"@id":"https:\/\/mhf.ro\/mm\/#\/schema\/person\/a3bebf7bdb4bf12f698aff73c7e46c21"},"potentialAction":[{"@type":"SearchAction","target":{"@type":"EntryPoint","urlTemplate":"https:\/\/mhf.ro\/mm\/?s={search_term_string}"},"query-input":{"@type":"PropertyValueSpecification","valueRequired":true,"valueName":"search_term_string"}}],"inLanguage":"ro-RO"},{"@type":["Person","Organization"],"@id":"https:\/\/mhf.ro\/mm\/#\/schema\/person\/a3bebf7bdb4bf12f698aff73c7e46c21","name":"Marius Marcu","image":{"@type":"ImageObject","inLanguage":"ro-RO","@id":"https:\/\/mhf.ro\/mm\/#\/schema\/person\/image\/","url":"https:\/\/mhf.ro\/mm\/wp-content\/uploads\/2025\/12\/cropped-logo_mhf_2.png","contentUrl":"https:\/\/mhf.ro\/mm\/wp-content\/uploads\/2025\/12\/cropped-logo_mhf_2.png","width":1096,"height":457,"caption":"Marius Marcu"},"logo":{"@id":"https:\/\/mhf.ro\/mm\/#\/schema\/person\/image\/"},"sameAs":["https:\/\/mhf.ro\/mm"],"url":"https:\/\/mhf.ro\/mm\/author\/mihai\/"}]}},"_links":{"self":[{"href":"https:\/\/mhf.ro\/mm\/wp-json\/wp\/v2\/posts\/1277","targetHints":{"allow":["GET"]}}],"collection":[{"href":"https:\/\/mhf.ro\/mm\/wp-json\/wp\/v2\/posts"}],"about":[{"href":"https:\/\/mhf.ro\/mm\/wp-json\/wp\/v2\/types\/post"}],"author":[{"embeddable":true,"href":"https:\/\/mhf.ro\/mm\/wp-json\/wp\/v2\/users\/1"}],"replies":[{"embeddable":true,"href":"https:\/\/mhf.ro\/mm\/wp-json\/wp\/v2\/comments?post=1277"}],"version-history":[{"count":1,"href":"https:\/\/mhf.ro\/mm\/wp-json\/wp\/v2\/posts\/1277\/revisions"}],"predecessor-version":[{"id":1279,"href":"https:\/\/mhf.ro\/mm\/wp-json\/wp\/v2\/posts\/1277\/revisions\/1279"}],"wp:featuredmedia":[{"embeddable":true,"href":"https:\/\/mhf.ro\/mm\/wp-json\/wp\/v2\/media\/1278"}],"wp:attachment":[{"href":"https:\/\/mhf.ro\/mm\/wp-json\/wp\/v2\/media?parent=1277"}],"wp:term":[{"taxonomy":"category","embeddable":true,"href":"https:\/\/mhf.ro\/mm\/wp-json\/wp\/v2\/categories?post=1277"},{"taxonomy":"post_tag","embeddable":true,"href":"https:\/\/mhf.ro\/mm\/wp-json\/wp\/v2\/tags?post=1277"}],"curies":[{"name":"wp","href":"https:\/\/api.w.org\/{rel}","templated":true}]}}