{"id":1281,"date":"2020-05-10T07:49:40","date_gmt":"2020-05-10T05:49:40","guid":{"rendered":"https:\/\/mhf.ro\/mm\/?p=1281"},"modified":"2021-04-21T08:44:41","modified_gmt":"2021-04-21T06:44:41","slug":"instrainarea","status":"publish","type":"post","link":"https:\/\/mhf.ro\/mm\/instrainarea\/","title":{"rendered":"\u00ceNSTR\u0102INAREA"},"content":{"rendered":"<div class=\"_xlr\">\n<div id=\"id_5eb7b0c28922a1528428777\" class=\"text_exposed_root text_exposed\">Azi se perind\u0103-n mine \u00eenstr\u0103inarea noastr\u0103<br \/>\n\u0218i vise nezidite \u00een g\u00e2nduri se preling,<br \/>\nO stea din constela\u021bii \u00eemi pl\u00e2nge la fereastr\u0103<span class=\"text_exposed_show\"><span class=\"text_exposed_show\"><br \/>\n\u0218i-n r\u0103nile uit\u0103rii speran\u021bele se sting.<\/span><\/span>\u00cen inim\u0103 f\u00e2nt\u00e2na de dor m\u0103 r\u0103scole\u0219te,<br \/>\nIluzia-i spulberat\u0103 \u0219i-mprastiata-n v\u00e2nt,<br \/>\nTopit\u0103-i orice vin\u0103 din floarea ce-am\u0103ge\u0219te<br \/>\n\u0218i mort \u00ee\u021bi e s\u0103rutul pe buzele de-argint.Mai sp\u0103la-m\u0103-n iubirea suspinului ce-l por\u021bi,<br \/>\nSau stinge-m\u0103 \u00een lacrimi de crini imacula\u021bi,<br \/>\nAlung\u0103 nenorocul \u00een tainicele sor\u021bi,<br \/>\n\u0218i umple golul serii cu iri\u0219i \u00eenseta\u021bi.<\/p>\n<p>Un cosmos al uit\u0103rii e tot ce \u00eemi doresc,<br \/>\nSirene de iubire le vreau sc\u0103ldate-n mare,<br \/>\nO tor\u021b\u0103 de-ntristare mai ard \u00een ar\u0103besc<br \/>\nSi-nalt o rug\u0103 sf\u00e2nt\u0103 \u00een stea de vindecare.<\/p>\n<p>Elibereaz\u0103-mi g\u00e2ndul de tot ce tu \u00eemi e\u0219ti<br \/>\n\u0218i du-m\u0103-ntr-o cetate de fluturi f\u0103r\u0103 nume,<br \/>\nUn a\u0219ternut de clipe brodeaz\u0103-le-n pove\u0219ti,<br \/>\nDezbr\u0103ca-m\u0103 de tine \u0219i spulber\u0103-m\u0103-n lume.<\/p>\n<p>Nu r\u0103t\u0103ci \u00een mine, m\u0103 vreau desc\u0103tu\u0219at\u0103<br \/>\n\u0218i g\u00e2nduri interzise \u00een zori le-nmorm\u00e2ntez,<br \/>\n\u00cen ploaie de camelii a\u0219 vrea s\u0103 fiu sp\u0103lat\u0103,<br \/>\nM-ascund \u00een perla nop\u021bii, nu vreau s\u0103 mai visez.<\/p>\n<p>Corola de uitare s\u0103-mi sting\u0103 amintirea,<br \/>\nC\u00e2nd se \u00eeng\u00e2n\u0103 luna cu mori de vise moarte,<br \/>\nP\u0103\u0219e\u0219te \u00een t\u0103cere s\u0103 nu-mi treze\u0219ti iubirea<br \/>\nO dinastie-ntreag\u0103 de cea\u021b\u0103 ne desparte.<\/p>\n<\/div>\n<div id=\"fbPhotoSnowliftProductMiniListHscroll\" class=\"fbCommerceProductMiniListHscroll\"><\/div>\n<div id=\"fbPhotoSnowliftLegacyTagList\" class=\"pts fbPhotoLegacyTagList\">\n<div>Amicei Wanda&#8230;<\/div>\n<\/div>\n<div id=\"fbPhotoSnowliftCallToActionButton\" class=\"fbPhotosPhotoButtons\"><\/div>\n<div id=\"fbPhotoSnowliftPhotoFundraiser\"><\/div>\n<div id=\"fbPhotoSnowliftOwnerButtons\" class=\"mvm fbPhotosPhotoOwnerButtons stat_elem\"><\/div>\n<div id=\"fbPhotoSnowliftOriginalStory\" class=\"_56lj\"><\/div>\n<div id=\"fbPhotoSnowliftComputerVisionAnnotation\" class=\"fbPhotosPhotoCVAnnotation\"><\/div>\n<\/div>\n<div id=\"fbPhotoSnowliftVideoFundraiser\"><\/div>\n<div id=\"fbPhotoSnowliftViews\" class=\"_4p3v\"><\/div>\n<div id=\"fbPhotoSnowliftFeedback\" class=\"fbPhotosSnowliftFeedback\"><\/div>\n<div>\n<div class=\"_6iib\">\n<div class=\"_6iic\">\n<div class=\"_6iid\"><\/div>\n<\/div>\n<\/div>\n<\/div>\n","protected":false},"excerpt":{"rendered":"<p>Azi se perind\u0103-n mine \u00eenstr\u0103inarea noastr\u0103 \u0218i vise nezidite \u00een g\u00e2nduri se preling, O stea din constela\u021bii \u00eemi pl\u00e2nge la<\/p>\n","protected":false},"author":3,"featured_media":1282,"comment_status":"open","ping_status":"open","sticky":false,"template":"","format":"standard","meta":{"colormag_page_container_layout":"default_layout","colormag_page_sidebar_layout":"default_layout","footnotes":""},"categories":[21,8],"tags":[],"class_list":["post-1281","post","type-post","status-publish","format-standard","has-post-thumbnail","hentry","category-arta","category-div"],"yoast_head":"<!-- This site is optimized with the Yoast SEO plugin v27.0 - https:\/\/yoast.com\/product\/yoast-seo-wordpress\/ -->\n<title>\u00ceNSTR\u0102INAREA - MHF Photography<\/title>\n<meta name=\"robots\" content=\"index, follow, max-snippet:-1, max-image-preview:large, max-video-preview:-1\" \/>\n<link rel=\"canonical\" href=\"https:\/\/mhf.ro\/mm\/instrainarea\/\" \/>\n<meta property=\"og:locale\" content=\"ro_RO\" \/>\n<meta property=\"og:type\" content=\"article\" \/>\n<meta property=\"og:title\" content=\"\u00ceNSTR\u0102INAREA - MHF Photography\" \/>\n<meta property=\"og:description\" content=\"Azi se perind\u0103-n mine \u00eenstr\u0103inarea noastr\u0103 \u0218i vise nezidite \u00een g\u00e2nduri se preling, O stea din constela\u021bii \u00eemi pl\u00e2nge la\" \/>\n<meta property=\"og:url\" content=\"https:\/\/mhf.ro\/mm\/instrainarea\/\" \/>\n<meta property=\"og:site_name\" content=\"MHF Photography\" \/>\n<meta property=\"article:published_time\" content=\"2020-05-10T05:49:40+00:00\" \/>\n<meta property=\"article:modified_time\" content=\"2021-04-21T06:44:41+00:00\" \/>\n<meta property=\"og:image\" content=\"https:\/\/mhf.ro\/mm\/wp-content\/uploads\/2020\/05\/poez1.jpg\" \/>\n\t<meta property=\"og:image:width\" content=\"688\" \/>\n\t<meta property=\"og:image:height\" content=\"486\" \/>\n\t<meta property=\"og:image:type\" content=\"image\/jpeg\" \/>\n<meta name=\"author\" content=\"Ciurtin Tavi\" \/>\n<meta name=\"twitter:card\" content=\"summary_large_image\" \/>\n<meta name=\"twitter:label1\" content=\"Scris de\" \/>\n\t<meta name=\"twitter:data1\" content=\"Ciurtin Tavi\" \/>\n\t<meta name=\"twitter:label2\" content=\"Timp estimat pentru citire\" \/>\n\t<meta name=\"twitter:data2\" content=\"1 minut\" \/>\n<script type=\"application\/ld+json\" class=\"yoast-schema-graph\">{\"@context\":\"https:\/\/schema.org\",\"@graph\":[{\"@type\":\"Article\",\"@id\":\"https:\/\/mhf.ro\/mm\/instrainarea\/#article\",\"isPartOf\":{\"@id\":\"https:\/\/mhf.ro\/mm\/instrainarea\/\"},\"author\":{\"name\":\"Ciurtin Tavi\",\"@id\":\"https:\/\/mhf.ro\/mm\/#\/schema\/person\/d2e8248dfe54de3d7284ff7254d2e29b\"},\"headline\":\"\u00ceNSTR\u0102INAREA\",\"datePublished\":\"2020-05-10T05:49:40+00:00\",\"dateModified\":\"2021-04-21T06:44:41+00:00\",\"mainEntityOfPage\":{\"@id\":\"https:\/\/mhf.ro\/mm\/instrainarea\/\"},\"wordCount\":252,\"commentCount\":0,\"publisher\":{\"@id\":\"https:\/\/mhf.ro\/mm\/#\/schema\/person\/a3bebf7bdb4bf12f698aff73c7e46c21\"},\"image\":{\"@id\":\"https:\/\/mhf.ro\/mm\/instrainarea\/#primaryimage\"},\"thumbnailUrl\":\"https:\/\/mhf.ro\/mm\/wp-content\/uploads\/2020\/05\/poez1.jpg\",\"articleSection\":[\"Arta\",\"Diverse\"],\"inLanguage\":\"ro-RO\",\"potentialAction\":[{\"@type\":\"CommentAction\",\"name\":\"Comment\",\"target\":[\"https:\/\/mhf.ro\/mm\/instrainarea\/#respond\"]}]},{\"@type\":\"WebPage\",\"@id\":\"https:\/\/mhf.ro\/mm\/instrainarea\/\",\"url\":\"https:\/\/mhf.ro\/mm\/instrainarea\/\",\"name\":\"\u00ceNSTR\u0102INAREA - MHF Photography\",\"isPartOf\":{\"@id\":\"https:\/\/mhf.ro\/mm\/#website\"},\"primaryImageOfPage\":{\"@id\":\"https:\/\/mhf.ro\/mm\/instrainarea\/#primaryimage\"},\"image\":{\"@id\":\"https:\/\/mhf.ro\/mm\/instrainarea\/#primaryimage\"},\"thumbnailUrl\":\"https:\/\/mhf.ro\/mm\/wp-content\/uploads\/2020\/05\/poez1.jpg\",\"datePublished\":\"2020-05-10T05:49:40+00:00\",\"dateModified\":\"2021-04-21T06:44:41+00:00\",\"breadcrumb\":{\"@id\":\"https:\/\/mhf.ro\/mm\/instrainarea\/#breadcrumb\"},\"inLanguage\":\"ro-RO\",\"potentialAction\":[{\"@type\":\"ReadAction\",\"target\":[\"https:\/\/mhf.ro\/mm\/instrainarea\/\"]}]},{\"@type\":\"ImageObject\",\"inLanguage\":\"ro-RO\",\"@id\":\"https:\/\/mhf.ro\/mm\/instrainarea\/#primaryimage\",\"url\":\"https:\/\/mhf.ro\/mm\/wp-content\/uploads\/2020\/05\/poez1.jpg\",\"contentUrl\":\"https:\/\/mhf.ro\/mm\/wp-content\/uploads\/2020\/05\/poez1.jpg\",\"width\":688,\"height\":486},{\"@type\":\"BreadcrumbList\",\"@id\":\"https:\/\/mhf.ro\/mm\/instrainarea\/#breadcrumb\",\"itemListElement\":[{\"@type\":\"ListItem\",\"position\":1,\"name\":\"Prima pagin\u0103\",\"item\":\"https:\/\/mhf.ro\/mm\/\"},{\"@type\":\"ListItem\",\"position\":2,\"name\":\"\u00ceNSTR\u0102INAREA\"}]},{\"@type\":\"WebSite\",\"@id\":\"https:\/\/mhf.ro\/mm\/#website\",\"url\":\"https:\/\/mhf.ro\/mm\/\",\"name\":\"MHF Photography \u2013 Blog de fotografie, natur\u0103 \u0219i tehnic\u0103 divers\u0103\",\"description\":\"Aventur\u0103 \u00een fiecare cadru.\",\"publisher\":{\"@id\":\"https:\/\/mhf.ro\/mm\/#\/schema\/person\/a3bebf7bdb4bf12f698aff73c7e46c21\"},\"potentialAction\":[{\"@type\":\"SearchAction\",\"target\":{\"@type\":\"EntryPoint\",\"urlTemplate\":\"https:\/\/mhf.ro\/mm\/?s={search_term_string}\"},\"query-input\":{\"@type\":\"PropertyValueSpecification\",\"valueRequired\":true,\"valueName\":\"search_term_string\"}}],\"inLanguage\":\"ro-RO\"},{\"@type\":[\"Person\",\"Organization\"],\"@id\":\"https:\/\/mhf.ro\/mm\/#\/schema\/person\/a3bebf7bdb4bf12f698aff73c7e46c21\",\"name\":\"Marius Marcu\",\"image\":{\"@type\":\"ImageObject\",\"inLanguage\":\"ro-RO\",\"@id\":\"https:\/\/mhf.ro\/mm\/#\/schema\/person\/image\/\",\"url\":\"https:\/\/mhf.ro\/mm\/wp-content\/uploads\/2025\/12\/cropped-logo_mhf_2.png\",\"contentUrl\":\"https:\/\/mhf.ro\/mm\/wp-content\/uploads\/2025\/12\/cropped-logo_mhf_2.png\",\"width\":1096,\"height\":457,\"caption\":\"Marius Marcu\"},\"logo\":{\"@id\":\"https:\/\/mhf.ro\/mm\/#\/schema\/person\/image\/\"},\"sameAs\":[\"https:\/\/mhf.ro\/mm\"]},{\"@type\":\"Person\",\"@id\":\"https:\/\/mhf.ro\/mm\/#\/schema\/person\/d2e8248dfe54de3d7284ff7254d2e29b\",\"name\":\"Ciurtin Tavi\",\"image\":{\"@type\":\"ImageObject\",\"inLanguage\":\"ro-RO\",\"@id\":\"https:\/\/mhf.ro\/mm\/#\/schema\/person\/image\/\",\"url\":\"https:\/\/secure.gravatar.com\/avatar\/5afa01044b4e9328c510b64d3aa571c665404d2e22859f2e114ebd21774aab9c?s=96&d=monsterid&r=g\",\"contentUrl\":\"https:\/\/secure.gravatar.com\/avatar\/5afa01044b4e9328c510b64d3aa571c665404d2e22859f2e114ebd21774aab9c?s=96&d=monsterid&r=g\",\"caption\":\"Ciurtin Tavi\"},\"description\":\"N-am crezut niciodata ca ce am vizionat in vis, va fi permanent lege pentru mine... as fi isteric sa cred, ca, chiar eu pot sa-mi duc neputinta atat de mult sa cred ca eu... nu mai stiu sa glumesc, cu el, cu ea, cu tine, si in ultimul rand... cu mine... stii ce as vrea? ca eu nu stiu.... ma catar doar pe o dorinta, fumeganda-n mintea mea, asa, apucata de un ciucur ca un vis.... un vis legitim, nu unul....labartit din memoria somnului, ca... ultima discutie cu tine! hai, pa... ma duc sa-mi mustruluiesc, speranta de-a avea curajul sa revina la suprafata inaintea zorilor .\",\"sameAs\":[\"https:\/\/mhf.ro\/mm\"],\"url\":\"https:\/\/mhf.ro\/mm\/author\/tavi\/\"}]}<\/script>\n<!-- \/ Yoast SEO plugin. -->","yoast_head_json":{"title":"\u00ceNSTR\u0102INAREA - MHF Photography","robots":{"index":"index","follow":"follow","max-snippet":"max-snippet:-1","max-image-preview":"max-image-preview:large","max-video-preview":"max-video-preview:-1"},"canonical":"https:\/\/mhf.ro\/mm\/instrainarea\/","og_locale":"ro_RO","og_type":"article","og_title":"\u00ceNSTR\u0102INAREA - MHF Photography","og_description":"Azi se perind\u0103-n mine \u00eenstr\u0103inarea noastr\u0103 \u0218i vise nezidite \u00een g\u00e2nduri se preling, O stea din constela\u021bii \u00eemi pl\u00e2nge la","og_url":"https:\/\/mhf.ro\/mm\/instrainarea\/","og_site_name":"MHF Photography","article_published_time":"2020-05-10T05:49:40+00:00","article_modified_time":"2021-04-21T06:44:41+00:00","og_image":[{"width":688,"height":486,"url":"https:\/\/mhf.ro\/mm\/wp-content\/uploads\/2020\/05\/poez1.jpg","type":"image\/jpeg"}],"author":"Ciurtin Tavi","twitter_card":"summary_large_image","twitter_misc":{"Scris de":"Ciurtin Tavi","Timp estimat pentru citire":"1 minut"},"schema":{"@context":"https:\/\/schema.org","@graph":[{"@type":"Article","@id":"https:\/\/mhf.ro\/mm\/instrainarea\/#article","isPartOf":{"@id":"https:\/\/mhf.ro\/mm\/instrainarea\/"},"author":{"name":"Ciurtin Tavi","@id":"https:\/\/mhf.ro\/mm\/#\/schema\/person\/d2e8248dfe54de3d7284ff7254d2e29b"},"headline":"\u00ceNSTR\u0102INAREA","datePublished":"2020-05-10T05:49:40+00:00","dateModified":"2021-04-21T06:44:41+00:00","mainEntityOfPage":{"@id":"https:\/\/mhf.ro\/mm\/instrainarea\/"},"wordCount":252,"commentCount":0,"publisher":{"@id":"https:\/\/mhf.ro\/mm\/#\/schema\/person\/a3bebf7bdb4bf12f698aff73c7e46c21"},"image":{"@id":"https:\/\/mhf.ro\/mm\/instrainarea\/#primaryimage"},"thumbnailUrl":"https:\/\/mhf.ro\/mm\/wp-content\/uploads\/2020\/05\/poez1.jpg","articleSection":["Arta","Diverse"],"inLanguage":"ro-RO","potentialAction":[{"@type":"CommentAction","name":"Comment","target":["https:\/\/mhf.ro\/mm\/instrainarea\/#respond"]}]},{"@type":"WebPage","@id":"https:\/\/mhf.ro\/mm\/instrainarea\/","url":"https:\/\/mhf.ro\/mm\/instrainarea\/","name":"\u00ceNSTR\u0102INAREA - MHF Photography","isPartOf":{"@id":"https:\/\/mhf.ro\/mm\/#website"},"primaryImageOfPage":{"@id":"https:\/\/mhf.ro\/mm\/instrainarea\/#primaryimage"},"image":{"@id":"https:\/\/mhf.ro\/mm\/instrainarea\/#primaryimage"},"thumbnailUrl":"https:\/\/mhf.ro\/mm\/wp-content\/uploads\/2020\/05\/poez1.jpg","datePublished":"2020-05-10T05:49:40+00:00","dateModified":"2021-04-21T06:44:41+00:00","breadcrumb":{"@id":"https:\/\/mhf.ro\/mm\/instrainarea\/#breadcrumb"},"inLanguage":"ro-RO","potentialAction":[{"@type":"ReadAction","target":["https:\/\/mhf.ro\/mm\/instrainarea\/"]}]},{"@type":"ImageObject","inLanguage":"ro-RO","@id":"https:\/\/mhf.ro\/mm\/instrainarea\/#primaryimage","url":"https:\/\/mhf.ro\/mm\/wp-content\/uploads\/2020\/05\/poez1.jpg","contentUrl":"https:\/\/mhf.ro\/mm\/wp-content\/uploads\/2020\/05\/poez1.jpg","width":688,"height":486},{"@type":"BreadcrumbList","@id":"https:\/\/mhf.ro\/mm\/instrainarea\/#breadcrumb","itemListElement":[{"@type":"ListItem","position":1,"name":"Prima pagin\u0103","item":"https:\/\/mhf.ro\/mm\/"},{"@type":"ListItem","position":2,"name":"\u00ceNSTR\u0102INAREA"}]},{"@type":"WebSite","@id":"https:\/\/mhf.ro\/mm\/#website","url":"https:\/\/mhf.ro\/mm\/","name":"MHF Photography \u2013 Blog de fotografie, natur\u0103 \u0219i tehnic\u0103 divers\u0103","description":"Aventur\u0103 \u00een fiecare cadru.","publisher":{"@id":"https:\/\/mhf.ro\/mm\/#\/schema\/person\/a3bebf7bdb4bf12f698aff73c7e46c21"},"potentialAction":[{"@type":"SearchAction","target":{"@type":"EntryPoint","urlTemplate":"https:\/\/mhf.ro\/mm\/?s={search_term_string}"},"query-input":{"@type":"PropertyValueSpecification","valueRequired":true,"valueName":"search_term_string"}}],"inLanguage":"ro-RO"},{"@type":["Person","Organization"],"@id":"https:\/\/mhf.ro\/mm\/#\/schema\/person\/a3bebf7bdb4bf12f698aff73c7e46c21","name":"Marius Marcu","image":{"@type":"ImageObject","inLanguage":"ro-RO","@id":"https:\/\/mhf.ro\/mm\/#\/schema\/person\/image\/","url":"https:\/\/mhf.ro\/mm\/wp-content\/uploads\/2025\/12\/cropped-logo_mhf_2.png","contentUrl":"https:\/\/mhf.ro\/mm\/wp-content\/uploads\/2025\/12\/cropped-logo_mhf_2.png","width":1096,"height":457,"caption":"Marius Marcu"},"logo":{"@id":"https:\/\/mhf.ro\/mm\/#\/schema\/person\/image\/"},"sameAs":["https:\/\/mhf.ro\/mm"]},{"@type":"Person","@id":"https:\/\/mhf.ro\/mm\/#\/schema\/person\/d2e8248dfe54de3d7284ff7254d2e29b","name":"Ciurtin Tavi","image":{"@type":"ImageObject","inLanguage":"ro-RO","@id":"https:\/\/mhf.ro\/mm\/#\/schema\/person\/image\/","url":"https:\/\/secure.gravatar.com\/avatar\/5afa01044b4e9328c510b64d3aa571c665404d2e22859f2e114ebd21774aab9c?s=96&d=monsterid&r=g","contentUrl":"https:\/\/secure.gravatar.com\/avatar\/5afa01044b4e9328c510b64d3aa571c665404d2e22859f2e114ebd21774aab9c?s=96&d=monsterid&r=g","caption":"Ciurtin Tavi"},"description":"N-am crezut niciodata ca ce am vizionat in vis, va fi permanent lege pentru mine... as fi isteric sa cred, ca, chiar eu pot sa-mi duc neputinta atat de mult sa cred ca eu... nu mai stiu sa glumesc, cu el, cu ea, cu tine, si in ultimul rand... cu mine... stii ce as vrea? ca eu nu stiu.... ma catar doar pe o dorinta, fumeganda-n mintea mea, asa, apucata de un ciucur ca un vis.... un vis legitim, nu unul....labartit din memoria somnului, ca... ultima discutie cu tine! hai, pa... ma duc sa-mi mustruluiesc, speranta de-a avea curajul sa revina la suprafata inaintea zorilor .","sameAs":["https:\/\/mhf.ro\/mm"],"url":"https:\/\/mhf.ro\/mm\/author\/tavi\/"}]}},"_links":{"self":[{"href":"https:\/\/mhf.ro\/mm\/wp-json\/wp\/v2\/posts\/1281","targetHints":{"allow":["GET"]}}],"collection":[{"href":"https:\/\/mhf.ro\/mm\/wp-json\/wp\/v2\/posts"}],"about":[{"href":"https:\/\/mhf.ro\/mm\/wp-json\/wp\/v2\/types\/post"}],"author":[{"embeddable":true,"href":"https:\/\/mhf.ro\/mm\/wp-json\/wp\/v2\/users\/3"}],"replies":[{"embeddable":true,"href":"https:\/\/mhf.ro\/mm\/wp-json\/wp\/v2\/comments?post=1281"}],"version-history":[{"count":3,"href":"https:\/\/mhf.ro\/mm\/wp-json\/wp\/v2\/posts\/1281\/revisions"}],"predecessor-version":[{"id":1461,"href":"https:\/\/mhf.ro\/mm\/wp-json\/wp\/v2\/posts\/1281\/revisions\/1461"}],"wp:featuredmedia":[{"embeddable":true,"href":"https:\/\/mhf.ro\/mm\/wp-json\/wp\/v2\/media\/1282"}],"wp:attachment":[{"href":"https:\/\/mhf.ro\/mm\/wp-json\/wp\/v2\/media?parent=1281"}],"wp:term":[{"taxonomy":"category","embeddable":true,"href":"https:\/\/mhf.ro\/mm\/wp-json\/wp\/v2\/categories?post=1281"},{"taxonomy":"post_tag","embeddable":true,"href":"https:\/\/mhf.ro\/mm\/wp-json\/wp\/v2\/tags?post=1281"}],"curies":[{"name":"wp","href":"https:\/\/api.w.org\/{rel}","templated":true}]}}