{"id":1287,"date":"2020-05-10T08:04:00","date_gmt":"2020-05-10T06:04:00","guid":{"rendered":"https:\/\/mhf.ro\/mm\/?p=1287"},"modified":"2021-04-21T08:44:29","modified_gmt":"2021-04-21T06:44:29","slug":"negustorul-de-vise","status":"publish","type":"post","link":"https:\/\/mhf.ro\/mm\/negustorul-de-vise\/","title":{"rendered":"Negustorul de vise&#8230;"},"content":{"rendered":"<p><img fetchpriority=\"high\" decoding=\"async\" class=\"alignnone size-medium wp-image-1282\" src=\"https:\/\/mhf.ro\/mm\/wp-content\/uploads\/2020\/05\/poez1-300x212.jpg\" alt=\"\" width=\"300\" height=\"212\" srcset=\"https:\/\/mhf.ro\/mm\/wp-content\/uploads\/2020\/05\/poez1-300x212.jpg 300w, https:\/\/mhf.ro\/mm\/wp-content\/uploads\/2020\/05\/poez1.jpg 688w\" sizes=\"(max-width: 300px) 100vw, 300px\" \/><\/p>\n<p>Dans\u0103m \u00een valsul nop\u021bii \u00een pulbere de lun\u0103<br \/>\n\u0218i-n rumegu\u0219 de vreme ne sp\u0103la bl\u00e2nde ploi,<br \/>\nSe fr\u00e2ng poeme-n suflet, cocori de prim\u0103var\u0103,<span class=\"text_exposed_show\"><br \/>\n\u0218i-un ochi de cer prive\u0219te cu lacrimi la noi doi.<\/span><\/p>\n<p>\u00cen puncte cardinale ne mai cernim trecutul<br \/>\n\u0218i umbre dezl\u00e2nate ne viziteaz\u0103-n g\u00e2nd,<br \/>\n\u00cen pe\u0219teri de-ntuneric la bra\u021b cu nenorocul,<br \/>\nCuvinte -necuvinte le \u021besem s\u00e2nger\u00e2nd.<\/p>\n<p>Doar pas gr\u0103bit \u0219i ve\u0219nic,\u00een inegale drumuri,<br \/>\nCaden\u021be neritmate \u00een mersul nostru-n doi,<br \/>\nEu flori de mirt albastru, cetate \u00eentre \u021b\u0103rmuri,<br \/>\nTu negustor de vise, iluzie-n splendori.<\/p>\n<p>Eu te p\u0103trund cu fl\u0103c\u0103ri de dragoste curat\u0103<br \/>\n\u0218i-\u021bi beau nem\u0103rginirea din buze de hoinar,<br \/>\nRobit de vise oarbe, mai arvunesc speran\u021b\u0103,<br \/>\nM\u0103 irosesc \u00een arderi de tine, pas fugar.<\/p>\n<p>Perdele de fantasme se spulber\u0103 \u00een neguri,<br \/>\nE\u0219ti negustor de vise, nomad nefericit,<br \/>\nEu te-a\u0219 fi vrut de-a pururi s\u0103-mi \u00eenflore\u0219ti \u00een muguri,<br \/>\nAi doar un scump renume \u0219i-un suflet peticit!<\/p>\n<p>Prietenei Wanda<\/p>\n","protected":false},"excerpt":{"rendered":"<p>Dans\u0103m \u00een valsul nop\u021bii \u00een pulbere de lun\u0103 \u0218i-n rumegu\u0219 de vreme ne sp\u0103la bl\u00e2nde ploi, Se fr\u00e2ng poeme-n suflet,<\/p>\n","protected":false},"author":3,"featured_media":0,"comment_status":"open","ping_status":"open","sticky":false,"template":"","format":"standard","meta":{"colormag_page_container_layout":"default_layout","colormag_page_sidebar_layout":"default_layout","footnotes":""},"categories":[21,8],"tags":[],"class_list":["post-1287","post","type-post","status-publish","format-standard","hentry","category-arta","category-div"],"yoast_head":"<!-- This site is optimized with the Yoast SEO plugin v27.0 - https:\/\/yoast.com\/product\/yoast-seo-wordpress\/ -->\n<title>Negustorul de vise... - MHF Photography<\/title>\n<meta name=\"robots\" content=\"index, follow, max-snippet:-1, max-image-preview:large, max-video-preview:-1\" \/>\n<link rel=\"canonical\" href=\"https:\/\/mhf.ro\/mm\/negustorul-de-vise\/\" \/>\n<meta property=\"og:locale\" content=\"ro_RO\" \/>\n<meta property=\"og:type\" content=\"article\" \/>\n<meta property=\"og:title\" content=\"Negustorul de vise... - MHF Photography\" \/>\n<meta property=\"og:description\" content=\"Dans\u0103m \u00een valsul nop\u021bii \u00een pulbere de lun\u0103 \u0218i-n rumegu\u0219 de vreme ne sp\u0103la bl\u00e2nde ploi, Se fr\u00e2ng poeme-n suflet,\" \/>\n<meta property=\"og:url\" content=\"https:\/\/mhf.ro\/mm\/negustorul-de-vise\/\" \/>\n<meta property=\"og:site_name\" content=\"MHF Photography\" \/>\n<meta property=\"article:published_time\" content=\"2020-05-10T06:04:00+00:00\" \/>\n<meta property=\"article:modified_time\" content=\"2021-04-21T06:44:29+00:00\" \/>\n<meta property=\"og:image\" content=\"https:\/\/mhf.ro\/mm\/wp-content\/uploads\/2020\/05\/poez1-300x212.jpg\" \/>\n<meta name=\"author\" content=\"Ciurtin Tavi\" \/>\n<meta name=\"twitter:card\" content=\"summary_large_image\" \/>\n<meta name=\"twitter:label1\" content=\"Scris de\" \/>\n\t<meta name=\"twitter:data1\" content=\"Ciurtin Tavi\" \/>\n\t<meta name=\"twitter:label2\" content=\"Timp estimat pentru citire\" \/>\n\t<meta name=\"twitter:data2\" content=\"1 minut\" \/>\n<script type=\"application\/ld+json\" class=\"yoast-schema-graph\">{\"@context\":\"https:\/\/schema.org\",\"@graph\":[{\"@type\":\"Article\",\"@id\":\"https:\/\/mhf.ro\/mm\/negustorul-de-vise\/#article\",\"isPartOf\":{\"@id\":\"https:\/\/mhf.ro\/mm\/negustorul-de-vise\/\"},\"author\":{\"name\":\"Ciurtin Tavi\",\"@id\":\"https:\/\/mhf.ro\/mm\/#\/schema\/person\/d2e8248dfe54de3d7284ff7254d2e29b\"},\"headline\":\"Negustorul de vise&#8230;\",\"datePublished\":\"2020-05-10T06:04:00+00:00\",\"dateModified\":\"2021-04-21T06:44:29+00:00\",\"mainEntityOfPage\":{\"@id\":\"https:\/\/mhf.ro\/mm\/negustorul-de-vise\/\"},\"wordCount\":176,\"commentCount\":0,\"publisher\":{\"@id\":\"https:\/\/mhf.ro\/mm\/#\/schema\/person\/a3bebf7bdb4bf12f698aff73c7e46c21\"},\"image\":{\"@id\":\"https:\/\/mhf.ro\/mm\/negustorul-de-vise\/#primaryimage\"},\"thumbnailUrl\":\"https:\/\/mhf.ro\/mm\/wp-content\/uploads\/2020\/05\/poez1-300x212.jpg\",\"articleSection\":[\"Arta\",\"Diverse\"],\"inLanguage\":\"ro-RO\",\"potentialAction\":[{\"@type\":\"CommentAction\",\"name\":\"Comment\",\"target\":[\"https:\/\/mhf.ro\/mm\/negustorul-de-vise\/#respond\"]}]},{\"@type\":\"WebPage\",\"@id\":\"https:\/\/mhf.ro\/mm\/negustorul-de-vise\/\",\"url\":\"https:\/\/mhf.ro\/mm\/negustorul-de-vise\/\",\"name\":\"Negustorul de vise... - MHF Photography\",\"isPartOf\":{\"@id\":\"https:\/\/mhf.ro\/mm\/#website\"},\"primaryImageOfPage\":{\"@id\":\"https:\/\/mhf.ro\/mm\/negustorul-de-vise\/#primaryimage\"},\"image\":{\"@id\":\"https:\/\/mhf.ro\/mm\/negustorul-de-vise\/#primaryimage\"},\"thumbnailUrl\":\"https:\/\/mhf.ro\/mm\/wp-content\/uploads\/2020\/05\/poez1-300x212.jpg\",\"datePublished\":\"2020-05-10T06:04:00+00:00\",\"dateModified\":\"2021-04-21T06:44:29+00:00\",\"breadcrumb\":{\"@id\":\"https:\/\/mhf.ro\/mm\/negustorul-de-vise\/#breadcrumb\"},\"inLanguage\":\"ro-RO\",\"potentialAction\":[{\"@type\":\"ReadAction\",\"target\":[\"https:\/\/mhf.ro\/mm\/negustorul-de-vise\/\"]}]},{\"@type\":\"ImageObject\",\"inLanguage\":\"ro-RO\",\"@id\":\"https:\/\/mhf.ro\/mm\/negustorul-de-vise\/#primaryimage\",\"url\":\"https:\/\/mhf.ro\/mm\/wp-content\/uploads\/2020\/05\/poez1.jpg\",\"contentUrl\":\"https:\/\/mhf.ro\/mm\/wp-content\/uploads\/2020\/05\/poez1.jpg\",\"width\":688,\"height\":486},{\"@type\":\"BreadcrumbList\",\"@id\":\"https:\/\/mhf.ro\/mm\/negustorul-de-vise\/#breadcrumb\",\"itemListElement\":[{\"@type\":\"ListItem\",\"position\":1,\"name\":\"Prima pagin\u0103\",\"item\":\"https:\/\/mhf.ro\/mm\/\"},{\"@type\":\"ListItem\",\"position\":2,\"name\":\"Negustorul de vise&#8230;\"}]},{\"@type\":\"WebSite\",\"@id\":\"https:\/\/mhf.ro\/mm\/#website\",\"url\":\"https:\/\/mhf.ro\/mm\/\",\"name\":\"MHF Photography \u2013 Blog de fotografie, natur\u0103 \u0219i tehnic\u0103 divers\u0103\",\"description\":\"Aventur\u0103 \u00een fiecare cadru.\",\"publisher\":{\"@id\":\"https:\/\/mhf.ro\/mm\/#\/schema\/person\/a3bebf7bdb4bf12f698aff73c7e46c21\"},\"potentialAction\":[{\"@type\":\"SearchAction\",\"target\":{\"@type\":\"EntryPoint\",\"urlTemplate\":\"https:\/\/mhf.ro\/mm\/?s={search_term_string}\"},\"query-input\":{\"@type\":\"PropertyValueSpecification\",\"valueRequired\":true,\"valueName\":\"search_term_string\"}}],\"inLanguage\":\"ro-RO\"},{\"@type\":[\"Person\",\"Organization\"],\"@id\":\"https:\/\/mhf.ro\/mm\/#\/schema\/person\/a3bebf7bdb4bf12f698aff73c7e46c21\",\"name\":\"Marius Marcu\",\"image\":{\"@type\":\"ImageObject\",\"inLanguage\":\"ro-RO\",\"@id\":\"https:\/\/mhf.ro\/mm\/#\/schema\/person\/image\/\",\"url\":\"https:\/\/mhf.ro\/mm\/wp-content\/uploads\/2025\/12\/cropped-logo_mhf_2.png\",\"contentUrl\":\"https:\/\/mhf.ro\/mm\/wp-content\/uploads\/2025\/12\/cropped-logo_mhf_2.png\",\"width\":1096,\"height\":457,\"caption\":\"Marius Marcu\"},\"logo\":{\"@id\":\"https:\/\/mhf.ro\/mm\/#\/schema\/person\/image\/\"},\"sameAs\":[\"https:\/\/mhf.ro\/mm\"]},{\"@type\":\"Person\",\"@id\":\"https:\/\/mhf.ro\/mm\/#\/schema\/person\/d2e8248dfe54de3d7284ff7254d2e29b\",\"name\":\"Ciurtin Tavi\",\"image\":{\"@type\":\"ImageObject\",\"inLanguage\":\"ro-RO\",\"@id\":\"https:\/\/mhf.ro\/mm\/#\/schema\/person\/image\/\",\"url\":\"https:\/\/secure.gravatar.com\/avatar\/5afa01044b4e9328c510b64d3aa571c665404d2e22859f2e114ebd21774aab9c?s=96&d=monsterid&r=g\",\"contentUrl\":\"https:\/\/secure.gravatar.com\/avatar\/5afa01044b4e9328c510b64d3aa571c665404d2e22859f2e114ebd21774aab9c?s=96&d=monsterid&r=g\",\"caption\":\"Ciurtin Tavi\"},\"description\":\"N-am crezut niciodata ca ce am vizionat in vis, va fi permanent lege pentru mine... as fi isteric sa cred, ca, chiar eu pot sa-mi duc neputinta atat de mult sa cred ca eu... nu mai stiu sa glumesc, cu el, cu ea, cu tine, si in ultimul rand... cu mine... stii ce as vrea? ca eu nu stiu.... ma catar doar pe o dorinta, fumeganda-n mintea mea, asa, apucata de un ciucur ca un vis.... un vis legitim, nu unul....labartit din memoria somnului, ca... ultima discutie cu tine! hai, pa... ma duc sa-mi mustruluiesc, speranta de-a avea curajul sa revina la suprafata inaintea zorilor .\",\"sameAs\":[\"https:\/\/mhf.ro\/mm\"],\"url\":\"https:\/\/mhf.ro\/mm\/author\/tavi\/\"}]}<\/script>\n<!-- \/ Yoast SEO plugin. -->","yoast_head_json":{"title":"Negustorul de vise... - MHF Photography","robots":{"index":"index","follow":"follow","max-snippet":"max-snippet:-1","max-image-preview":"max-image-preview:large","max-video-preview":"max-video-preview:-1"},"canonical":"https:\/\/mhf.ro\/mm\/negustorul-de-vise\/","og_locale":"ro_RO","og_type":"article","og_title":"Negustorul de vise... - MHF Photography","og_description":"Dans\u0103m \u00een valsul nop\u021bii \u00een pulbere de lun\u0103 \u0218i-n rumegu\u0219 de vreme ne sp\u0103la bl\u00e2nde ploi, Se fr\u00e2ng poeme-n suflet,","og_url":"https:\/\/mhf.ro\/mm\/negustorul-de-vise\/","og_site_name":"MHF Photography","article_published_time":"2020-05-10T06:04:00+00:00","article_modified_time":"2021-04-21T06:44:29+00:00","og_image":[{"url":"https:\/\/mhf.ro\/mm\/wp-content\/uploads\/2020\/05\/poez1-300x212.jpg","type":"","width":"","height":""}],"author":"Ciurtin Tavi","twitter_card":"summary_large_image","twitter_misc":{"Scris de":"Ciurtin Tavi","Timp estimat pentru citire":"1 minut"},"schema":{"@context":"https:\/\/schema.org","@graph":[{"@type":"Article","@id":"https:\/\/mhf.ro\/mm\/negustorul-de-vise\/#article","isPartOf":{"@id":"https:\/\/mhf.ro\/mm\/negustorul-de-vise\/"},"author":{"name":"Ciurtin Tavi","@id":"https:\/\/mhf.ro\/mm\/#\/schema\/person\/d2e8248dfe54de3d7284ff7254d2e29b"},"headline":"Negustorul de vise&#8230;","datePublished":"2020-05-10T06:04:00+00:00","dateModified":"2021-04-21T06:44:29+00:00","mainEntityOfPage":{"@id":"https:\/\/mhf.ro\/mm\/negustorul-de-vise\/"},"wordCount":176,"commentCount":0,"publisher":{"@id":"https:\/\/mhf.ro\/mm\/#\/schema\/person\/a3bebf7bdb4bf12f698aff73c7e46c21"},"image":{"@id":"https:\/\/mhf.ro\/mm\/negustorul-de-vise\/#primaryimage"},"thumbnailUrl":"https:\/\/mhf.ro\/mm\/wp-content\/uploads\/2020\/05\/poez1-300x212.jpg","articleSection":["Arta","Diverse"],"inLanguage":"ro-RO","potentialAction":[{"@type":"CommentAction","name":"Comment","target":["https:\/\/mhf.ro\/mm\/negustorul-de-vise\/#respond"]}]},{"@type":"WebPage","@id":"https:\/\/mhf.ro\/mm\/negustorul-de-vise\/","url":"https:\/\/mhf.ro\/mm\/negustorul-de-vise\/","name":"Negustorul de vise... - MHF Photography","isPartOf":{"@id":"https:\/\/mhf.ro\/mm\/#website"},"primaryImageOfPage":{"@id":"https:\/\/mhf.ro\/mm\/negustorul-de-vise\/#primaryimage"},"image":{"@id":"https:\/\/mhf.ro\/mm\/negustorul-de-vise\/#primaryimage"},"thumbnailUrl":"https:\/\/mhf.ro\/mm\/wp-content\/uploads\/2020\/05\/poez1-300x212.jpg","datePublished":"2020-05-10T06:04:00+00:00","dateModified":"2021-04-21T06:44:29+00:00","breadcrumb":{"@id":"https:\/\/mhf.ro\/mm\/negustorul-de-vise\/#breadcrumb"},"inLanguage":"ro-RO","potentialAction":[{"@type":"ReadAction","target":["https:\/\/mhf.ro\/mm\/negustorul-de-vise\/"]}]},{"@type":"ImageObject","inLanguage":"ro-RO","@id":"https:\/\/mhf.ro\/mm\/negustorul-de-vise\/#primaryimage","url":"https:\/\/mhf.ro\/mm\/wp-content\/uploads\/2020\/05\/poez1.jpg","contentUrl":"https:\/\/mhf.ro\/mm\/wp-content\/uploads\/2020\/05\/poez1.jpg","width":688,"height":486},{"@type":"BreadcrumbList","@id":"https:\/\/mhf.ro\/mm\/negustorul-de-vise\/#breadcrumb","itemListElement":[{"@type":"ListItem","position":1,"name":"Prima pagin\u0103","item":"https:\/\/mhf.ro\/mm\/"},{"@type":"ListItem","position":2,"name":"Negustorul de vise&#8230;"}]},{"@type":"WebSite","@id":"https:\/\/mhf.ro\/mm\/#website","url":"https:\/\/mhf.ro\/mm\/","name":"MHF Photography \u2013 Blog de fotografie, natur\u0103 \u0219i tehnic\u0103 divers\u0103","description":"Aventur\u0103 \u00een fiecare cadru.","publisher":{"@id":"https:\/\/mhf.ro\/mm\/#\/schema\/person\/a3bebf7bdb4bf12f698aff73c7e46c21"},"potentialAction":[{"@type":"SearchAction","target":{"@type":"EntryPoint","urlTemplate":"https:\/\/mhf.ro\/mm\/?s={search_term_string}"},"query-input":{"@type":"PropertyValueSpecification","valueRequired":true,"valueName":"search_term_string"}}],"inLanguage":"ro-RO"},{"@type":["Person","Organization"],"@id":"https:\/\/mhf.ro\/mm\/#\/schema\/person\/a3bebf7bdb4bf12f698aff73c7e46c21","name":"Marius Marcu","image":{"@type":"ImageObject","inLanguage":"ro-RO","@id":"https:\/\/mhf.ro\/mm\/#\/schema\/person\/image\/","url":"https:\/\/mhf.ro\/mm\/wp-content\/uploads\/2025\/12\/cropped-logo_mhf_2.png","contentUrl":"https:\/\/mhf.ro\/mm\/wp-content\/uploads\/2025\/12\/cropped-logo_mhf_2.png","width":1096,"height":457,"caption":"Marius Marcu"},"logo":{"@id":"https:\/\/mhf.ro\/mm\/#\/schema\/person\/image\/"},"sameAs":["https:\/\/mhf.ro\/mm"]},{"@type":"Person","@id":"https:\/\/mhf.ro\/mm\/#\/schema\/person\/d2e8248dfe54de3d7284ff7254d2e29b","name":"Ciurtin Tavi","image":{"@type":"ImageObject","inLanguage":"ro-RO","@id":"https:\/\/mhf.ro\/mm\/#\/schema\/person\/image\/","url":"https:\/\/secure.gravatar.com\/avatar\/5afa01044b4e9328c510b64d3aa571c665404d2e22859f2e114ebd21774aab9c?s=96&d=monsterid&r=g","contentUrl":"https:\/\/secure.gravatar.com\/avatar\/5afa01044b4e9328c510b64d3aa571c665404d2e22859f2e114ebd21774aab9c?s=96&d=monsterid&r=g","caption":"Ciurtin Tavi"},"description":"N-am crezut niciodata ca ce am vizionat in vis, va fi permanent lege pentru mine... as fi isteric sa cred, ca, chiar eu pot sa-mi duc neputinta atat de mult sa cred ca eu... nu mai stiu sa glumesc, cu el, cu ea, cu tine, si in ultimul rand... cu mine... stii ce as vrea? ca eu nu stiu.... ma catar doar pe o dorinta, fumeganda-n mintea mea, asa, apucata de un ciucur ca un vis.... un vis legitim, nu unul....labartit din memoria somnului, ca... ultima discutie cu tine! hai, pa... ma duc sa-mi mustruluiesc, speranta de-a avea curajul sa revina la suprafata inaintea zorilor .","sameAs":["https:\/\/mhf.ro\/mm"],"url":"https:\/\/mhf.ro\/mm\/author\/tavi\/"}]}},"_links":{"self":[{"href":"https:\/\/mhf.ro\/mm\/wp-json\/wp\/v2\/posts\/1287","targetHints":{"allow":["GET"]}}],"collection":[{"href":"https:\/\/mhf.ro\/mm\/wp-json\/wp\/v2\/posts"}],"about":[{"href":"https:\/\/mhf.ro\/mm\/wp-json\/wp\/v2\/types\/post"}],"author":[{"embeddable":true,"href":"https:\/\/mhf.ro\/mm\/wp-json\/wp\/v2\/users\/3"}],"replies":[{"embeddable":true,"href":"https:\/\/mhf.ro\/mm\/wp-json\/wp\/v2\/comments?post=1287"}],"version-history":[{"count":7,"href":"https:\/\/mhf.ro\/mm\/wp-json\/wp\/v2\/posts\/1287\/revisions"}],"predecessor-version":[{"id":1907,"href":"https:\/\/mhf.ro\/mm\/wp-json\/wp\/v2\/posts\/1287\/revisions\/1907"}],"wp:attachment":[{"href":"https:\/\/mhf.ro\/mm\/wp-json\/wp\/v2\/media?parent=1287"}],"wp:term":[{"taxonomy":"category","embeddable":true,"href":"https:\/\/mhf.ro\/mm\/wp-json\/wp\/v2\/categories?post=1287"},{"taxonomy":"post_tag","embeddable":true,"href":"https:\/\/mhf.ro\/mm\/wp-json\/wp\/v2\/tags?post=1287"}],"curies":[{"name":"wp","href":"https:\/\/api.w.org\/{rel}","templated":true}]}}