{"id":1315,"date":"2020-05-12T13:53:09","date_gmt":"2020-05-12T13:53:09","guid":{"rendered":"https:\/\/mhf.ro\/mm\/?p=1315"},"modified":"2020-05-12T15:30:00","modified_gmt":"2020-05-12T15:30:00","slug":"poveste-de-dragoste","status":"publish","type":"post","link":"https:\/\/mhf.ro\/mm\/poveste-de-dragoste\/","title":{"rendered":"POVESTE DE DRAGOSTE"},"content":{"rendered":"<p>Am citit cu ceva vreme \u00een urm\u0103 o poveste SF intitulat\u0103 &#8222;Chemarea nesf\u00e2r\u015fitului&#8221;.<\/p>\n<p>Scris\u0103 de Ion M\u00eenzatu, fizician \u015fi scriitor, povestea de dragoste dintre un om alc\u0103tuit din materie, ca \u015fi noi, \u015fi o femeie alc\u0103tuit\u0103 din antimaterie, este fascinant\u0103. Antimateria este opusul materiei, adic\u0103 dac\u0103 noi suntem alc\u0103tui\u021bi din protoni, neutroni \u015fi electroni, antimateria este alc\u0103tuit\u0103 din antiprotoni, antineutroni, antielectroni. Arat\u0103 la fel ca \u015fi materia, numai ca are sarcini opuse. Iar \u00een momentul \u00een care cele dou\u0103 s-ar \u00eent\u00e2lni, s-ar anihila reciproc.<\/p>\n<p>Ei bine, povestea lui M\u00eenzatu spune c\u0103 omul \u015fi femeia s-au \u00eent\u00e2lnit la grani\u021ba dintre cele dou\u0103 Universuri, al nostru, din materie, \u015fi cel\u0103lalt, din antimaterie. El \u00een nava lui, Ea \u00een nava ei, st\u0103teau la grani\u021ba dintre cele dou\u0103 universuri \u015fi discutau ore \u00eentregi pe imensele ecrane din cabinele lor. \u00cencetul cu \u00eencetul, povestea de iubire se leag\u0103, sentimentele se \u00eenfirip\u0103, iar dorin\u0163a de a fi \u00eempreun\u0103 este din ce \u00een ce mai puternic\u0103. Numai c\u0103 legile fizicii sunt implacabile \u015fi spun clar c\u0103 la \u00eent\u00e2lnirea dintre materie \u015fi antimaterie, cele dou\u0103 se anihileaz\u0103. Nu mai \u015ftiu am\u0103nunte, mi-amintesc doar c\u0103, \u00een cele din urm\u0103, cei doi \u00eendr\u0103gosti\u021bi din povestea asta imposibil\u0103 g\u0103sesc o modalitate de a sta c\u00e2teva secunde unul al\u0103turi de cel\u0103lalt.<br \/>\nPoate c\u0103 vom \u00een\u021belege acum, c\u00e2nd ne ferim unii de al\u021bii ca \u015fi cum ne-am anihila reciproc, c\u00e2t\u0103 nevoie avem unii de al\u021bii. \u015ei c\u0103 doar \u00eempreun\u0103 via\u021ba e \u00eentreag\u0103 \u015fi frumoas\u0103. Spune asta un singuratic&#8230; (Mitu Ion)<\/p>\n<p>&nbsp;<\/p>\n<p><a href=\"http:\/\/riz.ro\" target=\"_blank\" rel=\"noopener noreferrer\"><img decoding=\"async\" class=\"alignright wp-image-1187\" src=\"https:\/\/mhf.ro\/mm\/wp-content\/uploads\/2020\/05\/ReclamaRiz_1-150x150.png\" alt=\"Profile din polistiren\" width=\"110\" height=\"41\" srcset=\"https:\/\/mhf.ro\/mm\/wp-content\/uploads\/2020\/05\/ReclamaRiz_1-300x111.png 300w, https:\/\/mhf.ro\/mm\/wp-content\/uploads\/2020\/05\/ReclamaRiz_1-1024x377.png 1024w, https:\/\/mhf.ro\/mm\/wp-content\/uploads\/2020\/05\/ReclamaRiz_1-768x283.png 768w, https:\/\/mhf.ro\/mm\/wp-content\/uploads\/2020\/05\/ReclamaRiz_1.png 1295w\" sizes=\"(max-width: 110px) 100vw, 110px\" \/><\/a><\/p>\n<p>&nbsp;<\/p>\n","protected":false},"excerpt":{"rendered":"<p>Am citit cu ceva vreme \u00een urm\u0103 o poveste SF intitulat\u0103 &#8222;Chemarea nesf\u00e2r\u015fitului&#8221;. Scris\u0103 de Ion M\u00eenzatu, fizician \u015fi scriitor,<\/p>\n","protected":false},"author":1,"featured_media":1316,"comment_status":"open","ping_status":"open","sticky":false,"template":"","format":"standard","meta":{"colormag_page_container_layout":"default_layout","colormag_page_sidebar_layout":"default_layout","footnotes":""},"categories":[8],"tags":[],"class_list":["post-1315","post","type-post","status-publish","format-standard","has-post-thumbnail","hentry","category-div"],"yoast_head":"<!-- This site is optimized with the Yoast SEO plugin v27.0 - https:\/\/yoast.com\/product\/yoast-seo-wordpress\/ -->\n<title>POVESTE DE DRAGOSTE - MHF Photography<\/title>\n<meta name=\"description\" content=\"Ei bine, povestea lui M\u00eenzatu spune c\u0103 omul \u015fi femeia s-au \u00eent\u00e2lnit la grani\u021ba dintre cele dou\u0103 Universuri, al nostru, din materie, \u015fi cel\u0103lalt, din antimaterie.\" \/>\n<meta name=\"robots\" content=\"index, follow, max-snippet:-1, max-image-preview:large, max-video-preview:-1\" \/>\n<link rel=\"canonical\" href=\"https:\/\/mhf.ro\/mm\/poveste-de-dragoste\/\" \/>\n<meta property=\"og:locale\" content=\"ro_RO\" \/>\n<meta property=\"og:type\" content=\"article\" \/>\n<meta property=\"og:title\" content=\"POVESTE DE DRAGOSTE - MHF Photography\" \/>\n<meta property=\"og:description\" content=\"Ei bine, povestea lui M\u00eenzatu spune c\u0103 omul \u015fi femeia s-au \u00eent\u00e2lnit la grani\u021ba dintre cele dou\u0103 Universuri, al nostru, din materie, \u015fi cel\u0103lalt, din antimaterie.\" \/>\n<meta property=\"og:url\" content=\"https:\/\/mhf.ro\/mm\/poveste-de-dragoste\/\" \/>\n<meta property=\"og:site_name\" content=\"MHF Photography\" \/>\n<meta property=\"article:published_time\" content=\"2020-05-12T13:53:09+00:00\" \/>\n<meta property=\"article:modified_time\" content=\"2020-05-12T15:30:00+00:00\" \/>\n<meta property=\"og:image\" content=\"https:\/\/mhf.ro\/mm\/wp-content\/uploads\/2020\/05\/PovesteDeDragoste.jpg\" \/>\n\t<meta property=\"og:image:width\" content=\"1280\" \/>\n\t<meta property=\"og:image:height\" content=\"851\" \/>\n\t<meta property=\"og:image:type\" content=\"image\/jpeg\" \/>\n<meta name=\"author\" content=\"Marius Marcu\" \/>\n<meta name=\"twitter:card\" content=\"summary_large_image\" \/>\n<meta name=\"twitter:label1\" content=\"Scris de\" \/>\n\t<meta name=\"twitter:data1\" content=\"Marius Marcu\" \/>\n\t<meta name=\"twitter:label2\" content=\"Timp estimat pentru citire\" \/>\n\t<meta name=\"twitter:data2\" content=\"1 minut\" \/>\n<script type=\"application\/ld+json\" class=\"yoast-schema-graph\">{\"@context\":\"https:\/\/schema.org\",\"@graph\":[{\"@type\":\"Article\",\"@id\":\"https:\/\/mhf.ro\/mm\/poveste-de-dragoste\/#article\",\"isPartOf\":{\"@id\":\"https:\/\/mhf.ro\/mm\/poveste-de-dragoste\/\"},\"author\":{\"name\":\"Marius Marcu\",\"@id\":\"https:\/\/mhf.ro\/mm\/#\/schema\/person\/a3bebf7bdb4bf12f698aff73c7e46c21\"},\"headline\":\"POVESTE DE DRAGOSTE\",\"datePublished\":\"2020-05-12T13:53:09+00:00\",\"dateModified\":\"2020-05-12T15:30:00+00:00\",\"mainEntityOfPage\":{\"@id\":\"https:\/\/mhf.ro\/mm\/poveste-de-dragoste\/\"},\"wordCount\":282,\"commentCount\":0,\"publisher\":{\"@id\":\"https:\/\/mhf.ro\/mm\/#\/schema\/person\/a3bebf7bdb4bf12f698aff73c7e46c21\"},\"image\":{\"@id\":\"https:\/\/mhf.ro\/mm\/poveste-de-dragoste\/#primaryimage\"},\"thumbnailUrl\":\"https:\/\/mhf.ro\/mm\/wp-content\/uploads\/2020\/05\/PovesteDeDragoste.jpg\",\"articleSection\":[\"Diverse\"],\"inLanguage\":\"ro-RO\",\"potentialAction\":[{\"@type\":\"CommentAction\",\"name\":\"Comment\",\"target\":[\"https:\/\/mhf.ro\/mm\/poveste-de-dragoste\/#respond\"]}]},{\"@type\":\"WebPage\",\"@id\":\"https:\/\/mhf.ro\/mm\/poveste-de-dragoste\/\",\"url\":\"https:\/\/mhf.ro\/mm\/poveste-de-dragoste\/\",\"name\":\"POVESTE DE DRAGOSTE - MHF Photography\",\"isPartOf\":{\"@id\":\"https:\/\/mhf.ro\/mm\/#website\"},\"primaryImageOfPage\":{\"@id\":\"https:\/\/mhf.ro\/mm\/poveste-de-dragoste\/#primaryimage\"},\"image\":{\"@id\":\"https:\/\/mhf.ro\/mm\/poveste-de-dragoste\/#primaryimage\"},\"thumbnailUrl\":\"https:\/\/mhf.ro\/mm\/wp-content\/uploads\/2020\/05\/PovesteDeDragoste.jpg\",\"datePublished\":\"2020-05-12T13:53:09+00:00\",\"dateModified\":\"2020-05-12T15:30:00+00:00\",\"description\":\"Ei bine, povestea lui M\u00eenzatu spune c\u0103 omul \u015fi femeia s-au \u00eent\u00e2lnit la grani\u021ba dintre cele dou\u0103 Universuri, al nostru, din materie, \u015fi cel\u0103lalt, din antimaterie.\",\"breadcrumb\":{\"@id\":\"https:\/\/mhf.ro\/mm\/poveste-de-dragoste\/#breadcrumb\"},\"inLanguage\":\"ro-RO\",\"potentialAction\":[{\"@type\":\"ReadAction\",\"target\":[\"https:\/\/mhf.ro\/mm\/poveste-de-dragoste\/\"]}]},{\"@type\":\"ImageObject\",\"inLanguage\":\"ro-RO\",\"@id\":\"https:\/\/mhf.ro\/mm\/poveste-de-dragoste\/#primaryimage\",\"url\":\"https:\/\/mhf.ro\/mm\/wp-content\/uploads\/2020\/05\/PovesteDeDragoste.jpg\",\"contentUrl\":\"https:\/\/mhf.ro\/mm\/wp-content\/uploads\/2020\/05\/PovesteDeDragoste.jpg\",\"width\":1280,\"height\":851},{\"@type\":\"BreadcrumbList\",\"@id\":\"https:\/\/mhf.ro\/mm\/poveste-de-dragoste\/#breadcrumb\",\"itemListElement\":[{\"@type\":\"ListItem\",\"position\":1,\"name\":\"Prima pagin\u0103\",\"item\":\"https:\/\/mhf.ro\/mm\/\"},{\"@type\":\"ListItem\",\"position\":2,\"name\":\"POVESTE DE DRAGOSTE\"}]},{\"@type\":\"WebSite\",\"@id\":\"https:\/\/mhf.ro\/mm\/#website\",\"url\":\"https:\/\/mhf.ro\/mm\/\",\"name\":\"MHF Photography \u2013 Blog de fotografie, natur\u0103 \u0219i tehnic\u0103 divers\u0103\",\"description\":\"Aventur\u0103 \u00een fiecare cadru.\",\"publisher\":{\"@id\":\"https:\/\/mhf.ro\/mm\/#\/schema\/person\/a3bebf7bdb4bf12f698aff73c7e46c21\"},\"potentialAction\":[{\"@type\":\"SearchAction\",\"target\":{\"@type\":\"EntryPoint\",\"urlTemplate\":\"https:\/\/mhf.ro\/mm\/?s={search_term_string}\"},\"query-input\":{\"@type\":\"PropertyValueSpecification\",\"valueRequired\":true,\"valueName\":\"search_term_string\"}}],\"inLanguage\":\"ro-RO\"},{\"@type\":[\"Person\",\"Organization\"],\"@id\":\"https:\/\/mhf.ro\/mm\/#\/schema\/person\/a3bebf7bdb4bf12f698aff73c7e46c21\",\"name\":\"Marius Marcu\",\"image\":{\"@type\":\"ImageObject\",\"inLanguage\":\"ro-RO\",\"@id\":\"https:\/\/mhf.ro\/mm\/#\/schema\/person\/image\/\",\"url\":\"https:\/\/mhf.ro\/mm\/wp-content\/uploads\/2025\/12\/cropped-logo_mhf_2.png\",\"contentUrl\":\"https:\/\/mhf.ro\/mm\/wp-content\/uploads\/2025\/12\/cropped-logo_mhf_2.png\",\"width\":1096,\"height\":457,\"caption\":\"Marius Marcu\"},\"logo\":{\"@id\":\"https:\/\/mhf.ro\/mm\/#\/schema\/person\/image\/\"},\"sameAs\":[\"https:\/\/mhf.ro\/mm\"],\"url\":\"https:\/\/mhf.ro\/mm\/author\/mihai\/\"}]}<\/script>\n<!-- \/ Yoast SEO plugin. -->","yoast_head_json":{"title":"POVESTE DE DRAGOSTE - MHF Photography","description":"Ei bine, povestea lui M\u00eenzatu spune c\u0103 omul \u015fi femeia s-au \u00eent\u00e2lnit la grani\u021ba dintre cele dou\u0103 Universuri, al nostru, din materie, \u015fi cel\u0103lalt, din antimaterie.","robots":{"index":"index","follow":"follow","max-snippet":"max-snippet:-1","max-image-preview":"max-image-preview:large","max-video-preview":"max-video-preview:-1"},"canonical":"https:\/\/mhf.ro\/mm\/poveste-de-dragoste\/","og_locale":"ro_RO","og_type":"article","og_title":"POVESTE DE DRAGOSTE - MHF Photography","og_description":"Ei bine, povestea lui M\u00eenzatu spune c\u0103 omul \u015fi femeia s-au \u00eent\u00e2lnit la grani\u021ba dintre cele dou\u0103 Universuri, al nostru, din materie, \u015fi cel\u0103lalt, din antimaterie.","og_url":"https:\/\/mhf.ro\/mm\/poveste-de-dragoste\/","og_site_name":"MHF Photography","article_published_time":"2020-05-12T13:53:09+00:00","article_modified_time":"2020-05-12T15:30:00+00:00","og_image":[{"width":1280,"height":851,"url":"https:\/\/mhf.ro\/mm\/wp-content\/uploads\/2020\/05\/PovesteDeDragoste.jpg","type":"image\/jpeg"}],"author":"Marius Marcu","twitter_card":"summary_large_image","twitter_misc":{"Scris de":"Marius Marcu","Timp estimat pentru citire":"1 minut"},"schema":{"@context":"https:\/\/schema.org","@graph":[{"@type":"Article","@id":"https:\/\/mhf.ro\/mm\/poveste-de-dragoste\/#article","isPartOf":{"@id":"https:\/\/mhf.ro\/mm\/poveste-de-dragoste\/"},"author":{"name":"Marius Marcu","@id":"https:\/\/mhf.ro\/mm\/#\/schema\/person\/a3bebf7bdb4bf12f698aff73c7e46c21"},"headline":"POVESTE DE DRAGOSTE","datePublished":"2020-05-12T13:53:09+00:00","dateModified":"2020-05-12T15:30:00+00:00","mainEntityOfPage":{"@id":"https:\/\/mhf.ro\/mm\/poveste-de-dragoste\/"},"wordCount":282,"commentCount":0,"publisher":{"@id":"https:\/\/mhf.ro\/mm\/#\/schema\/person\/a3bebf7bdb4bf12f698aff73c7e46c21"},"image":{"@id":"https:\/\/mhf.ro\/mm\/poveste-de-dragoste\/#primaryimage"},"thumbnailUrl":"https:\/\/mhf.ro\/mm\/wp-content\/uploads\/2020\/05\/PovesteDeDragoste.jpg","articleSection":["Diverse"],"inLanguage":"ro-RO","potentialAction":[{"@type":"CommentAction","name":"Comment","target":["https:\/\/mhf.ro\/mm\/poveste-de-dragoste\/#respond"]}]},{"@type":"WebPage","@id":"https:\/\/mhf.ro\/mm\/poveste-de-dragoste\/","url":"https:\/\/mhf.ro\/mm\/poveste-de-dragoste\/","name":"POVESTE DE DRAGOSTE - MHF Photography","isPartOf":{"@id":"https:\/\/mhf.ro\/mm\/#website"},"primaryImageOfPage":{"@id":"https:\/\/mhf.ro\/mm\/poveste-de-dragoste\/#primaryimage"},"image":{"@id":"https:\/\/mhf.ro\/mm\/poveste-de-dragoste\/#primaryimage"},"thumbnailUrl":"https:\/\/mhf.ro\/mm\/wp-content\/uploads\/2020\/05\/PovesteDeDragoste.jpg","datePublished":"2020-05-12T13:53:09+00:00","dateModified":"2020-05-12T15:30:00+00:00","description":"Ei bine, povestea lui M\u00eenzatu spune c\u0103 omul \u015fi femeia s-au \u00eent\u00e2lnit la grani\u021ba dintre cele dou\u0103 Universuri, al nostru, din materie, \u015fi cel\u0103lalt, din antimaterie.","breadcrumb":{"@id":"https:\/\/mhf.ro\/mm\/poveste-de-dragoste\/#breadcrumb"},"inLanguage":"ro-RO","potentialAction":[{"@type":"ReadAction","target":["https:\/\/mhf.ro\/mm\/poveste-de-dragoste\/"]}]},{"@type":"ImageObject","inLanguage":"ro-RO","@id":"https:\/\/mhf.ro\/mm\/poveste-de-dragoste\/#primaryimage","url":"https:\/\/mhf.ro\/mm\/wp-content\/uploads\/2020\/05\/PovesteDeDragoste.jpg","contentUrl":"https:\/\/mhf.ro\/mm\/wp-content\/uploads\/2020\/05\/PovesteDeDragoste.jpg","width":1280,"height":851},{"@type":"BreadcrumbList","@id":"https:\/\/mhf.ro\/mm\/poveste-de-dragoste\/#breadcrumb","itemListElement":[{"@type":"ListItem","position":1,"name":"Prima pagin\u0103","item":"https:\/\/mhf.ro\/mm\/"},{"@type":"ListItem","position":2,"name":"POVESTE DE DRAGOSTE"}]},{"@type":"WebSite","@id":"https:\/\/mhf.ro\/mm\/#website","url":"https:\/\/mhf.ro\/mm\/","name":"MHF Photography \u2013 Blog de fotografie, natur\u0103 \u0219i tehnic\u0103 divers\u0103","description":"Aventur\u0103 \u00een fiecare cadru.","publisher":{"@id":"https:\/\/mhf.ro\/mm\/#\/schema\/person\/a3bebf7bdb4bf12f698aff73c7e46c21"},"potentialAction":[{"@type":"SearchAction","target":{"@type":"EntryPoint","urlTemplate":"https:\/\/mhf.ro\/mm\/?s={search_term_string}"},"query-input":{"@type":"PropertyValueSpecification","valueRequired":true,"valueName":"search_term_string"}}],"inLanguage":"ro-RO"},{"@type":["Person","Organization"],"@id":"https:\/\/mhf.ro\/mm\/#\/schema\/person\/a3bebf7bdb4bf12f698aff73c7e46c21","name":"Marius Marcu","image":{"@type":"ImageObject","inLanguage":"ro-RO","@id":"https:\/\/mhf.ro\/mm\/#\/schema\/person\/image\/","url":"https:\/\/mhf.ro\/mm\/wp-content\/uploads\/2025\/12\/cropped-logo_mhf_2.png","contentUrl":"https:\/\/mhf.ro\/mm\/wp-content\/uploads\/2025\/12\/cropped-logo_mhf_2.png","width":1096,"height":457,"caption":"Marius Marcu"},"logo":{"@id":"https:\/\/mhf.ro\/mm\/#\/schema\/person\/image\/"},"sameAs":["https:\/\/mhf.ro\/mm"],"url":"https:\/\/mhf.ro\/mm\/author\/mihai\/"}]}},"_links":{"self":[{"href":"https:\/\/mhf.ro\/mm\/wp-json\/wp\/v2\/posts\/1315","targetHints":{"allow":["GET"]}}],"collection":[{"href":"https:\/\/mhf.ro\/mm\/wp-json\/wp\/v2\/posts"}],"about":[{"href":"https:\/\/mhf.ro\/mm\/wp-json\/wp\/v2\/types\/post"}],"author":[{"embeddable":true,"href":"https:\/\/mhf.ro\/mm\/wp-json\/wp\/v2\/users\/1"}],"replies":[{"embeddable":true,"href":"https:\/\/mhf.ro\/mm\/wp-json\/wp\/v2\/comments?post=1315"}],"version-history":[{"count":3,"href":"https:\/\/mhf.ro\/mm\/wp-json\/wp\/v2\/posts\/1315\/revisions"}],"predecessor-version":[{"id":1321,"href":"https:\/\/mhf.ro\/mm\/wp-json\/wp\/v2\/posts\/1315\/revisions\/1321"}],"wp:featuredmedia":[{"embeddable":true,"href":"https:\/\/mhf.ro\/mm\/wp-json\/wp\/v2\/media\/1316"}],"wp:attachment":[{"href":"https:\/\/mhf.ro\/mm\/wp-json\/wp\/v2\/media?parent=1315"}],"wp:term":[{"taxonomy":"category","embeddable":true,"href":"https:\/\/mhf.ro\/mm\/wp-json\/wp\/v2\/categories?post=1315"},{"taxonomy":"post_tag","embeddable":true,"href":"https:\/\/mhf.ro\/mm\/wp-json\/wp\/v2\/tags?post=1315"}],"curies":[{"name":"wp","href":"https:\/\/api.w.org\/{rel}","templated":true}]}}