{"id":1361,"date":"2020-05-14T18:22:11","date_gmt":"2020-05-14T18:22:11","guid":{"rendered":"https:\/\/mhf.ro\/mm\/?p=1361"},"modified":"2020-05-15T09:21:27","modified_gmt":"2020-05-15T09:21:27","slug":"omul-fiinta-sociala","status":"publish","type":"post","link":"https:\/\/mhf.ro\/mm\/omul-fiinta-sociala\/","title":{"rendered":"Omul, fiin\u021b\u0103 social\u0103"},"content":{"rendered":"<p>&nbsp;<\/p>\n<p>O realitate a zilelor noastre este izolarea unii de al\u021bii. Fie st\u0103m \u00eenchi\u0219i \u00een cas\u0103, fie ie\u0219im \u00een public cu o masc\u0103 \u0219i p\u0103str\u00e2nd distan\u021b\u0103 unii de al\u021bii, vr\u00e2nd nevr\u00e2nd suntem separa\u021bi. Dar singur\u0103tatea este \u00een\u021beleas\u0103 la adev\u0103rata ei putere doar de cei care o experimenteaz\u0103.<\/p>\n<p>Spre deosebire de celelate vie\u021buitoare, care au pozi\u021bia corpului orientat\u0103 \u00een jos sau \u00een sus, omul are privirea, fa\u021ba, chiar corpul, orientate spre un alt om. Noi oamenii rela\u021bion\u0103m \u00eentre noi \u00een mod con\u0219tient. \u0218tim c\u0103 cineva este mama, acela este fratele sau vecinul, cel\u0103lalt este prietenul. C\u00e2nd pierdem o persoan\u0103 apropiat\u0103, \u00eei sim\u021bim lipsa \u0219i \u00eei p\u0103str\u0103m memoria. Cei care r\u0103m\u00e2n singuri simt singur\u0103tatea ca pe o suferin\u021b\u0103.<\/p>\n<p>De unde aceast\u0103 voca\u021bie a omului de a fi \u00een comuniune cu al\u021bi oameni? De la modelul dup\u0103 care a fost omul creat. Mai exact omul este dup\u0103 chipul lui Dumnezeu adic\u0103 are pe Dumnezeu ca model. Ori Dumnezeu \u00een cre\u0219tinism este un Dumnezeu trinitar, nu un solitar izolat. Este o comuniune de trei Persoane, la r\u00e2ndul lor \u00een comunicare cu \u00eentreaga crea\u021bie.<\/p>\n<p>Se poate pune \u00eentrebarea: dar monahismul nu e contrar acestei voca\u021bii comunitare a omului? F\u0103r\u0103 a intra \u00een detalii stufoase, putem rezuma c\u0103 monahismul \u00een general e tot comunitar, \u00een primul r\u00e2nd via\u021ba monahal\u0103 \u00eencepe tot \u00eentr-o comunitate chiar dac\u0103 mai mic\u0103 \u0219i cu regului mai stricte. Dar nu monahismul e tr\u0103s\u0103tura definitorie a omenirii.<\/p>\n<p>Putem concluziona c\u0103 noi dorim ca dup\u0103 izol\u0103rile de moment s\u0103 redevenim persoane \u00een comuniune cu alte persoane, cu deosebiri \u0219i asem\u0103n\u0103ri puse \u00eempreun\u0103.<\/p>\n<p>&nbsp;<\/p>\n","protected":false},"excerpt":{"rendered":"<p>&nbsp; O realitate a zilelor noastre este izolarea unii de al\u021bii. Fie st\u0103m \u00eenchi\u0219i \u00een cas\u0103, fie ie\u0219im \u00een public<\/p>\n","protected":false},"author":4,"featured_media":1398,"comment_status":"open","ping_status":"open","sticky":false,"template":"","format":"standard","meta":{"colormag_page_container_layout":"default_layout","colormag_page_sidebar_layout":"default_layout","footnotes":""},"categories":[8,5],"tags":[],"class_list":["post-1361","post","type-post","status-publish","format-standard","has-post-thumbnail","hentry","category-div","category-locale"],"yoast_head":"<!-- This site is optimized with the Yoast SEO plugin v27.0 - https:\/\/yoast.com\/product\/yoast-seo-wordpress\/ -->\n<title>Omul, fiin\u021b\u0103 social\u0103 - MHF Photography<\/title>\n<meta name=\"description\" content=\"O realitate a zilelor noastre este izolarea unii de al\u021bii. Fie st\u0103m \u00eenchi\u0219i \u00een cas\u0103, fie ie\u0219im \u00een public cu o masc\u0103 \u0219i p\u0103str\u00e2nd distan\u021b\u0103 unii de al\u021bii...\" \/>\n<meta name=\"robots\" content=\"index, follow, max-snippet:-1, max-image-preview:large, max-video-preview:-1\" \/>\n<link rel=\"canonical\" href=\"https:\/\/mhf.ro\/mm\/omul-fiinta-sociala\/\" \/>\n<meta property=\"og:locale\" content=\"ro_RO\" \/>\n<meta property=\"og:type\" content=\"article\" \/>\n<meta property=\"og:title\" content=\"Omul, fiin\u021b\u0103 social\u0103 - MHF Photography\" \/>\n<meta property=\"og:description\" content=\"O realitate a zilelor noastre este izolarea unii de al\u021bii. Fie st\u0103m \u00eenchi\u0219i \u00een cas\u0103, fie ie\u0219im \u00een public cu o masc\u0103 \u0219i p\u0103str\u00e2nd distan\u021b\u0103 unii de al\u021bii...\" \/>\n<meta property=\"og:url\" content=\"https:\/\/mhf.ro\/mm\/omul-fiinta-sociala\/\" \/>\n<meta property=\"og:site_name\" content=\"MHF Photography\" \/>\n<meta property=\"article:published_time\" content=\"2020-05-14T18:22:11+00:00\" \/>\n<meta property=\"article:modified_time\" content=\"2020-05-15T09:21:27+00:00\" \/>\n<meta property=\"og:image\" content=\"https:\/\/mhf.ro\/mm\/wp-content\/uploads\/2020\/05\/omulFiintaSociala.jpg\" \/>\n\t<meta property=\"og:image:width\" content=\"1280\" \/>\n\t<meta property=\"og:image:height\" content=\"845\" \/>\n\t<meta property=\"og:image:type\" content=\"image\/jpeg\" \/>\n<meta name=\"author\" content=\"Preot paroh Horvat Petru\" \/>\n<meta name=\"twitter:card\" content=\"summary_large_image\" \/>\n<meta name=\"twitter:label1\" content=\"Scris de\" \/>\n\t<meta name=\"twitter:data1\" content=\"Preot paroh Horvat Petru\" \/>\n\t<meta name=\"twitter:label2\" content=\"Timp estimat pentru citire\" \/>\n\t<meta name=\"twitter:data2\" content=\"2 minute\" \/>\n<script type=\"application\/ld+json\" class=\"yoast-schema-graph\">{\"@context\":\"https:\/\/schema.org\",\"@graph\":[{\"@type\":\"Article\",\"@id\":\"https:\/\/mhf.ro\/mm\/omul-fiinta-sociala\/#article\",\"isPartOf\":{\"@id\":\"https:\/\/mhf.ro\/mm\/omul-fiinta-sociala\/\"},\"author\":{\"name\":\"Preot paroh Horvat Petru\",\"@id\":\"https:\/\/mhf.ro\/mm\/#\/schema\/person\/4c8c06c801b7b666e81ed44550086900\"},\"headline\":\"Omul, fiin\u021b\u0103 social\u0103\",\"datePublished\":\"2020-05-14T18:22:11+00:00\",\"dateModified\":\"2020-05-15T09:21:27+00:00\",\"mainEntityOfPage\":{\"@id\":\"https:\/\/mhf.ro\/mm\/omul-fiinta-sociala\/\"},\"wordCount\":303,\"commentCount\":0,\"publisher\":{\"@id\":\"https:\/\/mhf.ro\/mm\/#\/schema\/person\/a3bebf7bdb4bf12f698aff73c7e46c21\"},\"image\":{\"@id\":\"https:\/\/mhf.ro\/mm\/omul-fiinta-sociala\/#primaryimage\"},\"thumbnailUrl\":\"https:\/\/mhf.ro\/mm\/wp-content\/uploads\/2020\/05\/omulFiintaSociala.jpg\",\"articleSection\":[\"Diverse\",\"Locale\"],\"inLanguage\":\"ro-RO\",\"potentialAction\":[{\"@type\":\"CommentAction\",\"name\":\"Comment\",\"target\":[\"https:\/\/mhf.ro\/mm\/omul-fiinta-sociala\/#respond\"]}]},{\"@type\":\"WebPage\",\"@id\":\"https:\/\/mhf.ro\/mm\/omul-fiinta-sociala\/\",\"url\":\"https:\/\/mhf.ro\/mm\/omul-fiinta-sociala\/\",\"name\":\"Omul, fiin\u021b\u0103 social\u0103 - MHF Photography\",\"isPartOf\":{\"@id\":\"https:\/\/mhf.ro\/mm\/#website\"},\"primaryImageOfPage\":{\"@id\":\"https:\/\/mhf.ro\/mm\/omul-fiinta-sociala\/#primaryimage\"},\"image\":{\"@id\":\"https:\/\/mhf.ro\/mm\/omul-fiinta-sociala\/#primaryimage\"},\"thumbnailUrl\":\"https:\/\/mhf.ro\/mm\/wp-content\/uploads\/2020\/05\/omulFiintaSociala.jpg\",\"datePublished\":\"2020-05-14T18:22:11+00:00\",\"dateModified\":\"2020-05-15T09:21:27+00:00\",\"description\":\"O realitate a zilelor noastre este izolarea unii de al\u021bii. Fie st\u0103m \u00eenchi\u0219i \u00een cas\u0103, fie ie\u0219im \u00een public cu o masc\u0103 \u0219i p\u0103str\u00e2nd distan\u021b\u0103 unii de al\u021bii...\",\"breadcrumb\":{\"@id\":\"https:\/\/mhf.ro\/mm\/omul-fiinta-sociala\/#breadcrumb\"},\"inLanguage\":\"ro-RO\",\"potentialAction\":[{\"@type\":\"ReadAction\",\"target\":[\"https:\/\/mhf.ro\/mm\/omul-fiinta-sociala\/\"]}]},{\"@type\":\"ImageObject\",\"inLanguage\":\"ro-RO\",\"@id\":\"https:\/\/mhf.ro\/mm\/omul-fiinta-sociala\/#primaryimage\",\"url\":\"https:\/\/mhf.ro\/mm\/wp-content\/uploads\/2020\/05\/omulFiintaSociala.jpg\",\"contentUrl\":\"https:\/\/mhf.ro\/mm\/wp-content\/uploads\/2020\/05\/omulFiintaSociala.jpg\",\"width\":1280,\"height\":845},{\"@type\":\"BreadcrumbList\",\"@id\":\"https:\/\/mhf.ro\/mm\/omul-fiinta-sociala\/#breadcrumb\",\"itemListElement\":[{\"@type\":\"ListItem\",\"position\":1,\"name\":\"Prima pagin\u0103\",\"item\":\"https:\/\/mhf.ro\/mm\/\"},{\"@type\":\"ListItem\",\"position\":2,\"name\":\"Omul, fiin\u021b\u0103 social\u0103\"}]},{\"@type\":\"WebSite\",\"@id\":\"https:\/\/mhf.ro\/mm\/#website\",\"url\":\"https:\/\/mhf.ro\/mm\/\",\"name\":\"MHF Photography \u2013 Blog de fotografie, natur\u0103 \u0219i tehnic\u0103 divers\u0103\",\"description\":\"Aventur\u0103 \u00een fiecare cadru.\",\"publisher\":{\"@id\":\"https:\/\/mhf.ro\/mm\/#\/schema\/person\/a3bebf7bdb4bf12f698aff73c7e46c21\"},\"potentialAction\":[{\"@type\":\"SearchAction\",\"target\":{\"@type\":\"EntryPoint\",\"urlTemplate\":\"https:\/\/mhf.ro\/mm\/?s={search_term_string}\"},\"query-input\":{\"@type\":\"PropertyValueSpecification\",\"valueRequired\":true,\"valueName\":\"search_term_string\"}}],\"inLanguage\":\"ro-RO\"},{\"@type\":[\"Person\",\"Organization\"],\"@id\":\"https:\/\/mhf.ro\/mm\/#\/schema\/person\/a3bebf7bdb4bf12f698aff73c7e46c21\",\"name\":\"Marius Marcu\",\"image\":{\"@type\":\"ImageObject\",\"inLanguage\":\"ro-RO\",\"@id\":\"https:\/\/mhf.ro\/mm\/#\/schema\/person\/image\/\",\"url\":\"https:\/\/mhf.ro\/mm\/wp-content\/uploads\/2025\/12\/cropped-logo_mhf_2.png\",\"contentUrl\":\"https:\/\/mhf.ro\/mm\/wp-content\/uploads\/2025\/12\/cropped-logo_mhf_2.png\",\"width\":1096,\"height\":457,\"caption\":\"Marius Marcu\"},\"logo\":{\"@id\":\"https:\/\/mhf.ro\/mm\/#\/schema\/person\/image\/\"},\"sameAs\":[\"https:\/\/mhf.ro\/mm\"]},{\"@type\":\"Person\",\"@id\":\"https:\/\/mhf.ro\/mm\/#\/schema\/person\/4c8c06c801b7b666e81ed44550086900\",\"name\":\"Preot paroh Horvat Petru\",\"image\":{\"@type\":\"ImageObject\",\"inLanguage\":\"ro-RO\",\"@id\":\"https:\/\/mhf.ro\/mm\/#\/schema\/person\/image\/\",\"url\":\"https:\/\/secure.gravatar.com\/avatar\/c2d2dcdf21c6f41aad486d71768c144cd6e23cb7b63bae9bd6fab542b26ad321?s=96&d=monsterid&r=g\",\"contentUrl\":\"https:\/\/secure.gravatar.com\/avatar\/c2d2dcdf21c6f41aad486d71768c144cd6e23cb7b63bae9bd6fab542b26ad321?s=96&d=monsterid&r=g\",\"caption\":\"Preot paroh Horvat Petru\"},\"sameAs\":[\"https:\/\/mhf.ro\/mm\"],\"url\":\"https:\/\/mhf.ro\/mm\/author\/petrica\/\"}]}<\/script>\n<!-- \/ Yoast SEO plugin. -->","yoast_head_json":{"title":"Omul, fiin\u021b\u0103 social\u0103 - MHF Photography","description":"O realitate a zilelor noastre este izolarea unii de al\u021bii. Fie st\u0103m \u00eenchi\u0219i \u00een cas\u0103, fie ie\u0219im \u00een public cu o masc\u0103 \u0219i p\u0103str\u00e2nd distan\u021b\u0103 unii de al\u021bii...","robots":{"index":"index","follow":"follow","max-snippet":"max-snippet:-1","max-image-preview":"max-image-preview:large","max-video-preview":"max-video-preview:-1"},"canonical":"https:\/\/mhf.ro\/mm\/omul-fiinta-sociala\/","og_locale":"ro_RO","og_type":"article","og_title":"Omul, fiin\u021b\u0103 social\u0103 - MHF Photography","og_description":"O realitate a zilelor noastre este izolarea unii de al\u021bii. Fie st\u0103m \u00eenchi\u0219i \u00een cas\u0103, fie ie\u0219im \u00een public cu o masc\u0103 \u0219i p\u0103str\u00e2nd distan\u021b\u0103 unii de al\u021bii...","og_url":"https:\/\/mhf.ro\/mm\/omul-fiinta-sociala\/","og_site_name":"MHF Photography","article_published_time":"2020-05-14T18:22:11+00:00","article_modified_time":"2020-05-15T09:21:27+00:00","og_image":[{"width":1280,"height":845,"url":"https:\/\/mhf.ro\/mm\/wp-content\/uploads\/2020\/05\/omulFiintaSociala.jpg","type":"image\/jpeg"}],"author":"Preot paroh Horvat Petru","twitter_card":"summary_large_image","twitter_misc":{"Scris de":"Preot paroh Horvat Petru","Timp estimat pentru citire":"2 minute"},"schema":{"@context":"https:\/\/schema.org","@graph":[{"@type":"Article","@id":"https:\/\/mhf.ro\/mm\/omul-fiinta-sociala\/#article","isPartOf":{"@id":"https:\/\/mhf.ro\/mm\/omul-fiinta-sociala\/"},"author":{"name":"Preot paroh Horvat Petru","@id":"https:\/\/mhf.ro\/mm\/#\/schema\/person\/4c8c06c801b7b666e81ed44550086900"},"headline":"Omul, fiin\u021b\u0103 social\u0103","datePublished":"2020-05-14T18:22:11+00:00","dateModified":"2020-05-15T09:21:27+00:00","mainEntityOfPage":{"@id":"https:\/\/mhf.ro\/mm\/omul-fiinta-sociala\/"},"wordCount":303,"commentCount":0,"publisher":{"@id":"https:\/\/mhf.ro\/mm\/#\/schema\/person\/a3bebf7bdb4bf12f698aff73c7e46c21"},"image":{"@id":"https:\/\/mhf.ro\/mm\/omul-fiinta-sociala\/#primaryimage"},"thumbnailUrl":"https:\/\/mhf.ro\/mm\/wp-content\/uploads\/2020\/05\/omulFiintaSociala.jpg","articleSection":["Diverse","Locale"],"inLanguage":"ro-RO","potentialAction":[{"@type":"CommentAction","name":"Comment","target":["https:\/\/mhf.ro\/mm\/omul-fiinta-sociala\/#respond"]}]},{"@type":"WebPage","@id":"https:\/\/mhf.ro\/mm\/omul-fiinta-sociala\/","url":"https:\/\/mhf.ro\/mm\/omul-fiinta-sociala\/","name":"Omul, fiin\u021b\u0103 social\u0103 - MHF Photography","isPartOf":{"@id":"https:\/\/mhf.ro\/mm\/#website"},"primaryImageOfPage":{"@id":"https:\/\/mhf.ro\/mm\/omul-fiinta-sociala\/#primaryimage"},"image":{"@id":"https:\/\/mhf.ro\/mm\/omul-fiinta-sociala\/#primaryimage"},"thumbnailUrl":"https:\/\/mhf.ro\/mm\/wp-content\/uploads\/2020\/05\/omulFiintaSociala.jpg","datePublished":"2020-05-14T18:22:11+00:00","dateModified":"2020-05-15T09:21:27+00:00","description":"O realitate a zilelor noastre este izolarea unii de al\u021bii. Fie st\u0103m \u00eenchi\u0219i \u00een cas\u0103, fie ie\u0219im \u00een public cu o masc\u0103 \u0219i p\u0103str\u00e2nd distan\u021b\u0103 unii de al\u021bii...","breadcrumb":{"@id":"https:\/\/mhf.ro\/mm\/omul-fiinta-sociala\/#breadcrumb"},"inLanguage":"ro-RO","potentialAction":[{"@type":"ReadAction","target":["https:\/\/mhf.ro\/mm\/omul-fiinta-sociala\/"]}]},{"@type":"ImageObject","inLanguage":"ro-RO","@id":"https:\/\/mhf.ro\/mm\/omul-fiinta-sociala\/#primaryimage","url":"https:\/\/mhf.ro\/mm\/wp-content\/uploads\/2020\/05\/omulFiintaSociala.jpg","contentUrl":"https:\/\/mhf.ro\/mm\/wp-content\/uploads\/2020\/05\/omulFiintaSociala.jpg","width":1280,"height":845},{"@type":"BreadcrumbList","@id":"https:\/\/mhf.ro\/mm\/omul-fiinta-sociala\/#breadcrumb","itemListElement":[{"@type":"ListItem","position":1,"name":"Prima pagin\u0103","item":"https:\/\/mhf.ro\/mm\/"},{"@type":"ListItem","position":2,"name":"Omul, fiin\u021b\u0103 social\u0103"}]},{"@type":"WebSite","@id":"https:\/\/mhf.ro\/mm\/#website","url":"https:\/\/mhf.ro\/mm\/","name":"MHF Photography \u2013 Blog de fotografie, natur\u0103 \u0219i tehnic\u0103 divers\u0103","description":"Aventur\u0103 \u00een fiecare cadru.","publisher":{"@id":"https:\/\/mhf.ro\/mm\/#\/schema\/person\/a3bebf7bdb4bf12f698aff73c7e46c21"},"potentialAction":[{"@type":"SearchAction","target":{"@type":"EntryPoint","urlTemplate":"https:\/\/mhf.ro\/mm\/?s={search_term_string}"},"query-input":{"@type":"PropertyValueSpecification","valueRequired":true,"valueName":"search_term_string"}}],"inLanguage":"ro-RO"},{"@type":["Person","Organization"],"@id":"https:\/\/mhf.ro\/mm\/#\/schema\/person\/a3bebf7bdb4bf12f698aff73c7e46c21","name":"Marius Marcu","image":{"@type":"ImageObject","inLanguage":"ro-RO","@id":"https:\/\/mhf.ro\/mm\/#\/schema\/person\/image\/","url":"https:\/\/mhf.ro\/mm\/wp-content\/uploads\/2025\/12\/cropped-logo_mhf_2.png","contentUrl":"https:\/\/mhf.ro\/mm\/wp-content\/uploads\/2025\/12\/cropped-logo_mhf_2.png","width":1096,"height":457,"caption":"Marius Marcu"},"logo":{"@id":"https:\/\/mhf.ro\/mm\/#\/schema\/person\/image\/"},"sameAs":["https:\/\/mhf.ro\/mm"]},{"@type":"Person","@id":"https:\/\/mhf.ro\/mm\/#\/schema\/person\/4c8c06c801b7b666e81ed44550086900","name":"Preot paroh Horvat Petru","image":{"@type":"ImageObject","inLanguage":"ro-RO","@id":"https:\/\/mhf.ro\/mm\/#\/schema\/person\/image\/","url":"https:\/\/secure.gravatar.com\/avatar\/c2d2dcdf21c6f41aad486d71768c144cd6e23cb7b63bae9bd6fab542b26ad321?s=96&d=monsterid&r=g","contentUrl":"https:\/\/secure.gravatar.com\/avatar\/c2d2dcdf21c6f41aad486d71768c144cd6e23cb7b63bae9bd6fab542b26ad321?s=96&d=monsterid&r=g","caption":"Preot paroh Horvat Petru"},"sameAs":["https:\/\/mhf.ro\/mm"],"url":"https:\/\/mhf.ro\/mm\/author\/petrica\/"}]}},"_links":{"self":[{"href":"https:\/\/mhf.ro\/mm\/wp-json\/wp\/v2\/posts\/1361","targetHints":{"allow":["GET"]}}],"collection":[{"href":"https:\/\/mhf.ro\/mm\/wp-json\/wp\/v2\/posts"}],"about":[{"href":"https:\/\/mhf.ro\/mm\/wp-json\/wp\/v2\/types\/post"}],"author":[{"embeddable":true,"href":"https:\/\/mhf.ro\/mm\/wp-json\/wp\/v2\/users\/4"}],"replies":[{"embeddable":true,"href":"https:\/\/mhf.ro\/mm\/wp-json\/wp\/v2\/comments?post=1361"}],"version-history":[{"count":3,"href":"https:\/\/mhf.ro\/mm\/wp-json\/wp\/v2\/posts\/1361\/revisions"}],"predecessor-version":[{"id":1399,"href":"https:\/\/mhf.ro\/mm\/wp-json\/wp\/v2\/posts\/1361\/revisions\/1399"}],"wp:featuredmedia":[{"embeddable":true,"href":"https:\/\/mhf.ro\/mm\/wp-json\/wp\/v2\/media\/1398"}],"wp:attachment":[{"href":"https:\/\/mhf.ro\/mm\/wp-json\/wp\/v2\/media?parent=1361"}],"wp:term":[{"taxonomy":"category","embeddable":true,"href":"https:\/\/mhf.ro\/mm\/wp-json\/wp\/v2\/categories?post=1361"},{"taxonomy":"post_tag","embeddable":true,"href":"https:\/\/mhf.ro\/mm\/wp-json\/wp\/v2\/tags?post=1361"}],"curies":[{"name":"wp","href":"https:\/\/api.w.org\/{rel}","templated":true}]}}