{"id":1366,"date":"2020-05-15T06:02:18","date_gmt":"2020-05-15T04:02:18","guid":{"rendered":"https:\/\/mhf.ro\/mm\/?p=1366"},"modified":"2021-04-21T08:46:33","modified_gmt":"2021-04-21T06:46:33","slug":"ma-leagan-pe-cer-ma-catar-pe-val","status":"publish","type":"post","link":"https:\/\/mhf.ro\/mm\/ma-leagan-pe-cer-ma-catar-pe-val\/","title":{"rendered":"Ma leagan pe cer, ma catar pe val!"},"content":{"rendered":"<p>In seri tarzi cand luna mai razbate,<br \/>\npe cerul plin de stele, fumigene&#8230;<br \/>\ndoar tu iubire, inca poti strabate&#8230;<span class=\"text_exposed_show\"><br \/>\nspre inima-mi , fara a te teme&#8230;<\/span><\/p>\n<div class=\"text_exposed_show\">\n<p>Dorul meu alearga, cade in genunchi,<br \/>\nplansul meu prin lacrimi, larg, te impresoara,<br \/>\nse desprinde din acelasi trunchi&#8230;<br \/>\nca o albie,de jolj, aspru, te-nconjoara&#8230;<\/p>\n<p>Ma incred, in visul tau netarmurit&#8230;<br \/>\ndin aceeasi epopee&#8230;din abstract, albastra&#8230;<br \/>\nsa ne leganam, in leagan ce ne-a daltuit,<br \/>\naventura desavarsirii &#8230;nesperanta noastra!<\/p>\n<p>Sa crezi, sa minti, e mare arta, si se poarta,,&#8230;<br \/>\nsa stai cu capul aplecat pentru taiere&#8230;<br \/>\ntaisul spadei, gatul, ca o arta, ne desparta&#8230;<br \/>\ndesavarsirea intre moarte si-nviere&#8230;<\/p>\n<p>(veanu blajan)<br \/>\n,foto poze net.<\/p>\n<\/div>\n<p><a href=\"http:\/\/riz.ro\" target=\"_blank\" rel=\"noopener noreferrer\"><img decoding=\"async\" class=\"alignright wp-image-1187\" src=\"https:\/\/mhf.ro\/mm\/wp-content\/uploads\/2020\/05\/ReclamaRiz_1-150x150.png\" alt=\"Profile din polistiren\" width=\"110\" height=\"41\" srcset=\"https:\/\/mhf.ro\/mm\/wp-content\/uploads\/2020\/05\/ReclamaRiz_1-300x111.png 300w, https:\/\/mhf.ro\/mm\/wp-content\/uploads\/2020\/05\/ReclamaRiz_1-1024x377.png 1024w, https:\/\/mhf.ro\/mm\/wp-content\/uploads\/2020\/05\/ReclamaRiz_1-768x283.png 768w, https:\/\/mhf.ro\/mm\/wp-content\/uploads\/2020\/05\/ReclamaRiz_1.png 1295w\" sizes=\"(max-width: 110px) 100vw, 110px\" \/><\/a><\/p>\n","protected":false},"excerpt":{"rendered":"<p>In seri tarzi cand luna mai razbate, pe cerul plin de stele, fumigene&#8230; doar tu iubire, inca poti strabate&#8230; spre<\/p>\n","protected":false},"author":3,"featured_media":1392,"comment_status":"open","ping_status":"open","sticky":false,"template":"","format":"standard","meta":{"colormag_page_container_layout":"default_layout","colormag_page_sidebar_layout":"default_layout","footnotes":""},"categories":[21,8],"tags":[],"class_list":["post-1366","post","type-post","status-publish","format-standard","has-post-thumbnail","hentry","category-arta","category-div"],"yoast_head":"<!-- This site is optimized with the Yoast SEO plugin v27.0 - https:\/\/yoast.com\/product\/yoast-seo-wordpress\/ -->\n<title>Ma leagan pe cer, ma catar pe val! - MHF Photography<\/title>\n<meta name=\"description\" content=\"In seri tarzi cand luna mai razbate,pe cerul plin de stele, fumigene...doar tu iubire, inca poti strabate...spre inima-mi , fara a te teme...\" \/>\n<meta name=\"robots\" content=\"index, follow, max-snippet:-1, max-image-preview:large, max-video-preview:-1\" \/>\n<link rel=\"canonical\" href=\"https:\/\/mhf.ro\/mm\/ma-leagan-pe-cer-ma-catar-pe-val\/\" \/>\n<meta property=\"og:locale\" content=\"ro_RO\" \/>\n<meta property=\"og:type\" content=\"article\" \/>\n<meta property=\"og:title\" content=\"Ma leagan pe cer, ma catar pe val! - MHF Photography\" \/>\n<meta property=\"og:description\" content=\"In seri tarzi cand luna mai razbate,pe cerul plin de stele, fumigene...doar tu iubire, inca poti strabate...spre inima-mi , fara a te teme...\" \/>\n<meta property=\"og:url\" content=\"https:\/\/mhf.ro\/mm\/ma-leagan-pe-cer-ma-catar-pe-val\/\" \/>\n<meta property=\"og:site_name\" content=\"MHF Photography\" \/>\n<meta property=\"article:published_time\" content=\"2020-05-15T04:02:18+00:00\" \/>\n<meta property=\"article:modified_time\" content=\"2021-04-21T06:46:33+00:00\" \/>\n<meta property=\"og:image\" content=\"https:\/\/mhf.ro\/mm\/wp-content\/uploads\/2020\/05\/Ma-legan-pe-cer.jpg\" \/>\n\t<meta property=\"og:image:width\" content=\"1280\" \/>\n\t<meta property=\"og:image:height\" content=\"853\" \/>\n\t<meta property=\"og:image:type\" content=\"image\/jpeg\" \/>\n<meta name=\"author\" content=\"Ciurtin Tavi\" \/>\n<meta name=\"twitter:card\" content=\"summary_large_image\" \/>\n<meta name=\"twitter:label1\" content=\"Scris de\" \/>\n\t<meta name=\"twitter:data1\" content=\"Ciurtin Tavi\" \/>\n\t<meta name=\"twitter:label2\" content=\"Timp estimat pentru citire\" \/>\n\t<meta name=\"twitter:data2\" content=\"1 minut\" \/>\n<script type=\"application\/ld+json\" class=\"yoast-schema-graph\">{\"@context\":\"https:\/\/schema.org\",\"@graph\":[{\"@type\":\"Article\",\"@id\":\"https:\/\/mhf.ro\/mm\/ma-leagan-pe-cer-ma-catar-pe-val\/#article\",\"isPartOf\":{\"@id\":\"https:\/\/mhf.ro\/mm\/ma-leagan-pe-cer-ma-catar-pe-val\/\"},\"author\":{\"name\":\"Ciurtin Tavi\",\"@id\":\"https:\/\/mhf.ro\/mm\/#\/schema\/person\/d2e8248dfe54de3d7284ff7254d2e29b\"},\"headline\":\"Ma leagan pe cer, ma catar pe val!\",\"datePublished\":\"2020-05-15T04:02:18+00:00\",\"dateModified\":\"2021-04-21T06:46:33+00:00\",\"mainEntityOfPage\":{\"@id\":\"https:\/\/mhf.ro\/mm\/ma-leagan-pe-cer-ma-catar-pe-val\/\"},\"wordCount\":116,\"commentCount\":0,\"publisher\":{\"@id\":\"https:\/\/mhf.ro\/mm\/#\/schema\/person\/a3bebf7bdb4bf12f698aff73c7e46c21\"},\"image\":{\"@id\":\"https:\/\/mhf.ro\/mm\/ma-leagan-pe-cer-ma-catar-pe-val\/#primaryimage\"},\"thumbnailUrl\":\"https:\/\/mhf.ro\/mm\/wp-content\/uploads\/2020\/05\/Ma-legan-pe-cer.jpg\",\"articleSection\":[\"Arta\",\"Diverse\"],\"inLanguage\":\"ro-RO\",\"potentialAction\":[{\"@type\":\"CommentAction\",\"name\":\"Comment\",\"target\":[\"https:\/\/mhf.ro\/mm\/ma-leagan-pe-cer-ma-catar-pe-val\/#respond\"]}]},{\"@type\":\"WebPage\",\"@id\":\"https:\/\/mhf.ro\/mm\/ma-leagan-pe-cer-ma-catar-pe-val\/\",\"url\":\"https:\/\/mhf.ro\/mm\/ma-leagan-pe-cer-ma-catar-pe-val\/\",\"name\":\"Ma leagan pe cer, ma catar pe val! - MHF Photography\",\"isPartOf\":{\"@id\":\"https:\/\/mhf.ro\/mm\/#website\"},\"primaryImageOfPage\":{\"@id\":\"https:\/\/mhf.ro\/mm\/ma-leagan-pe-cer-ma-catar-pe-val\/#primaryimage\"},\"image\":{\"@id\":\"https:\/\/mhf.ro\/mm\/ma-leagan-pe-cer-ma-catar-pe-val\/#primaryimage\"},\"thumbnailUrl\":\"https:\/\/mhf.ro\/mm\/wp-content\/uploads\/2020\/05\/Ma-legan-pe-cer.jpg\",\"datePublished\":\"2020-05-15T04:02:18+00:00\",\"dateModified\":\"2021-04-21T06:46:33+00:00\",\"description\":\"In seri tarzi cand luna mai razbate,pe cerul plin de stele, fumigene...doar tu iubire, inca poti strabate...spre inima-mi , fara a te teme...\",\"breadcrumb\":{\"@id\":\"https:\/\/mhf.ro\/mm\/ma-leagan-pe-cer-ma-catar-pe-val\/#breadcrumb\"},\"inLanguage\":\"ro-RO\",\"potentialAction\":[{\"@type\":\"ReadAction\",\"target\":[\"https:\/\/mhf.ro\/mm\/ma-leagan-pe-cer-ma-catar-pe-val\/\"]}]},{\"@type\":\"ImageObject\",\"inLanguage\":\"ro-RO\",\"@id\":\"https:\/\/mhf.ro\/mm\/ma-leagan-pe-cer-ma-catar-pe-val\/#primaryimage\",\"url\":\"https:\/\/mhf.ro\/mm\/wp-content\/uploads\/2020\/05\/Ma-legan-pe-cer.jpg\",\"contentUrl\":\"https:\/\/mhf.ro\/mm\/wp-content\/uploads\/2020\/05\/Ma-legan-pe-cer.jpg\",\"width\":1280,\"height\":853},{\"@type\":\"BreadcrumbList\",\"@id\":\"https:\/\/mhf.ro\/mm\/ma-leagan-pe-cer-ma-catar-pe-val\/#breadcrumb\",\"itemListElement\":[{\"@type\":\"ListItem\",\"position\":1,\"name\":\"Prima pagin\u0103\",\"item\":\"https:\/\/mhf.ro\/mm\/\"},{\"@type\":\"ListItem\",\"position\":2,\"name\":\"Ma leagan pe cer, ma catar pe val!\"}]},{\"@type\":\"WebSite\",\"@id\":\"https:\/\/mhf.ro\/mm\/#website\",\"url\":\"https:\/\/mhf.ro\/mm\/\",\"name\":\"MHF Photography \u2013 Blog de fotografie, natur\u0103 \u0219i tehnic\u0103 divers\u0103\",\"description\":\"Aventur\u0103 \u00een fiecare cadru.\",\"publisher\":{\"@id\":\"https:\/\/mhf.ro\/mm\/#\/schema\/person\/a3bebf7bdb4bf12f698aff73c7e46c21\"},\"potentialAction\":[{\"@type\":\"SearchAction\",\"target\":{\"@type\":\"EntryPoint\",\"urlTemplate\":\"https:\/\/mhf.ro\/mm\/?s={search_term_string}\"},\"query-input\":{\"@type\":\"PropertyValueSpecification\",\"valueRequired\":true,\"valueName\":\"search_term_string\"}}],\"inLanguage\":\"ro-RO\"},{\"@type\":[\"Person\",\"Organization\"],\"@id\":\"https:\/\/mhf.ro\/mm\/#\/schema\/person\/a3bebf7bdb4bf12f698aff73c7e46c21\",\"name\":\"Marius Marcu\",\"image\":{\"@type\":\"ImageObject\",\"inLanguage\":\"ro-RO\",\"@id\":\"https:\/\/mhf.ro\/mm\/#\/schema\/person\/image\/\",\"url\":\"https:\/\/mhf.ro\/mm\/wp-content\/uploads\/2025\/12\/cropped-logo_mhf_2.png\",\"contentUrl\":\"https:\/\/mhf.ro\/mm\/wp-content\/uploads\/2025\/12\/cropped-logo_mhf_2.png\",\"width\":1096,\"height\":457,\"caption\":\"Marius Marcu\"},\"logo\":{\"@id\":\"https:\/\/mhf.ro\/mm\/#\/schema\/person\/image\/\"},\"sameAs\":[\"https:\/\/mhf.ro\/mm\"]},{\"@type\":\"Person\",\"@id\":\"https:\/\/mhf.ro\/mm\/#\/schema\/person\/d2e8248dfe54de3d7284ff7254d2e29b\",\"name\":\"Ciurtin Tavi\",\"image\":{\"@type\":\"ImageObject\",\"inLanguage\":\"ro-RO\",\"@id\":\"https:\/\/mhf.ro\/mm\/#\/schema\/person\/image\/\",\"url\":\"https:\/\/secure.gravatar.com\/avatar\/5afa01044b4e9328c510b64d3aa571c665404d2e22859f2e114ebd21774aab9c?s=96&d=monsterid&r=g\",\"contentUrl\":\"https:\/\/secure.gravatar.com\/avatar\/5afa01044b4e9328c510b64d3aa571c665404d2e22859f2e114ebd21774aab9c?s=96&d=monsterid&r=g\",\"caption\":\"Ciurtin Tavi\"},\"description\":\"N-am crezut niciodata ca ce am vizionat in vis, va fi permanent lege pentru mine... as fi isteric sa cred, ca, chiar eu pot sa-mi duc neputinta atat de mult sa cred ca eu... nu mai stiu sa glumesc, cu el, cu ea, cu tine, si in ultimul rand... cu mine... stii ce as vrea? ca eu nu stiu.... ma catar doar pe o dorinta, fumeganda-n mintea mea, asa, apucata de un ciucur ca un vis.... un vis legitim, nu unul....labartit din memoria somnului, ca... ultima discutie cu tine! hai, pa... ma duc sa-mi mustruluiesc, speranta de-a avea curajul sa revina la suprafata inaintea zorilor .\",\"sameAs\":[\"https:\/\/mhf.ro\/mm\"],\"url\":\"https:\/\/mhf.ro\/mm\/author\/tavi\/\"}]}<\/script>\n<!-- \/ Yoast SEO plugin. -->","yoast_head_json":{"title":"Ma leagan pe cer, ma catar pe val! - MHF Photography","description":"In seri tarzi cand luna mai razbate,pe cerul plin de stele, fumigene...doar tu iubire, inca poti strabate...spre inima-mi , fara a te teme...","robots":{"index":"index","follow":"follow","max-snippet":"max-snippet:-1","max-image-preview":"max-image-preview:large","max-video-preview":"max-video-preview:-1"},"canonical":"https:\/\/mhf.ro\/mm\/ma-leagan-pe-cer-ma-catar-pe-val\/","og_locale":"ro_RO","og_type":"article","og_title":"Ma leagan pe cer, ma catar pe val! - MHF Photography","og_description":"In seri tarzi cand luna mai razbate,pe cerul plin de stele, fumigene...doar tu iubire, inca poti strabate...spre inima-mi , fara a te teme...","og_url":"https:\/\/mhf.ro\/mm\/ma-leagan-pe-cer-ma-catar-pe-val\/","og_site_name":"MHF Photography","article_published_time":"2020-05-15T04:02:18+00:00","article_modified_time":"2021-04-21T06:46:33+00:00","og_image":[{"width":1280,"height":853,"url":"https:\/\/mhf.ro\/mm\/wp-content\/uploads\/2020\/05\/Ma-legan-pe-cer.jpg","type":"image\/jpeg"}],"author":"Ciurtin Tavi","twitter_card":"summary_large_image","twitter_misc":{"Scris de":"Ciurtin Tavi","Timp estimat pentru citire":"1 minut"},"schema":{"@context":"https:\/\/schema.org","@graph":[{"@type":"Article","@id":"https:\/\/mhf.ro\/mm\/ma-leagan-pe-cer-ma-catar-pe-val\/#article","isPartOf":{"@id":"https:\/\/mhf.ro\/mm\/ma-leagan-pe-cer-ma-catar-pe-val\/"},"author":{"name":"Ciurtin Tavi","@id":"https:\/\/mhf.ro\/mm\/#\/schema\/person\/d2e8248dfe54de3d7284ff7254d2e29b"},"headline":"Ma leagan pe cer, ma catar pe val!","datePublished":"2020-05-15T04:02:18+00:00","dateModified":"2021-04-21T06:46:33+00:00","mainEntityOfPage":{"@id":"https:\/\/mhf.ro\/mm\/ma-leagan-pe-cer-ma-catar-pe-val\/"},"wordCount":116,"commentCount":0,"publisher":{"@id":"https:\/\/mhf.ro\/mm\/#\/schema\/person\/a3bebf7bdb4bf12f698aff73c7e46c21"},"image":{"@id":"https:\/\/mhf.ro\/mm\/ma-leagan-pe-cer-ma-catar-pe-val\/#primaryimage"},"thumbnailUrl":"https:\/\/mhf.ro\/mm\/wp-content\/uploads\/2020\/05\/Ma-legan-pe-cer.jpg","articleSection":["Arta","Diverse"],"inLanguage":"ro-RO","potentialAction":[{"@type":"CommentAction","name":"Comment","target":["https:\/\/mhf.ro\/mm\/ma-leagan-pe-cer-ma-catar-pe-val\/#respond"]}]},{"@type":"WebPage","@id":"https:\/\/mhf.ro\/mm\/ma-leagan-pe-cer-ma-catar-pe-val\/","url":"https:\/\/mhf.ro\/mm\/ma-leagan-pe-cer-ma-catar-pe-val\/","name":"Ma leagan pe cer, ma catar pe val! - MHF Photography","isPartOf":{"@id":"https:\/\/mhf.ro\/mm\/#website"},"primaryImageOfPage":{"@id":"https:\/\/mhf.ro\/mm\/ma-leagan-pe-cer-ma-catar-pe-val\/#primaryimage"},"image":{"@id":"https:\/\/mhf.ro\/mm\/ma-leagan-pe-cer-ma-catar-pe-val\/#primaryimage"},"thumbnailUrl":"https:\/\/mhf.ro\/mm\/wp-content\/uploads\/2020\/05\/Ma-legan-pe-cer.jpg","datePublished":"2020-05-15T04:02:18+00:00","dateModified":"2021-04-21T06:46:33+00:00","description":"In seri tarzi cand luna mai razbate,pe cerul plin de stele, fumigene...doar tu iubire, inca poti strabate...spre inima-mi , fara a te teme...","breadcrumb":{"@id":"https:\/\/mhf.ro\/mm\/ma-leagan-pe-cer-ma-catar-pe-val\/#breadcrumb"},"inLanguage":"ro-RO","potentialAction":[{"@type":"ReadAction","target":["https:\/\/mhf.ro\/mm\/ma-leagan-pe-cer-ma-catar-pe-val\/"]}]},{"@type":"ImageObject","inLanguage":"ro-RO","@id":"https:\/\/mhf.ro\/mm\/ma-leagan-pe-cer-ma-catar-pe-val\/#primaryimage","url":"https:\/\/mhf.ro\/mm\/wp-content\/uploads\/2020\/05\/Ma-legan-pe-cer.jpg","contentUrl":"https:\/\/mhf.ro\/mm\/wp-content\/uploads\/2020\/05\/Ma-legan-pe-cer.jpg","width":1280,"height":853},{"@type":"BreadcrumbList","@id":"https:\/\/mhf.ro\/mm\/ma-leagan-pe-cer-ma-catar-pe-val\/#breadcrumb","itemListElement":[{"@type":"ListItem","position":1,"name":"Prima pagin\u0103","item":"https:\/\/mhf.ro\/mm\/"},{"@type":"ListItem","position":2,"name":"Ma leagan pe cer, ma catar pe val!"}]},{"@type":"WebSite","@id":"https:\/\/mhf.ro\/mm\/#website","url":"https:\/\/mhf.ro\/mm\/","name":"MHF Photography \u2013 Blog de fotografie, natur\u0103 \u0219i tehnic\u0103 divers\u0103","description":"Aventur\u0103 \u00een fiecare cadru.","publisher":{"@id":"https:\/\/mhf.ro\/mm\/#\/schema\/person\/a3bebf7bdb4bf12f698aff73c7e46c21"},"potentialAction":[{"@type":"SearchAction","target":{"@type":"EntryPoint","urlTemplate":"https:\/\/mhf.ro\/mm\/?s={search_term_string}"},"query-input":{"@type":"PropertyValueSpecification","valueRequired":true,"valueName":"search_term_string"}}],"inLanguage":"ro-RO"},{"@type":["Person","Organization"],"@id":"https:\/\/mhf.ro\/mm\/#\/schema\/person\/a3bebf7bdb4bf12f698aff73c7e46c21","name":"Marius Marcu","image":{"@type":"ImageObject","inLanguage":"ro-RO","@id":"https:\/\/mhf.ro\/mm\/#\/schema\/person\/image\/","url":"https:\/\/mhf.ro\/mm\/wp-content\/uploads\/2025\/12\/cropped-logo_mhf_2.png","contentUrl":"https:\/\/mhf.ro\/mm\/wp-content\/uploads\/2025\/12\/cropped-logo_mhf_2.png","width":1096,"height":457,"caption":"Marius Marcu"},"logo":{"@id":"https:\/\/mhf.ro\/mm\/#\/schema\/person\/image\/"},"sameAs":["https:\/\/mhf.ro\/mm"]},{"@type":"Person","@id":"https:\/\/mhf.ro\/mm\/#\/schema\/person\/d2e8248dfe54de3d7284ff7254d2e29b","name":"Ciurtin Tavi","image":{"@type":"ImageObject","inLanguage":"ro-RO","@id":"https:\/\/mhf.ro\/mm\/#\/schema\/person\/image\/","url":"https:\/\/secure.gravatar.com\/avatar\/5afa01044b4e9328c510b64d3aa571c665404d2e22859f2e114ebd21774aab9c?s=96&d=monsterid&r=g","contentUrl":"https:\/\/secure.gravatar.com\/avatar\/5afa01044b4e9328c510b64d3aa571c665404d2e22859f2e114ebd21774aab9c?s=96&d=monsterid&r=g","caption":"Ciurtin Tavi"},"description":"N-am crezut niciodata ca ce am vizionat in vis, va fi permanent lege pentru mine... as fi isteric sa cred, ca, chiar eu pot sa-mi duc neputinta atat de mult sa cred ca eu... nu mai stiu sa glumesc, cu el, cu ea, cu tine, si in ultimul rand... cu mine... stii ce as vrea? ca eu nu stiu.... ma catar doar pe o dorinta, fumeganda-n mintea mea, asa, apucata de un ciucur ca un vis.... un vis legitim, nu unul....labartit din memoria somnului, ca... ultima discutie cu tine! hai, pa... ma duc sa-mi mustruluiesc, speranta de-a avea curajul sa revina la suprafata inaintea zorilor .","sameAs":["https:\/\/mhf.ro\/mm"],"url":"https:\/\/mhf.ro\/mm\/author\/tavi\/"}]}},"_links":{"self":[{"href":"https:\/\/mhf.ro\/mm\/wp-json\/wp\/v2\/posts\/1366","targetHints":{"allow":["GET"]}}],"collection":[{"href":"https:\/\/mhf.ro\/mm\/wp-json\/wp\/v2\/posts"}],"about":[{"href":"https:\/\/mhf.ro\/mm\/wp-json\/wp\/v2\/types\/post"}],"author":[{"embeddable":true,"href":"https:\/\/mhf.ro\/mm\/wp-json\/wp\/v2\/users\/3"}],"replies":[{"embeddable":true,"href":"https:\/\/mhf.ro\/mm\/wp-json\/wp\/v2\/comments?post=1366"}],"version-history":[{"count":5,"href":"https:\/\/mhf.ro\/mm\/wp-json\/wp\/v2\/posts\/1366\/revisions"}],"predecessor-version":[{"id":1453,"href":"https:\/\/mhf.ro\/mm\/wp-json\/wp\/v2\/posts\/1366\/revisions\/1453"}],"wp:featuredmedia":[{"embeddable":true,"href":"https:\/\/mhf.ro\/mm\/wp-json\/wp\/v2\/media\/1392"}],"wp:attachment":[{"href":"https:\/\/mhf.ro\/mm\/wp-json\/wp\/v2\/media?parent=1366"}],"wp:term":[{"taxonomy":"category","embeddable":true,"href":"https:\/\/mhf.ro\/mm\/wp-json\/wp\/v2\/categories?post=1366"},{"taxonomy":"post_tag","embeddable":true,"href":"https:\/\/mhf.ro\/mm\/wp-json\/wp\/v2\/tags?post=1366"}],"curies":[{"name":"wp","href":"https:\/\/api.w.org\/{rel}","templated":true}]}}