{"id":1411,"date":"2020-05-19T16:01:19","date_gmt":"2020-05-19T16:01:19","guid":{"rendered":"https:\/\/mhf.ro\/mm\/?p=1411"},"modified":"2020-05-19T16:01:19","modified_gmt":"2020-05-19T16:01:19","slug":"gaura-din-stratul-de-ozon","status":"publish","type":"post","link":"https:\/\/mhf.ro\/mm\/gaura-din-stratul-de-ozon\/","title":{"rendered":"GAURA DIN STRATUL DE OZON"},"content":{"rendered":"<p>Cea mai mare gaur\u0103 din stratul de ozon descoperit\u0103 vreodat\u0103 deasupra Arcticii a disp\u0103rut brusc.<\/p>\n<p><img decoding=\"async\" class=\"alignnone wp-image-1415 size-thumbnail\" title=\"stratul de ozon\" src=\"https:\/\/mhf.ro\/mm\/wp-content\/uploads\/2020\/05\/stratul_de_ozon-150x150.jpg\" alt=\"\" width=\"150\" height=\"150\" \/><\/p>\n<p>Gaura s-a format la \u00eenceputul acestui an \u015fi a atins dimensiunea maxim\u0103 \u00een martie.<br \/>\nUnii au spus c\u0103 dispari\u021bia g\u0103urii din stratul de ozon are leg\u0103tur\u0103 cu reducerea accentuat\u0103 a polu\u0103rii din aer ca urmare a m\u0103surilor \u015fi restric\u021biilor impuse de Covid-19, \u00eens\u0103 echipa Copernicus respinge aceast\u0103 idee.<\/p>\n<p>Covid-19 \u015fi carantina probabil nu au nicio leg\u0103tur\u0103 cu aceast\u0103 situa\u021bie. Cauza a fost un vortex polar (furtun\u0103) neobi\u015fnuit de puternic \u015fi de lung. Dup\u0103 cum se \u015ftie, stratul de ozon este cel care ap\u0103r\u0103 P\u0103m\u00e2ntul de radia\u021biile ultraviolete, cele care provoac\u0103 cancerul de piele, sc\u0103derea accentuat\u0103 a imunit\u0103\u021bii&#8230;\u00a0 (Mitu Ion)<\/p>\n<p>&nbsp;<\/p>\n<p><a href=\"http:\/\/riz.ro\" target=\"_blank\" rel=\"noopener noreferrer\"><img decoding=\"async\" class=\"alignright wp-image-1187\" src=\"https:\/\/mhf.ro\/mm\/wp-content\/uploads\/2020\/05\/ReclamaRiz_1-150x150.png\" alt=\"Profile din polistiren\" width=\"110\" height=\"41\" srcset=\"https:\/\/mhf.ro\/mm\/wp-content\/uploads\/2020\/05\/ReclamaRiz_1-300x111.png 300w, https:\/\/mhf.ro\/mm\/wp-content\/uploads\/2020\/05\/ReclamaRiz_1-1024x377.png 1024w, https:\/\/mhf.ro\/mm\/wp-content\/uploads\/2020\/05\/ReclamaRiz_1-768x283.png 768w, https:\/\/mhf.ro\/mm\/wp-content\/uploads\/2020\/05\/ReclamaRiz_1.png 1295w\" sizes=\"(max-width: 110px) 100vw, 110px\" \/><\/a><\/p>\n","protected":false},"excerpt":{"rendered":"<p>Cea mai mare gaur\u0103 din stratul de ozon descoperit\u0103 vreodat\u0103 deasupra Arcticii a disp\u0103rut brusc. Gaura s-a format la \u00eenceputul<\/p>\n","protected":false},"author":1,"featured_media":1415,"comment_status":"open","ping_status":"open","sticky":false,"template":"","format":"standard","meta":{"colormag_page_container_layout":"default_layout","colormag_page_sidebar_layout":"default_layout","footnotes":""},"categories":[8],"tags":[],"class_list":["post-1411","post","type-post","status-publish","format-standard","has-post-thumbnail","hentry","category-div"],"yoast_head":"<!-- This site is optimized with the Yoast SEO plugin v27.0 - https:\/\/yoast.com\/product\/yoast-seo-wordpress\/ -->\n<title>GAURA DIN STRATUL DE OZON - MHF Photography<\/title>\n<meta name=\"description\" content=\"Unii au spus c\u0103 dispari\u021bia g\u0103urii din stratul de ozon are leg\u0103tur\u0103 cu reducerea accentuat\u0103 a polu\u0103rii din aer ca urmare a m\u0103surilor \u015fi restric\u021biilor ...\" \/>\n<meta name=\"robots\" content=\"index, follow, max-snippet:-1, max-image-preview:large, max-video-preview:-1\" \/>\n<link rel=\"canonical\" href=\"https:\/\/mhf.ro\/mm\/gaura-din-stratul-de-ozon\/\" \/>\n<meta property=\"og:locale\" content=\"ro_RO\" \/>\n<meta property=\"og:type\" content=\"article\" \/>\n<meta property=\"og:title\" content=\"GAURA DIN STRATUL DE OZON - MHF Photography\" \/>\n<meta property=\"og:description\" content=\"Unii au spus c\u0103 dispari\u021bia g\u0103urii din stratul de ozon are leg\u0103tur\u0103 cu reducerea accentuat\u0103 a polu\u0103rii din aer ca urmare a m\u0103surilor \u015fi restric\u021biilor ...\" \/>\n<meta property=\"og:url\" content=\"https:\/\/mhf.ro\/mm\/gaura-din-stratul-de-ozon\/\" \/>\n<meta property=\"og:site_name\" content=\"MHF Photography\" \/>\n<meta property=\"article:published_time\" content=\"2020-05-19T16:01:19+00:00\" \/>\n<meta property=\"og:image\" content=\"https:\/\/mhf.ro\/mm\/wp-content\/uploads\/2020\/05\/stratul_de_ozon.jpg\" \/>\n\t<meta property=\"og:image:width\" content=\"1280\" \/>\n\t<meta property=\"og:image:height\" content=\"853\" \/>\n\t<meta property=\"og:image:type\" content=\"image\/jpeg\" \/>\n<meta name=\"author\" content=\"Marius Marcu\" \/>\n<meta name=\"twitter:card\" content=\"summary_large_image\" \/>\n<meta name=\"twitter:label1\" content=\"Scris de\" \/>\n\t<meta name=\"twitter:data1\" content=\"Marius Marcu\" \/>\n\t<meta name=\"twitter:label2\" content=\"Timp estimat pentru citire\" \/>\n\t<meta name=\"twitter:data2\" content=\"1 minut\" \/>\n<script type=\"application\/ld+json\" class=\"yoast-schema-graph\">{\"@context\":\"https:\/\/schema.org\",\"@graph\":[{\"@type\":\"Article\",\"@id\":\"https:\/\/mhf.ro\/mm\/gaura-din-stratul-de-ozon\/#article\",\"isPartOf\":{\"@id\":\"https:\/\/mhf.ro\/mm\/gaura-din-stratul-de-ozon\/\"},\"author\":{\"name\":\"Marius Marcu\",\"@id\":\"https:\/\/mhf.ro\/mm\/#\/schema\/person\/a3bebf7bdb4bf12f698aff73c7e46c21\"},\"headline\":\"GAURA DIN STRATUL DE OZON\",\"datePublished\":\"2020-05-19T16:01:19+00:00\",\"mainEntityOfPage\":{\"@id\":\"https:\/\/mhf.ro\/mm\/gaura-din-stratul-de-ozon\/\"},\"wordCount\":136,\"commentCount\":0,\"publisher\":{\"@id\":\"https:\/\/mhf.ro\/mm\/#\/schema\/person\/a3bebf7bdb4bf12f698aff73c7e46c21\"},\"image\":{\"@id\":\"https:\/\/mhf.ro\/mm\/gaura-din-stratul-de-ozon\/#primaryimage\"},\"thumbnailUrl\":\"https:\/\/mhf.ro\/mm\/wp-content\/uploads\/2020\/05\/stratul_de_ozon.jpg\",\"articleSection\":[\"Diverse\"],\"inLanguage\":\"ro-RO\",\"potentialAction\":[{\"@type\":\"CommentAction\",\"name\":\"Comment\",\"target\":[\"https:\/\/mhf.ro\/mm\/gaura-din-stratul-de-ozon\/#respond\"]}]},{\"@type\":\"WebPage\",\"@id\":\"https:\/\/mhf.ro\/mm\/gaura-din-stratul-de-ozon\/\",\"url\":\"https:\/\/mhf.ro\/mm\/gaura-din-stratul-de-ozon\/\",\"name\":\"GAURA DIN STRATUL DE OZON - MHF Photography\",\"isPartOf\":{\"@id\":\"https:\/\/mhf.ro\/mm\/#website\"},\"primaryImageOfPage\":{\"@id\":\"https:\/\/mhf.ro\/mm\/gaura-din-stratul-de-ozon\/#primaryimage\"},\"image\":{\"@id\":\"https:\/\/mhf.ro\/mm\/gaura-din-stratul-de-ozon\/#primaryimage\"},\"thumbnailUrl\":\"https:\/\/mhf.ro\/mm\/wp-content\/uploads\/2020\/05\/stratul_de_ozon.jpg\",\"datePublished\":\"2020-05-19T16:01:19+00:00\",\"description\":\"Unii au spus c\u0103 dispari\u021bia g\u0103urii din stratul de ozon are leg\u0103tur\u0103 cu reducerea accentuat\u0103 a polu\u0103rii din aer ca urmare a m\u0103surilor \u015fi restric\u021biilor ...\",\"breadcrumb\":{\"@id\":\"https:\/\/mhf.ro\/mm\/gaura-din-stratul-de-ozon\/#breadcrumb\"},\"inLanguage\":\"ro-RO\",\"potentialAction\":[{\"@type\":\"ReadAction\",\"target\":[\"https:\/\/mhf.ro\/mm\/gaura-din-stratul-de-ozon\/\"]}]},{\"@type\":\"ImageObject\",\"inLanguage\":\"ro-RO\",\"@id\":\"https:\/\/mhf.ro\/mm\/gaura-din-stratul-de-ozon\/#primaryimage\",\"url\":\"https:\/\/mhf.ro\/mm\/wp-content\/uploads\/2020\/05\/stratul_de_ozon.jpg\",\"contentUrl\":\"https:\/\/mhf.ro\/mm\/wp-content\/uploads\/2020\/05\/stratul_de_ozon.jpg\",\"width\":1280,\"height\":853},{\"@type\":\"BreadcrumbList\",\"@id\":\"https:\/\/mhf.ro\/mm\/gaura-din-stratul-de-ozon\/#breadcrumb\",\"itemListElement\":[{\"@type\":\"ListItem\",\"position\":1,\"name\":\"Prima pagin\u0103\",\"item\":\"https:\/\/mhf.ro\/mm\/\"},{\"@type\":\"ListItem\",\"position\":2,\"name\":\"GAURA DIN STRATUL DE OZON\"}]},{\"@type\":\"WebSite\",\"@id\":\"https:\/\/mhf.ro\/mm\/#website\",\"url\":\"https:\/\/mhf.ro\/mm\/\",\"name\":\"MHF Photography \u2013 Blog de fotografie, natur\u0103 \u0219i tehnic\u0103 divers\u0103\",\"description\":\"Aventur\u0103 \u00een fiecare cadru.\",\"publisher\":{\"@id\":\"https:\/\/mhf.ro\/mm\/#\/schema\/person\/a3bebf7bdb4bf12f698aff73c7e46c21\"},\"potentialAction\":[{\"@type\":\"SearchAction\",\"target\":{\"@type\":\"EntryPoint\",\"urlTemplate\":\"https:\/\/mhf.ro\/mm\/?s={search_term_string}\"},\"query-input\":{\"@type\":\"PropertyValueSpecification\",\"valueRequired\":true,\"valueName\":\"search_term_string\"}}],\"inLanguage\":\"ro-RO\"},{\"@type\":[\"Person\",\"Organization\"],\"@id\":\"https:\/\/mhf.ro\/mm\/#\/schema\/person\/a3bebf7bdb4bf12f698aff73c7e46c21\",\"name\":\"Marius Marcu\",\"image\":{\"@type\":\"ImageObject\",\"inLanguage\":\"ro-RO\",\"@id\":\"https:\/\/mhf.ro\/mm\/#\/schema\/person\/image\/\",\"url\":\"https:\/\/mhf.ro\/mm\/wp-content\/uploads\/2025\/12\/cropped-logo_mhf_2.png\",\"contentUrl\":\"https:\/\/mhf.ro\/mm\/wp-content\/uploads\/2025\/12\/cropped-logo_mhf_2.png\",\"width\":1096,\"height\":457,\"caption\":\"Marius Marcu\"},\"logo\":{\"@id\":\"https:\/\/mhf.ro\/mm\/#\/schema\/person\/image\/\"},\"sameAs\":[\"https:\/\/mhf.ro\/mm\"],\"url\":\"https:\/\/mhf.ro\/mm\/author\/mihai\/\"}]}<\/script>\n<!-- \/ Yoast SEO plugin. -->","yoast_head_json":{"title":"GAURA DIN STRATUL DE OZON - MHF Photography","description":"Unii au spus c\u0103 dispari\u021bia g\u0103urii din stratul de ozon are leg\u0103tur\u0103 cu reducerea accentuat\u0103 a polu\u0103rii din aer ca urmare a m\u0103surilor \u015fi restric\u021biilor ...","robots":{"index":"index","follow":"follow","max-snippet":"max-snippet:-1","max-image-preview":"max-image-preview:large","max-video-preview":"max-video-preview:-1"},"canonical":"https:\/\/mhf.ro\/mm\/gaura-din-stratul-de-ozon\/","og_locale":"ro_RO","og_type":"article","og_title":"GAURA DIN STRATUL DE OZON - MHF Photography","og_description":"Unii au spus c\u0103 dispari\u021bia g\u0103urii din stratul de ozon are leg\u0103tur\u0103 cu reducerea accentuat\u0103 a polu\u0103rii din aer ca urmare a m\u0103surilor \u015fi restric\u021biilor ...","og_url":"https:\/\/mhf.ro\/mm\/gaura-din-stratul-de-ozon\/","og_site_name":"MHF Photography","article_published_time":"2020-05-19T16:01:19+00:00","og_image":[{"width":1280,"height":853,"url":"https:\/\/mhf.ro\/mm\/wp-content\/uploads\/2020\/05\/stratul_de_ozon.jpg","type":"image\/jpeg"}],"author":"Marius Marcu","twitter_card":"summary_large_image","twitter_misc":{"Scris de":"Marius Marcu","Timp estimat pentru citire":"1 minut"},"schema":{"@context":"https:\/\/schema.org","@graph":[{"@type":"Article","@id":"https:\/\/mhf.ro\/mm\/gaura-din-stratul-de-ozon\/#article","isPartOf":{"@id":"https:\/\/mhf.ro\/mm\/gaura-din-stratul-de-ozon\/"},"author":{"name":"Marius Marcu","@id":"https:\/\/mhf.ro\/mm\/#\/schema\/person\/a3bebf7bdb4bf12f698aff73c7e46c21"},"headline":"GAURA DIN STRATUL DE OZON","datePublished":"2020-05-19T16:01:19+00:00","mainEntityOfPage":{"@id":"https:\/\/mhf.ro\/mm\/gaura-din-stratul-de-ozon\/"},"wordCount":136,"commentCount":0,"publisher":{"@id":"https:\/\/mhf.ro\/mm\/#\/schema\/person\/a3bebf7bdb4bf12f698aff73c7e46c21"},"image":{"@id":"https:\/\/mhf.ro\/mm\/gaura-din-stratul-de-ozon\/#primaryimage"},"thumbnailUrl":"https:\/\/mhf.ro\/mm\/wp-content\/uploads\/2020\/05\/stratul_de_ozon.jpg","articleSection":["Diverse"],"inLanguage":"ro-RO","potentialAction":[{"@type":"CommentAction","name":"Comment","target":["https:\/\/mhf.ro\/mm\/gaura-din-stratul-de-ozon\/#respond"]}]},{"@type":"WebPage","@id":"https:\/\/mhf.ro\/mm\/gaura-din-stratul-de-ozon\/","url":"https:\/\/mhf.ro\/mm\/gaura-din-stratul-de-ozon\/","name":"GAURA DIN STRATUL DE OZON - MHF Photography","isPartOf":{"@id":"https:\/\/mhf.ro\/mm\/#website"},"primaryImageOfPage":{"@id":"https:\/\/mhf.ro\/mm\/gaura-din-stratul-de-ozon\/#primaryimage"},"image":{"@id":"https:\/\/mhf.ro\/mm\/gaura-din-stratul-de-ozon\/#primaryimage"},"thumbnailUrl":"https:\/\/mhf.ro\/mm\/wp-content\/uploads\/2020\/05\/stratul_de_ozon.jpg","datePublished":"2020-05-19T16:01:19+00:00","description":"Unii au spus c\u0103 dispari\u021bia g\u0103urii din stratul de ozon are leg\u0103tur\u0103 cu reducerea accentuat\u0103 a polu\u0103rii din aer ca urmare a m\u0103surilor \u015fi restric\u021biilor ...","breadcrumb":{"@id":"https:\/\/mhf.ro\/mm\/gaura-din-stratul-de-ozon\/#breadcrumb"},"inLanguage":"ro-RO","potentialAction":[{"@type":"ReadAction","target":["https:\/\/mhf.ro\/mm\/gaura-din-stratul-de-ozon\/"]}]},{"@type":"ImageObject","inLanguage":"ro-RO","@id":"https:\/\/mhf.ro\/mm\/gaura-din-stratul-de-ozon\/#primaryimage","url":"https:\/\/mhf.ro\/mm\/wp-content\/uploads\/2020\/05\/stratul_de_ozon.jpg","contentUrl":"https:\/\/mhf.ro\/mm\/wp-content\/uploads\/2020\/05\/stratul_de_ozon.jpg","width":1280,"height":853},{"@type":"BreadcrumbList","@id":"https:\/\/mhf.ro\/mm\/gaura-din-stratul-de-ozon\/#breadcrumb","itemListElement":[{"@type":"ListItem","position":1,"name":"Prima pagin\u0103","item":"https:\/\/mhf.ro\/mm\/"},{"@type":"ListItem","position":2,"name":"GAURA DIN STRATUL DE OZON"}]},{"@type":"WebSite","@id":"https:\/\/mhf.ro\/mm\/#website","url":"https:\/\/mhf.ro\/mm\/","name":"MHF Photography \u2013 Blog de fotografie, natur\u0103 \u0219i tehnic\u0103 divers\u0103","description":"Aventur\u0103 \u00een fiecare cadru.","publisher":{"@id":"https:\/\/mhf.ro\/mm\/#\/schema\/person\/a3bebf7bdb4bf12f698aff73c7e46c21"},"potentialAction":[{"@type":"SearchAction","target":{"@type":"EntryPoint","urlTemplate":"https:\/\/mhf.ro\/mm\/?s={search_term_string}"},"query-input":{"@type":"PropertyValueSpecification","valueRequired":true,"valueName":"search_term_string"}}],"inLanguage":"ro-RO"},{"@type":["Person","Organization"],"@id":"https:\/\/mhf.ro\/mm\/#\/schema\/person\/a3bebf7bdb4bf12f698aff73c7e46c21","name":"Marius Marcu","image":{"@type":"ImageObject","inLanguage":"ro-RO","@id":"https:\/\/mhf.ro\/mm\/#\/schema\/person\/image\/","url":"https:\/\/mhf.ro\/mm\/wp-content\/uploads\/2025\/12\/cropped-logo_mhf_2.png","contentUrl":"https:\/\/mhf.ro\/mm\/wp-content\/uploads\/2025\/12\/cropped-logo_mhf_2.png","width":1096,"height":457,"caption":"Marius Marcu"},"logo":{"@id":"https:\/\/mhf.ro\/mm\/#\/schema\/person\/image\/"},"sameAs":["https:\/\/mhf.ro\/mm"],"url":"https:\/\/mhf.ro\/mm\/author\/mihai\/"}]}},"_links":{"self":[{"href":"https:\/\/mhf.ro\/mm\/wp-json\/wp\/v2\/posts\/1411","targetHints":{"allow":["GET"]}}],"collection":[{"href":"https:\/\/mhf.ro\/mm\/wp-json\/wp\/v2\/posts"}],"about":[{"href":"https:\/\/mhf.ro\/mm\/wp-json\/wp\/v2\/types\/post"}],"author":[{"embeddable":true,"href":"https:\/\/mhf.ro\/mm\/wp-json\/wp\/v2\/users\/1"}],"replies":[{"embeddable":true,"href":"https:\/\/mhf.ro\/mm\/wp-json\/wp\/v2\/comments?post=1411"}],"version-history":[{"count":4,"href":"https:\/\/mhf.ro\/mm\/wp-json\/wp\/v2\/posts\/1411\/revisions"}],"predecessor-version":[{"id":1416,"href":"https:\/\/mhf.ro\/mm\/wp-json\/wp\/v2\/posts\/1411\/revisions\/1416"}],"wp:featuredmedia":[{"embeddable":true,"href":"https:\/\/mhf.ro\/mm\/wp-json\/wp\/v2\/media\/1415"}],"wp:attachment":[{"href":"https:\/\/mhf.ro\/mm\/wp-json\/wp\/v2\/media?parent=1411"}],"wp:term":[{"taxonomy":"category","embeddable":true,"href":"https:\/\/mhf.ro\/mm\/wp-json\/wp\/v2\/categories?post=1411"},{"taxonomy":"post_tag","embeddable":true,"href":"https:\/\/mhf.ro\/mm\/wp-json\/wp\/v2\/tags?post=1411"}],"curies":[{"name":"wp","href":"https:\/\/api.w.org\/{rel}","templated":true}]}}