{"id":1424,"date":"2020-05-20T08:04:12","date_gmt":"2020-05-20T08:04:12","guid":{"rendered":"https:\/\/mhf.ro\/mm\/?p=1424"},"modified":"2020-05-20T16:15:11","modified_gmt":"2020-05-20T16:15:11","slug":"a-trecut-la-domnul-ips-pimen-arhiepiscopul-sucevei-si-radautilor","status":"publish","type":"post","link":"https:\/\/mhf.ro\/mm\/a-trecut-la-domnul-ips-pimen-arhiepiscopul-sucevei-si-radautilor\/","title":{"rendered":"A trecut la Domnul, IPS Pimen, arhiepiscopul Sucevei si Radautilor"},"content":{"rendered":"<p>Dupa diagnosticare cu noul coronavirus, IPS Pimen, arhiepiscopul Sucevei si Radautilor, a fost internat la Spitalul Judetean din Suceava, de unde, \u00a0in data de 20 aprilie, a fost transportat cu elicopterul la Bucuresti. IPS Pimen a suferit complicatii pulmonare fiind intubat incepand cu seara zilei de 1 mai. IPS Pimen a fost tratat de catre medici cu diferite scheme de tratament, s-a folosit atat Redemsivir cat si mai multe doze de plasma, recoltata de la pacienti vindecati de Covid-19.<\/p>\n<p>IPS Pimen a fost timp de 29 ani arhiepiscopul Sucevei si Radautilor.<\/p>\n","protected":false},"excerpt":{"rendered":"<p>Dupa diagnosticare cu noul coronavirus, IPS Pimen, arhiepiscopul Sucevei si Radautilor, a fost internat la Spitalul Judetean din Suceava, de<\/p>\n","protected":false},"author":1,"featured_media":1426,"comment_status":"open","ping_status":"open","sticky":false,"template":"","format":"standard","meta":{"colormag_page_container_layout":"default_layout","colormag_page_sidebar_layout":"default_layout","footnotes":""},"categories":[5],"tags":[],"class_list":["post-1424","post","type-post","status-publish","format-standard","has-post-thumbnail","hentry","category-locale"],"yoast_head":"<!-- This site is optimized with the Yoast SEO plugin v27.0 - https:\/\/yoast.com\/product\/yoast-seo-wordpress\/ -->\n<title>A trecut la Domnul, IPS Pimen, arhiepiscopul Sucevei si Radautilor - MHF Photography<\/title>\n<meta name=\"robots\" content=\"index, follow, max-snippet:-1, max-image-preview:large, max-video-preview:-1\" \/>\n<link rel=\"canonical\" href=\"https:\/\/mhf.ro\/mm\/a-trecut-la-domnul-ips-pimen-arhiepiscopul-sucevei-si-radautilor\/\" \/>\n<meta property=\"og:locale\" content=\"ro_RO\" \/>\n<meta property=\"og:type\" content=\"article\" \/>\n<meta property=\"og:title\" content=\"A trecut la Domnul, IPS Pimen, arhiepiscopul Sucevei si Radautilor - MHF Photography\" \/>\n<meta property=\"og:description\" content=\"Dupa diagnosticare cu noul coronavirus, IPS Pimen, arhiepiscopul Sucevei si Radautilor, a fost internat la Spitalul Judetean din Suceava, de\" \/>\n<meta property=\"og:url\" content=\"https:\/\/mhf.ro\/mm\/a-trecut-la-domnul-ips-pimen-arhiepiscopul-sucevei-si-radautilor\/\" \/>\n<meta property=\"og:site_name\" content=\"MHF Photography\" \/>\n<meta property=\"article:published_time\" content=\"2020-05-20T08:04:12+00:00\" \/>\n<meta property=\"article:modified_time\" content=\"2020-05-20T16:15:11+00:00\" \/>\n<meta property=\"og:image\" content=\"https:\/\/mhf.ro\/mm\/wp-content\/uploads\/2020\/05\/IPS-Pimen.jpg\" \/>\n\t<meta property=\"og:image:width\" content=\"648\" \/>\n\t<meta property=\"og:image:height\" content=\"440\" \/>\n\t<meta property=\"og:image:type\" content=\"image\/jpeg\" \/>\n<meta name=\"author\" content=\"Marius Marcu\" \/>\n<meta name=\"twitter:card\" content=\"summary_large_image\" \/>\n<meta name=\"twitter:label1\" content=\"Scris de\" \/>\n\t<meta name=\"twitter:data1\" content=\"Marius Marcu\" \/>\n<script type=\"application\/ld+json\" class=\"yoast-schema-graph\">{\"@context\":\"https:\/\/schema.org\",\"@graph\":[{\"@type\":\"Article\",\"@id\":\"https:\/\/mhf.ro\/mm\/a-trecut-la-domnul-ips-pimen-arhiepiscopul-sucevei-si-radautilor\/#article\",\"isPartOf\":{\"@id\":\"https:\/\/mhf.ro\/mm\/a-trecut-la-domnul-ips-pimen-arhiepiscopul-sucevei-si-radautilor\/\"},\"author\":{\"name\":\"Marius Marcu\",\"@id\":\"https:\/\/mhf.ro\/mm\/#\/schema\/person\/a3bebf7bdb4bf12f698aff73c7e46c21\"},\"headline\":\"A trecut la Domnul, IPS Pimen, arhiepiscopul Sucevei si Radautilor\",\"datePublished\":\"2020-05-20T08:04:12+00:00\",\"dateModified\":\"2020-05-20T16:15:11+00:00\",\"mainEntityOfPage\":{\"@id\":\"https:\/\/mhf.ro\/mm\/a-trecut-la-domnul-ips-pimen-arhiepiscopul-sucevei-si-radautilor\/\"},\"wordCount\":98,\"commentCount\":0,\"publisher\":{\"@id\":\"https:\/\/mhf.ro\/mm\/#\/schema\/person\/a3bebf7bdb4bf12f698aff73c7e46c21\"},\"image\":{\"@id\":\"https:\/\/mhf.ro\/mm\/a-trecut-la-domnul-ips-pimen-arhiepiscopul-sucevei-si-radautilor\/#primaryimage\"},\"thumbnailUrl\":\"https:\/\/mhf.ro\/mm\/wp-content\/uploads\/2020\/05\/IPS-Pimen.jpg\",\"articleSection\":[\"Locale\"],\"inLanguage\":\"ro-RO\",\"potentialAction\":[{\"@type\":\"CommentAction\",\"name\":\"Comment\",\"target\":[\"https:\/\/mhf.ro\/mm\/a-trecut-la-domnul-ips-pimen-arhiepiscopul-sucevei-si-radautilor\/#respond\"]}]},{\"@type\":\"WebPage\",\"@id\":\"https:\/\/mhf.ro\/mm\/a-trecut-la-domnul-ips-pimen-arhiepiscopul-sucevei-si-radautilor\/\",\"url\":\"https:\/\/mhf.ro\/mm\/a-trecut-la-domnul-ips-pimen-arhiepiscopul-sucevei-si-radautilor\/\",\"name\":\"A trecut la Domnul, IPS Pimen, arhiepiscopul Sucevei si Radautilor - MHF Photography\",\"isPartOf\":{\"@id\":\"https:\/\/mhf.ro\/mm\/#website\"},\"primaryImageOfPage\":{\"@id\":\"https:\/\/mhf.ro\/mm\/a-trecut-la-domnul-ips-pimen-arhiepiscopul-sucevei-si-radautilor\/#primaryimage\"},\"image\":{\"@id\":\"https:\/\/mhf.ro\/mm\/a-trecut-la-domnul-ips-pimen-arhiepiscopul-sucevei-si-radautilor\/#primaryimage\"},\"thumbnailUrl\":\"https:\/\/mhf.ro\/mm\/wp-content\/uploads\/2020\/05\/IPS-Pimen.jpg\",\"datePublished\":\"2020-05-20T08:04:12+00:00\",\"dateModified\":\"2020-05-20T16:15:11+00:00\",\"breadcrumb\":{\"@id\":\"https:\/\/mhf.ro\/mm\/a-trecut-la-domnul-ips-pimen-arhiepiscopul-sucevei-si-radautilor\/#breadcrumb\"},\"inLanguage\":\"ro-RO\",\"potentialAction\":[{\"@type\":\"ReadAction\",\"target\":[\"https:\/\/mhf.ro\/mm\/a-trecut-la-domnul-ips-pimen-arhiepiscopul-sucevei-si-radautilor\/\"]}]},{\"@type\":\"ImageObject\",\"inLanguage\":\"ro-RO\",\"@id\":\"https:\/\/mhf.ro\/mm\/a-trecut-la-domnul-ips-pimen-arhiepiscopul-sucevei-si-radautilor\/#primaryimage\",\"url\":\"https:\/\/mhf.ro\/mm\/wp-content\/uploads\/2020\/05\/IPS-Pimen.jpg\",\"contentUrl\":\"https:\/\/mhf.ro\/mm\/wp-content\/uploads\/2020\/05\/IPS-Pimen.jpg\",\"width\":648,\"height\":440},{\"@type\":\"BreadcrumbList\",\"@id\":\"https:\/\/mhf.ro\/mm\/a-trecut-la-domnul-ips-pimen-arhiepiscopul-sucevei-si-radautilor\/#breadcrumb\",\"itemListElement\":[{\"@type\":\"ListItem\",\"position\":1,\"name\":\"Prima pagin\u0103\",\"item\":\"https:\/\/mhf.ro\/mm\/\"},{\"@type\":\"ListItem\",\"position\":2,\"name\":\"A trecut la Domnul, IPS Pimen, arhiepiscopul Sucevei si Radautilor\"}]},{\"@type\":\"WebSite\",\"@id\":\"https:\/\/mhf.ro\/mm\/#website\",\"url\":\"https:\/\/mhf.ro\/mm\/\",\"name\":\"MHF Photography \u2013 Blog de fotografie, natur\u0103 \u0219i tehnic\u0103 divers\u0103\",\"description\":\"Aventur\u0103 \u00een fiecare cadru.\",\"publisher\":{\"@id\":\"https:\/\/mhf.ro\/mm\/#\/schema\/person\/a3bebf7bdb4bf12f698aff73c7e46c21\"},\"potentialAction\":[{\"@type\":\"SearchAction\",\"target\":{\"@type\":\"EntryPoint\",\"urlTemplate\":\"https:\/\/mhf.ro\/mm\/?s={search_term_string}\"},\"query-input\":{\"@type\":\"PropertyValueSpecification\",\"valueRequired\":true,\"valueName\":\"search_term_string\"}}],\"inLanguage\":\"ro-RO\"},{\"@type\":[\"Person\",\"Organization\"],\"@id\":\"https:\/\/mhf.ro\/mm\/#\/schema\/person\/a3bebf7bdb4bf12f698aff73c7e46c21\",\"name\":\"Marius Marcu\",\"image\":{\"@type\":\"ImageObject\",\"inLanguage\":\"ro-RO\",\"@id\":\"https:\/\/mhf.ro\/mm\/#\/schema\/person\/image\/\",\"url\":\"https:\/\/mhf.ro\/mm\/wp-content\/uploads\/2025\/12\/cropped-logo_mhf_2.png\",\"contentUrl\":\"https:\/\/mhf.ro\/mm\/wp-content\/uploads\/2025\/12\/cropped-logo_mhf_2.png\",\"width\":1096,\"height\":457,\"caption\":\"Marius Marcu\"},\"logo\":{\"@id\":\"https:\/\/mhf.ro\/mm\/#\/schema\/person\/image\/\"},\"sameAs\":[\"https:\/\/mhf.ro\/mm\"],\"url\":\"https:\/\/mhf.ro\/mm\/author\/mihai\/\"}]}<\/script>\n<!-- \/ Yoast SEO plugin. -->","yoast_head_json":{"title":"A trecut la Domnul, IPS Pimen, arhiepiscopul Sucevei si Radautilor - MHF Photography","robots":{"index":"index","follow":"follow","max-snippet":"max-snippet:-1","max-image-preview":"max-image-preview:large","max-video-preview":"max-video-preview:-1"},"canonical":"https:\/\/mhf.ro\/mm\/a-trecut-la-domnul-ips-pimen-arhiepiscopul-sucevei-si-radautilor\/","og_locale":"ro_RO","og_type":"article","og_title":"A trecut la Domnul, IPS Pimen, arhiepiscopul Sucevei si Radautilor - MHF Photography","og_description":"Dupa diagnosticare cu noul coronavirus, IPS Pimen, arhiepiscopul Sucevei si Radautilor, a fost internat la Spitalul Judetean din Suceava, de","og_url":"https:\/\/mhf.ro\/mm\/a-trecut-la-domnul-ips-pimen-arhiepiscopul-sucevei-si-radautilor\/","og_site_name":"MHF Photography","article_published_time":"2020-05-20T08:04:12+00:00","article_modified_time":"2020-05-20T16:15:11+00:00","og_image":[{"width":648,"height":440,"url":"https:\/\/mhf.ro\/mm\/wp-content\/uploads\/2020\/05\/IPS-Pimen.jpg","type":"image\/jpeg"}],"author":"Marius Marcu","twitter_card":"summary_large_image","twitter_misc":{"Scris de":"Marius Marcu"},"schema":{"@context":"https:\/\/schema.org","@graph":[{"@type":"Article","@id":"https:\/\/mhf.ro\/mm\/a-trecut-la-domnul-ips-pimen-arhiepiscopul-sucevei-si-radautilor\/#article","isPartOf":{"@id":"https:\/\/mhf.ro\/mm\/a-trecut-la-domnul-ips-pimen-arhiepiscopul-sucevei-si-radautilor\/"},"author":{"name":"Marius Marcu","@id":"https:\/\/mhf.ro\/mm\/#\/schema\/person\/a3bebf7bdb4bf12f698aff73c7e46c21"},"headline":"A trecut la Domnul, IPS Pimen, arhiepiscopul Sucevei si Radautilor","datePublished":"2020-05-20T08:04:12+00:00","dateModified":"2020-05-20T16:15:11+00:00","mainEntityOfPage":{"@id":"https:\/\/mhf.ro\/mm\/a-trecut-la-domnul-ips-pimen-arhiepiscopul-sucevei-si-radautilor\/"},"wordCount":98,"commentCount":0,"publisher":{"@id":"https:\/\/mhf.ro\/mm\/#\/schema\/person\/a3bebf7bdb4bf12f698aff73c7e46c21"},"image":{"@id":"https:\/\/mhf.ro\/mm\/a-trecut-la-domnul-ips-pimen-arhiepiscopul-sucevei-si-radautilor\/#primaryimage"},"thumbnailUrl":"https:\/\/mhf.ro\/mm\/wp-content\/uploads\/2020\/05\/IPS-Pimen.jpg","articleSection":["Locale"],"inLanguage":"ro-RO","potentialAction":[{"@type":"CommentAction","name":"Comment","target":["https:\/\/mhf.ro\/mm\/a-trecut-la-domnul-ips-pimen-arhiepiscopul-sucevei-si-radautilor\/#respond"]}]},{"@type":"WebPage","@id":"https:\/\/mhf.ro\/mm\/a-trecut-la-domnul-ips-pimen-arhiepiscopul-sucevei-si-radautilor\/","url":"https:\/\/mhf.ro\/mm\/a-trecut-la-domnul-ips-pimen-arhiepiscopul-sucevei-si-radautilor\/","name":"A trecut la Domnul, IPS Pimen, arhiepiscopul Sucevei si Radautilor - MHF Photography","isPartOf":{"@id":"https:\/\/mhf.ro\/mm\/#website"},"primaryImageOfPage":{"@id":"https:\/\/mhf.ro\/mm\/a-trecut-la-domnul-ips-pimen-arhiepiscopul-sucevei-si-radautilor\/#primaryimage"},"image":{"@id":"https:\/\/mhf.ro\/mm\/a-trecut-la-domnul-ips-pimen-arhiepiscopul-sucevei-si-radautilor\/#primaryimage"},"thumbnailUrl":"https:\/\/mhf.ro\/mm\/wp-content\/uploads\/2020\/05\/IPS-Pimen.jpg","datePublished":"2020-05-20T08:04:12+00:00","dateModified":"2020-05-20T16:15:11+00:00","breadcrumb":{"@id":"https:\/\/mhf.ro\/mm\/a-trecut-la-domnul-ips-pimen-arhiepiscopul-sucevei-si-radautilor\/#breadcrumb"},"inLanguage":"ro-RO","potentialAction":[{"@type":"ReadAction","target":["https:\/\/mhf.ro\/mm\/a-trecut-la-domnul-ips-pimen-arhiepiscopul-sucevei-si-radautilor\/"]}]},{"@type":"ImageObject","inLanguage":"ro-RO","@id":"https:\/\/mhf.ro\/mm\/a-trecut-la-domnul-ips-pimen-arhiepiscopul-sucevei-si-radautilor\/#primaryimage","url":"https:\/\/mhf.ro\/mm\/wp-content\/uploads\/2020\/05\/IPS-Pimen.jpg","contentUrl":"https:\/\/mhf.ro\/mm\/wp-content\/uploads\/2020\/05\/IPS-Pimen.jpg","width":648,"height":440},{"@type":"BreadcrumbList","@id":"https:\/\/mhf.ro\/mm\/a-trecut-la-domnul-ips-pimen-arhiepiscopul-sucevei-si-radautilor\/#breadcrumb","itemListElement":[{"@type":"ListItem","position":1,"name":"Prima pagin\u0103","item":"https:\/\/mhf.ro\/mm\/"},{"@type":"ListItem","position":2,"name":"A trecut la Domnul, IPS Pimen, arhiepiscopul Sucevei si Radautilor"}]},{"@type":"WebSite","@id":"https:\/\/mhf.ro\/mm\/#website","url":"https:\/\/mhf.ro\/mm\/","name":"MHF Photography \u2013 Blog de fotografie, natur\u0103 \u0219i tehnic\u0103 divers\u0103","description":"Aventur\u0103 \u00een fiecare cadru.","publisher":{"@id":"https:\/\/mhf.ro\/mm\/#\/schema\/person\/a3bebf7bdb4bf12f698aff73c7e46c21"},"potentialAction":[{"@type":"SearchAction","target":{"@type":"EntryPoint","urlTemplate":"https:\/\/mhf.ro\/mm\/?s={search_term_string}"},"query-input":{"@type":"PropertyValueSpecification","valueRequired":true,"valueName":"search_term_string"}}],"inLanguage":"ro-RO"},{"@type":["Person","Organization"],"@id":"https:\/\/mhf.ro\/mm\/#\/schema\/person\/a3bebf7bdb4bf12f698aff73c7e46c21","name":"Marius Marcu","image":{"@type":"ImageObject","inLanguage":"ro-RO","@id":"https:\/\/mhf.ro\/mm\/#\/schema\/person\/image\/","url":"https:\/\/mhf.ro\/mm\/wp-content\/uploads\/2025\/12\/cropped-logo_mhf_2.png","contentUrl":"https:\/\/mhf.ro\/mm\/wp-content\/uploads\/2025\/12\/cropped-logo_mhf_2.png","width":1096,"height":457,"caption":"Marius Marcu"},"logo":{"@id":"https:\/\/mhf.ro\/mm\/#\/schema\/person\/image\/"},"sameAs":["https:\/\/mhf.ro\/mm"],"url":"https:\/\/mhf.ro\/mm\/author\/mihai\/"}]}},"_links":{"self":[{"href":"https:\/\/mhf.ro\/mm\/wp-json\/wp\/v2\/posts\/1424","targetHints":{"allow":["GET"]}}],"collection":[{"href":"https:\/\/mhf.ro\/mm\/wp-json\/wp\/v2\/posts"}],"about":[{"href":"https:\/\/mhf.ro\/mm\/wp-json\/wp\/v2\/types\/post"}],"author":[{"embeddable":true,"href":"https:\/\/mhf.ro\/mm\/wp-json\/wp\/v2\/users\/1"}],"replies":[{"embeddable":true,"href":"https:\/\/mhf.ro\/mm\/wp-json\/wp\/v2\/comments?post=1424"}],"version-history":[{"count":3,"href":"https:\/\/mhf.ro\/mm\/wp-json\/wp\/v2\/posts\/1424\/revisions"}],"predecessor-version":[{"id":1514,"href":"https:\/\/mhf.ro\/mm\/wp-json\/wp\/v2\/posts\/1424\/revisions\/1514"}],"wp:featuredmedia":[{"embeddable":true,"href":"https:\/\/mhf.ro\/mm\/wp-json\/wp\/v2\/media\/1426"}],"wp:attachment":[{"href":"https:\/\/mhf.ro\/mm\/wp-json\/wp\/v2\/media?parent=1424"}],"wp:term":[{"taxonomy":"category","embeddable":true,"href":"https:\/\/mhf.ro\/mm\/wp-json\/wp\/v2\/categories?post=1424"},{"taxonomy":"post_tag","embeddable":true,"href":"https:\/\/mhf.ro\/mm\/wp-json\/wp\/v2\/tags?post=1424"}],"curies":[{"name":"wp","href":"https:\/\/api.w.org\/{rel}","templated":true}]}}