{"id":1436,"date":"2020-05-20T10:57:21","date_gmt":"2020-05-20T10:57:21","guid":{"rendered":"https:\/\/mhf.ro\/mm\/?p=1436"},"modified":"2020-05-29T16:42:49","modified_gmt":"2020-05-29T16:42:49","slug":"scurt-istoric-al-demersului-numit-vocea-blajului-partea-i","status":"publish","type":"post","link":"https:\/\/mhf.ro\/mm\/scurt-istoric-al-demersului-numit-vocea-blajului-partea-i\/","title":{"rendered":"Scurt istoric al demersului numit Vocea Blajului. Partea I"},"content":{"rendered":"<p><img fetchpriority=\"high\" decoding=\"async\" class=\"alignnone size-medium wp-image-1437\" src=\"https:\/\/mhf.ro\/mm\/wp-content\/uploads\/2020\/05\/b_1-225x300.jpg\" alt=\"\" width=\"225\" height=\"300\" srcset=\"https:\/\/mhf.ro\/mm\/wp-content\/uploads\/2020\/05\/b_1-225x300.jpg 225w, https:\/\/mhf.ro\/mm\/wp-content\/uploads\/2020\/05\/b_1-768x1024.jpg 768w, https:\/\/mhf.ro\/mm\/wp-content\/uploads\/2020\/05\/b_1-1152x1536.jpg 1152w, https:\/\/mhf.ro\/mm\/wp-content\/uploads\/2020\/05\/b_1.jpg 1200w\" sizes=\"(max-width: 225px) 100vw, 225px\" \/><\/p>\n<p>\u00cen\u0219iruirea abrupt\u0103 a unor momente pierde \u00een\u021belesul corect, de aceea trebuie f\u0103cute ni\u0219te preciz\u0103ri prealabile.<\/p>\n<p>Omul m\u00e2ndru se bucur\u0103 s\u0103 i se atribuie merite sau calit\u0103\u021bi pe care nu le are. Omul modest (smerit) nu prime\u0219te laude nici pentru fapte m\u0103re\u021be. Evanghelia de la Matei \u00een capitolele 5,6,7 ne transmite mesajul Domnului Iisus Hristos de a face bine discret, f\u0103r\u0103 laude de la oameni. Dar tot acolo e stabilit \u0219i un aspect de echilibru. Adic\u0103 nu tot ce se face bine poate fi ascuns. Precum o cetate aflat\u0103 pe v\u00e2rf de munte e v\u0103zut\u0103 de mul\u021bi, nu poate fi ascuns\u0103, tot a\u0219a noi cre\u0219tinii suntem privi\u021bi \u0219i chiar examina\u021bi. Deci unele fapte ale noastre sunt vizibile \u0219i ne pot atrage laude sau \u00eenvinuiri.<\/p>\n<p>Marcu Marius din Berc a ini\u021biat \u0219i pus \u00een fun\u021biune acest demers numit Vocea Blajului. Nu a afi\u0219at meritele sale dar cineva trebuia s\u0103 clarifice de unde a ap\u0103rut radio-ul \u0219i gazeta. Ini\u021bial era necesar\u0103 transmiterea slujbelor de la biseric\u0103 online datorit\u0103 restric\u021biilor impuse de epidemie. La acestea au fost ad\u0103ugate muzic\u0103 \u0219i articole.<\/p>\n<p>Con\u021binutul s-a diversificat. De\u0219i preponderent religios, el se vrea \u0219i cu \u0219tiri \u0219i cultur\u0103.<\/p>\n<p>Aici este relatat succint trecutul \u0219i prezentul.<\/p>\n<p>Viitorul &#8230;.\u00een episodul urm\u0103tor!<\/p>\n","protected":false},"excerpt":{"rendered":"<p>\u00cen\u0219iruirea abrupt\u0103 a unor momente pierde \u00een\u021belesul corect, de aceea trebuie f\u0103cute ni\u0219te preciz\u0103ri prealabile. Omul m\u00e2ndru se bucur\u0103 s\u0103<\/p>\n","protected":false},"author":4,"featured_media":1437,"comment_status":"open","ping_status":"open","sticky":false,"template":"","format":"standard","meta":{"colormag_page_container_layout":"default_layout","colormag_page_sidebar_layout":"default_layout","footnotes":""},"categories":[5],"tags":[],"class_list":["post-1436","post","type-post","status-publish","format-standard","has-post-thumbnail","hentry","category-locale"],"yoast_head":"<!-- This site is optimized with the Yoast SEO plugin v27.0 - https:\/\/yoast.com\/product\/yoast-seo-wordpress\/ -->\n<title>Scurt istoric al demersului numit Vocea Blajului. Partea I - MHF Photography<\/title>\n<meta name=\"robots\" content=\"index, follow, max-snippet:-1, max-image-preview:large, max-video-preview:-1\" \/>\n<link rel=\"canonical\" href=\"https:\/\/mhf.ro\/mm\/scurt-istoric-al-demersului-numit-vocea-blajului-partea-i\/\" \/>\n<meta property=\"og:locale\" content=\"ro_RO\" \/>\n<meta property=\"og:type\" content=\"article\" \/>\n<meta property=\"og:title\" content=\"Scurt istoric al demersului numit Vocea Blajului. Partea I - MHF Photography\" \/>\n<meta property=\"og:description\" content=\"\u00cen\u0219iruirea abrupt\u0103 a unor momente pierde \u00een\u021belesul corect, de aceea trebuie f\u0103cute ni\u0219te preciz\u0103ri prealabile. Omul m\u00e2ndru se bucur\u0103 s\u0103\" \/>\n<meta property=\"og:url\" content=\"https:\/\/mhf.ro\/mm\/scurt-istoric-al-demersului-numit-vocea-blajului-partea-i\/\" \/>\n<meta property=\"og:site_name\" content=\"MHF Photography\" \/>\n<meta property=\"article:published_time\" content=\"2020-05-20T10:57:21+00:00\" \/>\n<meta property=\"article:modified_time\" content=\"2020-05-29T16:42:49+00:00\" \/>\n<meta property=\"og:image\" content=\"https:\/\/mhf.ro\/mm\/wp-content\/uploads\/2020\/05\/b_1.jpg\" \/>\n\t<meta property=\"og:image:width\" content=\"1200\" \/>\n\t<meta property=\"og:image:height\" content=\"1600\" \/>\n\t<meta property=\"og:image:type\" content=\"image\/jpeg\" \/>\n<meta name=\"author\" content=\"Preot paroh Horvat Petru\" \/>\n<meta name=\"twitter:card\" content=\"summary_large_image\" \/>\n<meta name=\"twitter:label1\" content=\"Scris de\" \/>\n\t<meta name=\"twitter:data1\" content=\"Preot paroh Horvat Petru\" \/>\n\t<meta name=\"twitter:label2\" content=\"Timp estimat pentru citire\" \/>\n\t<meta name=\"twitter:data2\" content=\"1 minut\" \/>\n<script type=\"application\/ld+json\" class=\"yoast-schema-graph\">{\"@context\":\"https:\/\/schema.org\",\"@graph\":[{\"@type\":\"Article\",\"@id\":\"https:\/\/mhf.ro\/mm\/scurt-istoric-al-demersului-numit-vocea-blajului-partea-i\/#article\",\"isPartOf\":{\"@id\":\"https:\/\/mhf.ro\/mm\/scurt-istoric-al-demersului-numit-vocea-blajului-partea-i\/\"},\"author\":{\"name\":\"Preot paroh Horvat Petru\",\"@id\":\"https:\/\/mhf.ro\/mm\/#\/schema\/person\/4c8c06c801b7b666e81ed44550086900\"},\"headline\":\"Scurt istoric al demersului numit Vocea Blajului. Partea I\",\"datePublished\":\"2020-05-20T10:57:21+00:00\",\"dateModified\":\"2020-05-29T16:42:49+00:00\",\"mainEntityOfPage\":{\"@id\":\"https:\/\/mhf.ro\/mm\/scurt-istoric-al-demersului-numit-vocea-blajului-partea-i\/\"},\"wordCount\":238,\"commentCount\":1,\"publisher\":{\"@id\":\"https:\/\/mhf.ro\/mm\/#\/schema\/person\/a3bebf7bdb4bf12f698aff73c7e46c21\"},\"image\":{\"@id\":\"https:\/\/mhf.ro\/mm\/scurt-istoric-al-demersului-numit-vocea-blajului-partea-i\/#primaryimage\"},\"thumbnailUrl\":\"https:\/\/mhf.ro\/mm\/wp-content\/uploads\/2020\/05\/b_1.jpg\",\"articleSection\":[\"Locale\"],\"inLanguage\":\"ro-RO\",\"potentialAction\":[{\"@type\":\"CommentAction\",\"name\":\"Comment\",\"target\":[\"https:\/\/mhf.ro\/mm\/scurt-istoric-al-demersului-numit-vocea-blajului-partea-i\/#respond\"]}]},{\"@type\":\"WebPage\",\"@id\":\"https:\/\/mhf.ro\/mm\/scurt-istoric-al-demersului-numit-vocea-blajului-partea-i\/\",\"url\":\"https:\/\/mhf.ro\/mm\/scurt-istoric-al-demersului-numit-vocea-blajului-partea-i\/\",\"name\":\"Scurt istoric al demersului numit Vocea Blajului. Partea I - MHF Photography\",\"isPartOf\":{\"@id\":\"https:\/\/mhf.ro\/mm\/#website\"},\"primaryImageOfPage\":{\"@id\":\"https:\/\/mhf.ro\/mm\/scurt-istoric-al-demersului-numit-vocea-blajului-partea-i\/#primaryimage\"},\"image\":{\"@id\":\"https:\/\/mhf.ro\/mm\/scurt-istoric-al-demersului-numit-vocea-blajului-partea-i\/#primaryimage\"},\"thumbnailUrl\":\"https:\/\/mhf.ro\/mm\/wp-content\/uploads\/2020\/05\/b_1.jpg\",\"datePublished\":\"2020-05-20T10:57:21+00:00\",\"dateModified\":\"2020-05-29T16:42:49+00:00\",\"breadcrumb\":{\"@id\":\"https:\/\/mhf.ro\/mm\/scurt-istoric-al-demersului-numit-vocea-blajului-partea-i\/#breadcrumb\"},\"inLanguage\":\"ro-RO\",\"potentialAction\":[{\"@type\":\"ReadAction\",\"target\":[\"https:\/\/mhf.ro\/mm\/scurt-istoric-al-demersului-numit-vocea-blajului-partea-i\/\"]}]},{\"@type\":\"ImageObject\",\"inLanguage\":\"ro-RO\",\"@id\":\"https:\/\/mhf.ro\/mm\/scurt-istoric-al-demersului-numit-vocea-blajului-partea-i\/#primaryimage\",\"url\":\"https:\/\/mhf.ro\/mm\/wp-content\/uploads\/2020\/05\/b_1.jpg\",\"contentUrl\":\"https:\/\/mhf.ro\/mm\/wp-content\/uploads\/2020\/05\/b_1.jpg\",\"width\":1200,\"height\":1600},{\"@type\":\"BreadcrumbList\",\"@id\":\"https:\/\/mhf.ro\/mm\/scurt-istoric-al-demersului-numit-vocea-blajului-partea-i\/#breadcrumb\",\"itemListElement\":[{\"@type\":\"ListItem\",\"position\":1,\"name\":\"Prima pagin\u0103\",\"item\":\"https:\/\/mhf.ro\/mm\/\"},{\"@type\":\"ListItem\",\"position\":2,\"name\":\"Scurt istoric al demersului numit Vocea Blajului. Partea I\"}]},{\"@type\":\"WebSite\",\"@id\":\"https:\/\/mhf.ro\/mm\/#website\",\"url\":\"https:\/\/mhf.ro\/mm\/\",\"name\":\"MHF Photography \u2013 Blog de fotografie, natur\u0103 \u0219i tehnic\u0103 divers\u0103\",\"description\":\"Aventur\u0103 \u00een fiecare cadru.\",\"publisher\":{\"@id\":\"https:\/\/mhf.ro\/mm\/#\/schema\/person\/a3bebf7bdb4bf12f698aff73c7e46c21\"},\"potentialAction\":[{\"@type\":\"SearchAction\",\"target\":{\"@type\":\"EntryPoint\",\"urlTemplate\":\"https:\/\/mhf.ro\/mm\/?s={search_term_string}\"},\"query-input\":{\"@type\":\"PropertyValueSpecification\",\"valueRequired\":true,\"valueName\":\"search_term_string\"}}],\"inLanguage\":\"ro-RO\"},{\"@type\":[\"Person\",\"Organization\"],\"@id\":\"https:\/\/mhf.ro\/mm\/#\/schema\/person\/a3bebf7bdb4bf12f698aff73c7e46c21\",\"name\":\"Marius Marcu\",\"image\":{\"@type\":\"ImageObject\",\"inLanguage\":\"ro-RO\",\"@id\":\"https:\/\/mhf.ro\/mm\/#\/schema\/person\/image\/\",\"url\":\"https:\/\/mhf.ro\/mm\/wp-content\/uploads\/2025\/12\/cropped-logo_mhf_2.png\",\"contentUrl\":\"https:\/\/mhf.ro\/mm\/wp-content\/uploads\/2025\/12\/cropped-logo_mhf_2.png\",\"width\":1096,\"height\":457,\"caption\":\"Marius Marcu\"},\"logo\":{\"@id\":\"https:\/\/mhf.ro\/mm\/#\/schema\/person\/image\/\"},\"sameAs\":[\"https:\/\/mhf.ro\/mm\"]},{\"@type\":\"Person\",\"@id\":\"https:\/\/mhf.ro\/mm\/#\/schema\/person\/4c8c06c801b7b666e81ed44550086900\",\"name\":\"Preot paroh Horvat Petru\",\"image\":{\"@type\":\"ImageObject\",\"inLanguage\":\"ro-RO\",\"@id\":\"https:\/\/mhf.ro\/mm\/#\/schema\/person\/image\/\",\"url\":\"https:\/\/secure.gravatar.com\/avatar\/c2d2dcdf21c6f41aad486d71768c144cd6e23cb7b63bae9bd6fab542b26ad321?s=96&d=monsterid&r=g\",\"contentUrl\":\"https:\/\/secure.gravatar.com\/avatar\/c2d2dcdf21c6f41aad486d71768c144cd6e23cb7b63bae9bd6fab542b26ad321?s=96&d=monsterid&r=g\",\"caption\":\"Preot paroh Horvat Petru\"},\"sameAs\":[\"https:\/\/mhf.ro\/mm\"],\"url\":\"https:\/\/mhf.ro\/mm\/author\/petrica\/\"}]}<\/script>\n<!-- \/ Yoast SEO plugin. -->","yoast_head_json":{"title":"Scurt istoric al demersului numit Vocea Blajului. Partea I - MHF Photography","robots":{"index":"index","follow":"follow","max-snippet":"max-snippet:-1","max-image-preview":"max-image-preview:large","max-video-preview":"max-video-preview:-1"},"canonical":"https:\/\/mhf.ro\/mm\/scurt-istoric-al-demersului-numit-vocea-blajului-partea-i\/","og_locale":"ro_RO","og_type":"article","og_title":"Scurt istoric al demersului numit Vocea Blajului. Partea I - MHF Photography","og_description":"\u00cen\u0219iruirea abrupt\u0103 a unor momente pierde \u00een\u021belesul corect, de aceea trebuie f\u0103cute ni\u0219te preciz\u0103ri prealabile. Omul m\u00e2ndru se bucur\u0103 s\u0103","og_url":"https:\/\/mhf.ro\/mm\/scurt-istoric-al-demersului-numit-vocea-blajului-partea-i\/","og_site_name":"MHF Photography","article_published_time":"2020-05-20T10:57:21+00:00","article_modified_time":"2020-05-29T16:42:49+00:00","og_image":[{"width":1200,"height":1600,"url":"https:\/\/mhf.ro\/mm\/wp-content\/uploads\/2020\/05\/b_1.jpg","type":"image\/jpeg"}],"author":"Preot paroh Horvat Petru","twitter_card":"summary_large_image","twitter_misc":{"Scris de":"Preot paroh Horvat Petru","Timp estimat pentru citire":"1 minut"},"schema":{"@context":"https:\/\/schema.org","@graph":[{"@type":"Article","@id":"https:\/\/mhf.ro\/mm\/scurt-istoric-al-demersului-numit-vocea-blajului-partea-i\/#article","isPartOf":{"@id":"https:\/\/mhf.ro\/mm\/scurt-istoric-al-demersului-numit-vocea-blajului-partea-i\/"},"author":{"name":"Preot paroh Horvat Petru","@id":"https:\/\/mhf.ro\/mm\/#\/schema\/person\/4c8c06c801b7b666e81ed44550086900"},"headline":"Scurt istoric al demersului numit Vocea Blajului. Partea I","datePublished":"2020-05-20T10:57:21+00:00","dateModified":"2020-05-29T16:42:49+00:00","mainEntityOfPage":{"@id":"https:\/\/mhf.ro\/mm\/scurt-istoric-al-demersului-numit-vocea-blajului-partea-i\/"},"wordCount":238,"commentCount":1,"publisher":{"@id":"https:\/\/mhf.ro\/mm\/#\/schema\/person\/a3bebf7bdb4bf12f698aff73c7e46c21"},"image":{"@id":"https:\/\/mhf.ro\/mm\/scurt-istoric-al-demersului-numit-vocea-blajului-partea-i\/#primaryimage"},"thumbnailUrl":"https:\/\/mhf.ro\/mm\/wp-content\/uploads\/2020\/05\/b_1.jpg","articleSection":["Locale"],"inLanguage":"ro-RO","potentialAction":[{"@type":"CommentAction","name":"Comment","target":["https:\/\/mhf.ro\/mm\/scurt-istoric-al-demersului-numit-vocea-blajului-partea-i\/#respond"]}]},{"@type":"WebPage","@id":"https:\/\/mhf.ro\/mm\/scurt-istoric-al-demersului-numit-vocea-blajului-partea-i\/","url":"https:\/\/mhf.ro\/mm\/scurt-istoric-al-demersului-numit-vocea-blajului-partea-i\/","name":"Scurt istoric al demersului numit Vocea Blajului. Partea I - MHF Photography","isPartOf":{"@id":"https:\/\/mhf.ro\/mm\/#website"},"primaryImageOfPage":{"@id":"https:\/\/mhf.ro\/mm\/scurt-istoric-al-demersului-numit-vocea-blajului-partea-i\/#primaryimage"},"image":{"@id":"https:\/\/mhf.ro\/mm\/scurt-istoric-al-demersului-numit-vocea-blajului-partea-i\/#primaryimage"},"thumbnailUrl":"https:\/\/mhf.ro\/mm\/wp-content\/uploads\/2020\/05\/b_1.jpg","datePublished":"2020-05-20T10:57:21+00:00","dateModified":"2020-05-29T16:42:49+00:00","breadcrumb":{"@id":"https:\/\/mhf.ro\/mm\/scurt-istoric-al-demersului-numit-vocea-blajului-partea-i\/#breadcrumb"},"inLanguage":"ro-RO","potentialAction":[{"@type":"ReadAction","target":["https:\/\/mhf.ro\/mm\/scurt-istoric-al-demersului-numit-vocea-blajului-partea-i\/"]}]},{"@type":"ImageObject","inLanguage":"ro-RO","@id":"https:\/\/mhf.ro\/mm\/scurt-istoric-al-demersului-numit-vocea-blajului-partea-i\/#primaryimage","url":"https:\/\/mhf.ro\/mm\/wp-content\/uploads\/2020\/05\/b_1.jpg","contentUrl":"https:\/\/mhf.ro\/mm\/wp-content\/uploads\/2020\/05\/b_1.jpg","width":1200,"height":1600},{"@type":"BreadcrumbList","@id":"https:\/\/mhf.ro\/mm\/scurt-istoric-al-demersului-numit-vocea-blajului-partea-i\/#breadcrumb","itemListElement":[{"@type":"ListItem","position":1,"name":"Prima pagin\u0103","item":"https:\/\/mhf.ro\/mm\/"},{"@type":"ListItem","position":2,"name":"Scurt istoric al demersului numit Vocea Blajului. Partea I"}]},{"@type":"WebSite","@id":"https:\/\/mhf.ro\/mm\/#website","url":"https:\/\/mhf.ro\/mm\/","name":"MHF Photography \u2013 Blog de fotografie, natur\u0103 \u0219i tehnic\u0103 divers\u0103","description":"Aventur\u0103 \u00een fiecare cadru.","publisher":{"@id":"https:\/\/mhf.ro\/mm\/#\/schema\/person\/a3bebf7bdb4bf12f698aff73c7e46c21"},"potentialAction":[{"@type":"SearchAction","target":{"@type":"EntryPoint","urlTemplate":"https:\/\/mhf.ro\/mm\/?s={search_term_string}"},"query-input":{"@type":"PropertyValueSpecification","valueRequired":true,"valueName":"search_term_string"}}],"inLanguage":"ro-RO"},{"@type":["Person","Organization"],"@id":"https:\/\/mhf.ro\/mm\/#\/schema\/person\/a3bebf7bdb4bf12f698aff73c7e46c21","name":"Marius Marcu","image":{"@type":"ImageObject","inLanguage":"ro-RO","@id":"https:\/\/mhf.ro\/mm\/#\/schema\/person\/image\/","url":"https:\/\/mhf.ro\/mm\/wp-content\/uploads\/2025\/12\/cropped-logo_mhf_2.png","contentUrl":"https:\/\/mhf.ro\/mm\/wp-content\/uploads\/2025\/12\/cropped-logo_mhf_2.png","width":1096,"height":457,"caption":"Marius Marcu"},"logo":{"@id":"https:\/\/mhf.ro\/mm\/#\/schema\/person\/image\/"},"sameAs":["https:\/\/mhf.ro\/mm"]},{"@type":"Person","@id":"https:\/\/mhf.ro\/mm\/#\/schema\/person\/4c8c06c801b7b666e81ed44550086900","name":"Preot paroh Horvat Petru","image":{"@type":"ImageObject","inLanguage":"ro-RO","@id":"https:\/\/mhf.ro\/mm\/#\/schema\/person\/image\/","url":"https:\/\/secure.gravatar.com\/avatar\/c2d2dcdf21c6f41aad486d71768c144cd6e23cb7b63bae9bd6fab542b26ad321?s=96&d=monsterid&r=g","contentUrl":"https:\/\/secure.gravatar.com\/avatar\/c2d2dcdf21c6f41aad486d71768c144cd6e23cb7b63bae9bd6fab542b26ad321?s=96&d=monsterid&r=g","caption":"Preot paroh Horvat Petru"},"sameAs":["https:\/\/mhf.ro\/mm"],"url":"https:\/\/mhf.ro\/mm\/author\/petrica\/"}]}},"_links":{"self":[{"href":"https:\/\/mhf.ro\/mm\/wp-json\/wp\/v2\/posts\/1436","targetHints":{"allow":["GET"]}}],"collection":[{"href":"https:\/\/mhf.ro\/mm\/wp-json\/wp\/v2\/posts"}],"about":[{"href":"https:\/\/mhf.ro\/mm\/wp-json\/wp\/v2\/types\/post"}],"author":[{"embeddable":true,"href":"https:\/\/mhf.ro\/mm\/wp-json\/wp\/v2\/users\/4"}],"replies":[{"embeddable":true,"href":"https:\/\/mhf.ro\/mm\/wp-json\/wp\/v2\/comments?post=1436"}],"version-history":[{"count":2,"href":"https:\/\/mhf.ro\/mm\/wp-json\/wp\/v2\/posts\/1436\/revisions"}],"predecessor-version":[{"id":1442,"href":"https:\/\/mhf.ro\/mm\/wp-json\/wp\/v2\/posts\/1436\/revisions\/1442"}],"wp:featuredmedia":[{"embeddable":true,"href":"https:\/\/mhf.ro\/mm\/wp-json\/wp\/v2\/media\/1437"}],"wp:attachment":[{"href":"https:\/\/mhf.ro\/mm\/wp-json\/wp\/v2\/media?parent=1436"}],"wp:term":[{"taxonomy":"category","embeddable":true,"href":"https:\/\/mhf.ro\/mm\/wp-json\/wp\/v2\/categories?post=1436"},{"taxonomy":"post_tag","embeddable":true,"href":"https:\/\/mhf.ro\/mm\/wp-json\/wp\/v2\/tags?post=1436"}],"curies":[{"name":"wp","href":"https:\/\/api.w.org\/{rel}","templated":true}]}}