{"id":1515,"date":"2020-05-21T19:17:22","date_gmt":"2020-05-21T19:17:22","guid":{"rendered":"https:\/\/mhf.ro\/mm\/?p=1515"},"modified":"2020-05-21T19:22:40","modified_gmt":"2020-05-21T19:22:40","slug":"cele-300-de-mii-de-amenzi-anulate","status":"publish","type":"post","link":"https:\/\/mhf.ro\/mm\/cele-300-de-mii-de-amenzi-anulate\/","title":{"rendered":"Cele 300 de mii de amenzi anulate"},"content":{"rendered":"<p>300 de mii de amenzi anulate. V-ati gandit cat reprezinta 300 mii de cetateni, in procente? Reprezinta 1,5 %, doar 1,5 persoane dintr-o suta, atati oameni nu au respectat legile in perioada starii de urgenta.<br \/>\nDaca verificam faptul ca multi au mai mult de o amenda, la recalculare constatam ca nici macar 1% nu reprezinta cei care nu au respectat legea. Ceilalti, cei multi au respectat legea, ceilalti reprezinta 99% dintre cetateni.<br \/>\nMa intreb, de ce oare trebuie sa fie ajutati acesti indivizi in detrimentul celor multi, de ce trebuie sa li se anuleze amenzile? Sunt prea putini cei care nu respecta legea? Ar trebui sa fie mai multi, sa fie mai mare procentul ?<br \/>\nCare este scopul acestei actiuni a CCR? Cetatenii onesti nu castiga niciodata nimic? Totdeauna doar cei certati cu legea trebuie sa iasa in castig? La amnistiile fiscale aceeasi situatie, un numar infim de persoane sunt iertate de plata unor sume imense.<br \/>\nCetateanul onest nu este iertat niciodata, el plateste si plateste, ii tine pe toti acesti profitori in spinare.<\/p>\n<p>&nbsp;<\/p>\n<p><a href=\"https:\/\/riz.ro\/ocart2\/index.php?route=product\/category&amp;path=20_71\"><img decoding=\"async\" class=\"alignright wp-image-1449 size-full\" src=\"https:\/\/mhf.ro\/mm\/wp-content\/uploads\/2020\/05\/PUBLI_RIZ_2_micro.png\" alt=\"Decoratiuni polistiren RIZ\" width=\"201\" height=\"41\" \/><\/a><\/p>\n","protected":false},"excerpt":{"rendered":"<p>300 de mii de amenzi anulate. V-ati gandit cat reprezinta 300 mii de cetateni, in procente? Reprezinta 1,5 %, doar<\/p>\n","protected":false},"author":1,"featured_media":1516,"comment_status":"open","ping_status":"open","sticky":false,"template":"","format":"standard","meta":{"colormag_page_container_layout":"default_layout","colormag_page_sidebar_layout":"default_layout","footnotes":""},"categories":[5],"tags":[],"class_list":["post-1515","post","type-post","status-publish","format-standard","has-post-thumbnail","hentry","category-locale"],"yoast_head":"<!-- This site is optimized with the Yoast SEO plugin v27.0 - https:\/\/yoast.com\/product\/yoast-seo-wordpress\/ -->\n<title>Cele 300 de mii de amenzi anulate - MHF Photography<\/title>\n<meta name=\"description\" content=\"V-ati gandit cat reprezinta 300 mii de cetateni, in procente? Reprezinta 1,5 %, doar 1,5 persoane dintr-o suta, atati oameni nu au respectat legile ...\" \/>\n<meta name=\"robots\" content=\"index, follow, max-snippet:-1, max-image-preview:large, max-video-preview:-1\" \/>\n<link rel=\"canonical\" href=\"https:\/\/mhf.ro\/mm\/cele-300-de-mii-de-amenzi-anulate\/\" \/>\n<meta property=\"og:locale\" content=\"ro_RO\" \/>\n<meta property=\"og:type\" content=\"article\" \/>\n<meta property=\"og:title\" content=\"Cele 300 de mii de amenzi anulate - MHF Photography\" \/>\n<meta property=\"og:description\" content=\"V-ati gandit cat reprezinta 300 mii de cetateni, in procente? Reprezinta 1,5 %, doar 1,5 persoane dintr-o suta, atati oameni nu au respectat legile ...\" \/>\n<meta property=\"og:url\" content=\"https:\/\/mhf.ro\/mm\/cele-300-de-mii-de-amenzi-anulate\/\" \/>\n<meta property=\"og:site_name\" content=\"MHF Photography\" \/>\n<meta property=\"article:published_time\" content=\"2020-05-21T19:17:22+00:00\" \/>\n<meta property=\"article:modified_time\" content=\"2020-05-21T19:22:40+00:00\" \/>\n<meta property=\"og:image\" content=\"https:\/\/mhf.ro\/mm\/wp-content\/uploads\/2020\/05\/justice.jpg\" \/>\n\t<meta property=\"og:image:width\" content=\"1280\" \/>\n\t<meta property=\"og:image:height\" content=\"961\" \/>\n\t<meta property=\"og:image:type\" content=\"image\/jpeg\" \/>\n<meta name=\"author\" content=\"Marius Marcu\" \/>\n<meta name=\"twitter:card\" content=\"summary_large_image\" \/>\n<meta name=\"twitter:label1\" content=\"Scris de\" \/>\n\t<meta name=\"twitter:data1\" content=\"Marius Marcu\" \/>\n\t<meta name=\"twitter:label2\" content=\"Timp estimat pentru citire\" \/>\n\t<meta name=\"twitter:data2\" content=\"1 minut\" \/>\n<script type=\"application\/ld+json\" class=\"yoast-schema-graph\">{\"@context\":\"https:\/\/schema.org\",\"@graph\":[{\"@type\":\"Article\",\"@id\":\"https:\/\/mhf.ro\/mm\/cele-300-de-mii-de-amenzi-anulate\/#article\",\"isPartOf\":{\"@id\":\"https:\/\/mhf.ro\/mm\/cele-300-de-mii-de-amenzi-anulate\/\"},\"author\":{\"name\":\"Marius Marcu\",\"@id\":\"https:\/\/mhf.ro\/mm\/#\/schema\/person\/a3bebf7bdb4bf12f698aff73c7e46c21\"},\"headline\":\"Cele 300 de mii de amenzi anulate\",\"datePublished\":\"2020-05-21T19:17:22+00:00\",\"dateModified\":\"2020-05-21T19:22:40+00:00\",\"mainEntityOfPage\":{\"@id\":\"https:\/\/mhf.ro\/mm\/cele-300-de-mii-de-amenzi-anulate\/\"},\"wordCount\":173,\"commentCount\":1,\"publisher\":{\"@id\":\"https:\/\/mhf.ro\/mm\/#\/schema\/person\/a3bebf7bdb4bf12f698aff73c7e46c21\"},\"image\":{\"@id\":\"https:\/\/mhf.ro\/mm\/cele-300-de-mii-de-amenzi-anulate\/#primaryimage\"},\"thumbnailUrl\":\"https:\/\/mhf.ro\/mm\/wp-content\/uploads\/2020\/05\/justice.jpg\",\"articleSection\":[\"Locale\"],\"inLanguage\":\"ro-RO\",\"potentialAction\":[{\"@type\":\"CommentAction\",\"name\":\"Comment\",\"target\":[\"https:\/\/mhf.ro\/mm\/cele-300-de-mii-de-amenzi-anulate\/#respond\"]}]},{\"@type\":\"WebPage\",\"@id\":\"https:\/\/mhf.ro\/mm\/cele-300-de-mii-de-amenzi-anulate\/\",\"url\":\"https:\/\/mhf.ro\/mm\/cele-300-de-mii-de-amenzi-anulate\/\",\"name\":\"Cele 300 de mii de amenzi anulate - MHF Photography\",\"isPartOf\":{\"@id\":\"https:\/\/mhf.ro\/mm\/#website\"},\"primaryImageOfPage\":{\"@id\":\"https:\/\/mhf.ro\/mm\/cele-300-de-mii-de-amenzi-anulate\/#primaryimage\"},\"image\":{\"@id\":\"https:\/\/mhf.ro\/mm\/cele-300-de-mii-de-amenzi-anulate\/#primaryimage\"},\"thumbnailUrl\":\"https:\/\/mhf.ro\/mm\/wp-content\/uploads\/2020\/05\/justice.jpg\",\"datePublished\":\"2020-05-21T19:17:22+00:00\",\"dateModified\":\"2020-05-21T19:22:40+00:00\",\"description\":\"V-ati gandit cat reprezinta 300 mii de cetateni, in procente? Reprezinta 1,5 %, doar 1,5 persoane dintr-o suta, atati oameni nu au respectat legile ...\",\"breadcrumb\":{\"@id\":\"https:\/\/mhf.ro\/mm\/cele-300-de-mii-de-amenzi-anulate\/#breadcrumb\"},\"inLanguage\":\"ro-RO\",\"potentialAction\":[{\"@type\":\"ReadAction\",\"target\":[\"https:\/\/mhf.ro\/mm\/cele-300-de-mii-de-amenzi-anulate\/\"]}]},{\"@type\":\"ImageObject\",\"inLanguage\":\"ro-RO\",\"@id\":\"https:\/\/mhf.ro\/mm\/cele-300-de-mii-de-amenzi-anulate\/#primaryimage\",\"url\":\"https:\/\/mhf.ro\/mm\/wp-content\/uploads\/2020\/05\/justice.jpg\",\"contentUrl\":\"https:\/\/mhf.ro\/mm\/wp-content\/uploads\/2020\/05\/justice.jpg\",\"width\":1280,\"height\":961},{\"@type\":\"BreadcrumbList\",\"@id\":\"https:\/\/mhf.ro\/mm\/cele-300-de-mii-de-amenzi-anulate\/#breadcrumb\",\"itemListElement\":[{\"@type\":\"ListItem\",\"position\":1,\"name\":\"Prima pagin\u0103\",\"item\":\"https:\/\/mhf.ro\/mm\/\"},{\"@type\":\"ListItem\",\"position\":2,\"name\":\"Cele 300 de mii de amenzi anulate\"}]},{\"@type\":\"WebSite\",\"@id\":\"https:\/\/mhf.ro\/mm\/#website\",\"url\":\"https:\/\/mhf.ro\/mm\/\",\"name\":\"MHF Photography \u2013 Blog de fotografie, natur\u0103 \u0219i tehnic\u0103 divers\u0103\",\"description\":\"Aventur\u0103 \u00een fiecare cadru.\",\"publisher\":{\"@id\":\"https:\/\/mhf.ro\/mm\/#\/schema\/person\/a3bebf7bdb4bf12f698aff73c7e46c21\"},\"potentialAction\":[{\"@type\":\"SearchAction\",\"target\":{\"@type\":\"EntryPoint\",\"urlTemplate\":\"https:\/\/mhf.ro\/mm\/?s={search_term_string}\"},\"query-input\":{\"@type\":\"PropertyValueSpecification\",\"valueRequired\":true,\"valueName\":\"search_term_string\"}}],\"inLanguage\":\"ro-RO\"},{\"@type\":[\"Person\",\"Organization\"],\"@id\":\"https:\/\/mhf.ro\/mm\/#\/schema\/person\/a3bebf7bdb4bf12f698aff73c7e46c21\",\"name\":\"Marius Marcu\",\"image\":{\"@type\":\"ImageObject\",\"inLanguage\":\"ro-RO\",\"@id\":\"https:\/\/mhf.ro\/mm\/#\/schema\/person\/image\/\",\"url\":\"https:\/\/mhf.ro\/mm\/wp-content\/uploads\/2025\/12\/cropped-logo_mhf_2.png\",\"contentUrl\":\"https:\/\/mhf.ro\/mm\/wp-content\/uploads\/2025\/12\/cropped-logo_mhf_2.png\",\"width\":1096,\"height\":457,\"caption\":\"Marius Marcu\"},\"logo\":{\"@id\":\"https:\/\/mhf.ro\/mm\/#\/schema\/person\/image\/\"},\"sameAs\":[\"https:\/\/mhf.ro\/mm\"],\"url\":\"https:\/\/mhf.ro\/mm\/author\/mihai\/\"}]}<\/script>\n<!-- \/ Yoast SEO plugin. -->","yoast_head_json":{"title":"Cele 300 de mii de amenzi anulate - MHF Photography","description":"V-ati gandit cat reprezinta 300 mii de cetateni, in procente? Reprezinta 1,5 %, doar 1,5 persoane dintr-o suta, atati oameni nu au respectat legile ...","robots":{"index":"index","follow":"follow","max-snippet":"max-snippet:-1","max-image-preview":"max-image-preview:large","max-video-preview":"max-video-preview:-1"},"canonical":"https:\/\/mhf.ro\/mm\/cele-300-de-mii-de-amenzi-anulate\/","og_locale":"ro_RO","og_type":"article","og_title":"Cele 300 de mii de amenzi anulate - MHF Photography","og_description":"V-ati gandit cat reprezinta 300 mii de cetateni, in procente? Reprezinta 1,5 %, doar 1,5 persoane dintr-o suta, atati oameni nu au respectat legile ...","og_url":"https:\/\/mhf.ro\/mm\/cele-300-de-mii-de-amenzi-anulate\/","og_site_name":"MHF Photography","article_published_time":"2020-05-21T19:17:22+00:00","article_modified_time":"2020-05-21T19:22:40+00:00","og_image":[{"width":1280,"height":961,"url":"https:\/\/mhf.ro\/mm\/wp-content\/uploads\/2020\/05\/justice.jpg","type":"image\/jpeg"}],"author":"Marius Marcu","twitter_card":"summary_large_image","twitter_misc":{"Scris de":"Marius Marcu","Timp estimat pentru citire":"1 minut"},"schema":{"@context":"https:\/\/schema.org","@graph":[{"@type":"Article","@id":"https:\/\/mhf.ro\/mm\/cele-300-de-mii-de-amenzi-anulate\/#article","isPartOf":{"@id":"https:\/\/mhf.ro\/mm\/cele-300-de-mii-de-amenzi-anulate\/"},"author":{"name":"Marius Marcu","@id":"https:\/\/mhf.ro\/mm\/#\/schema\/person\/a3bebf7bdb4bf12f698aff73c7e46c21"},"headline":"Cele 300 de mii de amenzi anulate","datePublished":"2020-05-21T19:17:22+00:00","dateModified":"2020-05-21T19:22:40+00:00","mainEntityOfPage":{"@id":"https:\/\/mhf.ro\/mm\/cele-300-de-mii-de-amenzi-anulate\/"},"wordCount":173,"commentCount":1,"publisher":{"@id":"https:\/\/mhf.ro\/mm\/#\/schema\/person\/a3bebf7bdb4bf12f698aff73c7e46c21"},"image":{"@id":"https:\/\/mhf.ro\/mm\/cele-300-de-mii-de-amenzi-anulate\/#primaryimage"},"thumbnailUrl":"https:\/\/mhf.ro\/mm\/wp-content\/uploads\/2020\/05\/justice.jpg","articleSection":["Locale"],"inLanguage":"ro-RO","potentialAction":[{"@type":"CommentAction","name":"Comment","target":["https:\/\/mhf.ro\/mm\/cele-300-de-mii-de-amenzi-anulate\/#respond"]}]},{"@type":"WebPage","@id":"https:\/\/mhf.ro\/mm\/cele-300-de-mii-de-amenzi-anulate\/","url":"https:\/\/mhf.ro\/mm\/cele-300-de-mii-de-amenzi-anulate\/","name":"Cele 300 de mii de amenzi anulate - MHF Photography","isPartOf":{"@id":"https:\/\/mhf.ro\/mm\/#website"},"primaryImageOfPage":{"@id":"https:\/\/mhf.ro\/mm\/cele-300-de-mii-de-amenzi-anulate\/#primaryimage"},"image":{"@id":"https:\/\/mhf.ro\/mm\/cele-300-de-mii-de-amenzi-anulate\/#primaryimage"},"thumbnailUrl":"https:\/\/mhf.ro\/mm\/wp-content\/uploads\/2020\/05\/justice.jpg","datePublished":"2020-05-21T19:17:22+00:00","dateModified":"2020-05-21T19:22:40+00:00","description":"V-ati gandit cat reprezinta 300 mii de cetateni, in procente? Reprezinta 1,5 %, doar 1,5 persoane dintr-o suta, atati oameni nu au respectat legile ...","breadcrumb":{"@id":"https:\/\/mhf.ro\/mm\/cele-300-de-mii-de-amenzi-anulate\/#breadcrumb"},"inLanguage":"ro-RO","potentialAction":[{"@type":"ReadAction","target":["https:\/\/mhf.ro\/mm\/cele-300-de-mii-de-amenzi-anulate\/"]}]},{"@type":"ImageObject","inLanguage":"ro-RO","@id":"https:\/\/mhf.ro\/mm\/cele-300-de-mii-de-amenzi-anulate\/#primaryimage","url":"https:\/\/mhf.ro\/mm\/wp-content\/uploads\/2020\/05\/justice.jpg","contentUrl":"https:\/\/mhf.ro\/mm\/wp-content\/uploads\/2020\/05\/justice.jpg","width":1280,"height":961},{"@type":"BreadcrumbList","@id":"https:\/\/mhf.ro\/mm\/cele-300-de-mii-de-amenzi-anulate\/#breadcrumb","itemListElement":[{"@type":"ListItem","position":1,"name":"Prima pagin\u0103","item":"https:\/\/mhf.ro\/mm\/"},{"@type":"ListItem","position":2,"name":"Cele 300 de mii de amenzi anulate"}]},{"@type":"WebSite","@id":"https:\/\/mhf.ro\/mm\/#website","url":"https:\/\/mhf.ro\/mm\/","name":"MHF Photography \u2013 Blog de fotografie, natur\u0103 \u0219i tehnic\u0103 divers\u0103","description":"Aventur\u0103 \u00een fiecare cadru.","publisher":{"@id":"https:\/\/mhf.ro\/mm\/#\/schema\/person\/a3bebf7bdb4bf12f698aff73c7e46c21"},"potentialAction":[{"@type":"SearchAction","target":{"@type":"EntryPoint","urlTemplate":"https:\/\/mhf.ro\/mm\/?s={search_term_string}"},"query-input":{"@type":"PropertyValueSpecification","valueRequired":true,"valueName":"search_term_string"}}],"inLanguage":"ro-RO"},{"@type":["Person","Organization"],"@id":"https:\/\/mhf.ro\/mm\/#\/schema\/person\/a3bebf7bdb4bf12f698aff73c7e46c21","name":"Marius Marcu","image":{"@type":"ImageObject","inLanguage":"ro-RO","@id":"https:\/\/mhf.ro\/mm\/#\/schema\/person\/image\/","url":"https:\/\/mhf.ro\/mm\/wp-content\/uploads\/2025\/12\/cropped-logo_mhf_2.png","contentUrl":"https:\/\/mhf.ro\/mm\/wp-content\/uploads\/2025\/12\/cropped-logo_mhf_2.png","width":1096,"height":457,"caption":"Marius Marcu"},"logo":{"@id":"https:\/\/mhf.ro\/mm\/#\/schema\/person\/image\/"},"sameAs":["https:\/\/mhf.ro\/mm"],"url":"https:\/\/mhf.ro\/mm\/author\/mihai\/"}]}},"_links":{"self":[{"href":"https:\/\/mhf.ro\/mm\/wp-json\/wp\/v2\/posts\/1515","targetHints":{"allow":["GET"]}}],"collection":[{"href":"https:\/\/mhf.ro\/mm\/wp-json\/wp\/v2\/posts"}],"about":[{"href":"https:\/\/mhf.ro\/mm\/wp-json\/wp\/v2\/types\/post"}],"author":[{"embeddable":true,"href":"https:\/\/mhf.ro\/mm\/wp-json\/wp\/v2\/users\/1"}],"replies":[{"embeddable":true,"href":"https:\/\/mhf.ro\/mm\/wp-json\/wp\/v2\/comments?post=1515"}],"version-history":[{"count":3,"href":"https:\/\/mhf.ro\/mm\/wp-json\/wp\/v2\/posts\/1515\/revisions"}],"predecessor-version":[{"id":1519,"href":"https:\/\/mhf.ro\/mm\/wp-json\/wp\/v2\/posts\/1515\/revisions\/1519"}],"wp:featuredmedia":[{"embeddable":true,"href":"https:\/\/mhf.ro\/mm\/wp-json\/wp\/v2\/media\/1516"}],"wp:attachment":[{"href":"https:\/\/mhf.ro\/mm\/wp-json\/wp\/v2\/media?parent=1515"}],"wp:term":[{"taxonomy":"category","embeddable":true,"href":"https:\/\/mhf.ro\/mm\/wp-json\/wp\/v2\/categories?post=1515"},{"taxonomy":"post_tag","embeddable":true,"href":"https:\/\/mhf.ro\/mm\/wp-json\/wp\/v2\/tags?post=1515"}],"curies":[{"name":"wp","href":"https:\/\/api.w.org\/{rel}","templated":true}]}}