{"id":1520,"date":"2020-05-22T07:37:24","date_gmt":"2020-05-22T07:37:24","guid":{"rendered":"https:\/\/mhf.ro\/mm\/?p=1520"},"modified":"2020-05-27T16:32:17","modified_gmt":"2020-05-27T16:32:17","slug":"analfabetism-programat","status":"publish","type":"post","link":"https:\/\/mhf.ro\/mm\/analfabetism-programat\/","title":{"rendered":"ANALFABETISM PROGRAMAT"},"content":{"rendered":"<p>Oare ce se va \u00eent\u00e2mpla acum c\u00e2nd \u015fcoala se va face prin lec\u021bii \u021binute la distan\u021b\u0103? C\u00e2\u021bi dintre copii vor avea m\u0103car un telefon pentru a-\u015fi putea permite s\u0103 \u00eenve\u021be? Abia acum se va vedea cu adev\u0103rat dimensiunea s\u0103r\u0103ciei \u00een Rom\u00e2nia! Este adev\u0103rat, nu este nimeni vinovat c\u0103 tr\u0103im \u00een vremea coronavirusului. \u00cens\u0103 de s\u0103r\u0103cia endemic\u0103, de inegalit\u0103\u021bile uriase care-i separ\u0103 pe oameni, se fac vinova\u021bi absolut to\u021bi tic\u0103lo\u015fii care au fost la putere \u00eencep\u00e2nd din \u201890 \u00eencoace. \u00cencerc s\u0103 m\u0103 g\u00e2ndesc la un singur nume de politician pe care s\u0103 nu-l asociez cu o \u00eenjur\u0103tur\u0103 \u015fi mi-e imposibil s\u0103 g\u0103sesc unul!<br \/>\nOare ce poate fi \u00een sufletul unui copil care vrea s\u0103 \u00eenve\u021be, pentru c\u0103 vede cum se chinuie p\u0103rin\u021bii lui ca \u00a0s\u0103-l poata \u00eentre\u0163ine \u015fi ar vrea s\u0103 ajung\u0103 &#8222;ceva mare&#8221; ca s\u0103 nu se mai chinuie ca ei, \u00eens\u0103 nu are cum pentru c\u0103 p\u0103rin\u021bii lui sunt prea s\u0103raci ca s\u0103-i cumpere un telefon bunicel, ce s\u0103 mai zicem de un laptop sau calculator? Cine poate m\u0103sura triste\u021bea \u015fi neputin\u021ba celor care nu-si pot permite astfel de lucruri? Cum s\u0103 fii de acord cu asemenea societate \u00een care discrimin\u0103rile sunt at\u00e2t de mari?<br \/>\nHugo spunea c\u0103 \u201cdin \u015fcoli egale ies oameni egali\u201d. \u201cEgali\u201d, mai zicea el, \u201cpentru ca suntem f\u0103cu\u021bi din acela\u015fi aluat, cel pu\u021bin aici, pe p\u0103m\u00e2nt, \u015fi ne transform\u0103m \u00een aceea\u015fi \u021b\u0103r\u00e2n\u0103.&#8221;<br \/>\nNoi nu mai avem \u015fcoli egale demult, iar ceea ce se \u00eent\u00e2mpl\u0103 acum, nu face dec\u00e2t s\u0103 ad\u00e2nceasc\u0103 \u015fi mai mult pr\u0103pastia dintre boga\u021bi \u015fi s\u0103raci.<br \/>\n\u201c\u021aara te vrea prost &#8222;, spunea Orwell. Ei bine, au ocazia acum s\u0103 mai adauge \u00eenc\u0103 ni\u015fte copii la aceast\u0103 perspectiv\u0103, vor fi foarte usor de condus mai t\u00e2rziu. Nu c\u0103 acum am fi vreun neam greu de condus sau care ne cunoastem interesul, n-am fost niciodat\u0103!<\/p>\n<p>(Mitu Ion)<\/p>\n<p>&nbsp;<\/p>\n<p><a href=\"http:\/\/riz.ro\" target=\"_blank\" rel=\"noopener noreferrer\"><img decoding=\"async\" class=\"alignright wp-image-1187\" src=\"https:\/\/mhf.ro\/mm\/wp-content\/uploads\/2020\/05\/ReclamaRiz_1-150x150.png\" alt=\"Profile din polistiren\" width=\"110\" height=\"41\" srcset=\"https:\/\/mhf.ro\/mm\/wp-content\/uploads\/2020\/05\/ReclamaRiz_1-300x111.png 300w, https:\/\/mhf.ro\/mm\/wp-content\/uploads\/2020\/05\/ReclamaRiz_1-1024x377.png 1024w, https:\/\/mhf.ro\/mm\/wp-content\/uploads\/2020\/05\/ReclamaRiz_1-768x283.png 768w, https:\/\/mhf.ro\/mm\/wp-content\/uploads\/2020\/05\/ReclamaRiz_1.png 1295w\" sizes=\"(max-width: 110px) 100vw, 110px\" \/><\/a><\/p>\n","protected":false},"excerpt":{"rendered":"<p>Oare ce se va \u00eent\u00e2mpla acum c\u00e2nd \u015fcoala se va face prin lec\u021bii \u021binute la distan\u021b\u0103? C\u00e2\u021bi dintre copii vor<\/p>\n","protected":false},"author":1,"featured_media":1521,"comment_status":"open","ping_status":"open","sticky":false,"template":"","format":"standard","meta":{"colormag_page_container_layout":"default_layout","colormag_page_sidebar_layout":"default_layout","footnotes":""},"categories":[8],"tags":[],"class_list":["post-1520","post","type-post","status-publish","format-standard","has-post-thumbnail","hentry","category-div"],"yoast_head":"<!-- This site is optimized with the Yoast SEO plugin v27.0 - https:\/\/yoast.com\/product\/yoast-seo-wordpress\/ -->\n<title>ANALFABETISM PROGRAMAT - MHF Photography<\/title>\n<meta name=\"description\" content=\"Oare ce se va \u00eent\u00e2mpla acum c\u00e2nd \u015fcoala se va face prin lec\u021bii \u021binute la distan\u021b\u0103? C\u00e2\u021bi dintre copii vor avea m\u0103car un telefon pentru a-\u015fi putea permite ...\" \/>\n<meta name=\"robots\" content=\"index, follow, max-snippet:-1, max-image-preview:large, max-video-preview:-1\" \/>\n<link rel=\"canonical\" href=\"https:\/\/mhf.ro\/mm\/analfabetism-programat\/\" \/>\n<meta property=\"og:locale\" content=\"ro_RO\" \/>\n<meta property=\"og:type\" content=\"article\" \/>\n<meta property=\"og:title\" content=\"ANALFABETISM PROGRAMAT - MHF Photography\" \/>\n<meta property=\"og:description\" content=\"Oare ce se va \u00eent\u00e2mpla acum c\u00e2nd \u015fcoala se va face prin lec\u021bii \u021binute la distan\u021b\u0103? C\u00e2\u021bi dintre copii vor avea m\u0103car un telefon pentru a-\u015fi putea permite ...\" \/>\n<meta property=\"og:url\" content=\"https:\/\/mhf.ro\/mm\/analfabetism-programat\/\" \/>\n<meta property=\"og:site_name\" content=\"MHF Photography\" \/>\n<meta property=\"article:published_time\" content=\"2020-05-22T07:37:24+00:00\" \/>\n<meta property=\"article:modified_time\" content=\"2020-05-27T16:32:17+00:00\" \/>\n<meta property=\"og:image\" content=\"https:\/\/mhf.ro\/mm\/wp-content\/uploads\/2020\/05\/school-analfabetism.jpg\" \/>\n\t<meta property=\"og:image:width\" content=\"1280\" \/>\n\t<meta property=\"og:image:height\" content=\"842\" \/>\n\t<meta property=\"og:image:type\" content=\"image\/jpeg\" \/>\n<meta name=\"author\" content=\"Marius Marcu\" \/>\n<meta name=\"twitter:card\" content=\"summary_large_image\" \/>\n<meta name=\"twitter:label1\" content=\"Scris de\" \/>\n\t<meta name=\"twitter:data1\" content=\"Marius Marcu\" \/>\n\t<meta name=\"twitter:label2\" content=\"Timp estimat pentru citire\" \/>\n\t<meta name=\"twitter:data2\" content=\"2 minute\" \/>\n<script type=\"application\/ld+json\" class=\"yoast-schema-graph\">{\"@context\":\"https:\/\/schema.org\",\"@graph\":[{\"@type\":\"Article\",\"@id\":\"https:\/\/mhf.ro\/mm\/analfabetism-programat\/#article\",\"isPartOf\":{\"@id\":\"https:\/\/mhf.ro\/mm\/analfabetism-programat\/\"},\"author\":{\"name\":\"Marius Marcu\",\"@id\":\"https:\/\/mhf.ro\/mm\/#\/schema\/person\/a3bebf7bdb4bf12f698aff73c7e46c21\"},\"headline\":\"ANALFABETISM PROGRAMAT\",\"datePublished\":\"2020-05-22T07:37:24+00:00\",\"dateModified\":\"2020-05-27T16:32:17+00:00\",\"mainEntityOfPage\":{\"@id\":\"https:\/\/mhf.ro\/mm\/analfabetism-programat\/\"},\"wordCount\":358,\"commentCount\":0,\"publisher\":{\"@id\":\"https:\/\/mhf.ro\/mm\/#\/schema\/person\/a3bebf7bdb4bf12f698aff73c7e46c21\"},\"image\":{\"@id\":\"https:\/\/mhf.ro\/mm\/analfabetism-programat\/#primaryimage\"},\"thumbnailUrl\":\"https:\/\/mhf.ro\/mm\/wp-content\/uploads\/2020\/05\/school-analfabetism.jpg\",\"articleSection\":[\"Diverse\"],\"inLanguage\":\"ro-RO\",\"potentialAction\":[{\"@type\":\"CommentAction\",\"name\":\"Comment\",\"target\":[\"https:\/\/mhf.ro\/mm\/analfabetism-programat\/#respond\"]}]},{\"@type\":\"WebPage\",\"@id\":\"https:\/\/mhf.ro\/mm\/analfabetism-programat\/\",\"url\":\"https:\/\/mhf.ro\/mm\/analfabetism-programat\/\",\"name\":\"ANALFABETISM PROGRAMAT - MHF Photography\",\"isPartOf\":{\"@id\":\"https:\/\/mhf.ro\/mm\/#website\"},\"primaryImageOfPage\":{\"@id\":\"https:\/\/mhf.ro\/mm\/analfabetism-programat\/#primaryimage\"},\"image\":{\"@id\":\"https:\/\/mhf.ro\/mm\/analfabetism-programat\/#primaryimage\"},\"thumbnailUrl\":\"https:\/\/mhf.ro\/mm\/wp-content\/uploads\/2020\/05\/school-analfabetism.jpg\",\"datePublished\":\"2020-05-22T07:37:24+00:00\",\"dateModified\":\"2020-05-27T16:32:17+00:00\",\"description\":\"Oare ce se va \u00eent\u00e2mpla acum c\u00e2nd \u015fcoala se va face prin lec\u021bii \u021binute la distan\u021b\u0103? C\u00e2\u021bi dintre copii vor avea m\u0103car un telefon pentru a-\u015fi putea permite ...\",\"breadcrumb\":{\"@id\":\"https:\/\/mhf.ro\/mm\/analfabetism-programat\/#breadcrumb\"},\"inLanguage\":\"ro-RO\",\"potentialAction\":[{\"@type\":\"ReadAction\",\"target\":[\"https:\/\/mhf.ro\/mm\/analfabetism-programat\/\"]}]},{\"@type\":\"ImageObject\",\"inLanguage\":\"ro-RO\",\"@id\":\"https:\/\/mhf.ro\/mm\/analfabetism-programat\/#primaryimage\",\"url\":\"https:\/\/mhf.ro\/mm\/wp-content\/uploads\/2020\/05\/school-analfabetism.jpg\",\"contentUrl\":\"https:\/\/mhf.ro\/mm\/wp-content\/uploads\/2020\/05\/school-analfabetism.jpg\",\"width\":1280,\"height\":842},{\"@type\":\"BreadcrumbList\",\"@id\":\"https:\/\/mhf.ro\/mm\/analfabetism-programat\/#breadcrumb\",\"itemListElement\":[{\"@type\":\"ListItem\",\"position\":1,\"name\":\"Prima pagin\u0103\",\"item\":\"https:\/\/mhf.ro\/mm\/\"},{\"@type\":\"ListItem\",\"position\":2,\"name\":\"ANALFABETISM PROGRAMAT\"}]},{\"@type\":\"WebSite\",\"@id\":\"https:\/\/mhf.ro\/mm\/#website\",\"url\":\"https:\/\/mhf.ro\/mm\/\",\"name\":\"MHF Photography \u2013 Blog de fotografie, natur\u0103 \u0219i tehnic\u0103 divers\u0103\",\"description\":\"Aventur\u0103 \u00een fiecare cadru.\",\"publisher\":{\"@id\":\"https:\/\/mhf.ro\/mm\/#\/schema\/person\/a3bebf7bdb4bf12f698aff73c7e46c21\"},\"potentialAction\":[{\"@type\":\"SearchAction\",\"target\":{\"@type\":\"EntryPoint\",\"urlTemplate\":\"https:\/\/mhf.ro\/mm\/?s={search_term_string}\"},\"query-input\":{\"@type\":\"PropertyValueSpecification\",\"valueRequired\":true,\"valueName\":\"search_term_string\"}}],\"inLanguage\":\"ro-RO\"},{\"@type\":[\"Person\",\"Organization\"],\"@id\":\"https:\/\/mhf.ro\/mm\/#\/schema\/person\/a3bebf7bdb4bf12f698aff73c7e46c21\",\"name\":\"Marius Marcu\",\"image\":{\"@type\":\"ImageObject\",\"inLanguage\":\"ro-RO\",\"@id\":\"https:\/\/mhf.ro\/mm\/#\/schema\/person\/image\/\",\"url\":\"https:\/\/mhf.ro\/mm\/wp-content\/uploads\/2025\/12\/cropped-logo_mhf_2.png\",\"contentUrl\":\"https:\/\/mhf.ro\/mm\/wp-content\/uploads\/2025\/12\/cropped-logo_mhf_2.png\",\"width\":1096,\"height\":457,\"caption\":\"Marius Marcu\"},\"logo\":{\"@id\":\"https:\/\/mhf.ro\/mm\/#\/schema\/person\/image\/\"},\"sameAs\":[\"https:\/\/mhf.ro\/mm\"],\"url\":\"https:\/\/mhf.ro\/mm\/author\/mihai\/\"}]}<\/script>\n<!-- \/ Yoast SEO plugin. -->","yoast_head_json":{"title":"ANALFABETISM PROGRAMAT - MHF Photography","description":"Oare ce se va \u00eent\u00e2mpla acum c\u00e2nd \u015fcoala se va face prin lec\u021bii \u021binute la distan\u021b\u0103? C\u00e2\u021bi dintre copii vor avea m\u0103car un telefon pentru a-\u015fi putea permite ...","robots":{"index":"index","follow":"follow","max-snippet":"max-snippet:-1","max-image-preview":"max-image-preview:large","max-video-preview":"max-video-preview:-1"},"canonical":"https:\/\/mhf.ro\/mm\/analfabetism-programat\/","og_locale":"ro_RO","og_type":"article","og_title":"ANALFABETISM PROGRAMAT - MHF Photography","og_description":"Oare ce se va \u00eent\u00e2mpla acum c\u00e2nd \u015fcoala se va face prin lec\u021bii \u021binute la distan\u021b\u0103? C\u00e2\u021bi dintre copii vor avea m\u0103car un telefon pentru a-\u015fi putea permite ...","og_url":"https:\/\/mhf.ro\/mm\/analfabetism-programat\/","og_site_name":"MHF Photography","article_published_time":"2020-05-22T07:37:24+00:00","article_modified_time":"2020-05-27T16:32:17+00:00","og_image":[{"width":1280,"height":842,"url":"https:\/\/mhf.ro\/mm\/wp-content\/uploads\/2020\/05\/school-analfabetism.jpg","type":"image\/jpeg"}],"author":"Marius Marcu","twitter_card":"summary_large_image","twitter_misc":{"Scris de":"Marius Marcu","Timp estimat pentru citire":"2 minute"},"schema":{"@context":"https:\/\/schema.org","@graph":[{"@type":"Article","@id":"https:\/\/mhf.ro\/mm\/analfabetism-programat\/#article","isPartOf":{"@id":"https:\/\/mhf.ro\/mm\/analfabetism-programat\/"},"author":{"name":"Marius Marcu","@id":"https:\/\/mhf.ro\/mm\/#\/schema\/person\/a3bebf7bdb4bf12f698aff73c7e46c21"},"headline":"ANALFABETISM PROGRAMAT","datePublished":"2020-05-22T07:37:24+00:00","dateModified":"2020-05-27T16:32:17+00:00","mainEntityOfPage":{"@id":"https:\/\/mhf.ro\/mm\/analfabetism-programat\/"},"wordCount":358,"commentCount":0,"publisher":{"@id":"https:\/\/mhf.ro\/mm\/#\/schema\/person\/a3bebf7bdb4bf12f698aff73c7e46c21"},"image":{"@id":"https:\/\/mhf.ro\/mm\/analfabetism-programat\/#primaryimage"},"thumbnailUrl":"https:\/\/mhf.ro\/mm\/wp-content\/uploads\/2020\/05\/school-analfabetism.jpg","articleSection":["Diverse"],"inLanguage":"ro-RO","potentialAction":[{"@type":"CommentAction","name":"Comment","target":["https:\/\/mhf.ro\/mm\/analfabetism-programat\/#respond"]}]},{"@type":"WebPage","@id":"https:\/\/mhf.ro\/mm\/analfabetism-programat\/","url":"https:\/\/mhf.ro\/mm\/analfabetism-programat\/","name":"ANALFABETISM PROGRAMAT - MHF Photography","isPartOf":{"@id":"https:\/\/mhf.ro\/mm\/#website"},"primaryImageOfPage":{"@id":"https:\/\/mhf.ro\/mm\/analfabetism-programat\/#primaryimage"},"image":{"@id":"https:\/\/mhf.ro\/mm\/analfabetism-programat\/#primaryimage"},"thumbnailUrl":"https:\/\/mhf.ro\/mm\/wp-content\/uploads\/2020\/05\/school-analfabetism.jpg","datePublished":"2020-05-22T07:37:24+00:00","dateModified":"2020-05-27T16:32:17+00:00","description":"Oare ce se va \u00eent\u00e2mpla acum c\u00e2nd \u015fcoala se va face prin lec\u021bii \u021binute la distan\u021b\u0103? C\u00e2\u021bi dintre copii vor avea m\u0103car un telefon pentru a-\u015fi putea permite ...","breadcrumb":{"@id":"https:\/\/mhf.ro\/mm\/analfabetism-programat\/#breadcrumb"},"inLanguage":"ro-RO","potentialAction":[{"@type":"ReadAction","target":["https:\/\/mhf.ro\/mm\/analfabetism-programat\/"]}]},{"@type":"ImageObject","inLanguage":"ro-RO","@id":"https:\/\/mhf.ro\/mm\/analfabetism-programat\/#primaryimage","url":"https:\/\/mhf.ro\/mm\/wp-content\/uploads\/2020\/05\/school-analfabetism.jpg","contentUrl":"https:\/\/mhf.ro\/mm\/wp-content\/uploads\/2020\/05\/school-analfabetism.jpg","width":1280,"height":842},{"@type":"BreadcrumbList","@id":"https:\/\/mhf.ro\/mm\/analfabetism-programat\/#breadcrumb","itemListElement":[{"@type":"ListItem","position":1,"name":"Prima pagin\u0103","item":"https:\/\/mhf.ro\/mm\/"},{"@type":"ListItem","position":2,"name":"ANALFABETISM PROGRAMAT"}]},{"@type":"WebSite","@id":"https:\/\/mhf.ro\/mm\/#website","url":"https:\/\/mhf.ro\/mm\/","name":"MHF Photography \u2013 Blog de fotografie, natur\u0103 \u0219i tehnic\u0103 divers\u0103","description":"Aventur\u0103 \u00een fiecare cadru.","publisher":{"@id":"https:\/\/mhf.ro\/mm\/#\/schema\/person\/a3bebf7bdb4bf12f698aff73c7e46c21"},"potentialAction":[{"@type":"SearchAction","target":{"@type":"EntryPoint","urlTemplate":"https:\/\/mhf.ro\/mm\/?s={search_term_string}"},"query-input":{"@type":"PropertyValueSpecification","valueRequired":true,"valueName":"search_term_string"}}],"inLanguage":"ro-RO"},{"@type":["Person","Organization"],"@id":"https:\/\/mhf.ro\/mm\/#\/schema\/person\/a3bebf7bdb4bf12f698aff73c7e46c21","name":"Marius Marcu","image":{"@type":"ImageObject","inLanguage":"ro-RO","@id":"https:\/\/mhf.ro\/mm\/#\/schema\/person\/image\/","url":"https:\/\/mhf.ro\/mm\/wp-content\/uploads\/2025\/12\/cropped-logo_mhf_2.png","contentUrl":"https:\/\/mhf.ro\/mm\/wp-content\/uploads\/2025\/12\/cropped-logo_mhf_2.png","width":1096,"height":457,"caption":"Marius Marcu"},"logo":{"@id":"https:\/\/mhf.ro\/mm\/#\/schema\/person\/image\/"},"sameAs":["https:\/\/mhf.ro\/mm"],"url":"https:\/\/mhf.ro\/mm\/author\/mihai\/"}]}},"_links":{"self":[{"href":"https:\/\/mhf.ro\/mm\/wp-json\/wp\/v2\/posts\/1520","targetHints":{"allow":["GET"]}}],"collection":[{"href":"https:\/\/mhf.ro\/mm\/wp-json\/wp\/v2\/posts"}],"about":[{"href":"https:\/\/mhf.ro\/mm\/wp-json\/wp\/v2\/types\/post"}],"author":[{"embeddable":true,"href":"https:\/\/mhf.ro\/mm\/wp-json\/wp\/v2\/users\/1"}],"replies":[{"embeddable":true,"href":"https:\/\/mhf.ro\/mm\/wp-json\/wp\/v2\/comments?post=1520"}],"version-history":[{"count":3,"href":"https:\/\/mhf.ro\/mm\/wp-json\/wp\/v2\/posts\/1520\/revisions"}],"predecessor-version":[{"id":1762,"href":"https:\/\/mhf.ro\/mm\/wp-json\/wp\/v2\/posts\/1520\/revisions\/1762"}],"wp:featuredmedia":[{"embeddable":true,"href":"https:\/\/mhf.ro\/mm\/wp-json\/wp\/v2\/media\/1521"}],"wp:attachment":[{"href":"https:\/\/mhf.ro\/mm\/wp-json\/wp\/v2\/media?parent=1520"}],"wp:term":[{"taxonomy":"category","embeddable":true,"href":"https:\/\/mhf.ro\/mm\/wp-json\/wp\/v2\/categories?post=1520"},{"taxonomy":"post_tag","embeddable":true,"href":"https:\/\/mhf.ro\/mm\/wp-json\/wp\/v2\/tags?post=1520"}],"curies":[{"name":"wp","href":"https:\/\/api.w.org\/{rel}","templated":true}]}}