{"id":1572,"date":"2020-05-22T11:18:11","date_gmt":"2020-05-22T09:18:11","guid":{"rendered":"https:\/\/mhf.ro\/mm\/?p=1572"},"modified":"2021-04-21T08:46:07","modified_gmt":"2021-04-21T06:46:07","slug":"o-ruga-azi-spre-tine","status":"publish","type":"post","link":"https:\/\/mhf.ro\/mm\/o-ruga-azi-spre-tine\/","title":{"rendered":"O ruga azi spre Tine&#8230;"},"content":{"rendered":"<p>O ruga tinde azi spre Tine<br \/>\ninger care ma-nsotesti<br \/>\nsi-n durerea ce m-apasa<span class=\"text_exposed_show\"><br \/>\nlacrimi multe-mi irosesti&#8230;<\/span><\/p>\n<p>Eu inchin aceeasi ruga<br \/>\nastazi ca si tot mereu<br \/>\neste ruga mea spre tine<br \/>\ninger a lui Dumnezeu!<\/p>\n<p>Vreau sa cred ca multa vreme<br \/>\ntu urechea iti apleci<br \/>\nsi in zborul tau prin lume&#8230;<br \/>\ntu de rele ma feresti!<\/p>\n<p>Inger, Ingerelul meu<br \/>\nrogu-te fierbinte<br \/>\nsanatate ca sa-mi dai<br \/>\nsi mersu-mi inainte.<\/p>\n<p>Vreau acum in prag de seara<br \/>\nsa ma culc sa-ti multumesc<br \/>\nsi aceasta ruga-ti fac&#8230;<br \/>\nca sa stii ca te iubesc!<\/p>\n","protected":false},"excerpt":{"rendered":"<p>O ruga tinde azi spre Tine inger care ma-nsotesti si-n durerea ce m-apasa lacrimi multe-mi irosesti&#8230; Eu inchin aceeasi ruga<\/p>\n","protected":false},"author":3,"featured_media":1577,"comment_status":"open","ping_status":"open","sticky":false,"template":"","format":"standard","meta":{"colormag_page_container_layout":"default_layout","colormag_page_sidebar_layout":"default_layout","footnotes":""},"categories":[21,8],"tags":[],"class_list":["post-1572","post","type-post","status-publish","format-standard","has-post-thumbnail","hentry","category-arta","category-div"],"yoast_head":"<!-- This site is optimized with the Yoast SEO plugin v27.0 - https:\/\/yoast.com\/product\/yoast-seo-wordpress\/ -->\n<title>O ruga azi spre Tine... - MHF Photography<\/title>\n<meta name=\"description\" content=\"O ruga tinde azi spre Tineinger care ma-nsotestisi-n durerea ce m-apasalacrimi multe-mi irosesti...Eu inchin aceeasi rugaastazi ca si tot mereueste ruga...\" \/>\n<meta name=\"robots\" content=\"index, follow, max-snippet:-1, max-image-preview:large, max-video-preview:-1\" \/>\n<link rel=\"canonical\" href=\"https:\/\/mhf.ro\/mm\/o-ruga-azi-spre-tine\/\" \/>\n<meta property=\"og:locale\" content=\"ro_RO\" \/>\n<meta property=\"og:type\" content=\"article\" \/>\n<meta property=\"og:title\" content=\"O ruga azi spre Tine... - MHF Photography\" \/>\n<meta property=\"og:description\" content=\"O ruga tinde azi spre Tineinger care ma-nsotestisi-n durerea ce m-apasalacrimi multe-mi irosesti...Eu inchin aceeasi rugaastazi ca si tot mereueste ruga...\" \/>\n<meta property=\"og:url\" content=\"https:\/\/mhf.ro\/mm\/o-ruga-azi-spre-tine\/\" \/>\n<meta property=\"og:site_name\" content=\"MHF Photography\" \/>\n<meta property=\"article:published_time\" content=\"2020-05-22T09:18:11+00:00\" \/>\n<meta property=\"article:modified_time\" content=\"2021-04-21T06:46:07+00:00\" \/>\n<meta property=\"og:image\" content=\"https:\/\/mhf.ro\/mm\/wp-content\/uploads\/2020\/05\/rugaciune.jpg\" \/>\n\t<meta property=\"og:image:width\" content=\"1280\" \/>\n\t<meta property=\"og:image:height\" content=\"854\" \/>\n\t<meta property=\"og:image:type\" content=\"image\/jpeg\" \/>\n<meta name=\"author\" content=\"Ciurtin Tavi\" \/>\n<meta name=\"twitter:card\" content=\"summary_large_image\" \/>\n<meta name=\"twitter:label1\" content=\"Scris de\" \/>\n\t<meta name=\"twitter:data1\" content=\"Ciurtin Tavi\" \/>\n<script type=\"application\/ld+json\" class=\"yoast-schema-graph\">{\"@context\":\"https:\/\/schema.org\",\"@graph\":[{\"@type\":\"Article\",\"@id\":\"https:\/\/mhf.ro\/mm\/o-ruga-azi-spre-tine\/#article\",\"isPartOf\":{\"@id\":\"https:\/\/mhf.ro\/mm\/o-ruga-azi-spre-tine\/\"},\"author\":{\"name\":\"Ciurtin Tavi\",\"@id\":\"https:\/\/mhf.ro\/mm\/#\/schema\/person\/d2e8248dfe54de3d7284ff7254d2e29b\"},\"headline\":\"O ruga azi spre Tine&#8230;\",\"datePublished\":\"2020-05-22T09:18:11+00:00\",\"dateModified\":\"2021-04-21T06:46:07+00:00\",\"mainEntityOfPage\":{\"@id\":\"https:\/\/mhf.ro\/mm\/o-ruga-azi-spre-tine\/\"},\"wordCount\":93,\"commentCount\":2,\"publisher\":{\"@id\":\"https:\/\/mhf.ro\/mm\/#\/schema\/person\/a3bebf7bdb4bf12f698aff73c7e46c21\"},\"image\":{\"@id\":\"https:\/\/mhf.ro\/mm\/o-ruga-azi-spre-tine\/#primaryimage\"},\"thumbnailUrl\":\"https:\/\/mhf.ro\/mm\/wp-content\/uploads\/2020\/05\/rugaciune.jpg\",\"articleSection\":[\"Arta\",\"Diverse\"],\"inLanguage\":\"ro-RO\",\"potentialAction\":[{\"@type\":\"CommentAction\",\"name\":\"Comment\",\"target\":[\"https:\/\/mhf.ro\/mm\/o-ruga-azi-spre-tine\/#respond\"]}]},{\"@type\":\"WebPage\",\"@id\":\"https:\/\/mhf.ro\/mm\/o-ruga-azi-spre-tine\/\",\"url\":\"https:\/\/mhf.ro\/mm\/o-ruga-azi-spre-tine\/\",\"name\":\"O ruga azi spre Tine... - MHF Photography\",\"isPartOf\":{\"@id\":\"https:\/\/mhf.ro\/mm\/#website\"},\"primaryImageOfPage\":{\"@id\":\"https:\/\/mhf.ro\/mm\/o-ruga-azi-spre-tine\/#primaryimage\"},\"image\":{\"@id\":\"https:\/\/mhf.ro\/mm\/o-ruga-azi-spre-tine\/#primaryimage\"},\"thumbnailUrl\":\"https:\/\/mhf.ro\/mm\/wp-content\/uploads\/2020\/05\/rugaciune.jpg\",\"datePublished\":\"2020-05-22T09:18:11+00:00\",\"dateModified\":\"2021-04-21T06:46:07+00:00\",\"description\":\"O ruga tinde azi spre Tineinger care ma-nsotestisi-n durerea ce m-apasalacrimi multe-mi irosesti...Eu inchin aceeasi rugaastazi ca si tot mereueste ruga...\",\"breadcrumb\":{\"@id\":\"https:\/\/mhf.ro\/mm\/o-ruga-azi-spre-tine\/#breadcrumb\"},\"inLanguage\":\"ro-RO\",\"potentialAction\":[{\"@type\":\"ReadAction\",\"target\":[\"https:\/\/mhf.ro\/mm\/o-ruga-azi-spre-tine\/\"]}]},{\"@type\":\"ImageObject\",\"inLanguage\":\"ro-RO\",\"@id\":\"https:\/\/mhf.ro\/mm\/o-ruga-azi-spre-tine\/#primaryimage\",\"url\":\"https:\/\/mhf.ro\/mm\/wp-content\/uploads\/2020\/05\/rugaciune.jpg\",\"contentUrl\":\"https:\/\/mhf.ro\/mm\/wp-content\/uploads\/2020\/05\/rugaciune.jpg\",\"width\":1280,\"height\":854},{\"@type\":\"BreadcrumbList\",\"@id\":\"https:\/\/mhf.ro\/mm\/o-ruga-azi-spre-tine\/#breadcrumb\",\"itemListElement\":[{\"@type\":\"ListItem\",\"position\":1,\"name\":\"Prima pagin\u0103\",\"item\":\"https:\/\/mhf.ro\/mm\/\"},{\"@type\":\"ListItem\",\"position\":2,\"name\":\"O ruga azi spre Tine&#8230;\"}]},{\"@type\":\"WebSite\",\"@id\":\"https:\/\/mhf.ro\/mm\/#website\",\"url\":\"https:\/\/mhf.ro\/mm\/\",\"name\":\"MHF Photography \u2013 Blog de fotografie, natur\u0103 \u0219i tehnic\u0103 divers\u0103\",\"description\":\"Aventur\u0103 \u00een fiecare cadru.\",\"publisher\":{\"@id\":\"https:\/\/mhf.ro\/mm\/#\/schema\/person\/a3bebf7bdb4bf12f698aff73c7e46c21\"},\"potentialAction\":[{\"@type\":\"SearchAction\",\"target\":{\"@type\":\"EntryPoint\",\"urlTemplate\":\"https:\/\/mhf.ro\/mm\/?s={search_term_string}\"},\"query-input\":{\"@type\":\"PropertyValueSpecification\",\"valueRequired\":true,\"valueName\":\"search_term_string\"}}],\"inLanguage\":\"ro-RO\"},{\"@type\":[\"Person\",\"Organization\"],\"@id\":\"https:\/\/mhf.ro\/mm\/#\/schema\/person\/a3bebf7bdb4bf12f698aff73c7e46c21\",\"name\":\"Marius Marcu\",\"image\":{\"@type\":\"ImageObject\",\"inLanguage\":\"ro-RO\",\"@id\":\"https:\/\/mhf.ro\/mm\/#\/schema\/person\/image\/\",\"url\":\"https:\/\/mhf.ro\/mm\/wp-content\/uploads\/2025\/12\/cropped-logo_mhf_2.png\",\"contentUrl\":\"https:\/\/mhf.ro\/mm\/wp-content\/uploads\/2025\/12\/cropped-logo_mhf_2.png\",\"width\":1096,\"height\":457,\"caption\":\"Marius Marcu\"},\"logo\":{\"@id\":\"https:\/\/mhf.ro\/mm\/#\/schema\/person\/image\/\"},\"sameAs\":[\"https:\/\/mhf.ro\/mm\"]},{\"@type\":\"Person\",\"@id\":\"https:\/\/mhf.ro\/mm\/#\/schema\/person\/d2e8248dfe54de3d7284ff7254d2e29b\",\"name\":\"Ciurtin Tavi\",\"image\":{\"@type\":\"ImageObject\",\"inLanguage\":\"ro-RO\",\"@id\":\"https:\/\/mhf.ro\/mm\/#\/schema\/person\/image\/\",\"url\":\"https:\/\/secure.gravatar.com\/avatar\/5afa01044b4e9328c510b64d3aa571c665404d2e22859f2e114ebd21774aab9c?s=96&d=monsterid&r=g\",\"contentUrl\":\"https:\/\/secure.gravatar.com\/avatar\/5afa01044b4e9328c510b64d3aa571c665404d2e22859f2e114ebd21774aab9c?s=96&d=monsterid&r=g\",\"caption\":\"Ciurtin Tavi\"},\"description\":\"N-am crezut niciodata ca ce am vizionat in vis, va fi permanent lege pentru mine... as fi isteric sa cred, ca, chiar eu pot sa-mi duc neputinta atat de mult sa cred ca eu... nu mai stiu sa glumesc, cu el, cu ea, cu tine, si in ultimul rand... cu mine... stii ce as vrea? ca eu nu stiu.... ma catar doar pe o dorinta, fumeganda-n mintea mea, asa, apucata de un ciucur ca un vis.... un vis legitim, nu unul....labartit din memoria somnului, ca... ultima discutie cu tine! hai, pa... ma duc sa-mi mustruluiesc, speranta de-a avea curajul sa revina la suprafata inaintea zorilor .\",\"sameAs\":[\"https:\/\/mhf.ro\/mm\"],\"url\":\"https:\/\/mhf.ro\/mm\/author\/tavi\/\"}]}<\/script>\n<!-- \/ Yoast SEO plugin. -->","yoast_head_json":{"title":"O ruga azi spre Tine... - MHF Photography","description":"O ruga tinde azi spre Tineinger care ma-nsotestisi-n durerea ce m-apasalacrimi multe-mi irosesti...Eu inchin aceeasi rugaastazi ca si tot mereueste ruga...","robots":{"index":"index","follow":"follow","max-snippet":"max-snippet:-1","max-image-preview":"max-image-preview:large","max-video-preview":"max-video-preview:-1"},"canonical":"https:\/\/mhf.ro\/mm\/o-ruga-azi-spre-tine\/","og_locale":"ro_RO","og_type":"article","og_title":"O ruga azi spre Tine... - MHF Photography","og_description":"O ruga tinde azi spre Tineinger care ma-nsotestisi-n durerea ce m-apasalacrimi multe-mi irosesti...Eu inchin aceeasi rugaastazi ca si tot mereueste ruga...","og_url":"https:\/\/mhf.ro\/mm\/o-ruga-azi-spre-tine\/","og_site_name":"MHF Photography","article_published_time":"2020-05-22T09:18:11+00:00","article_modified_time":"2021-04-21T06:46:07+00:00","og_image":[{"width":1280,"height":854,"url":"https:\/\/mhf.ro\/mm\/wp-content\/uploads\/2020\/05\/rugaciune.jpg","type":"image\/jpeg"}],"author":"Ciurtin Tavi","twitter_card":"summary_large_image","twitter_misc":{"Scris de":"Ciurtin Tavi"},"schema":{"@context":"https:\/\/schema.org","@graph":[{"@type":"Article","@id":"https:\/\/mhf.ro\/mm\/o-ruga-azi-spre-tine\/#article","isPartOf":{"@id":"https:\/\/mhf.ro\/mm\/o-ruga-azi-spre-tine\/"},"author":{"name":"Ciurtin Tavi","@id":"https:\/\/mhf.ro\/mm\/#\/schema\/person\/d2e8248dfe54de3d7284ff7254d2e29b"},"headline":"O ruga azi spre Tine&#8230;","datePublished":"2020-05-22T09:18:11+00:00","dateModified":"2021-04-21T06:46:07+00:00","mainEntityOfPage":{"@id":"https:\/\/mhf.ro\/mm\/o-ruga-azi-spre-tine\/"},"wordCount":93,"commentCount":2,"publisher":{"@id":"https:\/\/mhf.ro\/mm\/#\/schema\/person\/a3bebf7bdb4bf12f698aff73c7e46c21"},"image":{"@id":"https:\/\/mhf.ro\/mm\/o-ruga-azi-spre-tine\/#primaryimage"},"thumbnailUrl":"https:\/\/mhf.ro\/mm\/wp-content\/uploads\/2020\/05\/rugaciune.jpg","articleSection":["Arta","Diverse"],"inLanguage":"ro-RO","potentialAction":[{"@type":"CommentAction","name":"Comment","target":["https:\/\/mhf.ro\/mm\/o-ruga-azi-spre-tine\/#respond"]}]},{"@type":"WebPage","@id":"https:\/\/mhf.ro\/mm\/o-ruga-azi-spre-tine\/","url":"https:\/\/mhf.ro\/mm\/o-ruga-azi-spre-tine\/","name":"O ruga azi spre Tine... - MHF Photography","isPartOf":{"@id":"https:\/\/mhf.ro\/mm\/#website"},"primaryImageOfPage":{"@id":"https:\/\/mhf.ro\/mm\/o-ruga-azi-spre-tine\/#primaryimage"},"image":{"@id":"https:\/\/mhf.ro\/mm\/o-ruga-azi-spre-tine\/#primaryimage"},"thumbnailUrl":"https:\/\/mhf.ro\/mm\/wp-content\/uploads\/2020\/05\/rugaciune.jpg","datePublished":"2020-05-22T09:18:11+00:00","dateModified":"2021-04-21T06:46:07+00:00","description":"O ruga tinde azi spre Tineinger care ma-nsotestisi-n durerea ce m-apasalacrimi multe-mi irosesti...Eu inchin aceeasi rugaastazi ca si tot mereueste ruga...","breadcrumb":{"@id":"https:\/\/mhf.ro\/mm\/o-ruga-azi-spre-tine\/#breadcrumb"},"inLanguage":"ro-RO","potentialAction":[{"@type":"ReadAction","target":["https:\/\/mhf.ro\/mm\/o-ruga-azi-spre-tine\/"]}]},{"@type":"ImageObject","inLanguage":"ro-RO","@id":"https:\/\/mhf.ro\/mm\/o-ruga-azi-spre-tine\/#primaryimage","url":"https:\/\/mhf.ro\/mm\/wp-content\/uploads\/2020\/05\/rugaciune.jpg","contentUrl":"https:\/\/mhf.ro\/mm\/wp-content\/uploads\/2020\/05\/rugaciune.jpg","width":1280,"height":854},{"@type":"BreadcrumbList","@id":"https:\/\/mhf.ro\/mm\/o-ruga-azi-spre-tine\/#breadcrumb","itemListElement":[{"@type":"ListItem","position":1,"name":"Prima pagin\u0103","item":"https:\/\/mhf.ro\/mm\/"},{"@type":"ListItem","position":2,"name":"O ruga azi spre Tine&#8230;"}]},{"@type":"WebSite","@id":"https:\/\/mhf.ro\/mm\/#website","url":"https:\/\/mhf.ro\/mm\/","name":"MHF Photography \u2013 Blog de fotografie, natur\u0103 \u0219i tehnic\u0103 divers\u0103","description":"Aventur\u0103 \u00een fiecare cadru.","publisher":{"@id":"https:\/\/mhf.ro\/mm\/#\/schema\/person\/a3bebf7bdb4bf12f698aff73c7e46c21"},"potentialAction":[{"@type":"SearchAction","target":{"@type":"EntryPoint","urlTemplate":"https:\/\/mhf.ro\/mm\/?s={search_term_string}"},"query-input":{"@type":"PropertyValueSpecification","valueRequired":true,"valueName":"search_term_string"}}],"inLanguage":"ro-RO"},{"@type":["Person","Organization"],"@id":"https:\/\/mhf.ro\/mm\/#\/schema\/person\/a3bebf7bdb4bf12f698aff73c7e46c21","name":"Marius Marcu","image":{"@type":"ImageObject","inLanguage":"ro-RO","@id":"https:\/\/mhf.ro\/mm\/#\/schema\/person\/image\/","url":"https:\/\/mhf.ro\/mm\/wp-content\/uploads\/2025\/12\/cropped-logo_mhf_2.png","contentUrl":"https:\/\/mhf.ro\/mm\/wp-content\/uploads\/2025\/12\/cropped-logo_mhf_2.png","width":1096,"height":457,"caption":"Marius Marcu"},"logo":{"@id":"https:\/\/mhf.ro\/mm\/#\/schema\/person\/image\/"},"sameAs":["https:\/\/mhf.ro\/mm"]},{"@type":"Person","@id":"https:\/\/mhf.ro\/mm\/#\/schema\/person\/d2e8248dfe54de3d7284ff7254d2e29b","name":"Ciurtin Tavi","image":{"@type":"ImageObject","inLanguage":"ro-RO","@id":"https:\/\/mhf.ro\/mm\/#\/schema\/person\/image\/","url":"https:\/\/secure.gravatar.com\/avatar\/5afa01044b4e9328c510b64d3aa571c665404d2e22859f2e114ebd21774aab9c?s=96&d=monsterid&r=g","contentUrl":"https:\/\/secure.gravatar.com\/avatar\/5afa01044b4e9328c510b64d3aa571c665404d2e22859f2e114ebd21774aab9c?s=96&d=monsterid&r=g","caption":"Ciurtin Tavi"},"description":"N-am crezut niciodata ca ce am vizionat in vis, va fi permanent lege pentru mine... as fi isteric sa cred, ca, chiar eu pot sa-mi duc neputinta atat de mult sa cred ca eu... nu mai stiu sa glumesc, cu el, cu ea, cu tine, si in ultimul rand... cu mine... stii ce as vrea? ca eu nu stiu.... ma catar doar pe o dorinta, fumeganda-n mintea mea, asa, apucata de un ciucur ca un vis.... un vis legitim, nu unul....labartit din memoria somnului, ca... ultima discutie cu tine! hai, pa... ma duc sa-mi mustruluiesc, speranta de-a avea curajul sa revina la suprafata inaintea zorilor .","sameAs":["https:\/\/mhf.ro\/mm"],"url":"https:\/\/mhf.ro\/mm\/author\/tavi\/"}]}},"_links":{"self":[{"href":"https:\/\/mhf.ro\/mm\/wp-json\/wp\/v2\/posts\/1572","targetHints":{"allow":["GET"]}}],"collection":[{"href":"https:\/\/mhf.ro\/mm\/wp-json\/wp\/v2\/posts"}],"about":[{"href":"https:\/\/mhf.ro\/mm\/wp-json\/wp\/v2\/types\/post"}],"author":[{"embeddable":true,"href":"https:\/\/mhf.ro\/mm\/wp-json\/wp\/v2\/users\/3"}],"replies":[{"embeddable":true,"href":"https:\/\/mhf.ro\/mm\/wp-json\/wp\/v2\/comments?post=1572"}],"version-history":[{"count":3,"href":"https:\/\/mhf.ro\/mm\/wp-json\/wp\/v2\/posts\/1572\/revisions"}],"predecessor-version":[{"id":1575,"href":"https:\/\/mhf.ro\/mm\/wp-json\/wp\/v2\/posts\/1572\/revisions\/1575"}],"wp:featuredmedia":[{"embeddable":true,"href":"https:\/\/mhf.ro\/mm\/wp-json\/wp\/v2\/media\/1577"}],"wp:attachment":[{"href":"https:\/\/mhf.ro\/mm\/wp-json\/wp\/v2\/media?parent=1572"}],"wp:term":[{"taxonomy":"category","embeddable":true,"href":"https:\/\/mhf.ro\/mm\/wp-json\/wp\/v2\/categories?post=1572"},{"taxonomy":"post_tag","embeddable":true,"href":"https:\/\/mhf.ro\/mm\/wp-json\/wp\/v2\/tags?post=1572"}],"curies":[{"name":"wp","href":"https:\/\/api.w.org\/{rel}","templated":true}]}}