{"id":1639,"date":"2020-05-25T09:32:35","date_gmt":"2020-05-25T07:32:35","guid":{"rendered":"https:\/\/mhf.ro\/mm\/?p=1639"},"modified":"2025-12-29T10:04:08","modified_gmt":"2025-12-29T08:04:08","slug":"florinte-in-varf-de-creanga","status":"publish","type":"post","link":"https:\/\/mhf.ro\/mm\/florinte-in-varf-de-creanga\/","title":{"rendered":"Florinte \u00een v\u00e2rf de creang\u0103"},"content":{"rendered":"<p>Nu \u0219tiu cum e pe la voi, dar pe la noi eu am v\u0103zut destul de rar aceast\u0103 pas\u0103re \u0219i bine\u00een\u021beles c\u0103 \u0219i mai rar am reu\u0219it s\u0103 o fotografiez. A\u0219a c\u0103 va imagina\u021bi c\u0103 atunci c\u00e2nd am v\u0103zut-o pe un c\u00e2mp, la marginea unei p\u0103duri, am intrat \u00een \u201cstare de alert\u0103 general\u0103\u201d, urm\u0103rind-o s\u0103-i putem face \u0219i noi m\u0103car o fotografie\u2026<\/p>\n<p>Am reu\u0219it s\u0103 o imortalizam, s\u0103 ne bucur\u0103m de priveli\u0219tea oferit\u0103 de aceast\u0103 minunat\u0103 pas\u0103re \u0219i am r\u0103mas \u0219i cu o gr\u0103mad\u0103 de amintiri\u2026 (Ne-am udat bine de tot la picioare, era c\u00e2t pe ce s\u0103 r\u0103m\u00e2nem \u00eempotmoli\u021bi cu totul \u00eentr-o mla\u0219tin\u0103, ni\u0219te s\u0103teni au crezut c\u0103 suntem la furat de lucern\u0103 \u0219i au vrut s\u0103 ne ia la b\u0103taie. Ca s\u0103 nu c\u0103lc\u0103m lucerna oamenilor \u00een picioare, am s\u0103rit \u00een ma\u0219ina, am ocolit lucerna \u0219i am trecut printr-un \u0219an\u021b, din care abia am ie\u0219it, etc\u2026) Bonus, am reu\u0219it s\u0103 fotografiem \u0219i o cioc\u00e2rlie pe care am postat-o anterior (\u201cCioc\u00e2rlie de c\u00e2mp cu m\u00e2ncare \u00een cioc\u201d).<\/p>\n<div id=\"envira-gallery-wrap-1650\" class=\"envira-gallery-wrap envira-gallery-theme-base envira-lightbox-theme-base\" itemscope itemtype=\"https:\/\/schema.org\/ImageGallery\"><div data-row-height=\"150\" data-gallery-theme=\"normal\" id=\"envira-gallery-1650\" class=\"envira-gallery-public envira-gallery-justified-public envira-gallery-0-columns envira-clear enviratope envira-gallery-css-animations\" data-envira-columns=\"0\"><div id=\"envira-gallery-item-1651\" class=\"envira-gallery-item enviratope-item envira-gallery-item-1 envira-lazy-load\" style=\"padding-left: 5px; padding-bottom: 10px; padding-right: 5px;\"  itemscope itemtype=\"https:\/\/schema.org\/ImageObject\"><div class=\"envira-gallery-item-inner\"><div class=\"envira-gallery-position-overlay  envira-gallery-top-left\"><\/div><div class=\"envira-gallery-position-overlay  envira-gallery-top-right\"><\/div><div class=\"envira-gallery-position-overlay  envira-gallery-bottom-left\"><\/div><div class=\"envira-gallery-position-overlay  envira-gallery-bottom-right\"><\/div><a href=\"https:\/\/mhf.ro\/mm\/wp-content\/uploads\/2020\/05\/HCM_1019-acr-1.jpg\" class=\"envira-gallery-1650 envira-gallery-link\" rel=\"enviragallery1650\" title=\"Florinte &icirc;n v&acirc;rf de creang\u0103\" data-envira-caption=\"Florinte &icirc;n v&acirc;rf de creang\u0103\" data-envira-retina=\"\" data-thumbnail=\"\"  itemprop=\"contentUrl\"><img decoding=\"async\" id=\"envira-gallery-image-1651\" class=\"envira-gallery-image envira-gallery-image-1 envira-normal envira-lazy\" data-envira-index=\"1\" src=\"https:\/\/mhf.ro\/mm\/wp-content\/uploads\/2020\/05\/HCM_1019-acr-1-860x1024-640x480.jpg\" data-envira-src=\"https:\/\/mhf.ro\/mm\/wp-content\/uploads\/2020\/05\/HCM_1019-acr-1-860x1024-640x480.jpg\" data-envira-gallery-id=\"1650\" data-envira-item-id=\"1651\" data-envira-caption=\"Florinte &icirc;n v&acirc;rf de creang\u0103\" alt=\"\" title=\"Florinte \u00een v\u00e2rf de creang\u0103\"  itemprop=\"thumbnailUrl\" data-envira-srcset=\"https:\/\/mhf.ro\/mm\/wp-content\/uploads\/2020\/05\/HCM_1019-acr-1-860x1024-640x480.jpg 400w,https:\/\/mhf.ro\/mm\/wp-content\/uploads\/2020\/05\/HCM_1019-acr-1-860x1024-640x480.jpg 2x\" data-envira-width=\"252\" data-envira-height=\"300\" srcset=\"data:image\/gif;base64,R0lGODlhAQABAIAAAP\/\/\/\/\/\/\/yH5BAEKAAEALAAAAAABAAEAAAICTAEAOw==\" data-safe-src=\"data:image\/gif;base64,R0lGODlhAQABAIAAAP\/\/\/\/\/\/\/yH5BAEKAAEALAAAAAABAAEAAAICTAEAOw==\" \/><\/a><\/div><\/div><\/div><\/div><noscript><img decoding=\"async\" src=\"https:\/\/mhf.ro\/mm\/wp-content\/uploads\/2020\/05\/HCM_1019-acr-1.jpg\" alt=\"\" \/><\/noscript>\n<p>Foto:<a href=\"https:\/\/www.facebook.com\/CristianHauptman\"> Cristian Hauptman<\/a><\/p>\n<p>&nbsp;<\/p>\n<p><a href=\"http:\/\/riz.ro\" target=\"_blank\" rel=\"noopener noreferrer\"><img decoding=\"async\" class=\"alignright wp-image-1187\" src=\"https:\/\/mhf.ro\/mm\/wp-content\/uploads\/2020\/05\/ReclamaRiz_1-150x150.png\" alt=\"Profile din polistiren\" width=\"110\" height=\"41\" srcset=\"https:\/\/mhf.ro\/mm\/wp-content\/uploads\/2020\/05\/ReclamaRiz_1-300x111.png 300w, https:\/\/mhf.ro\/mm\/wp-content\/uploads\/2020\/05\/ReclamaRiz_1-1024x377.png 1024w, https:\/\/mhf.ro\/mm\/wp-content\/uploads\/2020\/05\/ReclamaRiz_1-768x283.png 768w, https:\/\/mhf.ro\/mm\/wp-content\/uploads\/2020\/05\/ReclamaRiz_1.png 1295w\" sizes=\"(max-width: 110px) 100vw, 110px\" \/><\/a><\/p>\n<p>&nbsp;<\/p>\n","protected":false},"excerpt":{"rendered":"<p>Nu \u0219tiu cum e pe la voi, dar pe la noi eu am v\u0103zut destul de rar aceast\u0103 pas\u0103re \u0219i<\/p>\n","protected":false},"author":9,"featured_media":1643,"comment_status":"open","ping_status":"open","sticky":false,"template":"","format":"standard","meta":{"colormag_page_container_layout":"default_layout","colormag_page_sidebar_layout":"default_layout","footnotes":""},"categories":[40,66],"tags":[24],"class_list":["post-1639","post","type-post","status-publish","format-standard","has-post-thumbnail","hentry","category-fotografi-diverse","category-wildlife","tag-florinte"],"yoast_head":"<!-- This site is optimized with the Yoast SEO plugin v27.0 - https:\/\/yoast.com\/product\/yoast-seo-wordpress\/ -->\n<title>Florinte \u00een v\u00e2rf de creang\u0103 - MHF Photography<\/title>\n<meta name=\"description\" content=\"Am reu\u0219it s\u0103 o imortalizam, s\u0103 ne bucur\u0103m de priveli\u0219tea oferit\u0103 de aceast\u0103 minunat\u0103 pas\u0103re \u0219i am r\u0103mas \u0219i cu o gr\u0103mad\u0103 de amintiri\u2026 (Ne-am udat bine de...\" \/>\n<meta name=\"robots\" content=\"index, follow, max-snippet:-1, max-image-preview:large, max-video-preview:-1\" \/>\n<link rel=\"canonical\" href=\"https:\/\/mhf.ro\/mm\/florinte-in-varf-de-creanga\/\" \/>\n<meta property=\"og:locale\" content=\"ro_RO\" \/>\n<meta property=\"og:type\" content=\"article\" \/>\n<meta property=\"og:title\" content=\"Florinte \u00een v\u00e2rf de creang\u0103 - MHF Photography\" \/>\n<meta property=\"og:description\" content=\"Am reu\u0219it s\u0103 o imortalizam, s\u0103 ne bucur\u0103m de priveli\u0219tea oferit\u0103 de aceast\u0103 minunat\u0103 pas\u0103re \u0219i am r\u0103mas \u0219i cu o gr\u0103mad\u0103 de amintiri\u2026 (Ne-am udat bine de...\" \/>\n<meta property=\"og:url\" content=\"https:\/\/mhf.ro\/mm\/florinte-in-varf-de-creanga\/\" \/>\n<meta property=\"og:site_name\" content=\"MHF Photography\" \/>\n<meta property=\"article:published_time\" content=\"2020-05-25T07:32:35+00:00\" \/>\n<meta property=\"article:modified_time\" content=\"2025-12-29T08:04:08+00:00\" \/>\n<meta property=\"og:image\" content=\"https:\/\/mhf.ro\/mm\/wp-content\/uploads\/2020\/05\/HCM_1019-acr-vb-1.jpg\" \/>\n\t<meta property=\"og:image:width\" content=\"1552\" \/>\n\t<meta property=\"og:image:height\" content=\"1037\" \/>\n\t<meta property=\"og:image:type\" content=\"image\/jpeg\" \/>\n<meta name=\"author\" content=\"Cristian Hauptman\" \/>\n<meta name=\"twitter:card\" content=\"summary_large_image\" \/>\n<meta name=\"twitter:label1\" content=\"Scris de\" \/>\n\t<meta name=\"twitter:data1\" content=\"Cristian Hauptman\" \/>\n\t<meta name=\"twitter:label2\" content=\"Timp estimat pentru citire\" \/>\n\t<meta name=\"twitter:data2\" content=\"1 minut\" \/>\n<script type=\"application\/ld+json\" class=\"yoast-schema-graph\">{\"@context\":\"https:\/\/schema.org\",\"@graph\":[{\"@type\":\"Article\",\"@id\":\"https:\/\/mhf.ro\/mm\/florinte-in-varf-de-creanga\/#article\",\"isPartOf\":{\"@id\":\"https:\/\/mhf.ro\/mm\/florinte-in-varf-de-creanga\/\"},\"author\":{\"name\":\"Cristian Hauptman\",\"@id\":\"https:\/\/mhf.ro\/mm\/#\/schema\/person\/a9e3f3e13c805b0762b3675325cd1582\"},\"headline\":\"Florinte \u00een v\u00e2rf de creang\u0103\",\"datePublished\":\"2020-05-25T07:32:35+00:00\",\"dateModified\":\"2025-12-29T08:04:08+00:00\",\"mainEntityOfPage\":{\"@id\":\"https:\/\/mhf.ro\/mm\/florinte-in-varf-de-creanga\/\"},\"wordCount\":219,\"commentCount\":0,\"publisher\":{\"@id\":\"https:\/\/mhf.ro\/mm\/#\/schema\/person\/a3bebf7bdb4bf12f698aff73c7e46c21\"},\"image\":{\"@id\":\"https:\/\/mhf.ro\/mm\/florinte-in-varf-de-creanga\/#primaryimage\"},\"thumbnailUrl\":\"https:\/\/mhf.ro\/mm\/wp-content\/uploads\/2020\/05\/HCM_1019-acr-vb-1.jpg\",\"keywords\":[\"Florinte\"],\"articleSection\":[\"Foto\",\"Wildlife\"],\"inLanguage\":\"ro-RO\",\"potentialAction\":[{\"@type\":\"CommentAction\",\"name\":\"Comment\",\"target\":[\"https:\/\/mhf.ro\/mm\/florinte-in-varf-de-creanga\/#respond\"]}]},{\"@type\":\"WebPage\",\"@id\":\"https:\/\/mhf.ro\/mm\/florinte-in-varf-de-creanga\/\",\"url\":\"https:\/\/mhf.ro\/mm\/florinte-in-varf-de-creanga\/\",\"name\":\"Florinte \u00een v\u00e2rf de creang\u0103 - MHF Photography\",\"isPartOf\":{\"@id\":\"https:\/\/mhf.ro\/mm\/#website\"},\"primaryImageOfPage\":{\"@id\":\"https:\/\/mhf.ro\/mm\/florinte-in-varf-de-creanga\/#primaryimage\"},\"image\":{\"@id\":\"https:\/\/mhf.ro\/mm\/florinte-in-varf-de-creanga\/#primaryimage\"},\"thumbnailUrl\":\"https:\/\/mhf.ro\/mm\/wp-content\/uploads\/2020\/05\/HCM_1019-acr-vb-1.jpg\",\"datePublished\":\"2020-05-25T07:32:35+00:00\",\"dateModified\":\"2025-12-29T08:04:08+00:00\",\"description\":\"Am reu\u0219it s\u0103 o imortalizam, s\u0103 ne bucur\u0103m de priveli\u0219tea oferit\u0103 de aceast\u0103 minunat\u0103 pas\u0103re \u0219i am r\u0103mas \u0219i cu o gr\u0103mad\u0103 de amintiri\u2026 (Ne-am udat bine de...\",\"breadcrumb\":{\"@id\":\"https:\/\/mhf.ro\/mm\/florinte-in-varf-de-creanga\/#breadcrumb\"},\"inLanguage\":\"ro-RO\",\"potentialAction\":[{\"@type\":\"ReadAction\",\"target\":[\"https:\/\/mhf.ro\/mm\/florinte-in-varf-de-creanga\/\"]}]},{\"@type\":\"ImageObject\",\"inLanguage\":\"ro-RO\",\"@id\":\"https:\/\/mhf.ro\/mm\/florinte-in-varf-de-creanga\/#primaryimage\",\"url\":\"https:\/\/mhf.ro\/mm\/wp-content\/uploads\/2020\/05\/HCM_1019-acr-vb-1.jpg\",\"contentUrl\":\"https:\/\/mhf.ro\/mm\/wp-content\/uploads\/2020\/05\/HCM_1019-acr-vb-1.jpg\",\"width\":1552,\"height\":1037},{\"@type\":\"BreadcrumbList\",\"@id\":\"https:\/\/mhf.ro\/mm\/florinte-in-varf-de-creanga\/#breadcrumb\",\"itemListElement\":[{\"@type\":\"ListItem\",\"position\":1,\"name\":\"Prima pagin\u0103\",\"item\":\"https:\/\/mhf.ro\/mm\/\"},{\"@type\":\"ListItem\",\"position\":2,\"name\":\"Florinte \u00een v\u00e2rf de creang\u0103\"}]},{\"@type\":\"WebSite\",\"@id\":\"https:\/\/mhf.ro\/mm\/#website\",\"url\":\"https:\/\/mhf.ro\/mm\/\",\"name\":\"MHF Photography \u2013 Blog de fotografie, natur\u0103 \u0219i tehnic\u0103 divers\u0103\",\"description\":\"Aventur\u0103 \u00een fiecare cadru.\",\"publisher\":{\"@id\":\"https:\/\/mhf.ro\/mm\/#\/schema\/person\/a3bebf7bdb4bf12f698aff73c7e46c21\"},\"potentialAction\":[{\"@type\":\"SearchAction\",\"target\":{\"@type\":\"EntryPoint\",\"urlTemplate\":\"https:\/\/mhf.ro\/mm\/?s={search_term_string}\"},\"query-input\":{\"@type\":\"PropertyValueSpecification\",\"valueRequired\":true,\"valueName\":\"search_term_string\"}}],\"inLanguage\":\"ro-RO\"},{\"@type\":[\"Person\",\"Organization\"],\"@id\":\"https:\/\/mhf.ro\/mm\/#\/schema\/person\/a3bebf7bdb4bf12f698aff73c7e46c21\",\"name\":\"Marius Marcu\",\"image\":{\"@type\":\"ImageObject\",\"inLanguage\":\"ro-RO\",\"@id\":\"https:\/\/mhf.ro\/mm\/#\/schema\/person\/image\/\",\"url\":\"https:\/\/mhf.ro\/mm\/wp-content\/uploads\/2025\/12\/cropped-logo_mhf_2.png\",\"contentUrl\":\"https:\/\/mhf.ro\/mm\/wp-content\/uploads\/2025\/12\/cropped-logo_mhf_2.png\",\"width\":1096,\"height\":457,\"caption\":\"Marius Marcu\"},\"logo\":{\"@id\":\"https:\/\/mhf.ro\/mm\/#\/schema\/person\/image\/\"},\"sameAs\":[\"https:\/\/mhf.ro\/mm\"]},{\"@type\":\"Person\",\"@id\":\"https:\/\/mhf.ro\/mm\/#\/schema\/person\/a9e3f3e13c805b0762b3675325cd1582\",\"name\":\"Cristian Hauptman\",\"image\":{\"@type\":\"ImageObject\",\"inLanguage\":\"ro-RO\",\"@id\":\"https:\/\/mhf.ro\/mm\/#\/schema\/person\/image\/\",\"url\":\"https:\/\/secure.gravatar.com\/avatar\/d10c2765195808565e64bc4a67a4bff91e0da630507572b7f68b7be8a94a4e37?s=96&d=monsterid&r=g\",\"contentUrl\":\"https:\/\/secure.gravatar.com\/avatar\/d10c2765195808565e64bc4a67a4bff91e0da630507572b7f68b7be8a94a4e37?s=96&d=monsterid&r=g\",\"caption\":\"Cristian Hauptman\"},\"sameAs\":[\"https:\/\/mhf.ro\/mm\"],\"url\":\"https:\/\/mhf.ro\/mm\/author\/cristi\/\"}]}<\/script>\n<!-- \/ Yoast SEO plugin. -->","yoast_head_json":{"title":"Florinte \u00een v\u00e2rf de creang\u0103 - MHF Photography","description":"Am reu\u0219it s\u0103 o imortalizam, s\u0103 ne bucur\u0103m de priveli\u0219tea oferit\u0103 de aceast\u0103 minunat\u0103 pas\u0103re \u0219i am r\u0103mas \u0219i cu o gr\u0103mad\u0103 de amintiri\u2026 (Ne-am udat bine de...","robots":{"index":"index","follow":"follow","max-snippet":"max-snippet:-1","max-image-preview":"max-image-preview:large","max-video-preview":"max-video-preview:-1"},"canonical":"https:\/\/mhf.ro\/mm\/florinte-in-varf-de-creanga\/","og_locale":"ro_RO","og_type":"article","og_title":"Florinte \u00een v\u00e2rf de creang\u0103 - MHF Photography","og_description":"Am reu\u0219it s\u0103 o imortalizam, s\u0103 ne bucur\u0103m de priveli\u0219tea oferit\u0103 de aceast\u0103 minunat\u0103 pas\u0103re \u0219i am r\u0103mas \u0219i cu o gr\u0103mad\u0103 de amintiri\u2026 (Ne-am udat bine de...","og_url":"https:\/\/mhf.ro\/mm\/florinte-in-varf-de-creanga\/","og_site_name":"MHF Photography","article_published_time":"2020-05-25T07:32:35+00:00","article_modified_time":"2025-12-29T08:04:08+00:00","og_image":[{"width":1552,"height":1037,"url":"https:\/\/mhf.ro\/mm\/wp-content\/uploads\/2020\/05\/HCM_1019-acr-vb-1.jpg","type":"image\/jpeg"}],"author":"Cristian Hauptman","twitter_card":"summary_large_image","twitter_misc":{"Scris de":"Cristian Hauptman","Timp estimat pentru citire":"1 minut"},"schema":{"@context":"https:\/\/schema.org","@graph":[{"@type":"Article","@id":"https:\/\/mhf.ro\/mm\/florinte-in-varf-de-creanga\/#article","isPartOf":{"@id":"https:\/\/mhf.ro\/mm\/florinte-in-varf-de-creanga\/"},"author":{"name":"Cristian Hauptman","@id":"https:\/\/mhf.ro\/mm\/#\/schema\/person\/a9e3f3e13c805b0762b3675325cd1582"},"headline":"Florinte \u00een v\u00e2rf de creang\u0103","datePublished":"2020-05-25T07:32:35+00:00","dateModified":"2025-12-29T08:04:08+00:00","mainEntityOfPage":{"@id":"https:\/\/mhf.ro\/mm\/florinte-in-varf-de-creanga\/"},"wordCount":219,"commentCount":0,"publisher":{"@id":"https:\/\/mhf.ro\/mm\/#\/schema\/person\/a3bebf7bdb4bf12f698aff73c7e46c21"},"image":{"@id":"https:\/\/mhf.ro\/mm\/florinte-in-varf-de-creanga\/#primaryimage"},"thumbnailUrl":"https:\/\/mhf.ro\/mm\/wp-content\/uploads\/2020\/05\/HCM_1019-acr-vb-1.jpg","keywords":["Florinte"],"articleSection":["Foto","Wildlife"],"inLanguage":"ro-RO","potentialAction":[{"@type":"CommentAction","name":"Comment","target":["https:\/\/mhf.ro\/mm\/florinte-in-varf-de-creanga\/#respond"]}]},{"@type":"WebPage","@id":"https:\/\/mhf.ro\/mm\/florinte-in-varf-de-creanga\/","url":"https:\/\/mhf.ro\/mm\/florinte-in-varf-de-creanga\/","name":"Florinte \u00een v\u00e2rf de creang\u0103 - MHF Photography","isPartOf":{"@id":"https:\/\/mhf.ro\/mm\/#website"},"primaryImageOfPage":{"@id":"https:\/\/mhf.ro\/mm\/florinte-in-varf-de-creanga\/#primaryimage"},"image":{"@id":"https:\/\/mhf.ro\/mm\/florinte-in-varf-de-creanga\/#primaryimage"},"thumbnailUrl":"https:\/\/mhf.ro\/mm\/wp-content\/uploads\/2020\/05\/HCM_1019-acr-vb-1.jpg","datePublished":"2020-05-25T07:32:35+00:00","dateModified":"2025-12-29T08:04:08+00:00","description":"Am reu\u0219it s\u0103 o imortalizam, s\u0103 ne bucur\u0103m de priveli\u0219tea oferit\u0103 de aceast\u0103 minunat\u0103 pas\u0103re \u0219i am r\u0103mas \u0219i cu o gr\u0103mad\u0103 de amintiri\u2026 (Ne-am udat bine de...","breadcrumb":{"@id":"https:\/\/mhf.ro\/mm\/florinte-in-varf-de-creanga\/#breadcrumb"},"inLanguage":"ro-RO","potentialAction":[{"@type":"ReadAction","target":["https:\/\/mhf.ro\/mm\/florinte-in-varf-de-creanga\/"]}]},{"@type":"ImageObject","inLanguage":"ro-RO","@id":"https:\/\/mhf.ro\/mm\/florinte-in-varf-de-creanga\/#primaryimage","url":"https:\/\/mhf.ro\/mm\/wp-content\/uploads\/2020\/05\/HCM_1019-acr-vb-1.jpg","contentUrl":"https:\/\/mhf.ro\/mm\/wp-content\/uploads\/2020\/05\/HCM_1019-acr-vb-1.jpg","width":1552,"height":1037},{"@type":"BreadcrumbList","@id":"https:\/\/mhf.ro\/mm\/florinte-in-varf-de-creanga\/#breadcrumb","itemListElement":[{"@type":"ListItem","position":1,"name":"Prima pagin\u0103","item":"https:\/\/mhf.ro\/mm\/"},{"@type":"ListItem","position":2,"name":"Florinte \u00een v\u00e2rf de creang\u0103"}]},{"@type":"WebSite","@id":"https:\/\/mhf.ro\/mm\/#website","url":"https:\/\/mhf.ro\/mm\/","name":"MHF Photography \u2013 Blog de fotografie, natur\u0103 \u0219i tehnic\u0103 divers\u0103","description":"Aventur\u0103 \u00een fiecare cadru.","publisher":{"@id":"https:\/\/mhf.ro\/mm\/#\/schema\/person\/a3bebf7bdb4bf12f698aff73c7e46c21"},"potentialAction":[{"@type":"SearchAction","target":{"@type":"EntryPoint","urlTemplate":"https:\/\/mhf.ro\/mm\/?s={search_term_string}"},"query-input":{"@type":"PropertyValueSpecification","valueRequired":true,"valueName":"search_term_string"}}],"inLanguage":"ro-RO"},{"@type":["Person","Organization"],"@id":"https:\/\/mhf.ro\/mm\/#\/schema\/person\/a3bebf7bdb4bf12f698aff73c7e46c21","name":"Marius Marcu","image":{"@type":"ImageObject","inLanguage":"ro-RO","@id":"https:\/\/mhf.ro\/mm\/#\/schema\/person\/image\/","url":"https:\/\/mhf.ro\/mm\/wp-content\/uploads\/2025\/12\/cropped-logo_mhf_2.png","contentUrl":"https:\/\/mhf.ro\/mm\/wp-content\/uploads\/2025\/12\/cropped-logo_mhf_2.png","width":1096,"height":457,"caption":"Marius Marcu"},"logo":{"@id":"https:\/\/mhf.ro\/mm\/#\/schema\/person\/image\/"},"sameAs":["https:\/\/mhf.ro\/mm"]},{"@type":"Person","@id":"https:\/\/mhf.ro\/mm\/#\/schema\/person\/a9e3f3e13c805b0762b3675325cd1582","name":"Cristian Hauptman","image":{"@type":"ImageObject","inLanguage":"ro-RO","@id":"https:\/\/mhf.ro\/mm\/#\/schema\/person\/image\/","url":"https:\/\/secure.gravatar.com\/avatar\/d10c2765195808565e64bc4a67a4bff91e0da630507572b7f68b7be8a94a4e37?s=96&d=monsterid&r=g","contentUrl":"https:\/\/secure.gravatar.com\/avatar\/d10c2765195808565e64bc4a67a4bff91e0da630507572b7f68b7be8a94a4e37?s=96&d=monsterid&r=g","caption":"Cristian Hauptman"},"sameAs":["https:\/\/mhf.ro\/mm"],"url":"https:\/\/mhf.ro\/mm\/author\/cristi\/"}]}},"_links":{"self":[{"href":"https:\/\/mhf.ro\/mm\/wp-json\/wp\/v2\/posts\/1639","targetHints":{"allow":["GET"]}}],"collection":[{"href":"https:\/\/mhf.ro\/mm\/wp-json\/wp\/v2\/posts"}],"about":[{"href":"https:\/\/mhf.ro\/mm\/wp-json\/wp\/v2\/types\/post"}],"author":[{"embeddable":true,"href":"https:\/\/mhf.ro\/mm\/wp-json\/wp\/v2\/users\/9"}],"replies":[{"embeddable":true,"href":"https:\/\/mhf.ro\/mm\/wp-json\/wp\/v2\/comments?post=1639"}],"version-history":[{"count":10,"href":"https:\/\/mhf.ro\/mm\/wp-json\/wp\/v2\/posts\/1639\/revisions"}],"predecessor-version":[{"id":1764,"href":"https:\/\/mhf.ro\/mm\/wp-json\/wp\/v2\/posts\/1639\/revisions\/1764"}],"wp:featuredmedia":[{"embeddable":true,"href":"https:\/\/mhf.ro\/mm\/wp-json\/wp\/v2\/media\/1643"}],"wp:attachment":[{"href":"https:\/\/mhf.ro\/mm\/wp-json\/wp\/v2\/media?parent=1639"}],"wp:term":[{"taxonomy":"category","embeddable":true,"href":"https:\/\/mhf.ro\/mm\/wp-json\/wp\/v2\/categories?post=1639"},{"taxonomy":"post_tag","embeddable":true,"href":"https:\/\/mhf.ro\/mm\/wp-json\/wp\/v2\/tags?post=1639"}],"curies":[{"name":"wp","href":"https:\/\/api.w.org\/{rel}","templated":true}]}}