{"id":1689,"date":"2020-05-25T12:22:28","date_gmt":"2020-05-25T12:22:28","guid":{"rendered":"https:\/\/mhf.ro\/mm\/?p=1689"},"modified":"2020-05-25T12:22:28","modified_gmt":"2020-05-25T12:22:28","slug":"calendarul-examenului-de-bacalaureat-2020","status":"publish","type":"post","link":"https:\/\/mhf.ro\/mm\/calendarul-examenului-de-bacalaureat-2020\/","title":{"rendered":"Calendarul examenului de Bacalaureat 2020"},"content":{"rendered":"<h4>A fost publicat calendarul oficial privind desfasurarea examenul de Bacalaureat pentru anul 2020.<\/h4>\n<p>Anul acesta bacalaureatul se va desfasura intr-un mod cu totul deosebit fata de cum erau obisnuiti elevii absolventi ai clasei a XII \u2013 a. Datorita epidemiei de Covid-19, toti elevii care sustin examenul de bacalaureat, vor purta masti si vor fi asezati mai putini in salile de examen. Masurile de siguranta sunt luate cu scopul de evita si de a reduce pe cat posibil, riscul de imbolnavire cu noul coronavirus. Elevii trebuie sa pastreze distanta de doi metri, unul fata de celalalt. Atat elevii aflati in izolare, cat si cei confirmati cu Covid-19 vor putea sustine examenul de bacalaureat, dar vor face acest lucru dupa o procedurra speciala.<\/p>\n<p><strong>Inscrierile<\/strong> la examenul de bacalaureat se vor desfasura in perioada \u00a0<strong>3 \u2013 10<\/strong> iunie.<\/p>\n<p><strong>Echivalarea<\/strong> si recunoasterea competentelor lingvistice si digitale\u00a0\u00a0 <strong>11 \u2013 17<\/strong> iunie.<\/p>\n<p><strong>Limba si literatura romana<\/strong> &#8211; proba scrisa, \u00a0in data de\u00a0 <strong>22<\/strong> iunie.<\/p>\n<p><strong>Limba si literatura materna<\/strong> &#8211; proba scrisa, in data de <strong>23<\/strong> iunie.<\/p>\n<p><strong>Proba obligatorie a profilului<\/strong> &#8211; proba scrisa, in data de <strong>24<\/strong> iunie.<\/p>\n<p><strong>Proba la alegere a profilului \u015fi a specializ\u0103rii<\/strong> &#8211; proba scris\u0103, in data de <strong>25<\/strong> iunie.<\/p>\n<p><strong>Rezultatele<\/strong> vor fi afisate in data <strong>30<\/strong> iunie.<\/p>\n<p><strong>Contestatiile<\/strong> se pot depune pe <strong>30<\/strong> iunie, in intervalul orar 16:00 \u2013 20:00 si pe <strong>1<\/strong> iulie 2020, in intervalul orar 8:00 \u2013 12:00.<\/p>\n<p><strong>Rezolvarea contestatiilor<\/strong> vor avea loc intre<strong> 1<\/strong> si <strong>4<\/strong> iulie.<\/p>\n<p><strong>Rezultatele finale<\/strong> cor fi afisate in data de <strong>5<\/strong> iulie.<\/p>\n<p>&nbsp;<\/p>\n<h4><strong>Va dorim bafta la examene !!!<\/strong><\/h4>\n<p>&nbsp;<\/p>\n<p><a href=\"https:\/\/riz.ro\/ocart2\/index.php?route=product\/category&amp;path=20_71\"><img decoding=\"async\" class=\"alignright wp-image-1449 size-full\" src=\"https:\/\/mhf.ro\/mm\/wp-content\/uploads\/2020\/05\/PUBLI_RIZ_2_micro.png\" alt=\"Decoratiuni polistiren RIZ\" width=\"201\" height=\"41\" \/><\/a><\/p>\n","protected":false},"excerpt":{"rendered":"<p>A fost publicat calendarul oficial privind desfasurarea examenul de Bacalaureat pentru anul 2020. Anul acesta bacalaureatul se va desfasura intr-un<\/p>\n","protected":false},"author":1,"featured_media":1695,"comment_status":"open","ping_status":"open","sticky":false,"template":"","format":"standard","meta":{"colormag_page_container_layout":"default_layout","colormag_page_sidebar_layout":"default_layout","footnotes":""},"categories":[5],"tags":[],"class_list":["post-1689","post","type-post","status-publish","format-standard","has-post-thumbnail","hentry","category-locale"],"yoast_head":"<!-- This site is optimized with the Yoast SEO plugin v27.0 - https:\/\/yoast.com\/product\/yoast-seo-wordpress\/ -->\n<title>Calendarul examenului de Bacalaureat 2020 - MHF Photography<\/title>\n<meta name=\"description\" content=\"Examenul de bacalaureat in perioada de pandemie. Datorita epidemiei de Covid-19, toti elevii care sustin examenul de bacalaureat, vor purta masti.\" \/>\n<meta name=\"robots\" content=\"index, follow, max-snippet:-1, max-image-preview:large, max-video-preview:-1\" \/>\n<link rel=\"canonical\" href=\"https:\/\/mhf.ro\/mm\/calendarul-examenului-de-bacalaureat-2020\/\" \/>\n<meta property=\"og:locale\" content=\"ro_RO\" \/>\n<meta property=\"og:type\" content=\"article\" \/>\n<meta property=\"og:title\" content=\"Calendarul examenului de Bacalaureat 2020 - MHF Photography\" \/>\n<meta property=\"og:description\" content=\"Examenul de bacalaureat in perioada de pandemie. Datorita epidemiei de Covid-19, toti elevii care sustin examenul de bacalaureat, vor purta masti.\" \/>\n<meta property=\"og:url\" content=\"https:\/\/mhf.ro\/mm\/calendarul-examenului-de-bacalaureat-2020\/\" \/>\n<meta property=\"og:site_name\" content=\"MHF Photography\" \/>\n<meta property=\"article:published_time\" content=\"2020-05-25T12:22:28+00:00\" \/>\n<meta property=\"og:image\" content=\"https:\/\/mhf.ro\/mm\/wp-content\/uploads\/2020\/05\/elev_biblioteca.jpg\" \/>\n\t<meta property=\"og:image:width\" content=\"1280\" \/>\n\t<meta property=\"og:image:height\" content=\"917\" \/>\n\t<meta property=\"og:image:type\" content=\"image\/jpeg\" \/>\n<meta name=\"author\" content=\"Marius Marcu\" \/>\n<meta name=\"twitter:card\" content=\"summary_large_image\" \/>\n<meta name=\"twitter:label1\" content=\"Scris de\" \/>\n\t<meta name=\"twitter:data1\" content=\"Marius Marcu\" \/>\n\t<meta name=\"twitter:label2\" content=\"Timp estimat pentru citire\" \/>\n\t<meta name=\"twitter:data2\" content=\"1 minut\" \/>\n<script type=\"application\/ld+json\" class=\"yoast-schema-graph\">{\"@context\":\"https:\/\/schema.org\",\"@graph\":[{\"@type\":\"Article\",\"@id\":\"https:\/\/mhf.ro\/mm\/calendarul-examenului-de-bacalaureat-2020\/#article\",\"isPartOf\":{\"@id\":\"https:\/\/mhf.ro\/mm\/calendarul-examenului-de-bacalaureat-2020\/\"},\"author\":{\"name\":\"Marius Marcu\",\"@id\":\"https:\/\/mhf.ro\/mm\/#\/schema\/person\/a3bebf7bdb4bf12f698aff73c7e46c21\"},\"headline\":\"Calendarul examenului de Bacalaureat 2020\",\"datePublished\":\"2020-05-25T12:22:28+00:00\",\"mainEntityOfPage\":{\"@id\":\"https:\/\/mhf.ro\/mm\/calendarul-examenului-de-bacalaureat-2020\/\"},\"wordCount\":237,\"commentCount\":0,\"publisher\":{\"@id\":\"https:\/\/mhf.ro\/mm\/#\/schema\/person\/a3bebf7bdb4bf12f698aff73c7e46c21\"},\"image\":{\"@id\":\"https:\/\/mhf.ro\/mm\/calendarul-examenului-de-bacalaureat-2020\/#primaryimage\"},\"thumbnailUrl\":\"https:\/\/mhf.ro\/mm\/wp-content\/uploads\/2020\/05\/elev_biblioteca.jpg\",\"articleSection\":[\"Locale\"],\"inLanguage\":\"ro-RO\",\"potentialAction\":[{\"@type\":\"CommentAction\",\"name\":\"Comment\",\"target\":[\"https:\/\/mhf.ro\/mm\/calendarul-examenului-de-bacalaureat-2020\/#respond\"]}]},{\"@type\":\"WebPage\",\"@id\":\"https:\/\/mhf.ro\/mm\/calendarul-examenului-de-bacalaureat-2020\/\",\"url\":\"https:\/\/mhf.ro\/mm\/calendarul-examenului-de-bacalaureat-2020\/\",\"name\":\"Calendarul examenului de Bacalaureat 2020 - MHF Photography\",\"isPartOf\":{\"@id\":\"https:\/\/mhf.ro\/mm\/#website\"},\"primaryImageOfPage\":{\"@id\":\"https:\/\/mhf.ro\/mm\/calendarul-examenului-de-bacalaureat-2020\/#primaryimage\"},\"image\":{\"@id\":\"https:\/\/mhf.ro\/mm\/calendarul-examenului-de-bacalaureat-2020\/#primaryimage\"},\"thumbnailUrl\":\"https:\/\/mhf.ro\/mm\/wp-content\/uploads\/2020\/05\/elev_biblioteca.jpg\",\"datePublished\":\"2020-05-25T12:22:28+00:00\",\"description\":\"Examenul de bacalaureat in perioada de pandemie. Datorita epidemiei de Covid-19, toti elevii care sustin examenul de bacalaureat, vor purta masti.\",\"breadcrumb\":{\"@id\":\"https:\/\/mhf.ro\/mm\/calendarul-examenului-de-bacalaureat-2020\/#breadcrumb\"},\"inLanguage\":\"ro-RO\",\"potentialAction\":[{\"@type\":\"ReadAction\",\"target\":[\"https:\/\/mhf.ro\/mm\/calendarul-examenului-de-bacalaureat-2020\/\"]}]},{\"@type\":\"ImageObject\",\"inLanguage\":\"ro-RO\",\"@id\":\"https:\/\/mhf.ro\/mm\/calendarul-examenului-de-bacalaureat-2020\/#primaryimage\",\"url\":\"https:\/\/mhf.ro\/mm\/wp-content\/uploads\/2020\/05\/elev_biblioteca.jpg\",\"contentUrl\":\"https:\/\/mhf.ro\/mm\/wp-content\/uploads\/2020\/05\/elev_biblioteca.jpg\",\"width\":1280,\"height\":917},{\"@type\":\"BreadcrumbList\",\"@id\":\"https:\/\/mhf.ro\/mm\/calendarul-examenului-de-bacalaureat-2020\/#breadcrumb\",\"itemListElement\":[{\"@type\":\"ListItem\",\"position\":1,\"name\":\"Prima pagin\u0103\",\"item\":\"https:\/\/mhf.ro\/mm\/\"},{\"@type\":\"ListItem\",\"position\":2,\"name\":\"Calendarul examenului de Bacalaureat 2020\"}]},{\"@type\":\"WebSite\",\"@id\":\"https:\/\/mhf.ro\/mm\/#website\",\"url\":\"https:\/\/mhf.ro\/mm\/\",\"name\":\"MHF Photography \u2013 Blog de fotografie, natur\u0103 \u0219i tehnic\u0103 divers\u0103\",\"description\":\"Aventur\u0103 \u00een fiecare cadru.\",\"publisher\":{\"@id\":\"https:\/\/mhf.ro\/mm\/#\/schema\/person\/a3bebf7bdb4bf12f698aff73c7e46c21\"},\"potentialAction\":[{\"@type\":\"SearchAction\",\"target\":{\"@type\":\"EntryPoint\",\"urlTemplate\":\"https:\/\/mhf.ro\/mm\/?s={search_term_string}\"},\"query-input\":{\"@type\":\"PropertyValueSpecification\",\"valueRequired\":true,\"valueName\":\"search_term_string\"}}],\"inLanguage\":\"ro-RO\"},{\"@type\":[\"Person\",\"Organization\"],\"@id\":\"https:\/\/mhf.ro\/mm\/#\/schema\/person\/a3bebf7bdb4bf12f698aff73c7e46c21\",\"name\":\"Marius Marcu\",\"image\":{\"@type\":\"ImageObject\",\"inLanguage\":\"ro-RO\",\"@id\":\"https:\/\/mhf.ro\/mm\/#\/schema\/person\/image\/\",\"url\":\"https:\/\/mhf.ro\/mm\/wp-content\/uploads\/2025\/12\/cropped-logo_mhf_2.png\",\"contentUrl\":\"https:\/\/mhf.ro\/mm\/wp-content\/uploads\/2025\/12\/cropped-logo_mhf_2.png\",\"width\":1096,\"height\":457,\"caption\":\"Marius Marcu\"},\"logo\":{\"@id\":\"https:\/\/mhf.ro\/mm\/#\/schema\/person\/image\/\"},\"sameAs\":[\"https:\/\/mhf.ro\/mm\"],\"url\":\"https:\/\/mhf.ro\/mm\/author\/mihai\/\"}]}<\/script>\n<!-- \/ Yoast SEO plugin. -->","yoast_head_json":{"title":"Calendarul examenului de Bacalaureat 2020 - MHF Photography","description":"Examenul de bacalaureat in perioada de pandemie. Datorita epidemiei de Covid-19, toti elevii care sustin examenul de bacalaureat, vor purta masti.","robots":{"index":"index","follow":"follow","max-snippet":"max-snippet:-1","max-image-preview":"max-image-preview:large","max-video-preview":"max-video-preview:-1"},"canonical":"https:\/\/mhf.ro\/mm\/calendarul-examenului-de-bacalaureat-2020\/","og_locale":"ro_RO","og_type":"article","og_title":"Calendarul examenului de Bacalaureat 2020 - MHF Photography","og_description":"Examenul de bacalaureat in perioada de pandemie. Datorita epidemiei de Covid-19, toti elevii care sustin examenul de bacalaureat, vor purta masti.","og_url":"https:\/\/mhf.ro\/mm\/calendarul-examenului-de-bacalaureat-2020\/","og_site_name":"MHF Photography","article_published_time":"2020-05-25T12:22:28+00:00","og_image":[{"width":1280,"height":917,"url":"https:\/\/mhf.ro\/mm\/wp-content\/uploads\/2020\/05\/elev_biblioteca.jpg","type":"image\/jpeg"}],"author":"Marius Marcu","twitter_card":"summary_large_image","twitter_misc":{"Scris de":"Marius Marcu","Timp estimat pentru citire":"1 minut"},"schema":{"@context":"https:\/\/schema.org","@graph":[{"@type":"Article","@id":"https:\/\/mhf.ro\/mm\/calendarul-examenului-de-bacalaureat-2020\/#article","isPartOf":{"@id":"https:\/\/mhf.ro\/mm\/calendarul-examenului-de-bacalaureat-2020\/"},"author":{"name":"Marius Marcu","@id":"https:\/\/mhf.ro\/mm\/#\/schema\/person\/a3bebf7bdb4bf12f698aff73c7e46c21"},"headline":"Calendarul examenului de Bacalaureat 2020","datePublished":"2020-05-25T12:22:28+00:00","mainEntityOfPage":{"@id":"https:\/\/mhf.ro\/mm\/calendarul-examenului-de-bacalaureat-2020\/"},"wordCount":237,"commentCount":0,"publisher":{"@id":"https:\/\/mhf.ro\/mm\/#\/schema\/person\/a3bebf7bdb4bf12f698aff73c7e46c21"},"image":{"@id":"https:\/\/mhf.ro\/mm\/calendarul-examenului-de-bacalaureat-2020\/#primaryimage"},"thumbnailUrl":"https:\/\/mhf.ro\/mm\/wp-content\/uploads\/2020\/05\/elev_biblioteca.jpg","articleSection":["Locale"],"inLanguage":"ro-RO","potentialAction":[{"@type":"CommentAction","name":"Comment","target":["https:\/\/mhf.ro\/mm\/calendarul-examenului-de-bacalaureat-2020\/#respond"]}]},{"@type":"WebPage","@id":"https:\/\/mhf.ro\/mm\/calendarul-examenului-de-bacalaureat-2020\/","url":"https:\/\/mhf.ro\/mm\/calendarul-examenului-de-bacalaureat-2020\/","name":"Calendarul examenului de Bacalaureat 2020 - MHF Photography","isPartOf":{"@id":"https:\/\/mhf.ro\/mm\/#website"},"primaryImageOfPage":{"@id":"https:\/\/mhf.ro\/mm\/calendarul-examenului-de-bacalaureat-2020\/#primaryimage"},"image":{"@id":"https:\/\/mhf.ro\/mm\/calendarul-examenului-de-bacalaureat-2020\/#primaryimage"},"thumbnailUrl":"https:\/\/mhf.ro\/mm\/wp-content\/uploads\/2020\/05\/elev_biblioteca.jpg","datePublished":"2020-05-25T12:22:28+00:00","description":"Examenul de bacalaureat in perioada de pandemie. Datorita epidemiei de Covid-19, toti elevii care sustin examenul de bacalaureat, vor purta masti.","breadcrumb":{"@id":"https:\/\/mhf.ro\/mm\/calendarul-examenului-de-bacalaureat-2020\/#breadcrumb"},"inLanguage":"ro-RO","potentialAction":[{"@type":"ReadAction","target":["https:\/\/mhf.ro\/mm\/calendarul-examenului-de-bacalaureat-2020\/"]}]},{"@type":"ImageObject","inLanguage":"ro-RO","@id":"https:\/\/mhf.ro\/mm\/calendarul-examenului-de-bacalaureat-2020\/#primaryimage","url":"https:\/\/mhf.ro\/mm\/wp-content\/uploads\/2020\/05\/elev_biblioteca.jpg","contentUrl":"https:\/\/mhf.ro\/mm\/wp-content\/uploads\/2020\/05\/elev_biblioteca.jpg","width":1280,"height":917},{"@type":"BreadcrumbList","@id":"https:\/\/mhf.ro\/mm\/calendarul-examenului-de-bacalaureat-2020\/#breadcrumb","itemListElement":[{"@type":"ListItem","position":1,"name":"Prima pagin\u0103","item":"https:\/\/mhf.ro\/mm\/"},{"@type":"ListItem","position":2,"name":"Calendarul examenului de Bacalaureat 2020"}]},{"@type":"WebSite","@id":"https:\/\/mhf.ro\/mm\/#website","url":"https:\/\/mhf.ro\/mm\/","name":"MHF Photography \u2013 Blog de fotografie, natur\u0103 \u0219i tehnic\u0103 divers\u0103","description":"Aventur\u0103 \u00een fiecare cadru.","publisher":{"@id":"https:\/\/mhf.ro\/mm\/#\/schema\/person\/a3bebf7bdb4bf12f698aff73c7e46c21"},"potentialAction":[{"@type":"SearchAction","target":{"@type":"EntryPoint","urlTemplate":"https:\/\/mhf.ro\/mm\/?s={search_term_string}"},"query-input":{"@type":"PropertyValueSpecification","valueRequired":true,"valueName":"search_term_string"}}],"inLanguage":"ro-RO"},{"@type":["Person","Organization"],"@id":"https:\/\/mhf.ro\/mm\/#\/schema\/person\/a3bebf7bdb4bf12f698aff73c7e46c21","name":"Marius Marcu","image":{"@type":"ImageObject","inLanguage":"ro-RO","@id":"https:\/\/mhf.ro\/mm\/#\/schema\/person\/image\/","url":"https:\/\/mhf.ro\/mm\/wp-content\/uploads\/2025\/12\/cropped-logo_mhf_2.png","contentUrl":"https:\/\/mhf.ro\/mm\/wp-content\/uploads\/2025\/12\/cropped-logo_mhf_2.png","width":1096,"height":457,"caption":"Marius Marcu"},"logo":{"@id":"https:\/\/mhf.ro\/mm\/#\/schema\/person\/image\/"},"sameAs":["https:\/\/mhf.ro\/mm"],"url":"https:\/\/mhf.ro\/mm\/author\/mihai\/"}]}},"_links":{"self":[{"href":"https:\/\/mhf.ro\/mm\/wp-json\/wp\/v2\/posts\/1689","targetHints":{"allow":["GET"]}}],"collection":[{"href":"https:\/\/mhf.ro\/mm\/wp-json\/wp\/v2\/posts"}],"about":[{"href":"https:\/\/mhf.ro\/mm\/wp-json\/wp\/v2\/types\/post"}],"author":[{"embeddable":true,"href":"https:\/\/mhf.ro\/mm\/wp-json\/wp\/v2\/users\/1"}],"replies":[{"embeddable":true,"href":"https:\/\/mhf.ro\/mm\/wp-json\/wp\/v2\/comments?post=1689"}],"version-history":[{"count":2,"href":"https:\/\/mhf.ro\/mm\/wp-json\/wp\/v2\/posts\/1689\/revisions"}],"predecessor-version":[{"id":1711,"href":"https:\/\/mhf.ro\/mm\/wp-json\/wp\/v2\/posts\/1689\/revisions\/1711"}],"wp:featuredmedia":[{"embeddable":true,"href":"https:\/\/mhf.ro\/mm\/wp-json\/wp\/v2\/media\/1695"}],"wp:attachment":[{"href":"https:\/\/mhf.ro\/mm\/wp-json\/wp\/v2\/media?parent=1689"}],"wp:term":[{"taxonomy":"category","embeddable":true,"href":"https:\/\/mhf.ro\/mm\/wp-json\/wp\/v2\/categories?post=1689"},{"taxonomy":"post_tag","embeddable":true,"href":"https:\/\/mhf.ro\/mm\/wp-json\/wp\/v2\/tags?post=1689"}],"curies":[{"name":"wp","href":"https:\/\/api.w.org\/{rel}","templated":true}]}}