{"id":1765,"date":"2020-05-28T09:11:06","date_gmt":"2020-05-28T09:11:06","guid":{"rendered":"https:\/\/mhf.ro\/mm\/?p=1765"},"modified":"2020-05-30T08:19:21","modified_gmt":"2020-05-30T08:19:21","slug":"gripa-spaniola-si-covidul","status":"publish","type":"post","link":"https:\/\/mhf.ro\/mm\/gripa-spaniola-si-covidul\/","title":{"rendered":"GRIPA SPANIOL\u0102 \u015eI COVIDUL"},"content":{"rendered":"<p>\u00cen general, azi toat\u0103 lumea se pricepe la Covid 19, dar \u00een privin\u021ba gripei spaniole, pentru adev\u0103ra\u021bii speciali\u015fti, lucrurile n-au fost niciodat\u0103 foarte clare.<br \/>\nCum a ap\u0103rut virusul uciga\u015f? A fost un virus \u00een accep\u0163iunea de azi a cuv\u00e2ntului sau altceva?<br \/>\nSe admite, \u00een general, c\u0103 epidemia a ap\u0103rut \u00een ultimele luni ale Primului R\u0103zboi Mondial. Dar a fost un virus sau o afec\u021biune care a ap\u0103rut printre solda\u021bii care au tr\u0103it \u00een perioada primului r\u0103zboi \u00een condi\u021bii mizere de front, ei \u00eemboln\u0103vindu-se pe fondul unui sistem imunitar sl\u0103bit de stres psihic, de subnutri\u021bie \u015fi de folosire a apei infectate? Aceast\u0103 abordare, dup\u0103 cum se vede, exclude virusul cauzator de epidemie. Cealalt\u0103 idee este legat\u0103 de &#8222;virusul uciga\u015f&#8221; care a ac\u0163ionat devastator.<\/p>\n<p><img decoding=\"async\" class=\"alignnone size-thumbnail wp-image-1777\" src=\"https:\/\/mhf.ro\/mm\/wp-content\/uploads\/2020\/05\/Covid_face-mask-150x150.jpg\" alt=\"\" width=\"150\" height=\"150\" \/><\/p>\n<p>\u00cen vara lui 1918, c\u00e2nd trupele au \u00eenceput sa revin\u0103 la vatr\u0103, virusul s-a r\u0103sp\u00e2ndit prin orasele \u015fi satele de ba\u015ftin\u0103 ale solda\u021bilor. Virusul a afectat cel mai mult adul\u021bi tineri cu v\u00e2rste \u00eentre 20 \u015fi 30 de ani care fuseser\u0103 anterior s\u0103n\u0103to\u015fi. Aceast\u0103 versiune \u015fi-a dob\u00e2ndit locul \u00een enciclopedii \u015fi a fost \u00eembr\u0103\u021bi\u015fat\u0103 de medicina modern\u0103. Se potrivea de minune cu &#8222;teoria microbilor&#8221; propov\u0103duit\u0103 de Louis Pasteur: inamicul extern (microbul, virusul) atac\u0103 organismul, lipsit de ap\u0103rare \u015fi noi, medici, \u00eel vom salva ucig\u00e2nd inamicul cu ajutorul vaccinurilor.<br \/>\nCulmea este c\u0103, de\u015fi aceast\u0103 teorie func\u021bioneaz\u0103 ast\u0103zi cu motoarele \u00een plin, toat\u0103 lumea a\u015ftept\u00e2nd s\u0103 apar\u0103 vaccinul salvator care s\u0103 omoare inamicul SARS-Cov2, \u00een 1919, &#8222;gripa spaniol\u0103&#8221; a disp\u0103rut brusc, f\u0103r\u0103 s\u0103 fie ucis\u0103 de niciun vaccin, pentru simplul motiv c\u0103 pe atunci nu fusese descoperit vreunul.<br \/>\n\u00cen deceniile urm\u0103toare, cercet\u0103torii, chiar dac\u0103 erau adep\u021bii &#8222;virusului uciga\u015f&#8221;, au \u00een\u021beles c\u0103 ace\u015ftia au o perioad\u0103 de via\u021b\u0103 scurt\u0103, de aproximativ 70 de zile, dup\u0103 care virulen\u021ba lui se stinge.<br \/>\n\u00cen cazul Chinei, sau mai exact \u00een cazul Wuhan, locul focarului, epidemia care a f\u0103cut c\u00e2teva mii de victime printre locuitorii capitalei provinciei, s-a stins dup\u0103 76 de zile, c\u00e2nd nu s-au mai \u00eenregistrat cazuri de Covid 19.<\/p>\n<p><img decoding=\"async\" class=\"alignnone size-thumbnail wp-image-1776\" src=\"https:\/\/mhf.ro\/mm\/wp-content\/uploads\/2020\/05\/coronaviru-150x150.jpg\" alt=\"\" width=\"150\" height=\"150\" \/><\/p>\n<p>C\u00c2T DE TRANSMISIBIL ESTE VIRUSUL<br \/>\nAzi, Covid 19 \u00eengrozeste pe toat\u0103 lumea, specialistii ne explica cum se transmite, cum \u00eempiedic\u0103 masca p\u0103trunderea virusului \u015fi alte asemenea\u2026<br \/>\n\u00cen 1918, &#8222;la grippe&#8221; era considerat\u0103 &#8222;puternic infec\u021bioas\u0103 \u015fi se transmitea cu repeziciune&#8221;.<br \/>\nNumai c\u0103, nedumeri\u0163i de amploarea \u00eemboln\u0103virilor, mul\u0163i cercet\u0103tori ai vremii au \u00eencercat, timid, s\u0103 \u00een\u0163eleag\u0103 fenomenul.<br \/>\nCine infecta \u015fi omora tineri cu prec\u0103dere? Un microb? Un virus? Cum se transmitea microbul, virusul?<br \/>\n\u00cen noiembrie 1918 (epidemia debutase \u00een var\u0103) s-a experimentat o contaminare cu voluntari umani. Au fost ale\u015fi 62 de marinari s\u0103n\u0103tosi care fuseser\u0103 condamna\u021bi la inchisoare ca urmare a refuzului de a efectua serviciul militar. Acestora li s-a promis gra\u021bierea \u00een cazul \u00een care se supun periculosului experiment&#8230; Dintre cei 62, 39 nu avuseser\u0103 niciodat\u0103 grip\u0103, \u015fi de aceea se credea ca ei sunt cei mai expu\u015fi la o molipsire (infectare) cu grip\u0103. Numai c\u0103 lucrurile au evoluat cu totul altfel, a\u015fa dup\u0103 cum relateaz\u0103 jurnalista pe probleme de \u015ftiin\u021b\u0103 Gina Kolata, \u00een cartea ei intitulat\u0103 &#8222;Influenza&#8221; (Gripa), citat\u0103 de autorii volumului Virus Mania: &#8222;Medicii militari din cadrul marinei au recoltat secre\u021bii din nasul \u015fi esofagul bolnavilor afla\u021bi pe moarte \u015fi le-au pulverizat \u00een nasul \u015fi esofagul unora dintre voluntari, iar altora \u00een ochi. \u00cen \u00eencercarea de a simula c\u00e2t mai exact posibila trimitere a agentului patogen de la o persoan\u0103 la alta, medicii au luat 10 voluntari \u015fi i-au dus \u00eentr-o zona special\u0103 unde se aflau solda\u021bi bolnavi.<br \/>\nVoluntarilor li s-a cerut s\u0103 se aplece peste bolnavi, s\u0103 le miroas\u0103 respira\u021bia \u015fi s\u0103 stea de vorb\u0103 5 minute cu ace\u015ftia. Bolnavii trebuiau s\u0103 expire puternic, \u00een timp ce voluntarii trebuiau s\u0103 stea foarte aproape, pentru a primi aerul expirat direct \u00een fa\u021b\u0103. \u00cen plus, bolnavii erau pu\u015fi s\u0103 tu\u015feasc\u0103 5 minute direct \u00een fe\u0163ele voluntarilor. Fiecare probant a \u00eendeplinit toat\u0103 aceast\u0103 procedur\u0103 cu c\u00e2te un bolnav, iar bolnavii ale\u015fi erau dintre cei la care boala se declan\u015fase cu cel mult 3 zile \u00eenainte&#8221;.<br \/>\nCare a fost rezultatul acestui experiment?<br \/>\n&#8222;Niciunul dintre voluntari nu s-a infectat \u015fi nu a prezentat niciun fel de simptome de grip\u0103!&#8221;<br \/>\nUn experiment similar a avut loc \u00een San Francisco, dar \u00een ni\u015fte condi\u021bii \u015fi mai severe. Ca voluntari au fost ale\u015fi 50 de marinari \u00eencerca\u021bi. Stupoarea a fost total\u0103, deoarece niciunul dintre voluntari nu s-a imboln\u0103vit, deci implicit nu a fost infectat.<br \/>\nSpre nedumerirea medicilor care s-au \u00eentrebat: cum se transmite oare agentul patogen, dac\u0103 dup\u0103 tot experimentul cu voluntari \u015fi bolnavi, nici m\u0103car o singur\u0103 persoan\u0103 nu s-a \u00eemboln\u0103vit?<br \/>\n\u00centrebarea r\u0103m\u00e2ne \u00een picioare \u015fi ast\u0103zi.&#8221;<br \/>\nAm copiat articolul de mai sus din revista Magazin, vechea revist\u0103 de popularizare a \u015ftiin\u021bei. Articolul apar\u021bine lui George Cu\u015fnarencu, un jurnalist de stiin\u021b\u0103 pe care \u00eel \u015ftiu din perioada cealalt\u0103, din era Ceau\u015fescu.<br \/>\nCeea ce se spune aici vine s\u0103 \u00eent\u0103reasc\u0103 ideea ca oamenii de \u015ftiin\u021b\u0103 \u00een care noi avem at\u00e2ta \u00eencredere \u015fi pe care \u00eei credem at\u00e2t de de\u015ftep\u021bi (unii chiar sunt), \u00eenc\u0103 b\u00e2jb\u00e2ie. Teorii care se bat cap \u00een cap, cu vaccinuri \u00eencercate pe animale, \u015fi alte \u015fi alte \u00eentreb\u0103ri, care nu dovedesc altceva dec\u00e2t c\u0103 suntem ni\u015fte &#8222;mu\u015fti de-o zi pe-o lume mic\u0103, de se m\u0103sur\u0103 cu cotul&#8221;.<\/p>\n<p>At\u00e2t!&#8230;<\/p>\n<p>&nbsp;<\/p>\n<p><a href=\"http:\/\/riz.ro\" target=\"_blank\" rel=\"noopener noreferrer\"><img decoding=\"async\" class=\"alignright wp-image-1187\" src=\"https:\/\/mhf.ro\/mm\/wp-content\/uploads\/2020\/05\/ReclamaRiz_1-150x150.png\" alt=\"Profile din polistiren\" width=\"110\" height=\"41\" srcset=\"https:\/\/mhf.ro\/mm\/wp-content\/uploads\/2020\/05\/ReclamaRiz_1-300x111.png 300w, https:\/\/mhf.ro\/mm\/wp-content\/uploads\/2020\/05\/ReclamaRiz_1-1024x377.png 1024w, https:\/\/mhf.ro\/mm\/wp-content\/uploads\/2020\/05\/ReclamaRiz_1-768x283.png 768w, https:\/\/mhf.ro\/mm\/wp-content\/uploads\/2020\/05\/ReclamaRiz_1.png 1295w\" sizes=\"(max-width: 110px) 100vw, 110px\" \/><\/a><\/p>\n","protected":false},"excerpt":{"rendered":"<p>\u00cen general, azi toat\u0103 lumea se pricepe la Covid 19, dar \u00een privin\u021ba gripei spaniole, pentru adev\u0103ra\u021bii speciali\u015fti, lucrurile n-au<\/p>\n","protected":false},"author":10,"featured_media":1778,"comment_status":"open","ping_status":"open","sticky":false,"template":"","format":"standard","meta":{"colormag_page_container_layout":"default_layout","colormag_page_sidebar_layout":"default_layout","footnotes":""},"categories":[8],"tags":[],"class_list":["post-1765","post","type-post","status-publish","format-standard","has-post-thumbnail","hentry","category-div"],"yoast_head":"<!-- This site is optimized with the Yoast SEO plugin v27.0 - https:\/\/yoast.com\/product\/yoast-seo-wordpress\/ -->\n<title>GRIPA SPANIOL\u0102 \u015eI COVIDUL - MHF Photography<\/title>\n<meta name=\"description\" content=\"Se admite, \u00een general, c\u0103 epidemia a ap\u0103rut \u00een ultimele luni ale Primului R\u0103zboi Mondial. Dar a fost un virus sau o afec\u021biune care a ap\u0103rut printre ...\" \/>\n<meta name=\"robots\" content=\"index, follow, max-snippet:-1, max-image-preview:large, max-video-preview:-1\" \/>\n<link rel=\"canonical\" href=\"https:\/\/mhf.ro\/mm\/gripa-spaniola-si-covidul\/\" \/>\n<meta property=\"og:locale\" content=\"ro_RO\" \/>\n<meta property=\"og:type\" content=\"article\" \/>\n<meta property=\"og:title\" content=\"GRIPA SPANIOL\u0102 \u015eI COVIDUL - MHF Photography\" \/>\n<meta property=\"og:description\" content=\"Se admite, \u00een general, c\u0103 epidemia a ap\u0103rut \u00een ultimele luni ale Primului R\u0103zboi Mondial. Dar a fost un virus sau o afec\u021biune care a ap\u0103rut printre ...\" \/>\n<meta property=\"og:url\" content=\"https:\/\/mhf.ro\/mm\/gripa-spaniola-si-covidul\/\" \/>\n<meta property=\"og:site_name\" content=\"MHF Photography\" \/>\n<meta property=\"article:published_time\" content=\"2020-05-28T09:11:06+00:00\" \/>\n<meta property=\"article:modified_time\" content=\"2020-05-30T08:19:21+00:00\" \/>\n<meta property=\"og:image\" content=\"https:\/\/mhf.ro\/mm\/wp-content\/uploads\/2020\/05\/covid-19.jpg\" \/>\n\t<meta property=\"og:image:width\" content=\"1280\" \/>\n\t<meta property=\"og:image:height\" content=\"854\" \/>\n\t<meta property=\"og:image:type\" content=\"image\/jpeg\" \/>\n<meta name=\"author\" content=\"Mitu Ion\" \/>\n<meta name=\"twitter:card\" content=\"summary_large_image\" \/>\n<meta name=\"twitter:label1\" content=\"Scris de\" \/>\n\t<meta name=\"twitter:data1\" content=\"Mitu Ion\" \/>\n\t<meta name=\"twitter:label2\" content=\"Timp estimat pentru citire\" \/>\n\t<meta name=\"twitter:data2\" content=\"5 minute\" \/>\n<script type=\"application\/ld+json\" class=\"yoast-schema-graph\">{\"@context\":\"https:\/\/schema.org\",\"@graph\":[{\"@type\":\"Article\",\"@id\":\"https:\/\/mhf.ro\/mm\/gripa-spaniola-si-covidul\/#article\",\"isPartOf\":{\"@id\":\"https:\/\/mhf.ro\/mm\/gripa-spaniola-si-covidul\/\"},\"author\":{\"name\":\"Mitu Ion\",\"@id\":\"https:\/\/mhf.ro\/mm\/#\/schema\/person\/ecde2c4d3c2298573c280821ab6d9965\"},\"headline\":\"GRIPA SPANIOL\u0102 \u015eI COVIDUL\",\"datePublished\":\"2020-05-28T09:11:06+00:00\",\"dateModified\":\"2020-05-30T08:19:21+00:00\",\"mainEntityOfPage\":{\"@id\":\"https:\/\/mhf.ro\/mm\/gripa-spaniola-si-covidul\/\"},\"wordCount\":945,\"commentCount\":0,\"publisher\":{\"@id\":\"https:\/\/mhf.ro\/mm\/#\/schema\/person\/a3bebf7bdb4bf12f698aff73c7e46c21\"},\"image\":{\"@id\":\"https:\/\/mhf.ro\/mm\/gripa-spaniola-si-covidul\/#primaryimage\"},\"thumbnailUrl\":\"https:\/\/mhf.ro\/mm\/wp-content\/uploads\/2020\/05\/covid-19.jpg\",\"articleSection\":[\"Diverse\"],\"inLanguage\":\"ro-RO\",\"potentialAction\":[{\"@type\":\"CommentAction\",\"name\":\"Comment\",\"target\":[\"https:\/\/mhf.ro\/mm\/gripa-spaniola-si-covidul\/#respond\"]}]},{\"@type\":\"WebPage\",\"@id\":\"https:\/\/mhf.ro\/mm\/gripa-spaniola-si-covidul\/\",\"url\":\"https:\/\/mhf.ro\/mm\/gripa-spaniola-si-covidul\/\",\"name\":\"GRIPA SPANIOL\u0102 \u015eI COVIDUL - MHF Photography\",\"isPartOf\":{\"@id\":\"https:\/\/mhf.ro\/mm\/#website\"},\"primaryImageOfPage\":{\"@id\":\"https:\/\/mhf.ro\/mm\/gripa-spaniola-si-covidul\/#primaryimage\"},\"image\":{\"@id\":\"https:\/\/mhf.ro\/mm\/gripa-spaniola-si-covidul\/#primaryimage\"},\"thumbnailUrl\":\"https:\/\/mhf.ro\/mm\/wp-content\/uploads\/2020\/05\/covid-19.jpg\",\"datePublished\":\"2020-05-28T09:11:06+00:00\",\"dateModified\":\"2020-05-30T08:19:21+00:00\",\"description\":\"Se admite, \u00een general, c\u0103 epidemia a ap\u0103rut \u00een ultimele luni ale Primului R\u0103zboi Mondial. Dar a fost un virus sau o afec\u021biune care a ap\u0103rut printre ...\",\"breadcrumb\":{\"@id\":\"https:\/\/mhf.ro\/mm\/gripa-spaniola-si-covidul\/#breadcrumb\"},\"inLanguage\":\"ro-RO\",\"potentialAction\":[{\"@type\":\"ReadAction\",\"target\":[\"https:\/\/mhf.ro\/mm\/gripa-spaniola-si-covidul\/\"]}]},{\"@type\":\"ImageObject\",\"inLanguage\":\"ro-RO\",\"@id\":\"https:\/\/mhf.ro\/mm\/gripa-spaniola-si-covidul\/#primaryimage\",\"url\":\"https:\/\/mhf.ro\/mm\/wp-content\/uploads\/2020\/05\/covid-19.jpg\",\"contentUrl\":\"https:\/\/mhf.ro\/mm\/wp-content\/uploads\/2020\/05\/covid-19.jpg\",\"width\":1280,\"height\":854},{\"@type\":\"BreadcrumbList\",\"@id\":\"https:\/\/mhf.ro\/mm\/gripa-spaniola-si-covidul\/#breadcrumb\",\"itemListElement\":[{\"@type\":\"ListItem\",\"position\":1,\"name\":\"Prima pagin\u0103\",\"item\":\"https:\/\/mhf.ro\/mm\/\"},{\"@type\":\"ListItem\",\"position\":2,\"name\":\"GRIPA SPANIOL\u0102 \u015eI COVIDUL\"}]},{\"@type\":\"WebSite\",\"@id\":\"https:\/\/mhf.ro\/mm\/#website\",\"url\":\"https:\/\/mhf.ro\/mm\/\",\"name\":\"MHF Photography \u2013 Blog de fotografie, natur\u0103 \u0219i tehnic\u0103 divers\u0103\",\"description\":\"Aventur\u0103 \u00een fiecare cadru.\",\"publisher\":{\"@id\":\"https:\/\/mhf.ro\/mm\/#\/schema\/person\/a3bebf7bdb4bf12f698aff73c7e46c21\"},\"potentialAction\":[{\"@type\":\"SearchAction\",\"target\":{\"@type\":\"EntryPoint\",\"urlTemplate\":\"https:\/\/mhf.ro\/mm\/?s={search_term_string}\"},\"query-input\":{\"@type\":\"PropertyValueSpecification\",\"valueRequired\":true,\"valueName\":\"search_term_string\"}}],\"inLanguage\":\"ro-RO\"},{\"@type\":[\"Person\",\"Organization\"],\"@id\":\"https:\/\/mhf.ro\/mm\/#\/schema\/person\/a3bebf7bdb4bf12f698aff73c7e46c21\",\"name\":\"Marius Marcu\",\"image\":{\"@type\":\"ImageObject\",\"inLanguage\":\"ro-RO\",\"@id\":\"https:\/\/mhf.ro\/mm\/#\/schema\/person\/image\/\",\"url\":\"https:\/\/mhf.ro\/mm\/wp-content\/uploads\/2025\/12\/cropped-logo_mhf_2.png\",\"contentUrl\":\"https:\/\/mhf.ro\/mm\/wp-content\/uploads\/2025\/12\/cropped-logo_mhf_2.png\",\"width\":1096,\"height\":457,\"caption\":\"Marius Marcu\"},\"logo\":{\"@id\":\"https:\/\/mhf.ro\/mm\/#\/schema\/person\/image\/\"},\"sameAs\":[\"https:\/\/mhf.ro\/mm\"]},{\"@type\":\"Person\",\"@id\":\"https:\/\/mhf.ro\/mm\/#\/schema\/person\/ecde2c4d3c2298573c280821ab6d9965\",\"name\":\"Mitu Ion\",\"image\":{\"@type\":\"ImageObject\",\"inLanguage\":\"ro-RO\",\"@id\":\"https:\/\/mhf.ro\/mm\/#\/schema\/person\/image\/\",\"url\":\"https:\/\/secure.gravatar.com\/avatar\/fb0a4d707f287178aadfb359603e2d946f49db0cd52072b1b6748bc111739ee5?s=96&d=monsterid&r=g\",\"contentUrl\":\"https:\/\/secure.gravatar.com\/avatar\/fb0a4d707f287178aadfb359603e2d946f49db0cd52072b1b6748bc111739ee5?s=96&d=monsterid&r=g\",\"caption\":\"Mitu Ion\"},\"sameAs\":[\"https:\/\/mhf.ro\/mm\"],\"url\":\"https:\/\/mhf.ro\/mm\/author\/mitu\/\"}]}<\/script>\n<!-- \/ Yoast SEO plugin. -->","yoast_head_json":{"title":"GRIPA SPANIOL\u0102 \u015eI COVIDUL - MHF Photography","description":"Se admite, \u00een general, c\u0103 epidemia a ap\u0103rut \u00een ultimele luni ale Primului R\u0103zboi Mondial. Dar a fost un virus sau o afec\u021biune care a ap\u0103rut printre ...","robots":{"index":"index","follow":"follow","max-snippet":"max-snippet:-1","max-image-preview":"max-image-preview:large","max-video-preview":"max-video-preview:-1"},"canonical":"https:\/\/mhf.ro\/mm\/gripa-spaniola-si-covidul\/","og_locale":"ro_RO","og_type":"article","og_title":"GRIPA SPANIOL\u0102 \u015eI COVIDUL - MHF Photography","og_description":"Se admite, \u00een general, c\u0103 epidemia a ap\u0103rut \u00een ultimele luni ale Primului R\u0103zboi Mondial. Dar a fost un virus sau o afec\u021biune care a ap\u0103rut printre ...","og_url":"https:\/\/mhf.ro\/mm\/gripa-spaniola-si-covidul\/","og_site_name":"MHF Photography","article_published_time":"2020-05-28T09:11:06+00:00","article_modified_time":"2020-05-30T08:19:21+00:00","og_image":[{"width":1280,"height":854,"url":"https:\/\/mhf.ro\/mm\/wp-content\/uploads\/2020\/05\/covid-19.jpg","type":"image\/jpeg"}],"author":"Mitu Ion","twitter_card":"summary_large_image","twitter_misc":{"Scris de":"Mitu Ion","Timp estimat pentru citire":"5 minute"},"schema":{"@context":"https:\/\/schema.org","@graph":[{"@type":"Article","@id":"https:\/\/mhf.ro\/mm\/gripa-spaniola-si-covidul\/#article","isPartOf":{"@id":"https:\/\/mhf.ro\/mm\/gripa-spaniola-si-covidul\/"},"author":{"name":"Mitu Ion","@id":"https:\/\/mhf.ro\/mm\/#\/schema\/person\/ecde2c4d3c2298573c280821ab6d9965"},"headline":"GRIPA SPANIOL\u0102 \u015eI COVIDUL","datePublished":"2020-05-28T09:11:06+00:00","dateModified":"2020-05-30T08:19:21+00:00","mainEntityOfPage":{"@id":"https:\/\/mhf.ro\/mm\/gripa-spaniola-si-covidul\/"},"wordCount":945,"commentCount":0,"publisher":{"@id":"https:\/\/mhf.ro\/mm\/#\/schema\/person\/a3bebf7bdb4bf12f698aff73c7e46c21"},"image":{"@id":"https:\/\/mhf.ro\/mm\/gripa-spaniola-si-covidul\/#primaryimage"},"thumbnailUrl":"https:\/\/mhf.ro\/mm\/wp-content\/uploads\/2020\/05\/covid-19.jpg","articleSection":["Diverse"],"inLanguage":"ro-RO","potentialAction":[{"@type":"CommentAction","name":"Comment","target":["https:\/\/mhf.ro\/mm\/gripa-spaniola-si-covidul\/#respond"]}]},{"@type":"WebPage","@id":"https:\/\/mhf.ro\/mm\/gripa-spaniola-si-covidul\/","url":"https:\/\/mhf.ro\/mm\/gripa-spaniola-si-covidul\/","name":"GRIPA SPANIOL\u0102 \u015eI COVIDUL - MHF Photography","isPartOf":{"@id":"https:\/\/mhf.ro\/mm\/#website"},"primaryImageOfPage":{"@id":"https:\/\/mhf.ro\/mm\/gripa-spaniola-si-covidul\/#primaryimage"},"image":{"@id":"https:\/\/mhf.ro\/mm\/gripa-spaniola-si-covidul\/#primaryimage"},"thumbnailUrl":"https:\/\/mhf.ro\/mm\/wp-content\/uploads\/2020\/05\/covid-19.jpg","datePublished":"2020-05-28T09:11:06+00:00","dateModified":"2020-05-30T08:19:21+00:00","description":"Se admite, \u00een general, c\u0103 epidemia a ap\u0103rut \u00een ultimele luni ale Primului R\u0103zboi Mondial. Dar a fost un virus sau o afec\u021biune care a ap\u0103rut printre ...","breadcrumb":{"@id":"https:\/\/mhf.ro\/mm\/gripa-spaniola-si-covidul\/#breadcrumb"},"inLanguage":"ro-RO","potentialAction":[{"@type":"ReadAction","target":["https:\/\/mhf.ro\/mm\/gripa-spaniola-si-covidul\/"]}]},{"@type":"ImageObject","inLanguage":"ro-RO","@id":"https:\/\/mhf.ro\/mm\/gripa-spaniola-si-covidul\/#primaryimage","url":"https:\/\/mhf.ro\/mm\/wp-content\/uploads\/2020\/05\/covid-19.jpg","contentUrl":"https:\/\/mhf.ro\/mm\/wp-content\/uploads\/2020\/05\/covid-19.jpg","width":1280,"height":854},{"@type":"BreadcrumbList","@id":"https:\/\/mhf.ro\/mm\/gripa-spaniola-si-covidul\/#breadcrumb","itemListElement":[{"@type":"ListItem","position":1,"name":"Prima pagin\u0103","item":"https:\/\/mhf.ro\/mm\/"},{"@type":"ListItem","position":2,"name":"GRIPA SPANIOL\u0102 \u015eI COVIDUL"}]},{"@type":"WebSite","@id":"https:\/\/mhf.ro\/mm\/#website","url":"https:\/\/mhf.ro\/mm\/","name":"MHF Photography \u2013 Blog de fotografie, natur\u0103 \u0219i tehnic\u0103 divers\u0103","description":"Aventur\u0103 \u00een fiecare cadru.","publisher":{"@id":"https:\/\/mhf.ro\/mm\/#\/schema\/person\/a3bebf7bdb4bf12f698aff73c7e46c21"},"potentialAction":[{"@type":"SearchAction","target":{"@type":"EntryPoint","urlTemplate":"https:\/\/mhf.ro\/mm\/?s={search_term_string}"},"query-input":{"@type":"PropertyValueSpecification","valueRequired":true,"valueName":"search_term_string"}}],"inLanguage":"ro-RO"},{"@type":["Person","Organization"],"@id":"https:\/\/mhf.ro\/mm\/#\/schema\/person\/a3bebf7bdb4bf12f698aff73c7e46c21","name":"Marius Marcu","image":{"@type":"ImageObject","inLanguage":"ro-RO","@id":"https:\/\/mhf.ro\/mm\/#\/schema\/person\/image\/","url":"https:\/\/mhf.ro\/mm\/wp-content\/uploads\/2025\/12\/cropped-logo_mhf_2.png","contentUrl":"https:\/\/mhf.ro\/mm\/wp-content\/uploads\/2025\/12\/cropped-logo_mhf_2.png","width":1096,"height":457,"caption":"Marius Marcu"},"logo":{"@id":"https:\/\/mhf.ro\/mm\/#\/schema\/person\/image\/"},"sameAs":["https:\/\/mhf.ro\/mm"]},{"@type":"Person","@id":"https:\/\/mhf.ro\/mm\/#\/schema\/person\/ecde2c4d3c2298573c280821ab6d9965","name":"Mitu Ion","image":{"@type":"ImageObject","inLanguage":"ro-RO","@id":"https:\/\/mhf.ro\/mm\/#\/schema\/person\/image\/","url":"https:\/\/secure.gravatar.com\/avatar\/fb0a4d707f287178aadfb359603e2d946f49db0cd52072b1b6748bc111739ee5?s=96&d=monsterid&r=g","contentUrl":"https:\/\/secure.gravatar.com\/avatar\/fb0a4d707f287178aadfb359603e2d946f49db0cd52072b1b6748bc111739ee5?s=96&d=monsterid&r=g","caption":"Mitu Ion"},"sameAs":["https:\/\/mhf.ro\/mm"],"url":"https:\/\/mhf.ro\/mm\/author\/mitu\/"}]}},"_links":{"self":[{"href":"https:\/\/mhf.ro\/mm\/wp-json\/wp\/v2\/posts\/1765","targetHints":{"allow":["GET"]}}],"collection":[{"href":"https:\/\/mhf.ro\/mm\/wp-json\/wp\/v2\/posts"}],"about":[{"href":"https:\/\/mhf.ro\/mm\/wp-json\/wp\/v2\/types\/post"}],"author":[{"embeddable":true,"href":"https:\/\/mhf.ro\/mm\/wp-json\/wp\/v2\/users\/10"}],"replies":[{"embeddable":true,"href":"https:\/\/mhf.ro\/mm\/wp-json\/wp\/v2\/comments?post=1765"}],"version-history":[{"count":6,"href":"https:\/\/mhf.ro\/mm\/wp-json\/wp\/v2\/posts\/1765\/revisions"}],"predecessor-version":[{"id":1863,"href":"https:\/\/mhf.ro\/mm\/wp-json\/wp\/v2\/posts\/1765\/revisions\/1863"}],"wp:featuredmedia":[{"embeddable":true,"href":"https:\/\/mhf.ro\/mm\/wp-json\/wp\/v2\/media\/1778"}],"wp:attachment":[{"href":"https:\/\/mhf.ro\/mm\/wp-json\/wp\/v2\/media?parent=1765"}],"wp:term":[{"taxonomy":"category","embeddable":true,"href":"https:\/\/mhf.ro\/mm\/wp-json\/wp\/v2\/categories?post=1765"},{"taxonomy":"post_tag","embeddable":true,"href":"https:\/\/mhf.ro\/mm\/wp-json\/wp\/v2\/tags?post=1765"}],"curies":[{"name":"wp","href":"https:\/\/api.w.org\/{rel}","templated":true}]}}