{"id":1845,"date":"2020-05-29T14:51:38","date_gmt":"2020-05-29T14:51:38","guid":{"rendered":"https:\/\/mhf.ro\/mm\/?p=1845"},"modified":"2020-05-30T08:19:35","modified_gmt":"2020-05-30T08:19:35","slug":"scurt-istoric-al-demerului-numit-vocea-blajului-partea-a-ii-a","status":"publish","type":"post","link":"https:\/\/mhf.ro\/mm\/scurt-istoric-al-demerului-numit-vocea-blajului-partea-a-ii-a\/","title":{"rendered":"Scurt istoric al demersului numit Vocea Blajului. Partea a II-a"},"content":{"rendered":"<p>\u00cen municipiul Blaj, \u00eentre r\u00e2ul T\u0103rnava Mare \u0219i dealurile acoperite cu un p\u00e2lc de p\u0103dure, s-au construit, \u00een a doua jum\u0103tate a secolului XX, case cochete, locuite de oameni harnici \u0219i prieteno\u0219i. Dac\u0103 unui p\u00e2lc de p\u0103dure i se mai zice \u0219i berc, cartierul s-a numit, bine\u00een\u021beles, Berc. Din 2008 \u00een cartierul Berc exist\u0103 \u0219i biseric\u0103 ortodox\u0103, cu hramul Sfin\u021bii Apostoli Petru \u0219i Pavel.<\/p>\n<p>Un locuitor al Bercului, Marcu Marius, cu un enuziasm contagios, pricepere \u0219i cheltuieli considerabile, a \u00eenfiin\u021bat un post de radio \u0219i o gazet\u0103, ambele online, care au g\u0103zduit ini\u021bial slujbe de la biserica din Berc, muzic\u0103 religioas\u0103 \u0219i articole laice.<\/p>\n<p>Privind spre viitor, radioul urmeaz\u0103 s\u0103 diversifice programele \u0219i s\u0103 adauge muzic\u0103 popular\u0103 \u0219i de alte genuri. Acestea vor fi posibile doar atunci c\u00e2nd se va forma o echip\u0103 de voluntari, capabil\u0103 s\u0103 distribuie toate activit\u0103\u021bile necesare unui program divers. Sper\u0103m s\u0103 ajungem s\u0103 cunoa\u0219tem bine toate bisericile din ora\u0219ul nostru \u0219tiut fiind c\u0103 de obicei fiecare cunoa\u0219te bine biserica de care apar\u021bine \u0219i nu poate spune multe despre celelalte biserici.<\/p>\n<p>Chiar dac\u0103 a \u00eenceput la Berc, \u201dv<em>ocea\u201d<\/em>\u00a0 de la radio sau din gazet\u0103 se nume\u0219te a Blajului nu a Bercului. Dar nu se vrea doar a Blajului ci i se pot al\u0103tura \u0219i alte, \u201d<em>voci<\/em>\u201d cu preocup\u0103ri similare. La fel \u0219i ascult\u0103torii sunt \u0219i din alte p\u0103r\u021bi.<\/p>\n<p>Gazeta este mult mai dinamic\u0103. Se transform\u0103 \u00eentr-un ritm mai alert. Pe l\u00e2ng\u0103 articole cu o gam\u0103 tot mai larg\u0103 de domenii, a demarat \u0219i un concurs care s\u0103 pun\u0103 \u00een valoare at\u00e2t de fascinante min\u021bi de copii care r\u0103m\u00e2n ne\u0219tiute. Gazeta are mari \u0219anse s\u0103 devin\u0103 un loc de convergen\u021b\u0103 \u00eentre copii, adolescen\u021bi \u0219i adul\u021bi, preo\u021bi \u0219i laici, to\u021bi cu preocup\u0103ri \u0219i capacit\u0103\u021bi specifice dar av\u00e2nd comune credin\u021ba \u00een Dumnezeul cel Adev\u0103rat, decen\u021ba exprim\u0103rii \u0219i respectul pentru persoana \u0219i opinia celuilalt.<\/p>\n<p>Dac\u0103 unii tineri vor deprinde de la adul\u021bi one\u0219ti virtu\u021bi cre\u0219tine\u0219ti \u0219i dragoste de Dumnezeu \u0219i de neamul nostru rom\u00e2nesc, se poate spune c\u0103 Vocea Blajului s-a f\u0103cut auzit\u0103.<\/p>\n<p>&nbsp;<\/p>\n<p><a href=\"http:\/\/riz.ro\" target=\"_blank\" rel=\"noopener noreferrer\"><img decoding=\"async\" class=\"alignright wp-image-1187\" src=\"https:\/\/mhf.ro\/mm\/wp-content\/uploads\/2020\/05\/ReclamaRiz_1-150x150.png\" alt=\"Profile din polistiren\" width=\"110\" height=\"41\" srcset=\"https:\/\/mhf.ro\/mm\/wp-content\/uploads\/2020\/05\/ReclamaRiz_1-300x111.png 300w, https:\/\/mhf.ro\/mm\/wp-content\/uploads\/2020\/05\/ReclamaRiz_1-1024x377.png 1024w, https:\/\/mhf.ro\/mm\/wp-content\/uploads\/2020\/05\/ReclamaRiz_1-768x283.png 768w, https:\/\/mhf.ro\/mm\/wp-content\/uploads\/2020\/05\/ReclamaRiz_1.png 1295w\" sizes=\"(max-width: 110px) 100vw, 110px\" \/><\/a><\/p>\n<p>&nbsp;<\/p>\n","protected":false},"excerpt":{"rendered":"<p>\u00cen municipiul Blaj, \u00eentre r\u00e2ul T\u0103rnava Mare \u0219i dealurile acoperite cu un p\u00e2lc de p\u0103dure, s-au construit, \u00een a doua<\/p>\n","protected":false},"author":4,"featured_media":1857,"comment_status":"open","ping_status":"open","sticky":false,"template":"","format":"standard","meta":{"colormag_page_container_layout":"default_layout","colormag_page_sidebar_layout":"default_layout","footnotes":""},"categories":[5],"tags":[],"class_list":["post-1845","post","type-post","status-publish","format-standard","has-post-thumbnail","hentry","category-locale"],"yoast_head":"<!-- This site is optimized with the Yoast SEO plugin v27.0 - https:\/\/yoast.com\/product\/yoast-seo-wordpress\/ -->\n<title>Scurt istoric al demersului numit Vocea Blajului. Partea a II-a - MHF Photography<\/title>\n<meta name=\"description\" content=\"\u00cen municipiul Blaj, \u00eentre r\u00e2ul T\u0103rnava Mare \u0219i dealurile acoperite cu un p\u00e2lc de p\u0103dure, s-au construit, case cochete, locuite de oameni ...\" \/>\n<meta name=\"robots\" content=\"index, follow, max-snippet:-1, max-image-preview:large, max-video-preview:-1\" \/>\n<link rel=\"canonical\" href=\"https:\/\/mhf.ro\/mm\/scurt-istoric-al-demerului-numit-vocea-blajului-partea-a-ii-a\/\" \/>\n<meta property=\"og:locale\" content=\"ro_RO\" \/>\n<meta property=\"og:type\" content=\"article\" \/>\n<meta property=\"og:title\" content=\"Scurt istoric al demersului numit Vocea Blajului. Partea a II-a - MHF Photography\" \/>\n<meta property=\"og:description\" content=\"\u00cen municipiul Blaj, \u00eentre r\u00e2ul T\u0103rnava Mare \u0219i dealurile acoperite cu un p\u00e2lc de p\u0103dure, s-au construit, case cochete, locuite de oameni ...\" \/>\n<meta property=\"og:url\" content=\"https:\/\/mhf.ro\/mm\/scurt-istoric-al-demerului-numit-vocea-blajului-partea-a-ii-a\/\" \/>\n<meta property=\"og:site_name\" content=\"MHF Photography\" \/>\n<meta property=\"article:published_time\" content=\"2020-05-29T14:51:38+00:00\" \/>\n<meta property=\"article:modified_time\" content=\"2020-05-30T08:19:35+00:00\" \/>\n<meta property=\"og:image\" content=\"https:\/\/mhf.ro\/mm\/wp-content\/uploads\/2020\/05\/berc1-scaled.jpg\" \/>\n\t<meta property=\"og:image:width\" content=\"2560\" \/>\n\t<meta property=\"og:image:height\" content=\"1440\" \/>\n\t<meta property=\"og:image:type\" content=\"image\/jpeg\" \/>\n<meta name=\"author\" content=\"Preot paroh Horvat Petru\" \/>\n<meta name=\"twitter:card\" content=\"summary_large_image\" \/>\n<meta name=\"twitter:label1\" content=\"Scris de\" \/>\n\t<meta name=\"twitter:data1\" content=\"Preot paroh Horvat Petru\" \/>\n\t<meta name=\"twitter:label2\" content=\"Timp estimat pentru citire\" \/>\n\t<meta name=\"twitter:data2\" content=\"2 minute\" \/>\n<script type=\"application\/ld+json\" class=\"yoast-schema-graph\">{\"@context\":\"https:\/\/schema.org\",\"@graph\":[{\"@type\":\"Article\",\"@id\":\"https:\/\/mhf.ro\/mm\/scurt-istoric-al-demerului-numit-vocea-blajului-partea-a-ii-a\/#article\",\"isPartOf\":{\"@id\":\"https:\/\/mhf.ro\/mm\/scurt-istoric-al-demerului-numit-vocea-blajului-partea-a-ii-a\/\"},\"author\":{\"name\":\"Preot paroh Horvat Petru\",\"@id\":\"https:\/\/mhf.ro\/mm\/#\/schema\/person\/4c8c06c801b7b666e81ed44550086900\"},\"headline\":\"Scurt istoric al demersului numit Vocea Blajului. Partea a II-a\",\"datePublished\":\"2020-05-29T14:51:38+00:00\",\"dateModified\":\"2020-05-30T08:19:35+00:00\",\"mainEntityOfPage\":{\"@id\":\"https:\/\/mhf.ro\/mm\/scurt-istoric-al-demerului-numit-vocea-blajului-partea-a-ii-a\/\"},\"wordCount\":395,\"commentCount\":1,\"publisher\":{\"@id\":\"https:\/\/mhf.ro\/mm\/#\/schema\/person\/a3bebf7bdb4bf12f698aff73c7e46c21\"},\"image\":{\"@id\":\"https:\/\/mhf.ro\/mm\/scurt-istoric-al-demerului-numit-vocea-blajului-partea-a-ii-a\/#primaryimage\"},\"thumbnailUrl\":\"https:\/\/mhf.ro\/mm\/wp-content\/uploads\/2020\/05\/berc1-scaled.jpg\",\"articleSection\":[\"Locale\"],\"inLanguage\":\"ro-RO\",\"potentialAction\":[{\"@type\":\"CommentAction\",\"name\":\"Comment\",\"target\":[\"https:\/\/mhf.ro\/mm\/scurt-istoric-al-demerului-numit-vocea-blajului-partea-a-ii-a\/#respond\"]}]},{\"@type\":\"WebPage\",\"@id\":\"https:\/\/mhf.ro\/mm\/scurt-istoric-al-demerului-numit-vocea-blajului-partea-a-ii-a\/\",\"url\":\"https:\/\/mhf.ro\/mm\/scurt-istoric-al-demerului-numit-vocea-blajului-partea-a-ii-a\/\",\"name\":\"Scurt istoric al demersului numit Vocea Blajului. Partea a II-a - MHF Photography\",\"isPartOf\":{\"@id\":\"https:\/\/mhf.ro\/mm\/#website\"},\"primaryImageOfPage\":{\"@id\":\"https:\/\/mhf.ro\/mm\/scurt-istoric-al-demerului-numit-vocea-blajului-partea-a-ii-a\/#primaryimage\"},\"image\":{\"@id\":\"https:\/\/mhf.ro\/mm\/scurt-istoric-al-demerului-numit-vocea-blajului-partea-a-ii-a\/#primaryimage\"},\"thumbnailUrl\":\"https:\/\/mhf.ro\/mm\/wp-content\/uploads\/2020\/05\/berc1-scaled.jpg\",\"datePublished\":\"2020-05-29T14:51:38+00:00\",\"dateModified\":\"2020-05-30T08:19:35+00:00\",\"description\":\"\u00cen municipiul Blaj, \u00eentre r\u00e2ul T\u0103rnava Mare \u0219i dealurile acoperite cu un p\u00e2lc de p\u0103dure, s-au construit, case cochete, locuite de oameni ...\",\"breadcrumb\":{\"@id\":\"https:\/\/mhf.ro\/mm\/scurt-istoric-al-demerului-numit-vocea-blajului-partea-a-ii-a\/#breadcrumb\"},\"inLanguage\":\"ro-RO\",\"potentialAction\":[{\"@type\":\"ReadAction\",\"target\":[\"https:\/\/mhf.ro\/mm\/scurt-istoric-al-demerului-numit-vocea-blajului-partea-a-ii-a\/\"]}]},{\"@type\":\"ImageObject\",\"inLanguage\":\"ro-RO\",\"@id\":\"https:\/\/mhf.ro\/mm\/scurt-istoric-al-demerului-numit-vocea-blajului-partea-a-ii-a\/#primaryimage\",\"url\":\"https:\/\/mhf.ro\/mm\/wp-content\/uploads\/2020\/05\/berc1-scaled.jpg\",\"contentUrl\":\"https:\/\/mhf.ro\/mm\/wp-content\/uploads\/2020\/05\/berc1-scaled.jpg\",\"width\":2560,\"height\":1440,\"caption\":\"DCIM100MEDIA\"},{\"@type\":\"BreadcrumbList\",\"@id\":\"https:\/\/mhf.ro\/mm\/scurt-istoric-al-demerului-numit-vocea-blajului-partea-a-ii-a\/#breadcrumb\",\"itemListElement\":[{\"@type\":\"ListItem\",\"position\":1,\"name\":\"Prima pagin\u0103\",\"item\":\"https:\/\/mhf.ro\/mm\/\"},{\"@type\":\"ListItem\",\"position\":2,\"name\":\"Scurt istoric al demersului numit Vocea Blajului. Partea a II-a\"}]},{\"@type\":\"WebSite\",\"@id\":\"https:\/\/mhf.ro\/mm\/#website\",\"url\":\"https:\/\/mhf.ro\/mm\/\",\"name\":\"MHF Photography \u2013 Blog de fotografie, natur\u0103 \u0219i tehnic\u0103 divers\u0103\",\"description\":\"Aventur\u0103 \u00een fiecare cadru.\",\"publisher\":{\"@id\":\"https:\/\/mhf.ro\/mm\/#\/schema\/person\/a3bebf7bdb4bf12f698aff73c7e46c21\"},\"potentialAction\":[{\"@type\":\"SearchAction\",\"target\":{\"@type\":\"EntryPoint\",\"urlTemplate\":\"https:\/\/mhf.ro\/mm\/?s={search_term_string}\"},\"query-input\":{\"@type\":\"PropertyValueSpecification\",\"valueRequired\":true,\"valueName\":\"search_term_string\"}}],\"inLanguage\":\"ro-RO\"},{\"@type\":[\"Person\",\"Organization\"],\"@id\":\"https:\/\/mhf.ro\/mm\/#\/schema\/person\/a3bebf7bdb4bf12f698aff73c7e46c21\",\"name\":\"Marius Marcu\",\"image\":{\"@type\":\"ImageObject\",\"inLanguage\":\"ro-RO\",\"@id\":\"https:\/\/mhf.ro\/mm\/#\/schema\/person\/image\/\",\"url\":\"https:\/\/mhf.ro\/mm\/wp-content\/uploads\/2025\/12\/cropped-logo_mhf_2.png\",\"contentUrl\":\"https:\/\/mhf.ro\/mm\/wp-content\/uploads\/2025\/12\/cropped-logo_mhf_2.png\",\"width\":1096,\"height\":457,\"caption\":\"Marius Marcu\"},\"logo\":{\"@id\":\"https:\/\/mhf.ro\/mm\/#\/schema\/person\/image\/\"},\"sameAs\":[\"https:\/\/mhf.ro\/mm\"]},{\"@type\":\"Person\",\"@id\":\"https:\/\/mhf.ro\/mm\/#\/schema\/person\/4c8c06c801b7b666e81ed44550086900\",\"name\":\"Preot paroh Horvat Petru\",\"image\":{\"@type\":\"ImageObject\",\"inLanguage\":\"ro-RO\",\"@id\":\"https:\/\/mhf.ro\/mm\/#\/schema\/person\/image\/\",\"url\":\"https:\/\/secure.gravatar.com\/avatar\/c2d2dcdf21c6f41aad486d71768c144cd6e23cb7b63bae9bd6fab542b26ad321?s=96&d=monsterid&r=g\",\"contentUrl\":\"https:\/\/secure.gravatar.com\/avatar\/c2d2dcdf21c6f41aad486d71768c144cd6e23cb7b63bae9bd6fab542b26ad321?s=96&d=monsterid&r=g\",\"caption\":\"Preot paroh Horvat Petru\"},\"sameAs\":[\"https:\/\/mhf.ro\/mm\"],\"url\":\"https:\/\/mhf.ro\/mm\/author\/petrica\/\"}]}<\/script>\n<!-- \/ Yoast SEO plugin. -->","yoast_head_json":{"title":"Scurt istoric al demersului numit Vocea Blajului. Partea a II-a - MHF Photography","description":"\u00cen municipiul Blaj, \u00eentre r\u00e2ul T\u0103rnava Mare \u0219i dealurile acoperite cu un p\u00e2lc de p\u0103dure, s-au construit, case cochete, locuite de oameni ...","robots":{"index":"index","follow":"follow","max-snippet":"max-snippet:-1","max-image-preview":"max-image-preview:large","max-video-preview":"max-video-preview:-1"},"canonical":"https:\/\/mhf.ro\/mm\/scurt-istoric-al-demerului-numit-vocea-blajului-partea-a-ii-a\/","og_locale":"ro_RO","og_type":"article","og_title":"Scurt istoric al demersului numit Vocea Blajului. Partea a II-a - MHF Photography","og_description":"\u00cen municipiul Blaj, \u00eentre r\u00e2ul T\u0103rnava Mare \u0219i dealurile acoperite cu un p\u00e2lc de p\u0103dure, s-au construit, case cochete, locuite de oameni ...","og_url":"https:\/\/mhf.ro\/mm\/scurt-istoric-al-demerului-numit-vocea-blajului-partea-a-ii-a\/","og_site_name":"MHF Photography","article_published_time":"2020-05-29T14:51:38+00:00","article_modified_time":"2020-05-30T08:19:35+00:00","og_image":[{"width":2560,"height":1440,"url":"https:\/\/mhf.ro\/mm\/wp-content\/uploads\/2020\/05\/berc1-scaled.jpg","type":"image\/jpeg"}],"author":"Preot paroh Horvat Petru","twitter_card":"summary_large_image","twitter_misc":{"Scris de":"Preot paroh Horvat Petru","Timp estimat pentru citire":"2 minute"},"schema":{"@context":"https:\/\/schema.org","@graph":[{"@type":"Article","@id":"https:\/\/mhf.ro\/mm\/scurt-istoric-al-demerului-numit-vocea-blajului-partea-a-ii-a\/#article","isPartOf":{"@id":"https:\/\/mhf.ro\/mm\/scurt-istoric-al-demerului-numit-vocea-blajului-partea-a-ii-a\/"},"author":{"name":"Preot paroh Horvat Petru","@id":"https:\/\/mhf.ro\/mm\/#\/schema\/person\/4c8c06c801b7b666e81ed44550086900"},"headline":"Scurt istoric al demersului numit Vocea Blajului. Partea a II-a","datePublished":"2020-05-29T14:51:38+00:00","dateModified":"2020-05-30T08:19:35+00:00","mainEntityOfPage":{"@id":"https:\/\/mhf.ro\/mm\/scurt-istoric-al-demerului-numit-vocea-blajului-partea-a-ii-a\/"},"wordCount":395,"commentCount":1,"publisher":{"@id":"https:\/\/mhf.ro\/mm\/#\/schema\/person\/a3bebf7bdb4bf12f698aff73c7e46c21"},"image":{"@id":"https:\/\/mhf.ro\/mm\/scurt-istoric-al-demerului-numit-vocea-blajului-partea-a-ii-a\/#primaryimage"},"thumbnailUrl":"https:\/\/mhf.ro\/mm\/wp-content\/uploads\/2020\/05\/berc1-scaled.jpg","articleSection":["Locale"],"inLanguage":"ro-RO","potentialAction":[{"@type":"CommentAction","name":"Comment","target":["https:\/\/mhf.ro\/mm\/scurt-istoric-al-demerului-numit-vocea-blajului-partea-a-ii-a\/#respond"]}]},{"@type":"WebPage","@id":"https:\/\/mhf.ro\/mm\/scurt-istoric-al-demerului-numit-vocea-blajului-partea-a-ii-a\/","url":"https:\/\/mhf.ro\/mm\/scurt-istoric-al-demerului-numit-vocea-blajului-partea-a-ii-a\/","name":"Scurt istoric al demersului numit Vocea Blajului. Partea a II-a - MHF Photography","isPartOf":{"@id":"https:\/\/mhf.ro\/mm\/#website"},"primaryImageOfPage":{"@id":"https:\/\/mhf.ro\/mm\/scurt-istoric-al-demerului-numit-vocea-blajului-partea-a-ii-a\/#primaryimage"},"image":{"@id":"https:\/\/mhf.ro\/mm\/scurt-istoric-al-demerului-numit-vocea-blajului-partea-a-ii-a\/#primaryimage"},"thumbnailUrl":"https:\/\/mhf.ro\/mm\/wp-content\/uploads\/2020\/05\/berc1-scaled.jpg","datePublished":"2020-05-29T14:51:38+00:00","dateModified":"2020-05-30T08:19:35+00:00","description":"\u00cen municipiul Blaj, \u00eentre r\u00e2ul T\u0103rnava Mare \u0219i dealurile acoperite cu un p\u00e2lc de p\u0103dure, s-au construit, case cochete, locuite de oameni ...","breadcrumb":{"@id":"https:\/\/mhf.ro\/mm\/scurt-istoric-al-demerului-numit-vocea-blajului-partea-a-ii-a\/#breadcrumb"},"inLanguage":"ro-RO","potentialAction":[{"@type":"ReadAction","target":["https:\/\/mhf.ro\/mm\/scurt-istoric-al-demerului-numit-vocea-blajului-partea-a-ii-a\/"]}]},{"@type":"ImageObject","inLanguage":"ro-RO","@id":"https:\/\/mhf.ro\/mm\/scurt-istoric-al-demerului-numit-vocea-blajului-partea-a-ii-a\/#primaryimage","url":"https:\/\/mhf.ro\/mm\/wp-content\/uploads\/2020\/05\/berc1-scaled.jpg","contentUrl":"https:\/\/mhf.ro\/mm\/wp-content\/uploads\/2020\/05\/berc1-scaled.jpg","width":2560,"height":1440,"caption":"DCIM100MEDIA"},{"@type":"BreadcrumbList","@id":"https:\/\/mhf.ro\/mm\/scurt-istoric-al-demerului-numit-vocea-blajului-partea-a-ii-a\/#breadcrumb","itemListElement":[{"@type":"ListItem","position":1,"name":"Prima pagin\u0103","item":"https:\/\/mhf.ro\/mm\/"},{"@type":"ListItem","position":2,"name":"Scurt istoric al demersului numit Vocea Blajului. Partea a II-a"}]},{"@type":"WebSite","@id":"https:\/\/mhf.ro\/mm\/#website","url":"https:\/\/mhf.ro\/mm\/","name":"MHF Photography \u2013 Blog de fotografie, natur\u0103 \u0219i tehnic\u0103 divers\u0103","description":"Aventur\u0103 \u00een fiecare cadru.","publisher":{"@id":"https:\/\/mhf.ro\/mm\/#\/schema\/person\/a3bebf7bdb4bf12f698aff73c7e46c21"},"potentialAction":[{"@type":"SearchAction","target":{"@type":"EntryPoint","urlTemplate":"https:\/\/mhf.ro\/mm\/?s={search_term_string}"},"query-input":{"@type":"PropertyValueSpecification","valueRequired":true,"valueName":"search_term_string"}}],"inLanguage":"ro-RO"},{"@type":["Person","Organization"],"@id":"https:\/\/mhf.ro\/mm\/#\/schema\/person\/a3bebf7bdb4bf12f698aff73c7e46c21","name":"Marius Marcu","image":{"@type":"ImageObject","inLanguage":"ro-RO","@id":"https:\/\/mhf.ro\/mm\/#\/schema\/person\/image\/","url":"https:\/\/mhf.ro\/mm\/wp-content\/uploads\/2025\/12\/cropped-logo_mhf_2.png","contentUrl":"https:\/\/mhf.ro\/mm\/wp-content\/uploads\/2025\/12\/cropped-logo_mhf_2.png","width":1096,"height":457,"caption":"Marius Marcu"},"logo":{"@id":"https:\/\/mhf.ro\/mm\/#\/schema\/person\/image\/"},"sameAs":["https:\/\/mhf.ro\/mm"]},{"@type":"Person","@id":"https:\/\/mhf.ro\/mm\/#\/schema\/person\/4c8c06c801b7b666e81ed44550086900","name":"Preot paroh Horvat Petru","image":{"@type":"ImageObject","inLanguage":"ro-RO","@id":"https:\/\/mhf.ro\/mm\/#\/schema\/person\/image\/","url":"https:\/\/secure.gravatar.com\/avatar\/c2d2dcdf21c6f41aad486d71768c144cd6e23cb7b63bae9bd6fab542b26ad321?s=96&d=monsterid&r=g","contentUrl":"https:\/\/secure.gravatar.com\/avatar\/c2d2dcdf21c6f41aad486d71768c144cd6e23cb7b63bae9bd6fab542b26ad321?s=96&d=monsterid&r=g","caption":"Preot paroh Horvat Petru"},"sameAs":["https:\/\/mhf.ro\/mm"],"url":"https:\/\/mhf.ro\/mm\/author\/petrica\/"}]}},"_links":{"self":[{"href":"https:\/\/mhf.ro\/mm\/wp-json\/wp\/v2\/posts\/1845","targetHints":{"allow":["GET"]}}],"collection":[{"href":"https:\/\/mhf.ro\/mm\/wp-json\/wp\/v2\/posts"}],"about":[{"href":"https:\/\/mhf.ro\/mm\/wp-json\/wp\/v2\/types\/post"}],"author":[{"embeddable":true,"href":"https:\/\/mhf.ro\/mm\/wp-json\/wp\/v2\/users\/4"}],"replies":[{"embeddable":true,"href":"https:\/\/mhf.ro\/mm\/wp-json\/wp\/v2\/comments?post=1845"}],"version-history":[{"count":6,"href":"https:\/\/mhf.ro\/mm\/wp-json\/wp\/v2\/posts\/1845\/revisions"}],"predecessor-version":[{"id":1864,"href":"https:\/\/mhf.ro\/mm\/wp-json\/wp\/v2\/posts\/1845\/revisions\/1864"}],"wp:featuredmedia":[{"embeddable":true,"href":"https:\/\/mhf.ro\/mm\/wp-json\/wp\/v2\/media\/1857"}],"wp:attachment":[{"href":"https:\/\/mhf.ro\/mm\/wp-json\/wp\/v2\/media?parent=1845"}],"wp:term":[{"taxonomy":"category","embeddable":true,"href":"https:\/\/mhf.ro\/mm\/wp-json\/wp\/v2\/categories?post=1845"},{"taxonomy":"post_tag","embeddable":true,"href":"https:\/\/mhf.ro\/mm\/wp-json\/wp\/v2\/tags?post=1845"}],"curies":[{"name":"wp","href":"https:\/\/api.w.org\/{rel}","templated":true}]}}