{"id":1847,"date":"2020-05-30T07:59:26","date_gmt":"2020-05-30T07:59:26","guid":{"rendered":"https:\/\/mhf.ro\/mm\/?p=1847"},"modified":"2020-06-09T12:37:16","modified_gmt":"2020-06-09T12:37:16","slug":"biserica-ortodoxa-sfintii-apostoli-petru-si-pavel-din-blaj","status":"publish","type":"post","link":"https:\/\/mhf.ro\/mm\/biserica-ortodoxa-sfintii-apostoli-petru-si-pavel-din-blaj\/","title":{"rendered":"Biserica Ortodox\u0103 Sfin\u021bii Apostoli Petru \u0219i Pavel din Blaj"},"content":{"rendered":"<p><img fetchpriority=\"high\" decoding=\"async\" class=\"alignnone size-medium wp-image-1439\" src=\"https:\/\/mhf.ro\/mm\/wp-content\/uploads\/2020\/05\/b_3-300x225.jpg\" alt=\"\" width=\"300\" height=\"225\" srcset=\"https:\/\/mhf.ro\/mm\/wp-content\/uploads\/2020\/05\/b_3-300x225.jpg 300w, https:\/\/mhf.ro\/mm\/wp-content\/uploads\/2020\/05\/b_3-1024x768.jpg 1024w, https:\/\/mhf.ro\/mm\/wp-content\/uploads\/2020\/05\/b_3-768x576.jpg 768w, https:\/\/mhf.ro\/mm\/wp-content\/uploads\/2020\/05\/b_3-1536x1152.jpg 1536w, https:\/\/mhf.ro\/mm\/wp-content\/uploads\/2020\/05\/b_3.jpg 1600w\" sizes=\"(max-width: 300px) 100vw, 300px\" \/>\u00cen anul 2007 a fost \u00eenfiin\u021bat\u0103 \u00een Municipiul Blaj o parohie ortodox\u0103 cu denumirea Blaj Berc f\u0103r\u0103 s\u0103 aib\u0103 \u00een acel moment o delimitare teritorial\u0103 ci doar obiectivul de a se construi \u00een cartierul Berc o biseric\u0103. Inten\u021bia de a se construi \u00een Parcul Petofi \u0218andor biseric\u0103 s-a izbit de \u00eempotriviri vehemente. Prin urmare Arhiepiscopia Ortodox\u0103 Alba Iulia a cump\u0103rat casa familiei Florea, situat\u0103 pe strada Ion Heliade R\u0103dulescu la num\u0103rul 55.<\/p>\n<p>A fost \u00eencropit\u0103 o biseric\u0103 de lemn \u00een partea din spate a gr\u0103dinii. \u00cen Duminica Floriilor a anului 2008 a fost prima slujire \u00een acea biseric\u0103 provizorie. Dup\u0103 ce au fost demolate casa \u0219i anexele, pe terenul liber a \u00eenceput construirea bisericii cu hramul Sfin\u021bii Apostoli Petru \u0219i Pavel dup\u0103 un proiect realizat de arhitectul Mirea Iulian din Alba Iulia. Biserica a fost \u00eenghesuit\u0103 \u00eentre case astfel c\u0103 nu beneficiaz\u0103 de abside. \u00cen schimb turla pe naos, cu un diametru de 8 m \u0219i \u00een\u0103l\u021bime de 14 m, clopotni\u021ba, acoperi\u0219ul rotunjit, coloanele pridvorului \u0219i ocni\u021bele \u00eei dau bisericii un aspect r\u0103s\u0103ritean, de inspira\u021bie bizantin\u0103.<\/p>\n<p>Acum biserica este folosibil\u0103 chiar dac\u0103 pictura \u0219i iconostasul sunt neterminate. \u00centre timp s-a constituit \u0219i parohia ca \u0219i comunitate. Mai precis parohia se \u00eentinde de la Podul Vezii p\u00e2n\u0103 la strada Dumbravei cuprinz\u00e2nd 190 case locuite de ortodoc\u0219i, restul locuitorilor din zon\u0103\u00a0 apar\u021bin\u00e2nd de alte confesiuni.<\/p>\n<p>Preotul actual este Horvat Ioan Petru, absolvent al Facult\u0103\u021bii de teologie din Sibiu \u00een 1994<\/p>\n","protected":false},"excerpt":{"rendered":"<p>\u00cen anul 2007 a fost \u00eenfiin\u021bat\u0103 \u00een Municipiul Blaj o parohie ortodox\u0103 cu denumirea Blaj Berc f\u0103r\u0103 s\u0103 aib\u0103 \u00een<\/p>\n","protected":false},"author":4,"featured_media":1437,"comment_status":"open","ping_status":"open","sticky":false,"template":"","format":"standard","meta":{"colormag_page_container_layout":"default_layout","colormag_page_sidebar_layout":"default_layout","footnotes":""},"categories":[5],"tags":[],"class_list":["post-1847","post","type-post","status-publish","format-standard","has-post-thumbnail","hentry","category-locale"],"yoast_head":"<!-- This site is optimized with the Yoast SEO plugin v27.0 - https:\/\/yoast.com\/product\/yoast-seo-wordpress\/ -->\n<title>Biserica Ortodox\u0103 Sfin\u021bii Apostoli Petru \u0219i Pavel din Blaj - MHF Photography<\/title>\n<meta name=\"robots\" content=\"index, follow, max-snippet:-1, max-image-preview:large, max-video-preview:-1\" \/>\n<link rel=\"canonical\" href=\"https:\/\/mhf.ro\/mm\/biserica-ortodoxa-sfintii-apostoli-petru-si-pavel-din-blaj\/\" \/>\n<meta property=\"og:locale\" content=\"ro_RO\" \/>\n<meta property=\"og:type\" content=\"article\" \/>\n<meta property=\"og:title\" content=\"Biserica Ortodox\u0103 Sfin\u021bii Apostoli Petru \u0219i Pavel din Blaj - MHF Photography\" \/>\n<meta property=\"og:description\" content=\"\u00cen anul 2007 a fost \u00eenfiin\u021bat\u0103 \u00een Municipiul Blaj o parohie ortodox\u0103 cu denumirea Blaj Berc f\u0103r\u0103 s\u0103 aib\u0103 \u00een\" \/>\n<meta property=\"og:url\" content=\"https:\/\/mhf.ro\/mm\/biserica-ortodoxa-sfintii-apostoli-petru-si-pavel-din-blaj\/\" \/>\n<meta property=\"og:site_name\" content=\"MHF Photography\" \/>\n<meta property=\"article:published_time\" content=\"2020-05-30T07:59:26+00:00\" \/>\n<meta property=\"article:modified_time\" content=\"2020-06-09T12:37:16+00:00\" \/>\n<meta property=\"og:image\" content=\"https:\/\/mhf.ro\/mm\/wp-content\/uploads\/2020\/05\/b_1.jpg\" \/>\n\t<meta property=\"og:image:width\" content=\"1200\" \/>\n\t<meta property=\"og:image:height\" content=\"1600\" \/>\n\t<meta property=\"og:image:type\" content=\"image\/jpeg\" \/>\n<meta name=\"author\" content=\"Preot paroh Horvat Petru\" \/>\n<meta name=\"twitter:card\" content=\"summary_large_image\" \/>\n<meta name=\"twitter:label1\" content=\"Scris de\" \/>\n\t<meta name=\"twitter:data1\" content=\"Preot paroh Horvat Petru\" \/>\n\t<meta name=\"twitter:label2\" content=\"Timp estimat pentru citire\" \/>\n\t<meta name=\"twitter:data2\" content=\"1 minut\" \/>\n<script type=\"application\/ld+json\" class=\"yoast-schema-graph\">{\"@context\":\"https:\/\/schema.org\",\"@graph\":[{\"@type\":\"Article\",\"@id\":\"https:\/\/mhf.ro\/mm\/biserica-ortodoxa-sfintii-apostoli-petru-si-pavel-din-blaj\/#article\",\"isPartOf\":{\"@id\":\"https:\/\/mhf.ro\/mm\/biserica-ortodoxa-sfintii-apostoli-petru-si-pavel-din-blaj\/\"},\"author\":{\"name\":\"Preot paroh Horvat Petru\",\"@id\":\"https:\/\/mhf.ro\/mm\/#\/schema\/person\/4c8c06c801b7b666e81ed44550086900\"},\"headline\":\"Biserica Ortodox\u0103 Sfin\u021bii Apostoli Petru \u0219i Pavel din Blaj\",\"datePublished\":\"2020-05-30T07:59:26+00:00\",\"dateModified\":\"2020-06-09T12:37:16+00:00\",\"mainEntityOfPage\":{\"@id\":\"https:\/\/mhf.ro\/mm\/biserica-ortodoxa-sfintii-apostoli-petru-si-pavel-din-blaj\/\"},\"wordCount\":263,\"commentCount\":0,\"publisher\":{\"@id\":\"https:\/\/mhf.ro\/mm\/#\/schema\/person\/a3bebf7bdb4bf12f698aff73c7e46c21\"},\"image\":{\"@id\":\"https:\/\/mhf.ro\/mm\/biserica-ortodoxa-sfintii-apostoli-petru-si-pavel-din-blaj\/#primaryimage\"},\"thumbnailUrl\":\"https:\/\/mhf.ro\/mm\/wp-content\/uploads\/2020\/05\/b_1.jpg\",\"articleSection\":[\"Locale\"],\"inLanguage\":\"ro-RO\",\"potentialAction\":[{\"@type\":\"CommentAction\",\"name\":\"Comment\",\"target\":[\"https:\/\/mhf.ro\/mm\/biserica-ortodoxa-sfintii-apostoli-petru-si-pavel-din-blaj\/#respond\"]}]},{\"@type\":\"WebPage\",\"@id\":\"https:\/\/mhf.ro\/mm\/biserica-ortodoxa-sfintii-apostoli-petru-si-pavel-din-blaj\/\",\"url\":\"https:\/\/mhf.ro\/mm\/biserica-ortodoxa-sfintii-apostoli-petru-si-pavel-din-blaj\/\",\"name\":\"Biserica Ortodox\u0103 Sfin\u021bii Apostoli Petru \u0219i Pavel din Blaj - MHF Photography\",\"isPartOf\":{\"@id\":\"https:\/\/mhf.ro\/mm\/#website\"},\"primaryImageOfPage\":{\"@id\":\"https:\/\/mhf.ro\/mm\/biserica-ortodoxa-sfintii-apostoli-petru-si-pavel-din-blaj\/#primaryimage\"},\"image\":{\"@id\":\"https:\/\/mhf.ro\/mm\/biserica-ortodoxa-sfintii-apostoli-petru-si-pavel-din-blaj\/#primaryimage\"},\"thumbnailUrl\":\"https:\/\/mhf.ro\/mm\/wp-content\/uploads\/2020\/05\/b_1.jpg\",\"datePublished\":\"2020-05-30T07:59:26+00:00\",\"dateModified\":\"2020-06-09T12:37:16+00:00\",\"breadcrumb\":{\"@id\":\"https:\/\/mhf.ro\/mm\/biserica-ortodoxa-sfintii-apostoli-petru-si-pavel-din-blaj\/#breadcrumb\"},\"inLanguage\":\"ro-RO\",\"potentialAction\":[{\"@type\":\"ReadAction\",\"target\":[\"https:\/\/mhf.ro\/mm\/biserica-ortodoxa-sfintii-apostoli-petru-si-pavel-din-blaj\/\"]}]},{\"@type\":\"ImageObject\",\"inLanguage\":\"ro-RO\",\"@id\":\"https:\/\/mhf.ro\/mm\/biserica-ortodoxa-sfintii-apostoli-petru-si-pavel-din-blaj\/#primaryimage\",\"url\":\"https:\/\/mhf.ro\/mm\/wp-content\/uploads\/2020\/05\/b_1.jpg\",\"contentUrl\":\"https:\/\/mhf.ro\/mm\/wp-content\/uploads\/2020\/05\/b_1.jpg\",\"width\":1200,\"height\":1600},{\"@type\":\"BreadcrumbList\",\"@id\":\"https:\/\/mhf.ro\/mm\/biserica-ortodoxa-sfintii-apostoli-petru-si-pavel-din-blaj\/#breadcrumb\",\"itemListElement\":[{\"@type\":\"ListItem\",\"position\":1,\"name\":\"Prima pagin\u0103\",\"item\":\"https:\/\/mhf.ro\/mm\/\"},{\"@type\":\"ListItem\",\"position\":2,\"name\":\"Biserica Ortodox\u0103 Sfin\u021bii Apostoli Petru \u0219i Pavel din Blaj\"}]},{\"@type\":\"WebSite\",\"@id\":\"https:\/\/mhf.ro\/mm\/#website\",\"url\":\"https:\/\/mhf.ro\/mm\/\",\"name\":\"MHF Photography \u2013 Blog de fotografie, natur\u0103 \u0219i tehnic\u0103 divers\u0103\",\"description\":\"Aventur\u0103 \u00een fiecare cadru.\",\"publisher\":{\"@id\":\"https:\/\/mhf.ro\/mm\/#\/schema\/person\/a3bebf7bdb4bf12f698aff73c7e46c21\"},\"potentialAction\":[{\"@type\":\"SearchAction\",\"target\":{\"@type\":\"EntryPoint\",\"urlTemplate\":\"https:\/\/mhf.ro\/mm\/?s={search_term_string}\"},\"query-input\":{\"@type\":\"PropertyValueSpecification\",\"valueRequired\":true,\"valueName\":\"search_term_string\"}}],\"inLanguage\":\"ro-RO\"},{\"@type\":[\"Person\",\"Organization\"],\"@id\":\"https:\/\/mhf.ro\/mm\/#\/schema\/person\/a3bebf7bdb4bf12f698aff73c7e46c21\",\"name\":\"Marius Marcu\",\"image\":{\"@type\":\"ImageObject\",\"inLanguage\":\"ro-RO\",\"@id\":\"https:\/\/mhf.ro\/mm\/#\/schema\/person\/image\/\",\"url\":\"https:\/\/mhf.ro\/mm\/wp-content\/uploads\/2025\/12\/cropped-logo_mhf_2.png\",\"contentUrl\":\"https:\/\/mhf.ro\/mm\/wp-content\/uploads\/2025\/12\/cropped-logo_mhf_2.png\",\"width\":1096,\"height\":457,\"caption\":\"Marius Marcu\"},\"logo\":{\"@id\":\"https:\/\/mhf.ro\/mm\/#\/schema\/person\/image\/\"},\"sameAs\":[\"https:\/\/mhf.ro\/mm\"]},{\"@type\":\"Person\",\"@id\":\"https:\/\/mhf.ro\/mm\/#\/schema\/person\/4c8c06c801b7b666e81ed44550086900\",\"name\":\"Preot paroh Horvat Petru\",\"image\":{\"@type\":\"ImageObject\",\"inLanguage\":\"ro-RO\",\"@id\":\"https:\/\/mhf.ro\/mm\/#\/schema\/person\/image\/\",\"url\":\"https:\/\/secure.gravatar.com\/avatar\/c2d2dcdf21c6f41aad486d71768c144cd6e23cb7b63bae9bd6fab542b26ad321?s=96&d=monsterid&r=g\",\"contentUrl\":\"https:\/\/secure.gravatar.com\/avatar\/c2d2dcdf21c6f41aad486d71768c144cd6e23cb7b63bae9bd6fab542b26ad321?s=96&d=monsterid&r=g\",\"caption\":\"Preot paroh Horvat Petru\"},\"sameAs\":[\"https:\/\/mhf.ro\/mm\"],\"url\":\"https:\/\/mhf.ro\/mm\/author\/petrica\/\"}]}<\/script>\n<!-- \/ Yoast SEO plugin. -->","yoast_head_json":{"title":"Biserica Ortodox\u0103 Sfin\u021bii Apostoli Petru \u0219i Pavel din Blaj - MHF Photography","robots":{"index":"index","follow":"follow","max-snippet":"max-snippet:-1","max-image-preview":"max-image-preview:large","max-video-preview":"max-video-preview:-1"},"canonical":"https:\/\/mhf.ro\/mm\/biserica-ortodoxa-sfintii-apostoli-petru-si-pavel-din-blaj\/","og_locale":"ro_RO","og_type":"article","og_title":"Biserica Ortodox\u0103 Sfin\u021bii Apostoli Petru \u0219i Pavel din Blaj - MHF Photography","og_description":"\u00cen anul 2007 a fost \u00eenfiin\u021bat\u0103 \u00een Municipiul Blaj o parohie ortodox\u0103 cu denumirea Blaj Berc f\u0103r\u0103 s\u0103 aib\u0103 \u00een","og_url":"https:\/\/mhf.ro\/mm\/biserica-ortodoxa-sfintii-apostoli-petru-si-pavel-din-blaj\/","og_site_name":"MHF Photography","article_published_time":"2020-05-30T07:59:26+00:00","article_modified_time":"2020-06-09T12:37:16+00:00","og_image":[{"width":1200,"height":1600,"url":"https:\/\/mhf.ro\/mm\/wp-content\/uploads\/2020\/05\/b_1.jpg","type":"image\/jpeg"}],"author":"Preot paroh Horvat Petru","twitter_card":"summary_large_image","twitter_misc":{"Scris de":"Preot paroh Horvat Petru","Timp estimat pentru citire":"1 minut"},"schema":{"@context":"https:\/\/schema.org","@graph":[{"@type":"Article","@id":"https:\/\/mhf.ro\/mm\/biserica-ortodoxa-sfintii-apostoli-petru-si-pavel-din-blaj\/#article","isPartOf":{"@id":"https:\/\/mhf.ro\/mm\/biserica-ortodoxa-sfintii-apostoli-petru-si-pavel-din-blaj\/"},"author":{"name":"Preot paroh Horvat Petru","@id":"https:\/\/mhf.ro\/mm\/#\/schema\/person\/4c8c06c801b7b666e81ed44550086900"},"headline":"Biserica Ortodox\u0103 Sfin\u021bii Apostoli Petru \u0219i Pavel din Blaj","datePublished":"2020-05-30T07:59:26+00:00","dateModified":"2020-06-09T12:37:16+00:00","mainEntityOfPage":{"@id":"https:\/\/mhf.ro\/mm\/biserica-ortodoxa-sfintii-apostoli-petru-si-pavel-din-blaj\/"},"wordCount":263,"commentCount":0,"publisher":{"@id":"https:\/\/mhf.ro\/mm\/#\/schema\/person\/a3bebf7bdb4bf12f698aff73c7e46c21"},"image":{"@id":"https:\/\/mhf.ro\/mm\/biserica-ortodoxa-sfintii-apostoli-petru-si-pavel-din-blaj\/#primaryimage"},"thumbnailUrl":"https:\/\/mhf.ro\/mm\/wp-content\/uploads\/2020\/05\/b_1.jpg","articleSection":["Locale"],"inLanguage":"ro-RO","potentialAction":[{"@type":"CommentAction","name":"Comment","target":["https:\/\/mhf.ro\/mm\/biserica-ortodoxa-sfintii-apostoli-petru-si-pavel-din-blaj\/#respond"]}]},{"@type":"WebPage","@id":"https:\/\/mhf.ro\/mm\/biserica-ortodoxa-sfintii-apostoli-petru-si-pavel-din-blaj\/","url":"https:\/\/mhf.ro\/mm\/biserica-ortodoxa-sfintii-apostoli-petru-si-pavel-din-blaj\/","name":"Biserica Ortodox\u0103 Sfin\u021bii Apostoli Petru \u0219i Pavel din Blaj - MHF Photography","isPartOf":{"@id":"https:\/\/mhf.ro\/mm\/#website"},"primaryImageOfPage":{"@id":"https:\/\/mhf.ro\/mm\/biserica-ortodoxa-sfintii-apostoli-petru-si-pavel-din-blaj\/#primaryimage"},"image":{"@id":"https:\/\/mhf.ro\/mm\/biserica-ortodoxa-sfintii-apostoli-petru-si-pavel-din-blaj\/#primaryimage"},"thumbnailUrl":"https:\/\/mhf.ro\/mm\/wp-content\/uploads\/2020\/05\/b_1.jpg","datePublished":"2020-05-30T07:59:26+00:00","dateModified":"2020-06-09T12:37:16+00:00","breadcrumb":{"@id":"https:\/\/mhf.ro\/mm\/biserica-ortodoxa-sfintii-apostoli-petru-si-pavel-din-blaj\/#breadcrumb"},"inLanguage":"ro-RO","potentialAction":[{"@type":"ReadAction","target":["https:\/\/mhf.ro\/mm\/biserica-ortodoxa-sfintii-apostoli-petru-si-pavel-din-blaj\/"]}]},{"@type":"ImageObject","inLanguage":"ro-RO","@id":"https:\/\/mhf.ro\/mm\/biserica-ortodoxa-sfintii-apostoli-petru-si-pavel-din-blaj\/#primaryimage","url":"https:\/\/mhf.ro\/mm\/wp-content\/uploads\/2020\/05\/b_1.jpg","contentUrl":"https:\/\/mhf.ro\/mm\/wp-content\/uploads\/2020\/05\/b_1.jpg","width":1200,"height":1600},{"@type":"BreadcrumbList","@id":"https:\/\/mhf.ro\/mm\/biserica-ortodoxa-sfintii-apostoli-petru-si-pavel-din-blaj\/#breadcrumb","itemListElement":[{"@type":"ListItem","position":1,"name":"Prima pagin\u0103","item":"https:\/\/mhf.ro\/mm\/"},{"@type":"ListItem","position":2,"name":"Biserica Ortodox\u0103 Sfin\u021bii Apostoli Petru \u0219i Pavel din Blaj"}]},{"@type":"WebSite","@id":"https:\/\/mhf.ro\/mm\/#website","url":"https:\/\/mhf.ro\/mm\/","name":"MHF Photography \u2013 Blog de fotografie, natur\u0103 \u0219i tehnic\u0103 divers\u0103","description":"Aventur\u0103 \u00een fiecare cadru.","publisher":{"@id":"https:\/\/mhf.ro\/mm\/#\/schema\/person\/a3bebf7bdb4bf12f698aff73c7e46c21"},"potentialAction":[{"@type":"SearchAction","target":{"@type":"EntryPoint","urlTemplate":"https:\/\/mhf.ro\/mm\/?s={search_term_string}"},"query-input":{"@type":"PropertyValueSpecification","valueRequired":true,"valueName":"search_term_string"}}],"inLanguage":"ro-RO"},{"@type":["Person","Organization"],"@id":"https:\/\/mhf.ro\/mm\/#\/schema\/person\/a3bebf7bdb4bf12f698aff73c7e46c21","name":"Marius Marcu","image":{"@type":"ImageObject","inLanguage":"ro-RO","@id":"https:\/\/mhf.ro\/mm\/#\/schema\/person\/image\/","url":"https:\/\/mhf.ro\/mm\/wp-content\/uploads\/2025\/12\/cropped-logo_mhf_2.png","contentUrl":"https:\/\/mhf.ro\/mm\/wp-content\/uploads\/2025\/12\/cropped-logo_mhf_2.png","width":1096,"height":457,"caption":"Marius Marcu"},"logo":{"@id":"https:\/\/mhf.ro\/mm\/#\/schema\/person\/image\/"},"sameAs":["https:\/\/mhf.ro\/mm"]},{"@type":"Person","@id":"https:\/\/mhf.ro\/mm\/#\/schema\/person\/4c8c06c801b7b666e81ed44550086900","name":"Preot paroh Horvat Petru","image":{"@type":"ImageObject","inLanguage":"ro-RO","@id":"https:\/\/mhf.ro\/mm\/#\/schema\/person\/image\/","url":"https:\/\/secure.gravatar.com\/avatar\/c2d2dcdf21c6f41aad486d71768c144cd6e23cb7b63bae9bd6fab542b26ad321?s=96&d=monsterid&r=g","contentUrl":"https:\/\/secure.gravatar.com\/avatar\/c2d2dcdf21c6f41aad486d71768c144cd6e23cb7b63bae9bd6fab542b26ad321?s=96&d=monsterid&r=g","caption":"Preot paroh Horvat Petru"},"sameAs":["https:\/\/mhf.ro\/mm"],"url":"https:\/\/mhf.ro\/mm\/author\/petrica\/"}]}},"_links":{"self":[{"href":"https:\/\/mhf.ro\/mm\/wp-json\/wp\/v2\/posts\/1847","targetHints":{"allow":["GET"]}}],"collection":[{"href":"https:\/\/mhf.ro\/mm\/wp-json\/wp\/v2\/posts"}],"about":[{"href":"https:\/\/mhf.ro\/mm\/wp-json\/wp\/v2\/types\/post"}],"author":[{"embeddable":true,"href":"https:\/\/mhf.ro\/mm\/wp-json\/wp\/v2\/users\/4"}],"replies":[{"embeddable":true,"href":"https:\/\/mhf.ro\/mm\/wp-json\/wp\/v2\/comments?post=1847"}],"version-history":[{"count":4,"href":"https:\/\/mhf.ro\/mm\/wp-json\/wp\/v2\/posts\/1847\/revisions"}],"predecessor-version":[{"id":2047,"href":"https:\/\/mhf.ro\/mm\/wp-json\/wp\/v2\/posts\/1847\/revisions\/2047"}],"wp:featuredmedia":[{"embeddable":true,"href":"https:\/\/mhf.ro\/mm\/wp-json\/wp\/v2\/media\/1437"}],"wp:attachment":[{"href":"https:\/\/mhf.ro\/mm\/wp-json\/wp\/v2\/media?parent=1847"}],"wp:term":[{"taxonomy":"category","embeddable":true,"href":"https:\/\/mhf.ro\/mm\/wp-json\/wp\/v2\/categories?post=1847"},{"taxonomy":"post_tag","embeddable":true,"href":"https:\/\/mhf.ro\/mm\/wp-json\/wp\/v2\/tags?post=1847"}],"curies":[{"name":"wp","href":"https:\/\/api.w.org\/{rel}","templated":true}]}}