{"id":1867,"date":"2020-05-30T08:50:54","date_gmt":"2020-05-30T08:50:54","guid":{"rendered":"https:\/\/mhf.ro\/mm\/?p=1867"},"modified":"2020-05-30T08:50:54","modified_gmt":"2020-05-30T08:50:54","slug":"of-ce-mi-place-c-ai-venit","status":"publish","type":"post","link":"https:\/\/mhf.ro\/mm\/of-ce-mi-place-c-ai-venit\/","title":{"rendered":"Of&#8230;ce-mi place, c-ai venit&#8230;"},"content":{"rendered":"<p>Of ,ce-mi place c-ai venit,<br \/>\n\u00een sf\u00e2r\u0219it, la drum pornit-ai,<br \/>\nvar\u0103, sora mea mai mare,<span class=\"text_exposed_show\"><br \/>\nde opt luni te-am urm\u0103rit.<\/span><\/p>\n<div class=\"text_exposed_show\">\n<p>Dansul t\u0103u, delicate\u021be,<br \/>\n&#8230;ai plecat \u0219 -ai revenit,<br \/>\ncu at\u00e2ta frumuse\u021be,<br \/>\ndin toamn\u0103 te-am ademenit!<\/p>\n<p>V\u0103ntul, a-ncetat s\u0103 bat\u0103,<br \/>\npe undeva, a amu\u021bit,<br \/>\nplin cu mult\u0103 delicate\u0163e,<br \/>\ncerul, ochii \u0219i- albastrit!<\/p>\n<p>\u0218i din str\u0103luciri de astru,<br \/>\nzemoas\u0103 cade o cirea\u0219\u0103,<br \/>\nia, poart\u0103 a sa c\u0103ma\u0219\u0103,<br \/>\niia, scrijelit\u0103 \u00een albastru.<\/p>\n<p>O astept cu \u00eenc\u00e2ntare,<br \/>\nvara, cu a ei dogoare,<br \/>\nreseteaz\u0103, flori si floare,<br \/>\narunc\u00e2nd din cer dogoare&#8230;<\/p>\n<p>Fructele, cu miez de miere,<br \/>\ncolo sus, s-au copt&#8230;de ieri,<br \/>\na\u0219teptate-n rost, ciubere,<br \/>\nstr\u0103bat\u00e2nd prin prim\u0103veri!<\/p>\n<p>Dar ma-ntreb cu ner\u0103bdare,<br \/>\nce-i iubirea pentru mine,<br \/>\ndaca nu ma simt eu bine,<br \/>\nin atata \u00eencordare?<\/p>\n<p>\u0218i&#8230;privesc, cum coasa vremii,<br \/>\n\u00ee\u0219i face bun\u0103 dreptate,<br \/>\namagind, \u0219acali, sau viermii;<br \/>\nhraniti urgent&#8230;pe saturate!<\/p>\n<p>Gr\u00e2ul&#8230; galben, \u0219i secara,<br \/>\ncombinate-n hran\u0103 mult\u0103,<br \/>\ndoar furnica ce mai car\u0103,<br \/>\ngreiera\u0219ul&#8230; cortu-\u0219i mut\u0103!<\/p>\n<p>\u0218i-n amarnica-mi g\u00e2ndire,<br \/>\no balad\u0103 trist\u0103 trece&#8230;.<br \/>\npoate fi o am\u0103gire,<br \/>\nde te-mbe\u021bi cu ap\u0103 rece!<\/p>\n<\/div>\n","protected":false},"excerpt":{"rendered":"<p>Of ,ce-mi place c-ai venit, \u00een sf\u00e2r\u0219it, la drum pornit-ai, var\u0103, sora mea mai mare, de opt luni te-am urm\u0103rit.<\/p>\n","protected":false},"author":3,"featured_media":486,"comment_status":"open","ping_status":"open","sticky":false,"template":"","format":"standard","meta":{"colormag_page_container_layout":"default_layout","colormag_page_sidebar_layout":"default_layout","footnotes":""},"categories":[8],"tags":[],"class_list":["post-1867","post","type-post","status-publish","format-standard","has-post-thumbnail","hentry","category-div"],"yoast_head":"<!-- This site is optimized with the Yoast SEO plugin v27.0 - https:\/\/yoast.com\/product\/yoast-seo-wordpress\/ -->\n<title>Of...ce-mi place, c-ai venit... - MHF Photography<\/title>\n<meta name=\"robots\" content=\"index, follow, max-snippet:-1, max-image-preview:large, max-video-preview:-1\" \/>\n<link rel=\"canonical\" href=\"https:\/\/mhf.ro\/mm\/of-ce-mi-place-c-ai-venit\/\" \/>\n<meta property=\"og:locale\" content=\"ro_RO\" \/>\n<meta property=\"og:type\" content=\"article\" \/>\n<meta property=\"og:title\" content=\"Of...ce-mi place, c-ai venit... - MHF Photography\" \/>\n<meta property=\"og:description\" content=\"Of ,ce-mi place c-ai venit, \u00een sf\u00e2r\u0219it, la drum pornit-ai, var\u0103, sora mea mai mare, de opt luni te-am urm\u0103rit.\" \/>\n<meta property=\"og:url\" content=\"https:\/\/mhf.ro\/mm\/of-ce-mi-place-c-ai-venit\/\" \/>\n<meta property=\"og:site_name\" content=\"MHF Photography\" \/>\n<meta property=\"article:published_time\" content=\"2020-05-30T08:50:54+00:00\" \/>\n<meta property=\"og:image\" content=\"https:\/\/mhf.ro\/mm\/wp-content\/uploads\/2019\/12\/image-19.jpg\" \/>\n\t<meta property=\"og:image:width\" content=\"800\" \/>\n\t<meta property=\"og:image:height\" content=\"445\" \/>\n\t<meta property=\"og:image:type\" content=\"image\/jpeg\" \/>\n<meta name=\"author\" content=\"Ciurtin Tavi\" \/>\n<meta name=\"twitter:card\" content=\"summary_large_image\" \/>\n<meta name=\"twitter:label1\" content=\"Scris de\" \/>\n\t<meta name=\"twitter:data1\" content=\"Ciurtin Tavi\" \/>\n\t<meta name=\"twitter:label2\" content=\"Timp estimat pentru citire\" \/>\n\t<meta name=\"twitter:data2\" content=\"1 minut\" \/>\n<script type=\"application\/ld+json\" class=\"yoast-schema-graph\">{\"@context\":\"https:\/\/schema.org\",\"@graph\":[{\"@type\":\"Article\",\"@id\":\"https:\/\/mhf.ro\/mm\/of-ce-mi-place-c-ai-venit\/#article\",\"isPartOf\":{\"@id\":\"https:\/\/mhf.ro\/mm\/of-ce-mi-place-c-ai-venit\/\"},\"author\":{\"name\":\"Ciurtin Tavi\",\"@id\":\"https:\/\/mhf.ro\/mm\/#\/schema\/person\/d2e8248dfe54de3d7284ff7254d2e29b\"},\"headline\":\"Of&#8230;ce-mi place, c-ai venit&#8230;\",\"datePublished\":\"2020-05-30T08:50:54+00:00\",\"mainEntityOfPage\":{\"@id\":\"https:\/\/mhf.ro\/mm\/of-ce-mi-place-c-ai-venit\/\"},\"wordCount\":197,\"commentCount\":1,\"publisher\":{\"@id\":\"https:\/\/mhf.ro\/mm\/#\/schema\/person\/a3bebf7bdb4bf12f698aff73c7e46c21\"},\"image\":{\"@id\":\"https:\/\/mhf.ro\/mm\/of-ce-mi-place-c-ai-venit\/#primaryimage\"},\"thumbnailUrl\":\"https:\/\/mhf.ro\/mm\/wp-content\/uploads\/2019\/12\/image-19.jpg\",\"articleSection\":[\"Diverse\"],\"inLanguage\":\"ro-RO\",\"potentialAction\":[{\"@type\":\"CommentAction\",\"name\":\"Comment\",\"target\":[\"https:\/\/mhf.ro\/mm\/of-ce-mi-place-c-ai-venit\/#respond\"]}]},{\"@type\":\"WebPage\",\"@id\":\"https:\/\/mhf.ro\/mm\/of-ce-mi-place-c-ai-venit\/\",\"url\":\"https:\/\/mhf.ro\/mm\/of-ce-mi-place-c-ai-venit\/\",\"name\":\"Of...ce-mi place, c-ai venit... - MHF Photography\",\"isPartOf\":{\"@id\":\"https:\/\/mhf.ro\/mm\/#website\"},\"primaryImageOfPage\":{\"@id\":\"https:\/\/mhf.ro\/mm\/of-ce-mi-place-c-ai-venit\/#primaryimage\"},\"image\":{\"@id\":\"https:\/\/mhf.ro\/mm\/of-ce-mi-place-c-ai-venit\/#primaryimage\"},\"thumbnailUrl\":\"https:\/\/mhf.ro\/mm\/wp-content\/uploads\/2019\/12\/image-19.jpg\",\"datePublished\":\"2020-05-30T08:50:54+00:00\",\"breadcrumb\":{\"@id\":\"https:\/\/mhf.ro\/mm\/of-ce-mi-place-c-ai-venit\/#breadcrumb\"},\"inLanguage\":\"ro-RO\",\"potentialAction\":[{\"@type\":\"ReadAction\",\"target\":[\"https:\/\/mhf.ro\/mm\/of-ce-mi-place-c-ai-venit\/\"]}]},{\"@type\":\"ImageObject\",\"inLanguage\":\"ro-RO\",\"@id\":\"https:\/\/mhf.ro\/mm\/of-ce-mi-place-c-ai-venit\/#primaryimage\",\"url\":\"https:\/\/mhf.ro\/mm\/wp-content\/uploads\/2019\/12\/image-19.jpg\",\"contentUrl\":\"https:\/\/mhf.ro\/mm\/wp-content\/uploads\/2019\/12\/image-19.jpg\",\"width\":800,\"height\":445,\"caption\":\"\"},{\"@type\":\"BreadcrumbList\",\"@id\":\"https:\/\/mhf.ro\/mm\/of-ce-mi-place-c-ai-venit\/#breadcrumb\",\"itemListElement\":[{\"@type\":\"ListItem\",\"position\":1,\"name\":\"Prima pagin\u0103\",\"item\":\"https:\/\/mhf.ro\/mm\/\"},{\"@type\":\"ListItem\",\"position\":2,\"name\":\"Of&#8230;ce-mi place, c-ai venit&#8230;\"}]},{\"@type\":\"WebSite\",\"@id\":\"https:\/\/mhf.ro\/mm\/#website\",\"url\":\"https:\/\/mhf.ro\/mm\/\",\"name\":\"MHF Photography \u2013 Blog de fotografie, natur\u0103 \u0219i tehnic\u0103 divers\u0103\",\"description\":\"Aventur\u0103 \u00een fiecare cadru.\",\"publisher\":{\"@id\":\"https:\/\/mhf.ro\/mm\/#\/schema\/person\/a3bebf7bdb4bf12f698aff73c7e46c21\"},\"potentialAction\":[{\"@type\":\"SearchAction\",\"target\":{\"@type\":\"EntryPoint\",\"urlTemplate\":\"https:\/\/mhf.ro\/mm\/?s={search_term_string}\"},\"query-input\":{\"@type\":\"PropertyValueSpecification\",\"valueRequired\":true,\"valueName\":\"search_term_string\"}}],\"inLanguage\":\"ro-RO\"},{\"@type\":[\"Person\",\"Organization\"],\"@id\":\"https:\/\/mhf.ro\/mm\/#\/schema\/person\/a3bebf7bdb4bf12f698aff73c7e46c21\",\"name\":\"Marius Marcu\",\"image\":{\"@type\":\"ImageObject\",\"inLanguage\":\"ro-RO\",\"@id\":\"https:\/\/mhf.ro\/mm\/#\/schema\/person\/image\/\",\"url\":\"https:\/\/mhf.ro\/mm\/wp-content\/uploads\/2025\/12\/cropped-logo_mhf_2.png\",\"contentUrl\":\"https:\/\/mhf.ro\/mm\/wp-content\/uploads\/2025\/12\/cropped-logo_mhf_2.png\",\"width\":1096,\"height\":457,\"caption\":\"Marius Marcu\"},\"logo\":{\"@id\":\"https:\/\/mhf.ro\/mm\/#\/schema\/person\/image\/\"},\"sameAs\":[\"https:\/\/mhf.ro\/mm\"]},{\"@type\":\"Person\",\"@id\":\"https:\/\/mhf.ro\/mm\/#\/schema\/person\/d2e8248dfe54de3d7284ff7254d2e29b\",\"name\":\"Ciurtin Tavi\",\"image\":{\"@type\":\"ImageObject\",\"inLanguage\":\"ro-RO\",\"@id\":\"https:\/\/mhf.ro\/mm\/#\/schema\/person\/image\/\",\"url\":\"https:\/\/secure.gravatar.com\/avatar\/5afa01044b4e9328c510b64d3aa571c665404d2e22859f2e114ebd21774aab9c?s=96&d=monsterid&r=g\",\"contentUrl\":\"https:\/\/secure.gravatar.com\/avatar\/5afa01044b4e9328c510b64d3aa571c665404d2e22859f2e114ebd21774aab9c?s=96&d=monsterid&r=g\",\"caption\":\"Ciurtin Tavi\"},\"description\":\"N-am crezut niciodata ca ce am vizionat in vis, va fi permanent lege pentru mine... as fi isteric sa cred, ca, chiar eu pot sa-mi duc neputinta atat de mult sa cred ca eu... nu mai stiu sa glumesc, cu el, cu ea, cu tine, si in ultimul rand... cu mine... stii ce as vrea? ca eu nu stiu.... ma catar doar pe o dorinta, fumeganda-n mintea mea, asa, apucata de un ciucur ca un vis.... un vis legitim, nu unul....labartit din memoria somnului, ca... ultima discutie cu tine! hai, pa... ma duc sa-mi mustruluiesc, speranta de-a avea curajul sa revina la suprafata inaintea zorilor .\",\"sameAs\":[\"https:\/\/mhf.ro\/mm\"],\"url\":\"https:\/\/mhf.ro\/mm\/author\/tavi\/\"}]}<\/script>\n<!-- \/ Yoast SEO plugin. -->","yoast_head_json":{"title":"Of...ce-mi place, c-ai venit... - MHF Photography","robots":{"index":"index","follow":"follow","max-snippet":"max-snippet:-1","max-image-preview":"max-image-preview:large","max-video-preview":"max-video-preview:-1"},"canonical":"https:\/\/mhf.ro\/mm\/of-ce-mi-place-c-ai-venit\/","og_locale":"ro_RO","og_type":"article","og_title":"Of...ce-mi place, c-ai venit... - MHF Photography","og_description":"Of ,ce-mi place c-ai venit, \u00een sf\u00e2r\u0219it, la drum pornit-ai, var\u0103, sora mea mai mare, de opt luni te-am urm\u0103rit.","og_url":"https:\/\/mhf.ro\/mm\/of-ce-mi-place-c-ai-venit\/","og_site_name":"MHF Photography","article_published_time":"2020-05-30T08:50:54+00:00","og_image":[{"width":800,"height":445,"url":"https:\/\/mhf.ro\/mm\/wp-content\/uploads\/2019\/12\/image-19.jpg","type":"image\/jpeg"}],"author":"Ciurtin Tavi","twitter_card":"summary_large_image","twitter_misc":{"Scris de":"Ciurtin Tavi","Timp estimat pentru citire":"1 minut"},"schema":{"@context":"https:\/\/schema.org","@graph":[{"@type":"Article","@id":"https:\/\/mhf.ro\/mm\/of-ce-mi-place-c-ai-venit\/#article","isPartOf":{"@id":"https:\/\/mhf.ro\/mm\/of-ce-mi-place-c-ai-venit\/"},"author":{"name":"Ciurtin Tavi","@id":"https:\/\/mhf.ro\/mm\/#\/schema\/person\/d2e8248dfe54de3d7284ff7254d2e29b"},"headline":"Of&#8230;ce-mi place, c-ai venit&#8230;","datePublished":"2020-05-30T08:50:54+00:00","mainEntityOfPage":{"@id":"https:\/\/mhf.ro\/mm\/of-ce-mi-place-c-ai-venit\/"},"wordCount":197,"commentCount":1,"publisher":{"@id":"https:\/\/mhf.ro\/mm\/#\/schema\/person\/a3bebf7bdb4bf12f698aff73c7e46c21"},"image":{"@id":"https:\/\/mhf.ro\/mm\/of-ce-mi-place-c-ai-venit\/#primaryimage"},"thumbnailUrl":"https:\/\/mhf.ro\/mm\/wp-content\/uploads\/2019\/12\/image-19.jpg","articleSection":["Diverse"],"inLanguage":"ro-RO","potentialAction":[{"@type":"CommentAction","name":"Comment","target":["https:\/\/mhf.ro\/mm\/of-ce-mi-place-c-ai-venit\/#respond"]}]},{"@type":"WebPage","@id":"https:\/\/mhf.ro\/mm\/of-ce-mi-place-c-ai-venit\/","url":"https:\/\/mhf.ro\/mm\/of-ce-mi-place-c-ai-venit\/","name":"Of...ce-mi place, c-ai venit... - MHF Photography","isPartOf":{"@id":"https:\/\/mhf.ro\/mm\/#website"},"primaryImageOfPage":{"@id":"https:\/\/mhf.ro\/mm\/of-ce-mi-place-c-ai-venit\/#primaryimage"},"image":{"@id":"https:\/\/mhf.ro\/mm\/of-ce-mi-place-c-ai-venit\/#primaryimage"},"thumbnailUrl":"https:\/\/mhf.ro\/mm\/wp-content\/uploads\/2019\/12\/image-19.jpg","datePublished":"2020-05-30T08:50:54+00:00","breadcrumb":{"@id":"https:\/\/mhf.ro\/mm\/of-ce-mi-place-c-ai-venit\/#breadcrumb"},"inLanguage":"ro-RO","potentialAction":[{"@type":"ReadAction","target":["https:\/\/mhf.ro\/mm\/of-ce-mi-place-c-ai-venit\/"]}]},{"@type":"ImageObject","inLanguage":"ro-RO","@id":"https:\/\/mhf.ro\/mm\/of-ce-mi-place-c-ai-venit\/#primaryimage","url":"https:\/\/mhf.ro\/mm\/wp-content\/uploads\/2019\/12\/image-19.jpg","contentUrl":"https:\/\/mhf.ro\/mm\/wp-content\/uploads\/2019\/12\/image-19.jpg","width":800,"height":445,"caption":""},{"@type":"BreadcrumbList","@id":"https:\/\/mhf.ro\/mm\/of-ce-mi-place-c-ai-venit\/#breadcrumb","itemListElement":[{"@type":"ListItem","position":1,"name":"Prima pagin\u0103","item":"https:\/\/mhf.ro\/mm\/"},{"@type":"ListItem","position":2,"name":"Of&#8230;ce-mi place, c-ai venit&#8230;"}]},{"@type":"WebSite","@id":"https:\/\/mhf.ro\/mm\/#website","url":"https:\/\/mhf.ro\/mm\/","name":"MHF Photography \u2013 Blog de fotografie, natur\u0103 \u0219i tehnic\u0103 divers\u0103","description":"Aventur\u0103 \u00een fiecare cadru.","publisher":{"@id":"https:\/\/mhf.ro\/mm\/#\/schema\/person\/a3bebf7bdb4bf12f698aff73c7e46c21"},"potentialAction":[{"@type":"SearchAction","target":{"@type":"EntryPoint","urlTemplate":"https:\/\/mhf.ro\/mm\/?s={search_term_string}"},"query-input":{"@type":"PropertyValueSpecification","valueRequired":true,"valueName":"search_term_string"}}],"inLanguage":"ro-RO"},{"@type":["Person","Organization"],"@id":"https:\/\/mhf.ro\/mm\/#\/schema\/person\/a3bebf7bdb4bf12f698aff73c7e46c21","name":"Marius Marcu","image":{"@type":"ImageObject","inLanguage":"ro-RO","@id":"https:\/\/mhf.ro\/mm\/#\/schema\/person\/image\/","url":"https:\/\/mhf.ro\/mm\/wp-content\/uploads\/2025\/12\/cropped-logo_mhf_2.png","contentUrl":"https:\/\/mhf.ro\/mm\/wp-content\/uploads\/2025\/12\/cropped-logo_mhf_2.png","width":1096,"height":457,"caption":"Marius Marcu"},"logo":{"@id":"https:\/\/mhf.ro\/mm\/#\/schema\/person\/image\/"},"sameAs":["https:\/\/mhf.ro\/mm"]},{"@type":"Person","@id":"https:\/\/mhf.ro\/mm\/#\/schema\/person\/d2e8248dfe54de3d7284ff7254d2e29b","name":"Ciurtin Tavi","image":{"@type":"ImageObject","inLanguage":"ro-RO","@id":"https:\/\/mhf.ro\/mm\/#\/schema\/person\/image\/","url":"https:\/\/secure.gravatar.com\/avatar\/5afa01044b4e9328c510b64d3aa571c665404d2e22859f2e114ebd21774aab9c?s=96&d=monsterid&r=g","contentUrl":"https:\/\/secure.gravatar.com\/avatar\/5afa01044b4e9328c510b64d3aa571c665404d2e22859f2e114ebd21774aab9c?s=96&d=monsterid&r=g","caption":"Ciurtin Tavi"},"description":"N-am crezut niciodata ca ce am vizionat in vis, va fi permanent lege pentru mine... as fi isteric sa cred, ca, chiar eu pot sa-mi duc neputinta atat de mult sa cred ca eu... nu mai stiu sa glumesc, cu el, cu ea, cu tine, si in ultimul rand... cu mine... stii ce as vrea? ca eu nu stiu.... ma catar doar pe o dorinta, fumeganda-n mintea mea, asa, apucata de un ciucur ca un vis.... un vis legitim, nu unul....labartit din memoria somnului, ca... ultima discutie cu tine! hai, pa... ma duc sa-mi mustruluiesc, speranta de-a avea curajul sa revina la suprafata inaintea zorilor .","sameAs":["https:\/\/mhf.ro\/mm"],"url":"https:\/\/mhf.ro\/mm\/author\/tavi\/"}]}},"_links":{"self":[{"href":"https:\/\/mhf.ro\/mm\/wp-json\/wp\/v2\/posts\/1867","targetHints":{"allow":["GET"]}}],"collection":[{"href":"https:\/\/mhf.ro\/mm\/wp-json\/wp\/v2\/posts"}],"about":[{"href":"https:\/\/mhf.ro\/mm\/wp-json\/wp\/v2\/types\/post"}],"author":[{"embeddable":true,"href":"https:\/\/mhf.ro\/mm\/wp-json\/wp\/v2\/users\/3"}],"replies":[{"embeddable":true,"href":"https:\/\/mhf.ro\/mm\/wp-json\/wp\/v2\/comments?post=1867"}],"version-history":[{"count":1,"href":"https:\/\/mhf.ro\/mm\/wp-json\/wp\/v2\/posts\/1867\/revisions"}],"predecessor-version":[{"id":1868,"href":"https:\/\/mhf.ro\/mm\/wp-json\/wp\/v2\/posts\/1867\/revisions\/1868"}],"wp:featuredmedia":[{"embeddable":true,"href":"https:\/\/mhf.ro\/mm\/wp-json\/wp\/v2\/media\/486"}],"wp:attachment":[{"href":"https:\/\/mhf.ro\/mm\/wp-json\/wp\/v2\/media?parent=1867"}],"wp:term":[{"taxonomy":"category","embeddable":true,"href":"https:\/\/mhf.ro\/mm\/wp-json\/wp\/v2\/categories?post=1867"},{"taxonomy":"post_tag","embeddable":true,"href":"https:\/\/mhf.ro\/mm\/wp-json\/wp\/v2\/tags?post=1867"}],"curies":[{"name":"wp","href":"https:\/\/api.w.org\/{rel}","templated":true}]}}