{"id":1885,"date":"2020-05-30T10:52:28","date_gmt":"2020-05-30T10:52:28","guid":{"rendered":"https:\/\/mhf.ro\/mm\/?p=1885"},"modified":"2020-05-30T11:23:22","modified_gmt":"2020-05-30T11:23:22","slug":"ai-incredere-in-tine-pentru-o-noua-viata","status":"publish","type":"post","link":"https:\/\/mhf.ro\/mm\/ai-incredere-in-tine-pentru-o-noua-viata\/","title":{"rendered":"Ai \u00eencredere \u00een tine pentru o nou\u0103 via\u021b\u0103"},"content":{"rendered":"<p><span class=\"_5yl5\">Eram&#8230;zilele trecute \u00eentr o sear\u0103 t\u00e2rziu \u00een 368&#8230; autobuzul care face leg\u0103tura dintre Pia\u021ba Roman\u0103 \u0219i Drumul Taberei&#8230; Seara t\u00e2rziu, singur\u0103 &#8230; ascultam, f\u0103r\u0103 c\u0103\u0219ti muzica italian\u0103 veche&#8230; anii &#8217;60. La un noment dat s-a urcat, pe la u\u0219a din fa\u021b\u0103, o femeie&#8230; s-a a\u0219ezat, a auzit muzica&#8230; eu fiind \u00een spate&#8230; a venit si s-a a\u0219ezat cuminte la doua scaune de mine&#8230; \u0219i a stat s\u0103 asculte&#8230; &#8222;Sapore de sale&#8221;, &#8222;il Mondo&#8221;.. &#8222;Dimi quando&#8221;&#8230; \u0218i mi-a spus&#8230; &#8222;\u00cemi place muzica asta. Ce frumoas\u0103 este!&#8230; M\u0103 cheam\u0103 Daniela&#8230; Stau \u00een Tunari&#8230; Acolo aud numai manele&#8230; nu mai suprort&#8230; ce muzic\u0103 frumoas\u0103!&#8221;&#8230; \u00eei spun c\u00e2te ceva despre fiecare melodie.. z\u00e2mbe\u0219te , chipul \u00eei radiaz\u0103 de bucurie&#8230; &#8222;ce tare a\u0219 fi vrut s\u0103 cunosc altfel de lume&#8230; s\u0103 cunosc altfel de oameni&#8230;&#8221; Mi-am mu\u0219cat buzele \u0219i mi-am \u00een\u0103busit lacrimile&#8230; &#8221; Oric\u00e2nd po\u021bi s\u0103 \u00eencepi o via\u021b\u0103 mai bun\u0103&#8221;, i-am spus. &#8222;Chiar po\u021bi s\u0103 ai o via\u021b\u0103 frumoas\u0103, \u00eencep\u00e2nd chiar de m\u00e2ine!&#8221;&#8230; Se uita la mine&#8230; asculta muzica.. Z\u00e2mbea&#8230; Ne-am luat la revedere, dup\u0103 c\u00e2teva sta\u021bii&#8230; \u0218tiu c\u0103 nu v-a uita cele c\u00e2teva minute din aceast\u0103 sear\u0103.. \u0218tiu c\u0103 se va g\u00e2ndi s\u0103 fac\u0103 ceva s\u0103 schimbe ceva \u00een via\u021ba ei&#8230; Daniela&#8230; la revedere, Daniela!\u00a0<\/span><\/p>\n<div id=\"envira-gallery-wrap-1894\" class=\"envira-gallery-wrap envira-gallery-theme-base envira-lightbox-theme-base\" itemscope itemtype=\"https:\/\/schema.org\/ImageGallery\"><div data-row-height=\"150\" data-gallery-theme=\"normal\" id=\"envira-gallery-1894\" class=\"envira-gallery-public envira-gallery-justified-public envira-gallery-0-columns envira-clear enviratope envira-gallery-css-animations\" data-envira-columns=\"0\"><div id=\"envira-gallery-item-1895\" class=\"envira-gallery-item enviratope-item envira-gallery-item-1 envira-lazy-load\" style=\"padding-left: 5px; padding-bottom: 10px; padding-right: 5px;\"  itemscope itemtype=\"https:\/\/schema.org\/ImageObject\"><div class=\"envira-gallery-item-inner\"><div class=\"envira-gallery-position-overlay  envira-gallery-top-left\"><\/div><div class=\"envira-gallery-position-overlay  envira-gallery-top-right\"><\/div><div class=\"envira-gallery-position-overlay  envira-gallery-bottom-left\"><\/div><div class=\"envira-gallery-position-overlay  envira-gallery-bottom-right\"><\/div><a href=\"https:\/\/mhf.ro\/mm\/wp-content\/uploads\/2020\/05\/Daniela-1.jpg\" class=\"envira-gallery-1894 envira-gallery-link\" rel=\"enviragallery1894\" title=\"Daniela\" data-envira-caption=\"Daniela\" data-envira-retina=\"\" data-thumbnail=\"\"  itemprop=\"contentUrl\"><img decoding=\"async\" id=\"envira-gallery-image-1895\" class=\"envira-gallery-image envira-gallery-image-1 envira-normal envira-lazy\" data-envira-index=\"1\" src=\"https:\/\/mhf.ro\/mm\/wp-content\/uploads\/2020\/05\/Daniela-1-640x480.jpg\" data-envira-src=\"https:\/\/mhf.ro\/mm\/wp-content\/uploads\/2020\/05\/Daniela-1-640x480.jpg\" data-envira-gallery-id=\"1894\" data-envira-item-id=\"1895\" data-envira-caption=\"Daniela\" alt=\"\" title=\"Daniela\"  itemprop=\"thumbnailUrl\" data-envira-srcset=\"https:\/\/mhf.ro\/mm\/wp-content\/uploads\/2020\/05\/Daniela-1-640x480.jpg 400w,https:\/\/mhf.ro\/mm\/wp-content\/uploads\/2020\/05\/Daniela-1-640x480.jpg 2x\" data-envira-width=\"225\" data-envira-height=\"300\" srcset=\"data:image\/gif;base64,R0lGODlhAQABAIAAAP\/\/\/\/\/\/\/yH5BAEKAAEALAAAAAABAAEAAAICTAEAOw==\" data-safe-src=\"data:image\/gif;base64,R0lGODlhAQABAIAAAP\/\/\/\/\/\/\/yH5BAEKAAEALAAAAAABAAEAAAICTAEAOw==\" \/><\/a><\/div><\/div><\/div><\/div><noscript><img decoding=\"async\" src=\"https:\/\/mhf.ro\/mm\/wp-content\/uploads\/2020\/05\/Daniela-1.jpg\" alt=\"\" \/><\/noscript>\n<p><span class=\"_5yl5\">Oamenii ca ea, sunt mereu ignora\u021bi&#8230;. E o lume gr\u0103bit\u0103, ignoranta, mereu \u00een goana dup\u0103 bani \u0219i via\u021b\u0103 de lux&#8230;. Foarte pu\u021bini, sunt cei care se opresc \u0219i \u00eei ascult\u0103&#8230; C\u00e2t de mult conteaz\u0103 pentru ei&#8230;. Se simt singuri \u0219i umili&#8230;. Trec\u0103tori prin via\u021b\u0103, \u0219i f\u0103r\u0103 speran\u021b\u0103 de mai bine&#8230; M\u0103 doare sufletul c\u00e2nd \u00eei v\u0103d cum se chinuie \u0219i cum supravie\u021buiesc unii.. Groaznic&#8230;. \u00a0 (Jeny Anca Popa)<br \/>\n<\/span><\/p>\n","protected":false},"excerpt":{"rendered":"<p>Eram&#8230;zilele trecute \u00eentr o sear\u0103 t\u00e2rziu \u00een 368&#8230; autobuzul care face leg\u0103tura dintre Pia\u021ba Roman\u0103 \u0219i Drumul Taberei&#8230; Seara t\u00e2rziu,<\/p>\n","protected":false},"author":1,"featured_media":1890,"comment_status":"open","ping_status":"open","sticky":false,"template":"","format":"standard","meta":{"colormag_page_container_layout":"default_layout","colormag_page_sidebar_layout":"default_layout","footnotes":""},"categories":[8],"tags":[],"class_list":["post-1885","post","type-post","status-publish","format-standard","has-post-thumbnail","hentry","category-div"],"yoast_head":"<!-- This site is optimized with the Yoast SEO plugin v27.0 - https:\/\/yoast.com\/product\/yoast-seo-wordpress\/ -->\n<title>Ai \u00eencredere \u00een tine pentru o nou\u0103 via\u021b\u0103 - MHF Photography<\/title>\n<meta name=\"robots\" content=\"index, follow, max-snippet:-1, max-image-preview:large, max-video-preview:-1\" \/>\n<link rel=\"canonical\" href=\"https:\/\/mhf.ro\/mm\/ai-incredere-in-tine-pentru-o-noua-viata\/\" \/>\n<meta property=\"og:locale\" content=\"ro_RO\" \/>\n<meta property=\"og:type\" content=\"article\" \/>\n<meta property=\"og:title\" content=\"Ai \u00eencredere \u00een tine pentru o nou\u0103 via\u021b\u0103 - MHF Photography\" \/>\n<meta property=\"og:description\" content=\"Eram&#8230;zilele trecute \u00eentr o sear\u0103 t\u00e2rziu \u00een 368&#8230; autobuzul care face leg\u0103tura dintre Pia\u021ba Roman\u0103 \u0219i Drumul Taberei&#8230; Seara t\u00e2rziu,\" \/>\n<meta property=\"og:url\" content=\"https:\/\/mhf.ro\/mm\/ai-incredere-in-tine-pentru-o-noua-viata\/\" \/>\n<meta property=\"og:site_name\" content=\"MHF Photography\" \/>\n<meta property=\"article:published_time\" content=\"2020-05-30T10:52:28+00:00\" \/>\n<meta property=\"article:modified_time\" content=\"2020-05-30T11:23:22+00:00\" \/>\n<meta property=\"og:image\" content=\"https:\/\/mhf.ro\/mm\/wp-content\/uploads\/2020\/05\/Daniela_rpr.jpg\" \/>\n\t<meta property=\"og:image:width\" content=\"540\" \/>\n\t<meta property=\"og:image:height\" content=\"355\" \/>\n\t<meta property=\"og:image:type\" content=\"image\/jpeg\" \/>\n<meta name=\"author\" content=\"Marius Marcu\" \/>\n<meta name=\"twitter:card\" content=\"summary_large_image\" \/>\n<meta name=\"twitter:label1\" content=\"Scris de\" \/>\n\t<meta name=\"twitter:data1\" content=\"Marius Marcu\" \/>\n\t<meta name=\"twitter:label2\" content=\"Timp estimat pentru citire\" \/>\n\t<meta name=\"twitter:data2\" content=\"2 minute\" \/>\n<script type=\"application\/ld+json\" class=\"yoast-schema-graph\">{\"@context\":\"https:\/\/schema.org\",\"@graph\":[{\"@type\":\"Article\",\"@id\":\"https:\/\/mhf.ro\/mm\/ai-incredere-in-tine-pentru-o-noua-viata\/#article\",\"isPartOf\":{\"@id\":\"https:\/\/mhf.ro\/mm\/ai-incredere-in-tine-pentru-o-noua-viata\/\"},\"author\":{\"name\":\"Marius Marcu\",\"@id\":\"https:\/\/mhf.ro\/mm\/#\/schema\/person\/a3bebf7bdb4bf12f698aff73c7e46c21\"},\"headline\":\"Ai \u00eencredere \u00een tine pentru o nou\u0103 via\u021b\u0103\",\"datePublished\":\"2020-05-30T10:52:28+00:00\",\"dateModified\":\"2020-05-30T11:23:22+00:00\",\"mainEntityOfPage\":{\"@id\":\"https:\/\/mhf.ro\/mm\/ai-incredere-in-tine-pentru-o-noua-viata\/\"},\"wordCount\":309,\"commentCount\":4,\"publisher\":{\"@id\":\"https:\/\/mhf.ro\/mm\/#\/schema\/person\/a3bebf7bdb4bf12f698aff73c7e46c21\"},\"image\":{\"@id\":\"https:\/\/mhf.ro\/mm\/ai-incredere-in-tine-pentru-o-noua-viata\/#primaryimage\"},\"thumbnailUrl\":\"https:\/\/mhf.ro\/mm\/wp-content\/uploads\/2020\/05\/Daniela_rpr.jpg\",\"articleSection\":[\"Diverse\"],\"inLanguage\":\"ro-RO\",\"potentialAction\":[{\"@type\":\"CommentAction\",\"name\":\"Comment\",\"target\":[\"https:\/\/mhf.ro\/mm\/ai-incredere-in-tine-pentru-o-noua-viata\/#respond\"]}]},{\"@type\":\"WebPage\",\"@id\":\"https:\/\/mhf.ro\/mm\/ai-incredere-in-tine-pentru-o-noua-viata\/\",\"url\":\"https:\/\/mhf.ro\/mm\/ai-incredere-in-tine-pentru-o-noua-viata\/\",\"name\":\"Ai \u00eencredere \u00een tine pentru o nou\u0103 via\u021b\u0103 - MHF Photography\",\"isPartOf\":{\"@id\":\"https:\/\/mhf.ro\/mm\/#website\"},\"primaryImageOfPage\":{\"@id\":\"https:\/\/mhf.ro\/mm\/ai-incredere-in-tine-pentru-o-noua-viata\/#primaryimage\"},\"image\":{\"@id\":\"https:\/\/mhf.ro\/mm\/ai-incredere-in-tine-pentru-o-noua-viata\/#primaryimage\"},\"thumbnailUrl\":\"https:\/\/mhf.ro\/mm\/wp-content\/uploads\/2020\/05\/Daniela_rpr.jpg\",\"datePublished\":\"2020-05-30T10:52:28+00:00\",\"dateModified\":\"2020-05-30T11:23:22+00:00\",\"breadcrumb\":{\"@id\":\"https:\/\/mhf.ro\/mm\/ai-incredere-in-tine-pentru-o-noua-viata\/#breadcrumb\"},\"inLanguage\":\"ro-RO\",\"potentialAction\":[{\"@type\":\"ReadAction\",\"target\":[\"https:\/\/mhf.ro\/mm\/ai-incredere-in-tine-pentru-o-noua-viata\/\"]}]},{\"@type\":\"ImageObject\",\"inLanguage\":\"ro-RO\",\"@id\":\"https:\/\/mhf.ro\/mm\/ai-incredere-in-tine-pentru-o-noua-viata\/#primaryimage\",\"url\":\"https:\/\/mhf.ro\/mm\/wp-content\/uploads\/2020\/05\/Daniela_rpr.jpg\",\"contentUrl\":\"https:\/\/mhf.ro\/mm\/wp-content\/uploads\/2020\/05\/Daniela_rpr.jpg\",\"width\":540,\"height\":355},{\"@type\":\"BreadcrumbList\",\"@id\":\"https:\/\/mhf.ro\/mm\/ai-incredere-in-tine-pentru-o-noua-viata\/#breadcrumb\",\"itemListElement\":[{\"@type\":\"ListItem\",\"position\":1,\"name\":\"Prima pagin\u0103\",\"item\":\"https:\/\/mhf.ro\/mm\/\"},{\"@type\":\"ListItem\",\"position\":2,\"name\":\"Ai \u00eencredere \u00een tine pentru o nou\u0103 via\u021b\u0103\"}]},{\"@type\":\"WebSite\",\"@id\":\"https:\/\/mhf.ro\/mm\/#website\",\"url\":\"https:\/\/mhf.ro\/mm\/\",\"name\":\"MHF Photography \u2013 Blog de fotografie, natur\u0103 \u0219i tehnic\u0103 divers\u0103\",\"description\":\"Aventur\u0103 \u00een fiecare cadru.\",\"publisher\":{\"@id\":\"https:\/\/mhf.ro\/mm\/#\/schema\/person\/a3bebf7bdb4bf12f698aff73c7e46c21\"},\"potentialAction\":[{\"@type\":\"SearchAction\",\"target\":{\"@type\":\"EntryPoint\",\"urlTemplate\":\"https:\/\/mhf.ro\/mm\/?s={search_term_string}\"},\"query-input\":{\"@type\":\"PropertyValueSpecification\",\"valueRequired\":true,\"valueName\":\"search_term_string\"}}],\"inLanguage\":\"ro-RO\"},{\"@type\":[\"Person\",\"Organization\"],\"@id\":\"https:\/\/mhf.ro\/mm\/#\/schema\/person\/a3bebf7bdb4bf12f698aff73c7e46c21\",\"name\":\"Marius Marcu\",\"image\":{\"@type\":\"ImageObject\",\"inLanguage\":\"ro-RO\",\"@id\":\"https:\/\/mhf.ro\/mm\/#\/schema\/person\/image\/\",\"url\":\"https:\/\/mhf.ro\/mm\/wp-content\/uploads\/2025\/12\/cropped-logo_mhf_2.png\",\"contentUrl\":\"https:\/\/mhf.ro\/mm\/wp-content\/uploads\/2025\/12\/cropped-logo_mhf_2.png\",\"width\":1096,\"height\":457,\"caption\":\"Marius Marcu\"},\"logo\":{\"@id\":\"https:\/\/mhf.ro\/mm\/#\/schema\/person\/image\/\"},\"sameAs\":[\"https:\/\/mhf.ro\/mm\"],\"url\":\"https:\/\/mhf.ro\/mm\/author\/mihai\/\"}]}<\/script>\n<!-- \/ Yoast SEO plugin. -->","yoast_head_json":{"title":"Ai \u00eencredere \u00een tine pentru o nou\u0103 via\u021b\u0103 - MHF Photography","robots":{"index":"index","follow":"follow","max-snippet":"max-snippet:-1","max-image-preview":"max-image-preview:large","max-video-preview":"max-video-preview:-1"},"canonical":"https:\/\/mhf.ro\/mm\/ai-incredere-in-tine-pentru-o-noua-viata\/","og_locale":"ro_RO","og_type":"article","og_title":"Ai \u00eencredere \u00een tine pentru o nou\u0103 via\u021b\u0103 - MHF Photography","og_description":"Eram&#8230;zilele trecute \u00eentr o sear\u0103 t\u00e2rziu \u00een 368&#8230; autobuzul care face leg\u0103tura dintre Pia\u021ba Roman\u0103 \u0219i Drumul Taberei&#8230; Seara t\u00e2rziu,","og_url":"https:\/\/mhf.ro\/mm\/ai-incredere-in-tine-pentru-o-noua-viata\/","og_site_name":"MHF Photography","article_published_time":"2020-05-30T10:52:28+00:00","article_modified_time":"2020-05-30T11:23:22+00:00","og_image":[{"width":540,"height":355,"url":"https:\/\/mhf.ro\/mm\/wp-content\/uploads\/2020\/05\/Daniela_rpr.jpg","type":"image\/jpeg"}],"author":"Marius Marcu","twitter_card":"summary_large_image","twitter_misc":{"Scris de":"Marius Marcu","Timp estimat pentru citire":"2 minute"},"schema":{"@context":"https:\/\/schema.org","@graph":[{"@type":"Article","@id":"https:\/\/mhf.ro\/mm\/ai-incredere-in-tine-pentru-o-noua-viata\/#article","isPartOf":{"@id":"https:\/\/mhf.ro\/mm\/ai-incredere-in-tine-pentru-o-noua-viata\/"},"author":{"name":"Marius Marcu","@id":"https:\/\/mhf.ro\/mm\/#\/schema\/person\/a3bebf7bdb4bf12f698aff73c7e46c21"},"headline":"Ai \u00eencredere \u00een tine pentru o nou\u0103 via\u021b\u0103","datePublished":"2020-05-30T10:52:28+00:00","dateModified":"2020-05-30T11:23:22+00:00","mainEntityOfPage":{"@id":"https:\/\/mhf.ro\/mm\/ai-incredere-in-tine-pentru-o-noua-viata\/"},"wordCount":309,"commentCount":4,"publisher":{"@id":"https:\/\/mhf.ro\/mm\/#\/schema\/person\/a3bebf7bdb4bf12f698aff73c7e46c21"},"image":{"@id":"https:\/\/mhf.ro\/mm\/ai-incredere-in-tine-pentru-o-noua-viata\/#primaryimage"},"thumbnailUrl":"https:\/\/mhf.ro\/mm\/wp-content\/uploads\/2020\/05\/Daniela_rpr.jpg","articleSection":["Diverse"],"inLanguage":"ro-RO","potentialAction":[{"@type":"CommentAction","name":"Comment","target":["https:\/\/mhf.ro\/mm\/ai-incredere-in-tine-pentru-o-noua-viata\/#respond"]}]},{"@type":"WebPage","@id":"https:\/\/mhf.ro\/mm\/ai-incredere-in-tine-pentru-o-noua-viata\/","url":"https:\/\/mhf.ro\/mm\/ai-incredere-in-tine-pentru-o-noua-viata\/","name":"Ai \u00eencredere \u00een tine pentru o nou\u0103 via\u021b\u0103 - MHF Photography","isPartOf":{"@id":"https:\/\/mhf.ro\/mm\/#website"},"primaryImageOfPage":{"@id":"https:\/\/mhf.ro\/mm\/ai-incredere-in-tine-pentru-o-noua-viata\/#primaryimage"},"image":{"@id":"https:\/\/mhf.ro\/mm\/ai-incredere-in-tine-pentru-o-noua-viata\/#primaryimage"},"thumbnailUrl":"https:\/\/mhf.ro\/mm\/wp-content\/uploads\/2020\/05\/Daniela_rpr.jpg","datePublished":"2020-05-30T10:52:28+00:00","dateModified":"2020-05-30T11:23:22+00:00","breadcrumb":{"@id":"https:\/\/mhf.ro\/mm\/ai-incredere-in-tine-pentru-o-noua-viata\/#breadcrumb"},"inLanguage":"ro-RO","potentialAction":[{"@type":"ReadAction","target":["https:\/\/mhf.ro\/mm\/ai-incredere-in-tine-pentru-o-noua-viata\/"]}]},{"@type":"ImageObject","inLanguage":"ro-RO","@id":"https:\/\/mhf.ro\/mm\/ai-incredere-in-tine-pentru-o-noua-viata\/#primaryimage","url":"https:\/\/mhf.ro\/mm\/wp-content\/uploads\/2020\/05\/Daniela_rpr.jpg","contentUrl":"https:\/\/mhf.ro\/mm\/wp-content\/uploads\/2020\/05\/Daniela_rpr.jpg","width":540,"height":355},{"@type":"BreadcrumbList","@id":"https:\/\/mhf.ro\/mm\/ai-incredere-in-tine-pentru-o-noua-viata\/#breadcrumb","itemListElement":[{"@type":"ListItem","position":1,"name":"Prima pagin\u0103","item":"https:\/\/mhf.ro\/mm\/"},{"@type":"ListItem","position":2,"name":"Ai \u00eencredere \u00een tine pentru o nou\u0103 via\u021b\u0103"}]},{"@type":"WebSite","@id":"https:\/\/mhf.ro\/mm\/#website","url":"https:\/\/mhf.ro\/mm\/","name":"MHF Photography \u2013 Blog de fotografie, natur\u0103 \u0219i tehnic\u0103 divers\u0103","description":"Aventur\u0103 \u00een fiecare cadru.","publisher":{"@id":"https:\/\/mhf.ro\/mm\/#\/schema\/person\/a3bebf7bdb4bf12f698aff73c7e46c21"},"potentialAction":[{"@type":"SearchAction","target":{"@type":"EntryPoint","urlTemplate":"https:\/\/mhf.ro\/mm\/?s={search_term_string}"},"query-input":{"@type":"PropertyValueSpecification","valueRequired":true,"valueName":"search_term_string"}}],"inLanguage":"ro-RO"},{"@type":["Person","Organization"],"@id":"https:\/\/mhf.ro\/mm\/#\/schema\/person\/a3bebf7bdb4bf12f698aff73c7e46c21","name":"Marius Marcu","image":{"@type":"ImageObject","inLanguage":"ro-RO","@id":"https:\/\/mhf.ro\/mm\/#\/schema\/person\/image\/","url":"https:\/\/mhf.ro\/mm\/wp-content\/uploads\/2025\/12\/cropped-logo_mhf_2.png","contentUrl":"https:\/\/mhf.ro\/mm\/wp-content\/uploads\/2025\/12\/cropped-logo_mhf_2.png","width":1096,"height":457,"caption":"Marius Marcu"},"logo":{"@id":"https:\/\/mhf.ro\/mm\/#\/schema\/person\/image\/"},"sameAs":["https:\/\/mhf.ro\/mm"],"url":"https:\/\/mhf.ro\/mm\/author\/mihai\/"}]}},"_links":{"self":[{"href":"https:\/\/mhf.ro\/mm\/wp-json\/wp\/v2\/posts\/1885","targetHints":{"allow":["GET"]}}],"collection":[{"href":"https:\/\/mhf.ro\/mm\/wp-json\/wp\/v2\/posts"}],"about":[{"href":"https:\/\/mhf.ro\/mm\/wp-json\/wp\/v2\/types\/post"}],"author":[{"embeddable":true,"href":"https:\/\/mhf.ro\/mm\/wp-json\/wp\/v2\/users\/1"}],"replies":[{"embeddable":true,"href":"https:\/\/mhf.ro\/mm\/wp-json\/wp\/v2\/comments?post=1885"}],"version-history":[{"count":7,"href":"https:\/\/mhf.ro\/mm\/wp-json\/wp\/v2\/posts\/1885\/revisions"}],"predecessor-version":[{"id":1896,"href":"https:\/\/mhf.ro\/mm\/wp-json\/wp\/v2\/posts\/1885\/revisions\/1896"}],"wp:featuredmedia":[{"embeddable":true,"href":"https:\/\/mhf.ro\/mm\/wp-json\/wp\/v2\/media\/1890"}],"wp:attachment":[{"href":"https:\/\/mhf.ro\/mm\/wp-json\/wp\/v2\/media?parent=1885"}],"wp:term":[{"taxonomy":"category","embeddable":true,"href":"https:\/\/mhf.ro\/mm\/wp-json\/wp\/v2\/categories?post=1885"},{"taxonomy":"post_tag","embeddable":true,"href":"https:\/\/mhf.ro\/mm\/wp-json\/wp\/v2\/tags?post=1885"}],"curies":[{"name":"wp","href":"https:\/\/api.w.org\/{rel}","templated":true}]}}