{"id":1944,"date":"2020-06-02T11:00:41","date_gmt":"2020-06-02T11:00:41","guid":{"rendered":"https:\/\/mhf.ro\/mm\/?p=1944"},"modified":"2020-06-02T11:01:25","modified_gmt":"2020-06-02T11:01:25","slug":"despre-consecintele-economice-ale-pandemiei","status":"publish","type":"post","link":"https:\/\/mhf.ro\/mm\/despre-consecintele-economice-ale-pandemiei\/","title":{"rendered":"Despre consecin\u021bele economice ale pandemiei"},"content":{"rendered":"<h3><strong>Reporne\u0219te u\u0219or economia dup\u0103 pandemie ?<\/strong><\/h3>\n<p>Toate statele \u00eencearc\u0103 s\u0103-\u0219i restarteze economia, fiecare in felul s\u0103u. Se concep planuri \u0219i diverse scheme pentru repornire, \u00een scopul diminu\u0103rii efectelor create de pauza luat\u0103 \u00een economia global\u0103. Se caut\u0103 solu\u021bii, se propun metode, care mai de care mai ingenioase. De exemplu, japonezii propun s\u0103 pl\u0103teasc\u0103 50% din sejurul celor care decid s\u0103 \u00ee\u0219i planifice si sa \u00ee\u0219i petreac\u0103 concediul ca turist. Dup\u0103 cum bine \u0219tim, pandemia creata de virusul Sars-Cov-2, a \u00eencetinit, sau a chiar oprit p\u0103m\u00e2ntul din mi\u0219carea nebun\u0103 \u00een care se afla. M\u0103 refer la cursa economica la care particip\u0103m to\u021bi, vrem nu vrem, con\u0219tien\u021bi sau nu. Se \u00eencearc\u0103 si daca se va reu\u0219i declan\u0219area accelerat\u0103 a consumului, efectele crizei vor fi diminuate.<\/p>\n<h3><strong>Repornim rapid ?<\/strong><\/h3>\n<p>Se va reu\u0219i repornirea economiei suficient de rapid astfel \u00eenc\u00e2t criza economic\u0103 care va urma s\u0103 nu aib\u0103 efecte dezastruoase asupra popula\u021biei ? Probabil se va reu\u0219i, cu toate c\u0103 eu sunt sceptic. Totul trebuie f\u0103cut cu cap \u0219i cu foarte mare aten\u021bie, altfel se va ob\u021bine infla\u021bie, dezechilibru si suferin\u021b\u0103. Oprirea motoarelor economiei globale s-a realizat foarte rapid, datorit\u0103 panicii create de apari\u021bia acestui nou virus, iar repornirea se va realiza mai lent, chiar foarte lent. Consumul se bazeaz\u0103 pe \u00eencredere, stabilitate si existen\u021ba rezervelor financiare la popula\u021bie. Ori exact aici, la rezerve e lovit\u0103 societatea \u00een ansamblu, popula\u021bia a s\u0103r\u0103cit si s\u0103r\u0103ce\u0219te \u00een continuare. Acest lucru se \u00eent\u00e2mpl\u0103 deja de mai bine de 5 luni. Nu \u0219tiu cum se vor putea s\u0103ri etape, astfel \u00eenc\u00e2t repornirea s\u0103 fie foarte rapid\u0103. Cet\u0103\u021benii, dac\u0103 ajung s\u0103 aib\u0103 slujbe, adic\u0103 lucrurile s\u0103 reintre \u00een normal din punctul de vedere al desf\u0103\u0219ur\u0103rii muncii, va urma sigur o perioad\u0103 \u00een care toata lumea va \u00eencerca sa fac\u0103 rezerve de bani, s\u0103 fac\u0103 economii. Doar economiile popula\u021biei nu sunt suficiente pentru declan\u0219area consumului, trebuie \u0219i mult\u0103 \u00eencredere \u00een viitor. Lucrurile se desf\u0103\u0219oar\u0103 \u00een cascad\u0103, scade consumul, scade cererea, industria reporne\u0219te dar nu are desfacere, stocurile nu pot rezolva problema, vor ap\u0103rea contrac\u021bii, oamenii \u00ee\u0219i pierd locurile de munca, unele servicii devin nerentabile, etc., astfel \u00eenc\u00e2t situa\u021bia poate deveni incontrolabil\u0103.<\/p>\n<h3><strong>Societatea merge mai departe ?<\/strong><\/h3>\n<p>Acest lucru este o certitudine, omenirea sigur va dep\u0103\u0219i acest moment, a\u0219a cum a mai dep\u0103\u0219it si alte momente grele de-a lungul timpului. Trebuie sa r\u0103m\u00e2nem \u00eencrez\u0103tori \u00een viitor, s\u0103 \u00eencerc\u0103m s\u0103 ajutam, s\u0103 fim constructivi. S\u0103 evit\u0103m pe cat posibil z\u0103d\u0103rnicirea eforturile celor care \u00eencearc\u0103 sa repare \u0219i s\u0103 reconstruiasc\u0103 \u00een jurul nostru.<\/p>\n<p>&nbsp;<\/p>\n<p><a href=\"http:\/\/riz.ro\" target=\"_blank\" rel=\"noopener noreferrer\"><img decoding=\"async\" class=\"alignright wp-image-1187\" src=\"https:\/\/mhf.ro\/mm\/wp-content\/uploads\/2020\/05\/ReclamaRiz_1-150x150.png\" alt=\"Profile din polistiren\" width=\"110\" height=\"41\" srcset=\"https:\/\/mhf.ro\/mm\/wp-content\/uploads\/2020\/05\/ReclamaRiz_1-300x111.png 300w, https:\/\/mhf.ro\/mm\/wp-content\/uploads\/2020\/05\/ReclamaRiz_1-1024x377.png 1024w, https:\/\/mhf.ro\/mm\/wp-content\/uploads\/2020\/05\/ReclamaRiz_1-768x283.png 768w, https:\/\/mhf.ro\/mm\/wp-content\/uploads\/2020\/05\/ReclamaRiz_1.png 1295w\" sizes=\"(max-width: 110px) 100vw, 110px\" \/><\/a><\/p>\n","protected":false},"excerpt":{"rendered":"<p>Reporne\u0219te u\u0219or economia dup\u0103 pandemie ? Toate statele \u00eencearc\u0103 s\u0103-\u0219i restarteze economia, fiecare in felul s\u0103u. Se concep planuri \u0219i<\/p>\n","protected":false},"author":1,"featured_media":1946,"comment_status":"open","ping_status":"open","sticky":false,"template":"","format":"standard","meta":{"colormag_page_container_layout":"default_layout","colormag_page_sidebar_layout":"default_layout","footnotes":""},"categories":[5],"tags":[],"class_list":["post-1944","post","type-post","status-publish","format-standard","has-post-thumbnail","hentry","category-locale"],"yoast_head":"<!-- This site is optimized with the Yoast SEO plugin v27.0 - https:\/\/yoast.com\/product\/yoast-seo-wordpress\/ -->\n<title>Despre consecin\u021bele economice ale pandemiei - MHF Photography<\/title>\n<meta name=\"description\" content=\"Toate statele \u00eencearc\u0103 s\u0103-\u0219i restarteze economia, fiecare in felul s\u0103u. Se concep planuri \u0219i diverse scheme pentru repornire, \u00een scopul diminu\u0103rii...\" \/>\n<meta name=\"robots\" content=\"index, follow, max-snippet:-1, max-image-preview:large, max-video-preview:-1\" \/>\n<link rel=\"canonical\" href=\"https:\/\/mhf.ro\/mm\/despre-consecintele-economice-ale-pandemiei\/\" \/>\n<meta property=\"og:locale\" content=\"ro_RO\" \/>\n<meta property=\"og:type\" content=\"article\" \/>\n<meta property=\"og:title\" content=\"Despre consecin\u021bele economice ale pandemiei - MHF Photography\" \/>\n<meta property=\"og:description\" content=\"Toate statele \u00eencearc\u0103 s\u0103-\u0219i restarteze economia, fiecare in felul s\u0103u. Se concep planuri \u0219i diverse scheme pentru repornire, \u00een scopul diminu\u0103rii...\" \/>\n<meta property=\"og:url\" content=\"https:\/\/mhf.ro\/mm\/despre-consecintele-economice-ale-pandemiei\/\" \/>\n<meta property=\"og:site_name\" content=\"MHF Photography\" \/>\n<meta property=\"article:published_time\" content=\"2020-06-02T11:00:41+00:00\" \/>\n<meta property=\"article:modified_time\" content=\"2020-06-02T11:01:25+00:00\" \/>\n<meta property=\"og:image\" content=\"https:\/\/mhf.ro\/mm\/wp-content\/uploads\/2020\/06\/Economia_incotro.jpg\" \/>\n\t<meta property=\"og:image:width\" content=\"1280\" \/>\n\t<meta property=\"og:image:height\" content=\"675\" \/>\n\t<meta property=\"og:image:type\" content=\"image\/jpeg\" \/>\n<meta name=\"author\" content=\"Marius Marcu\" \/>\n<meta name=\"twitter:card\" content=\"summary_large_image\" \/>\n<meta name=\"twitter:label1\" content=\"Scris de\" \/>\n\t<meta name=\"twitter:data1\" content=\"Marius Marcu\" \/>\n\t<meta name=\"twitter:label2\" content=\"Timp estimat pentru citire\" \/>\n\t<meta name=\"twitter:data2\" content=\"2 minute\" \/>\n<script type=\"application\/ld+json\" class=\"yoast-schema-graph\">{\"@context\":\"https:\/\/schema.org\",\"@graph\":[{\"@type\":\"Article\",\"@id\":\"https:\/\/mhf.ro\/mm\/despre-consecintele-economice-ale-pandemiei\/#article\",\"isPartOf\":{\"@id\":\"https:\/\/mhf.ro\/mm\/despre-consecintele-economice-ale-pandemiei\/\"},\"author\":{\"name\":\"Marius Marcu\",\"@id\":\"https:\/\/mhf.ro\/mm\/#\/schema\/person\/a3bebf7bdb4bf12f698aff73c7e46c21\"},\"headline\":\"Despre consecin\u021bele economice ale pandemiei\",\"datePublished\":\"2020-06-02T11:00:41+00:00\",\"dateModified\":\"2020-06-02T11:01:25+00:00\",\"mainEntityOfPage\":{\"@id\":\"https:\/\/mhf.ro\/mm\/despre-consecintele-economice-ale-pandemiei\/\"},\"wordCount\":469,\"commentCount\":0,\"publisher\":{\"@id\":\"https:\/\/mhf.ro\/mm\/#\/schema\/person\/a3bebf7bdb4bf12f698aff73c7e46c21\"},\"image\":{\"@id\":\"https:\/\/mhf.ro\/mm\/despre-consecintele-economice-ale-pandemiei\/#primaryimage\"},\"thumbnailUrl\":\"https:\/\/mhf.ro\/mm\/wp-content\/uploads\/2020\/06\/Economia_incotro.jpg\",\"articleSection\":[\"Locale\"],\"inLanguage\":\"ro-RO\",\"potentialAction\":[{\"@type\":\"CommentAction\",\"name\":\"Comment\",\"target\":[\"https:\/\/mhf.ro\/mm\/despre-consecintele-economice-ale-pandemiei\/#respond\"]}]},{\"@type\":\"WebPage\",\"@id\":\"https:\/\/mhf.ro\/mm\/despre-consecintele-economice-ale-pandemiei\/\",\"url\":\"https:\/\/mhf.ro\/mm\/despre-consecintele-economice-ale-pandemiei\/\",\"name\":\"Despre consecin\u021bele economice ale pandemiei - MHF Photography\",\"isPartOf\":{\"@id\":\"https:\/\/mhf.ro\/mm\/#website\"},\"primaryImageOfPage\":{\"@id\":\"https:\/\/mhf.ro\/mm\/despre-consecintele-economice-ale-pandemiei\/#primaryimage\"},\"image\":{\"@id\":\"https:\/\/mhf.ro\/mm\/despre-consecintele-economice-ale-pandemiei\/#primaryimage\"},\"thumbnailUrl\":\"https:\/\/mhf.ro\/mm\/wp-content\/uploads\/2020\/06\/Economia_incotro.jpg\",\"datePublished\":\"2020-06-02T11:00:41+00:00\",\"dateModified\":\"2020-06-02T11:01:25+00:00\",\"description\":\"Toate statele \u00eencearc\u0103 s\u0103-\u0219i restarteze economia, fiecare in felul s\u0103u. Se concep planuri \u0219i diverse scheme pentru repornire, \u00een scopul diminu\u0103rii...\",\"breadcrumb\":{\"@id\":\"https:\/\/mhf.ro\/mm\/despre-consecintele-economice-ale-pandemiei\/#breadcrumb\"},\"inLanguage\":\"ro-RO\",\"potentialAction\":[{\"@type\":\"ReadAction\",\"target\":[\"https:\/\/mhf.ro\/mm\/despre-consecintele-economice-ale-pandemiei\/\"]}]},{\"@type\":\"ImageObject\",\"inLanguage\":\"ro-RO\",\"@id\":\"https:\/\/mhf.ro\/mm\/despre-consecintele-economice-ale-pandemiei\/#primaryimage\",\"url\":\"https:\/\/mhf.ro\/mm\/wp-content\/uploads\/2020\/06\/Economia_incotro.jpg\",\"contentUrl\":\"https:\/\/mhf.ro\/mm\/wp-content\/uploads\/2020\/06\/Economia_incotro.jpg\",\"width\":1280,\"height\":675},{\"@type\":\"BreadcrumbList\",\"@id\":\"https:\/\/mhf.ro\/mm\/despre-consecintele-economice-ale-pandemiei\/#breadcrumb\",\"itemListElement\":[{\"@type\":\"ListItem\",\"position\":1,\"name\":\"Prima pagin\u0103\",\"item\":\"https:\/\/mhf.ro\/mm\/\"},{\"@type\":\"ListItem\",\"position\":2,\"name\":\"Despre consecin\u021bele economice ale pandemiei\"}]},{\"@type\":\"WebSite\",\"@id\":\"https:\/\/mhf.ro\/mm\/#website\",\"url\":\"https:\/\/mhf.ro\/mm\/\",\"name\":\"MHF Photography \u2013 Blog de fotografie, natur\u0103 \u0219i tehnic\u0103 divers\u0103\",\"description\":\"Aventur\u0103 \u00een fiecare cadru.\",\"publisher\":{\"@id\":\"https:\/\/mhf.ro\/mm\/#\/schema\/person\/a3bebf7bdb4bf12f698aff73c7e46c21\"},\"potentialAction\":[{\"@type\":\"SearchAction\",\"target\":{\"@type\":\"EntryPoint\",\"urlTemplate\":\"https:\/\/mhf.ro\/mm\/?s={search_term_string}\"},\"query-input\":{\"@type\":\"PropertyValueSpecification\",\"valueRequired\":true,\"valueName\":\"search_term_string\"}}],\"inLanguage\":\"ro-RO\"},{\"@type\":[\"Person\",\"Organization\"],\"@id\":\"https:\/\/mhf.ro\/mm\/#\/schema\/person\/a3bebf7bdb4bf12f698aff73c7e46c21\",\"name\":\"Marius Marcu\",\"image\":{\"@type\":\"ImageObject\",\"inLanguage\":\"ro-RO\",\"@id\":\"https:\/\/mhf.ro\/mm\/#\/schema\/person\/image\/\",\"url\":\"https:\/\/mhf.ro\/mm\/wp-content\/uploads\/2025\/12\/cropped-logo_mhf_2.png\",\"contentUrl\":\"https:\/\/mhf.ro\/mm\/wp-content\/uploads\/2025\/12\/cropped-logo_mhf_2.png\",\"width\":1096,\"height\":457,\"caption\":\"Marius Marcu\"},\"logo\":{\"@id\":\"https:\/\/mhf.ro\/mm\/#\/schema\/person\/image\/\"},\"sameAs\":[\"https:\/\/mhf.ro\/mm\"],\"url\":\"https:\/\/mhf.ro\/mm\/author\/mihai\/\"}]}<\/script>\n<!-- \/ Yoast SEO plugin. -->","yoast_head_json":{"title":"Despre consecin\u021bele economice ale pandemiei - MHF Photography","description":"Toate statele \u00eencearc\u0103 s\u0103-\u0219i restarteze economia, fiecare in felul s\u0103u. Se concep planuri \u0219i diverse scheme pentru repornire, \u00een scopul diminu\u0103rii...","robots":{"index":"index","follow":"follow","max-snippet":"max-snippet:-1","max-image-preview":"max-image-preview:large","max-video-preview":"max-video-preview:-1"},"canonical":"https:\/\/mhf.ro\/mm\/despre-consecintele-economice-ale-pandemiei\/","og_locale":"ro_RO","og_type":"article","og_title":"Despre consecin\u021bele economice ale pandemiei - MHF Photography","og_description":"Toate statele \u00eencearc\u0103 s\u0103-\u0219i restarteze economia, fiecare in felul s\u0103u. Se concep planuri \u0219i diverse scheme pentru repornire, \u00een scopul diminu\u0103rii...","og_url":"https:\/\/mhf.ro\/mm\/despre-consecintele-economice-ale-pandemiei\/","og_site_name":"MHF Photography","article_published_time":"2020-06-02T11:00:41+00:00","article_modified_time":"2020-06-02T11:01:25+00:00","og_image":[{"width":1280,"height":675,"url":"https:\/\/mhf.ro\/mm\/wp-content\/uploads\/2020\/06\/Economia_incotro.jpg","type":"image\/jpeg"}],"author":"Marius Marcu","twitter_card":"summary_large_image","twitter_misc":{"Scris de":"Marius Marcu","Timp estimat pentru citire":"2 minute"},"schema":{"@context":"https:\/\/schema.org","@graph":[{"@type":"Article","@id":"https:\/\/mhf.ro\/mm\/despre-consecintele-economice-ale-pandemiei\/#article","isPartOf":{"@id":"https:\/\/mhf.ro\/mm\/despre-consecintele-economice-ale-pandemiei\/"},"author":{"name":"Marius Marcu","@id":"https:\/\/mhf.ro\/mm\/#\/schema\/person\/a3bebf7bdb4bf12f698aff73c7e46c21"},"headline":"Despre consecin\u021bele economice ale pandemiei","datePublished":"2020-06-02T11:00:41+00:00","dateModified":"2020-06-02T11:01:25+00:00","mainEntityOfPage":{"@id":"https:\/\/mhf.ro\/mm\/despre-consecintele-economice-ale-pandemiei\/"},"wordCount":469,"commentCount":0,"publisher":{"@id":"https:\/\/mhf.ro\/mm\/#\/schema\/person\/a3bebf7bdb4bf12f698aff73c7e46c21"},"image":{"@id":"https:\/\/mhf.ro\/mm\/despre-consecintele-economice-ale-pandemiei\/#primaryimage"},"thumbnailUrl":"https:\/\/mhf.ro\/mm\/wp-content\/uploads\/2020\/06\/Economia_incotro.jpg","articleSection":["Locale"],"inLanguage":"ro-RO","potentialAction":[{"@type":"CommentAction","name":"Comment","target":["https:\/\/mhf.ro\/mm\/despre-consecintele-economice-ale-pandemiei\/#respond"]}]},{"@type":"WebPage","@id":"https:\/\/mhf.ro\/mm\/despre-consecintele-economice-ale-pandemiei\/","url":"https:\/\/mhf.ro\/mm\/despre-consecintele-economice-ale-pandemiei\/","name":"Despre consecin\u021bele economice ale pandemiei - MHF Photography","isPartOf":{"@id":"https:\/\/mhf.ro\/mm\/#website"},"primaryImageOfPage":{"@id":"https:\/\/mhf.ro\/mm\/despre-consecintele-economice-ale-pandemiei\/#primaryimage"},"image":{"@id":"https:\/\/mhf.ro\/mm\/despre-consecintele-economice-ale-pandemiei\/#primaryimage"},"thumbnailUrl":"https:\/\/mhf.ro\/mm\/wp-content\/uploads\/2020\/06\/Economia_incotro.jpg","datePublished":"2020-06-02T11:00:41+00:00","dateModified":"2020-06-02T11:01:25+00:00","description":"Toate statele \u00eencearc\u0103 s\u0103-\u0219i restarteze economia, fiecare in felul s\u0103u. Se concep planuri \u0219i diverse scheme pentru repornire, \u00een scopul diminu\u0103rii...","breadcrumb":{"@id":"https:\/\/mhf.ro\/mm\/despre-consecintele-economice-ale-pandemiei\/#breadcrumb"},"inLanguage":"ro-RO","potentialAction":[{"@type":"ReadAction","target":["https:\/\/mhf.ro\/mm\/despre-consecintele-economice-ale-pandemiei\/"]}]},{"@type":"ImageObject","inLanguage":"ro-RO","@id":"https:\/\/mhf.ro\/mm\/despre-consecintele-economice-ale-pandemiei\/#primaryimage","url":"https:\/\/mhf.ro\/mm\/wp-content\/uploads\/2020\/06\/Economia_incotro.jpg","contentUrl":"https:\/\/mhf.ro\/mm\/wp-content\/uploads\/2020\/06\/Economia_incotro.jpg","width":1280,"height":675},{"@type":"BreadcrumbList","@id":"https:\/\/mhf.ro\/mm\/despre-consecintele-economice-ale-pandemiei\/#breadcrumb","itemListElement":[{"@type":"ListItem","position":1,"name":"Prima pagin\u0103","item":"https:\/\/mhf.ro\/mm\/"},{"@type":"ListItem","position":2,"name":"Despre consecin\u021bele economice ale pandemiei"}]},{"@type":"WebSite","@id":"https:\/\/mhf.ro\/mm\/#website","url":"https:\/\/mhf.ro\/mm\/","name":"MHF Photography \u2013 Blog de fotografie, natur\u0103 \u0219i tehnic\u0103 divers\u0103","description":"Aventur\u0103 \u00een fiecare cadru.","publisher":{"@id":"https:\/\/mhf.ro\/mm\/#\/schema\/person\/a3bebf7bdb4bf12f698aff73c7e46c21"},"potentialAction":[{"@type":"SearchAction","target":{"@type":"EntryPoint","urlTemplate":"https:\/\/mhf.ro\/mm\/?s={search_term_string}"},"query-input":{"@type":"PropertyValueSpecification","valueRequired":true,"valueName":"search_term_string"}}],"inLanguage":"ro-RO"},{"@type":["Person","Organization"],"@id":"https:\/\/mhf.ro\/mm\/#\/schema\/person\/a3bebf7bdb4bf12f698aff73c7e46c21","name":"Marius Marcu","image":{"@type":"ImageObject","inLanguage":"ro-RO","@id":"https:\/\/mhf.ro\/mm\/#\/schema\/person\/image\/","url":"https:\/\/mhf.ro\/mm\/wp-content\/uploads\/2025\/12\/cropped-logo_mhf_2.png","contentUrl":"https:\/\/mhf.ro\/mm\/wp-content\/uploads\/2025\/12\/cropped-logo_mhf_2.png","width":1096,"height":457,"caption":"Marius Marcu"},"logo":{"@id":"https:\/\/mhf.ro\/mm\/#\/schema\/person\/image\/"},"sameAs":["https:\/\/mhf.ro\/mm"],"url":"https:\/\/mhf.ro\/mm\/author\/mihai\/"}]}},"_links":{"self":[{"href":"https:\/\/mhf.ro\/mm\/wp-json\/wp\/v2\/posts\/1944","targetHints":{"allow":["GET"]}}],"collection":[{"href":"https:\/\/mhf.ro\/mm\/wp-json\/wp\/v2\/posts"}],"about":[{"href":"https:\/\/mhf.ro\/mm\/wp-json\/wp\/v2\/types\/post"}],"author":[{"embeddable":true,"href":"https:\/\/mhf.ro\/mm\/wp-json\/wp\/v2\/users\/1"}],"replies":[{"embeddable":true,"href":"https:\/\/mhf.ro\/mm\/wp-json\/wp\/v2\/comments?post=1944"}],"version-history":[{"count":3,"href":"https:\/\/mhf.ro\/mm\/wp-json\/wp\/v2\/posts\/1944\/revisions"}],"predecessor-version":[{"id":1948,"href":"https:\/\/mhf.ro\/mm\/wp-json\/wp\/v2\/posts\/1944\/revisions\/1948"}],"wp:featuredmedia":[{"embeddable":true,"href":"https:\/\/mhf.ro\/mm\/wp-json\/wp\/v2\/media\/1946"}],"wp:attachment":[{"href":"https:\/\/mhf.ro\/mm\/wp-json\/wp\/v2\/media?parent=1944"}],"wp:term":[{"taxonomy":"category","embeddable":true,"href":"https:\/\/mhf.ro\/mm\/wp-json\/wp\/v2\/categories?post=1944"},{"taxonomy":"post_tag","embeddable":true,"href":"https:\/\/mhf.ro\/mm\/wp-json\/wp\/v2\/tags?post=1944"}],"curies":[{"name":"wp","href":"https:\/\/api.w.org\/{rel}","templated":true}]}}