{"id":1955,"date":"2020-06-02T14:27:27","date_gmt":"2020-06-02T12:27:27","guid":{"rendered":"https:\/\/mhf.ro\/mm\/?p=1955"},"modified":"2021-04-21T08:49:03","modified_gmt":"2021-04-21T06:49:03","slug":"m-am-nascut-la-cine-i-pasa","status":"publish","type":"post","link":"https:\/\/mhf.ro\/mm\/m-am-nascut-la-cine-i-pasa\/","title":{"rendered":"M-am nascut, la cine-i pasa?"},"content":{"rendered":"<p>M-am nascut in secol douazeci,<br \/>\nca arma, pentru ce va fi,<br \/>\nsi mosul s-a nascut, in secol ca si mine,<span class=\"text_exposed_show\"><br \/>\ndar sincer vreau sa spun, in alta zi&#8230;<\/p>\n<p>M-am nascut viu, din cate stiu,<br \/>\nin secol cu multi oameni flamanzi,<br \/>\nas fi vrut, paine sa fiu&#8230;<br \/>\nfara taxe, dari si mari dobanzi&#8230;<\/p>\n<p>Am facut ucenicie la pamant,<br \/>\nl-am invatat sa fie rabdator cu mine,<br \/>\ndoar el&#8230; a fost cu mine bland,<br \/>\nm-a invatat sa cern suspine&#8230;<\/p>\n<p>Si cand dusmanul peste gard,<br \/>\ncu scarba se uita la mine-n batatura,<br \/>\nsimteam cum palmele ma ard,<br \/>\nsa tin cu sange, borna-n geamandura!<\/p>\n<p>Atunci am scijelit cu sange,<br \/>\nsa am pogonul meu, unit, intruna,<br \/>\nsa pot, recolta de-as avea-o, strange,<br \/>\npamantu` sa nu-mpart cu semiluna&#8230;<\/span><\/p>\n","protected":false},"excerpt":{"rendered":"<p>M-am nascut in secol douazeci, ca arma, pentru ce va fi, si mosul s-a nascut, in secol ca si mine,<\/p>\n","protected":false},"author":3,"featured_media":1956,"comment_status":"open","ping_status":"open","sticky":false,"template":"","format":"standard","meta":{"colormag_page_container_layout":"default_layout","colormag_page_sidebar_layout":"default_layout","footnotes":""},"categories":[21,8],"tags":[],"class_list":["post-1955","post","type-post","status-publish","format-standard","has-post-thumbnail","hentry","category-arta","category-div"],"yoast_head":"<!-- This site is optimized with the Yoast SEO plugin v27.0 - https:\/\/yoast.com\/product\/yoast-seo-wordpress\/ -->\n<title>M-am nascut, la cine-i pasa? - MHF Photography<\/title>\n<meta name=\"robots\" content=\"index, follow, max-snippet:-1, max-image-preview:large, max-video-preview:-1\" \/>\n<link rel=\"canonical\" href=\"https:\/\/mhf.ro\/mm\/m-am-nascut-la-cine-i-pasa\/\" \/>\n<meta property=\"og:locale\" content=\"ro_RO\" \/>\n<meta property=\"og:type\" content=\"article\" \/>\n<meta property=\"og:title\" content=\"M-am nascut, la cine-i pasa? - MHF Photography\" \/>\n<meta property=\"og:description\" content=\"M-am nascut in secol douazeci, ca arma, pentru ce va fi, si mosul s-a nascut, in secol ca si mine,\" \/>\n<meta property=\"og:url\" content=\"https:\/\/mhf.ro\/mm\/m-am-nascut-la-cine-i-pasa\/\" \/>\n<meta property=\"og:site_name\" content=\"MHF Photography\" \/>\n<meta property=\"article:published_time\" content=\"2020-06-02T12:27:27+00:00\" \/>\n<meta property=\"article:modified_time\" content=\"2021-04-21T06:49:03+00:00\" \/>\n<meta property=\"og:image\" content=\"https:\/\/mhf.ro\/mm\/wp-content\/uploads\/2020\/06\/soldat-taran.jpg\" \/>\n\t<meta property=\"og:image:width\" content=\"646\" \/>\n\t<meta property=\"og:image:height\" content=\"404\" \/>\n\t<meta property=\"og:image:type\" content=\"image\/jpeg\" \/>\n<meta name=\"author\" content=\"Ciurtin Tavi\" \/>\n<meta name=\"twitter:card\" content=\"summary_large_image\" \/>\n<meta name=\"twitter:label1\" content=\"Scris de\" \/>\n\t<meta name=\"twitter:data1\" content=\"Ciurtin Tavi\" \/>\n\t<meta name=\"twitter:label2\" content=\"Timp estimat pentru citire\" \/>\n\t<meta name=\"twitter:data2\" content=\"1 minut\" \/>\n<script type=\"application\/ld+json\" class=\"yoast-schema-graph\">{\"@context\":\"https:\/\/schema.org\",\"@graph\":[{\"@type\":\"Article\",\"@id\":\"https:\/\/mhf.ro\/mm\/m-am-nascut-la-cine-i-pasa\/#article\",\"isPartOf\":{\"@id\":\"https:\/\/mhf.ro\/mm\/m-am-nascut-la-cine-i-pasa\/\"},\"author\":{\"name\":\"Ciurtin Tavi\",\"@id\":\"https:\/\/mhf.ro\/mm\/#\/schema\/person\/d2e8248dfe54de3d7284ff7254d2e29b\"},\"headline\":\"M-am nascut, la cine-i pasa?\",\"datePublished\":\"2020-06-02T12:27:27+00:00\",\"dateModified\":\"2021-04-21T06:49:03+00:00\",\"mainEntityOfPage\":{\"@id\":\"https:\/\/mhf.ro\/mm\/m-am-nascut-la-cine-i-pasa\/\"},\"wordCount\":126,\"commentCount\":0,\"publisher\":{\"@id\":\"https:\/\/mhf.ro\/mm\/#\/schema\/person\/a3bebf7bdb4bf12f698aff73c7e46c21\"},\"image\":{\"@id\":\"https:\/\/mhf.ro\/mm\/m-am-nascut-la-cine-i-pasa\/#primaryimage\"},\"thumbnailUrl\":\"https:\/\/mhf.ro\/mm\/wp-content\/uploads\/2020\/06\/soldat-taran.jpg\",\"articleSection\":[\"Arta\",\"Diverse\"],\"inLanguage\":\"ro-RO\",\"potentialAction\":[{\"@type\":\"CommentAction\",\"name\":\"Comment\",\"target\":[\"https:\/\/mhf.ro\/mm\/m-am-nascut-la-cine-i-pasa\/#respond\"]}]},{\"@type\":\"WebPage\",\"@id\":\"https:\/\/mhf.ro\/mm\/m-am-nascut-la-cine-i-pasa\/\",\"url\":\"https:\/\/mhf.ro\/mm\/m-am-nascut-la-cine-i-pasa\/\",\"name\":\"M-am nascut, la cine-i pasa? - MHF Photography\",\"isPartOf\":{\"@id\":\"https:\/\/mhf.ro\/mm\/#website\"},\"primaryImageOfPage\":{\"@id\":\"https:\/\/mhf.ro\/mm\/m-am-nascut-la-cine-i-pasa\/#primaryimage\"},\"image\":{\"@id\":\"https:\/\/mhf.ro\/mm\/m-am-nascut-la-cine-i-pasa\/#primaryimage\"},\"thumbnailUrl\":\"https:\/\/mhf.ro\/mm\/wp-content\/uploads\/2020\/06\/soldat-taran.jpg\",\"datePublished\":\"2020-06-02T12:27:27+00:00\",\"dateModified\":\"2021-04-21T06:49:03+00:00\",\"breadcrumb\":{\"@id\":\"https:\/\/mhf.ro\/mm\/m-am-nascut-la-cine-i-pasa\/#breadcrumb\"},\"inLanguage\":\"ro-RO\",\"potentialAction\":[{\"@type\":\"ReadAction\",\"target\":[\"https:\/\/mhf.ro\/mm\/m-am-nascut-la-cine-i-pasa\/\"]}]},{\"@type\":\"ImageObject\",\"inLanguage\":\"ro-RO\",\"@id\":\"https:\/\/mhf.ro\/mm\/m-am-nascut-la-cine-i-pasa\/#primaryimage\",\"url\":\"https:\/\/mhf.ro\/mm\/wp-content\/uploads\/2020\/06\/soldat-taran.jpg\",\"contentUrl\":\"https:\/\/mhf.ro\/mm\/wp-content\/uploads\/2020\/06\/soldat-taran.jpg\",\"width\":646,\"height\":404},{\"@type\":\"BreadcrumbList\",\"@id\":\"https:\/\/mhf.ro\/mm\/m-am-nascut-la-cine-i-pasa\/#breadcrumb\",\"itemListElement\":[{\"@type\":\"ListItem\",\"position\":1,\"name\":\"Prima pagin\u0103\",\"item\":\"https:\/\/mhf.ro\/mm\/\"},{\"@type\":\"ListItem\",\"position\":2,\"name\":\"M-am nascut, la cine-i pasa?\"}]},{\"@type\":\"WebSite\",\"@id\":\"https:\/\/mhf.ro\/mm\/#website\",\"url\":\"https:\/\/mhf.ro\/mm\/\",\"name\":\"MHF Photography \u2013 Blog de fotografie, natur\u0103 \u0219i tehnic\u0103 divers\u0103\",\"description\":\"Aventur\u0103 \u00een fiecare cadru.\",\"publisher\":{\"@id\":\"https:\/\/mhf.ro\/mm\/#\/schema\/person\/a3bebf7bdb4bf12f698aff73c7e46c21\"},\"potentialAction\":[{\"@type\":\"SearchAction\",\"target\":{\"@type\":\"EntryPoint\",\"urlTemplate\":\"https:\/\/mhf.ro\/mm\/?s={search_term_string}\"},\"query-input\":{\"@type\":\"PropertyValueSpecification\",\"valueRequired\":true,\"valueName\":\"search_term_string\"}}],\"inLanguage\":\"ro-RO\"},{\"@type\":[\"Person\",\"Organization\"],\"@id\":\"https:\/\/mhf.ro\/mm\/#\/schema\/person\/a3bebf7bdb4bf12f698aff73c7e46c21\",\"name\":\"Marius Marcu\",\"image\":{\"@type\":\"ImageObject\",\"inLanguage\":\"ro-RO\",\"@id\":\"https:\/\/mhf.ro\/mm\/#\/schema\/person\/image\/\",\"url\":\"https:\/\/mhf.ro\/mm\/wp-content\/uploads\/2025\/12\/cropped-logo_mhf_2.png\",\"contentUrl\":\"https:\/\/mhf.ro\/mm\/wp-content\/uploads\/2025\/12\/cropped-logo_mhf_2.png\",\"width\":1096,\"height\":457,\"caption\":\"Marius Marcu\"},\"logo\":{\"@id\":\"https:\/\/mhf.ro\/mm\/#\/schema\/person\/image\/\"},\"sameAs\":[\"https:\/\/mhf.ro\/mm\"]},{\"@type\":\"Person\",\"@id\":\"https:\/\/mhf.ro\/mm\/#\/schema\/person\/d2e8248dfe54de3d7284ff7254d2e29b\",\"name\":\"Ciurtin Tavi\",\"image\":{\"@type\":\"ImageObject\",\"inLanguage\":\"ro-RO\",\"@id\":\"https:\/\/mhf.ro\/mm\/#\/schema\/person\/image\/\",\"url\":\"https:\/\/secure.gravatar.com\/avatar\/5afa01044b4e9328c510b64d3aa571c665404d2e22859f2e114ebd21774aab9c?s=96&d=monsterid&r=g\",\"contentUrl\":\"https:\/\/secure.gravatar.com\/avatar\/5afa01044b4e9328c510b64d3aa571c665404d2e22859f2e114ebd21774aab9c?s=96&d=monsterid&r=g\",\"caption\":\"Ciurtin Tavi\"},\"description\":\"N-am crezut niciodata ca ce am vizionat in vis, va fi permanent lege pentru mine... as fi isteric sa cred, ca, chiar eu pot sa-mi duc neputinta atat de mult sa cred ca eu... nu mai stiu sa glumesc, cu el, cu ea, cu tine, si in ultimul rand... cu mine... stii ce as vrea? ca eu nu stiu.... ma catar doar pe o dorinta, fumeganda-n mintea mea, asa, apucata de un ciucur ca un vis.... un vis legitim, nu unul....labartit din memoria somnului, ca... ultima discutie cu tine! hai, pa... ma duc sa-mi mustruluiesc, speranta de-a avea curajul sa revina la suprafata inaintea zorilor .\",\"sameAs\":[\"https:\/\/mhf.ro\/mm\"],\"url\":\"https:\/\/mhf.ro\/mm\/author\/tavi\/\"}]}<\/script>\n<!-- \/ Yoast SEO plugin. -->","yoast_head_json":{"title":"M-am nascut, la cine-i pasa? - MHF Photography","robots":{"index":"index","follow":"follow","max-snippet":"max-snippet:-1","max-image-preview":"max-image-preview:large","max-video-preview":"max-video-preview:-1"},"canonical":"https:\/\/mhf.ro\/mm\/m-am-nascut-la-cine-i-pasa\/","og_locale":"ro_RO","og_type":"article","og_title":"M-am nascut, la cine-i pasa? - MHF Photography","og_description":"M-am nascut in secol douazeci, ca arma, pentru ce va fi, si mosul s-a nascut, in secol ca si mine,","og_url":"https:\/\/mhf.ro\/mm\/m-am-nascut-la-cine-i-pasa\/","og_site_name":"MHF Photography","article_published_time":"2020-06-02T12:27:27+00:00","article_modified_time":"2021-04-21T06:49:03+00:00","og_image":[{"width":646,"height":404,"url":"https:\/\/mhf.ro\/mm\/wp-content\/uploads\/2020\/06\/soldat-taran.jpg","type":"image\/jpeg"}],"author":"Ciurtin Tavi","twitter_card":"summary_large_image","twitter_misc":{"Scris de":"Ciurtin Tavi","Timp estimat pentru citire":"1 minut"},"schema":{"@context":"https:\/\/schema.org","@graph":[{"@type":"Article","@id":"https:\/\/mhf.ro\/mm\/m-am-nascut-la-cine-i-pasa\/#article","isPartOf":{"@id":"https:\/\/mhf.ro\/mm\/m-am-nascut-la-cine-i-pasa\/"},"author":{"name":"Ciurtin Tavi","@id":"https:\/\/mhf.ro\/mm\/#\/schema\/person\/d2e8248dfe54de3d7284ff7254d2e29b"},"headline":"M-am nascut, la cine-i pasa?","datePublished":"2020-06-02T12:27:27+00:00","dateModified":"2021-04-21T06:49:03+00:00","mainEntityOfPage":{"@id":"https:\/\/mhf.ro\/mm\/m-am-nascut-la-cine-i-pasa\/"},"wordCount":126,"commentCount":0,"publisher":{"@id":"https:\/\/mhf.ro\/mm\/#\/schema\/person\/a3bebf7bdb4bf12f698aff73c7e46c21"},"image":{"@id":"https:\/\/mhf.ro\/mm\/m-am-nascut-la-cine-i-pasa\/#primaryimage"},"thumbnailUrl":"https:\/\/mhf.ro\/mm\/wp-content\/uploads\/2020\/06\/soldat-taran.jpg","articleSection":["Arta","Diverse"],"inLanguage":"ro-RO","potentialAction":[{"@type":"CommentAction","name":"Comment","target":["https:\/\/mhf.ro\/mm\/m-am-nascut-la-cine-i-pasa\/#respond"]}]},{"@type":"WebPage","@id":"https:\/\/mhf.ro\/mm\/m-am-nascut-la-cine-i-pasa\/","url":"https:\/\/mhf.ro\/mm\/m-am-nascut-la-cine-i-pasa\/","name":"M-am nascut, la cine-i pasa? - MHF Photography","isPartOf":{"@id":"https:\/\/mhf.ro\/mm\/#website"},"primaryImageOfPage":{"@id":"https:\/\/mhf.ro\/mm\/m-am-nascut-la-cine-i-pasa\/#primaryimage"},"image":{"@id":"https:\/\/mhf.ro\/mm\/m-am-nascut-la-cine-i-pasa\/#primaryimage"},"thumbnailUrl":"https:\/\/mhf.ro\/mm\/wp-content\/uploads\/2020\/06\/soldat-taran.jpg","datePublished":"2020-06-02T12:27:27+00:00","dateModified":"2021-04-21T06:49:03+00:00","breadcrumb":{"@id":"https:\/\/mhf.ro\/mm\/m-am-nascut-la-cine-i-pasa\/#breadcrumb"},"inLanguage":"ro-RO","potentialAction":[{"@type":"ReadAction","target":["https:\/\/mhf.ro\/mm\/m-am-nascut-la-cine-i-pasa\/"]}]},{"@type":"ImageObject","inLanguage":"ro-RO","@id":"https:\/\/mhf.ro\/mm\/m-am-nascut-la-cine-i-pasa\/#primaryimage","url":"https:\/\/mhf.ro\/mm\/wp-content\/uploads\/2020\/06\/soldat-taran.jpg","contentUrl":"https:\/\/mhf.ro\/mm\/wp-content\/uploads\/2020\/06\/soldat-taran.jpg","width":646,"height":404},{"@type":"BreadcrumbList","@id":"https:\/\/mhf.ro\/mm\/m-am-nascut-la-cine-i-pasa\/#breadcrumb","itemListElement":[{"@type":"ListItem","position":1,"name":"Prima pagin\u0103","item":"https:\/\/mhf.ro\/mm\/"},{"@type":"ListItem","position":2,"name":"M-am nascut, la cine-i pasa?"}]},{"@type":"WebSite","@id":"https:\/\/mhf.ro\/mm\/#website","url":"https:\/\/mhf.ro\/mm\/","name":"MHF Photography \u2013 Blog de fotografie, natur\u0103 \u0219i tehnic\u0103 divers\u0103","description":"Aventur\u0103 \u00een fiecare cadru.","publisher":{"@id":"https:\/\/mhf.ro\/mm\/#\/schema\/person\/a3bebf7bdb4bf12f698aff73c7e46c21"},"potentialAction":[{"@type":"SearchAction","target":{"@type":"EntryPoint","urlTemplate":"https:\/\/mhf.ro\/mm\/?s={search_term_string}"},"query-input":{"@type":"PropertyValueSpecification","valueRequired":true,"valueName":"search_term_string"}}],"inLanguage":"ro-RO"},{"@type":["Person","Organization"],"@id":"https:\/\/mhf.ro\/mm\/#\/schema\/person\/a3bebf7bdb4bf12f698aff73c7e46c21","name":"Marius Marcu","image":{"@type":"ImageObject","inLanguage":"ro-RO","@id":"https:\/\/mhf.ro\/mm\/#\/schema\/person\/image\/","url":"https:\/\/mhf.ro\/mm\/wp-content\/uploads\/2025\/12\/cropped-logo_mhf_2.png","contentUrl":"https:\/\/mhf.ro\/mm\/wp-content\/uploads\/2025\/12\/cropped-logo_mhf_2.png","width":1096,"height":457,"caption":"Marius Marcu"},"logo":{"@id":"https:\/\/mhf.ro\/mm\/#\/schema\/person\/image\/"},"sameAs":["https:\/\/mhf.ro\/mm"]},{"@type":"Person","@id":"https:\/\/mhf.ro\/mm\/#\/schema\/person\/d2e8248dfe54de3d7284ff7254d2e29b","name":"Ciurtin Tavi","image":{"@type":"ImageObject","inLanguage":"ro-RO","@id":"https:\/\/mhf.ro\/mm\/#\/schema\/person\/image\/","url":"https:\/\/secure.gravatar.com\/avatar\/5afa01044b4e9328c510b64d3aa571c665404d2e22859f2e114ebd21774aab9c?s=96&d=monsterid&r=g","contentUrl":"https:\/\/secure.gravatar.com\/avatar\/5afa01044b4e9328c510b64d3aa571c665404d2e22859f2e114ebd21774aab9c?s=96&d=monsterid&r=g","caption":"Ciurtin Tavi"},"description":"N-am crezut niciodata ca ce am vizionat in vis, va fi permanent lege pentru mine... as fi isteric sa cred, ca, chiar eu pot sa-mi duc neputinta atat de mult sa cred ca eu... nu mai stiu sa glumesc, cu el, cu ea, cu tine, si in ultimul rand... cu mine... stii ce as vrea? ca eu nu stiu.... ma catar doar pe o dorinta, fumeganda-n mintea mea, asa, apucata de un ciucur ca un vis.... un vis legitim, nu unul....labartit din memoria somnului, ca... ultima discutie cu tine! hai, pa... ma duc sa-mi mustruluiesc, speranta de-a avea curajul sa revina la suprafata inaintea zorilor .","sameAs":["https:\/\/mhf.ro\/mm"],"url":"https:\/\/mhf.ro\/mm\/author\/tavi\/"}]}},"_links":{"self":[{"href":"https:\/\/mhf.ro\/mm\/wp-json\/wp\/v2\/posts\/1955","targetHints":{"allow":["GET"]}}],"collection":[{"href":"https:\/\/mhf.ro\/mm\/wp-json\/wp\/v2\/posts"}],"about":[{"href":"https:\/\/mhf.ro\/mm\/wp-json\/wp\/v2\/types\/post"}],"author":[{"embeddable":true,"href":"https:\/\/mhf.ro\/mm\/wp-json\/wp\/v2\/users\/3"}],"replies":[{"embeddable":true,"href":"https:\/\/mhf.ro\/mm\/wp-json\/wp\/v2\/comments?post=1955"}],"version-history":[{"count":1,"href":"https:\/\/mhf.ro\/mm\/wp-json\/wp\/v2\/posts\/1955\/revisions"}],"predecessor-version":[{"id":1957,"href":"https:\/\/mhf.ro\/mm\/wp-json\/wp\/v2\/posts\/1955\/revisions\/1957"}],"wp:featuredmedia":[{"embeddable":true,"href":"https:\/\/mhf.ro\/mm\/wp-json\/wp\/v2\/media\/1956"}],"wp:attachment":[{"href":"https:\/\/mhf.ro\/mm\/wp-json\/wp\/v2\/media?parent=1955"}],"wp:term":[{"taxonomy":"category","embeddable":true,"href":"https:\/\/mhf.ro\/mm\/wp-json\/wp\/v2\/categories?post=1955"},{"taxonomy":"post_tag","embeddable":true,"href":"https:\/\/mhf.ro\/mm\/wp-json\/wp\/v2\/tags?post=1955"}],"curies":[{"name":"wp","href":"https:\/\/api.w.org\/{rel}","templated":true}]}}