{"id":2022,"date":"2020-06-09T09:44:55","date_gmt":"2020-06-09T09:44:55","guid":{"rendered":"https:\/\/mhf.ro\/mm\/?p=2022"},"modified":"2020-06-09T09:47:51","modified_gmt":"2020-06-09T09:47:51","slug":"pericolul-infectarii-cu-noul-coronavirus-nu-a-trecut","status":"publish","type":"post","link":"https:\/\/mhf.ro\/mm\/pericolul-infectarii-cu-noul-coronavirus-nu-a-trecut\/","title":{"rendered":"Pericolul infect\u0103rii cu noul coronavirus nu a trecut"},"content":{"rendered":"<p>Dup\u0103 cum bine \u0219tim, Ministerul Educa\u021biei si Cercet\u0103rii precum si Ministerul S\u0103n\u0103t\u0103\u021bii au decis sa aduc\u0103 elevii in \u0219coli pentru preg\u0103tirea examenelor de Bacalaureat \u0219i Evaluare Na\u021bional\u0103. Aceste ac\u021biuni presupun un oarecare risc, care contrabalanseaz\u0103 cu posibilitatea \u00eenghe\u021b\u0103rii anului \u0219colar. Ne aflam \u00eentr-o situa\u021bie f\u0103r\u0103 precedent. Aten\u021bia la respectarea m\u0103surilor de distan\u021bare social\u0103, nu trebuie sl\u0103bit\u0103 sau dus\u0103 \u00een derizoriu.<\/p>\n<p>Se pare ca nu toata lumea \u00een\u021belege importan\u021ba acestor m\u0103suri minime de protejare a s\u0103n\u0103t\u0103\u021bii \u0219i siguran\u021bei elevilor \u0219i a cadrelor didactice. Sunt mesaje \u0219i avertiz\u0103ri c\u0103 m\u0103surile de distan\u021bare social\u0103 nu sunt bine respectate \u00een toate unit\u0103\u021bile \u0219colare. A fost detectat un caz al unui elev de clasa a VIII-a, care a participat la preg\u0103tire dou\u0103 zile consecutiv \u0219i care a intrat \u00een contact cu al\u021bi elevi \u0219i cadre didactice. Aceast\u0103 situa\u021bie s-a \u00eent\u00e2mplat la Liceul cu Program Sportiv din Municipiul Ia\u0219i. \u00cen consecin\u021b\u0103, trebuie s\u0103 contribuim to\u021bi la respectarea masurilor de distan\u021bare social\u0103, la crearea unui climat sigur pentru desf\u0103\u0219urarea preg\u0103tirii \u0219i sus\u021binerii examenelor na\u021bionale.<\/p>\n<p>&nbsp;<\/p>\n<p><a href=\"http:\/\/riz.ro\" target=\"_blank\" rel=\"noopener noreferrer\"><img decoding=\"async\" class=\"alignright wp-image-1187\" src=\"https:\/\/mhf.ro\/mm\/wp-content\/uploads\/2020\/05\/ReclamaRiz_1-150x150.png\" alt=\"Profile din polistiren\" width=\"110\" height=\"41\" srcset=\"https:\/\/mhf.ro\/mm\/wp-content\/uploads\/2020\/05\/ReclamaRiz_1-300x111.png 300w, https:\/\/mhf.ro\/mm\/wp-content\/uploads\/2020\/05\/ReclamaRiz_1-1024x377.png 1024w, https:\/\/mhf.ro\/mm\/wp-content\/uploads\/2020\/05\/ReclamaRiz_1-768x283.png 768w, https:\/\/mhf.ro\/mm\/wp-content\/uploads\/2020\/05\/ReclamaRiz_1.png 1295w\" sizes=\"(max-width: 110px) 100vw, 110px\" \/><\/a><\/p>\n","protected":false},"excerpt":{"rendered":"<p>Dup\u0103 cum bine \u0219tim, Ministerul Educa\u021biei si Cercet\u0103rii precum si Ministerul S\u0103n\u0103t\u0103\u021bii au decis sa aduc\u0103 elevii in \u0219coli pentru<\/p>\n","protected":false},"author":1,"featured_media":2024,"comment_status":"open","ping_status":"open","sticky":false,"template":"","format":"standard","meta":{"colormag_page_container_layout":"default_layout","colormag_page_sidebar_layout":"default_layout","footnotes":""},"categories":[5],"tags":[],"class_list":["post-2022","post","type-post","status-publish","format-standard","has-post-thumbnail","hentry","category-locale"],"yoast_head":"<!-- This site is optimized with the Yoast SEO plugin v27.0 - https:\/\/yoast.com\/product\/yoast-seo-wordpress\/ -->\n<title>Pericolul infect\u0103rii cu noul coronavirus nu a trecut - MHF Photography<\/title>\n<meta name=\"description\" content=\"Ministerul Educa\u021biei si Cercet\u0103rii precum si Ministerul S\u0103n\u0103t\u0103\u021bii au decis sa aduc\u0103 elevii in \u0219coli pentru preg\u0103tirea examenelor de Bacalaureat \u0219i ...\" \/>\n<meta name=\"robots\" content=\"index, follow, max-snippet:-1, max-image-preview:large, max-video-preview:-1\" \/>\n<link rel=\"canonical\" href=\"https:\/\/mhf.ro\/mm\/pericolul-infectarii-cu-noul-coronavirus-nu-a-trecut\/\" \/>\n<meta property=\"og:locale\" content=\"ro_RO\" \/>\n<meta property=\"og:type\" content=\"article\" \/>\n<meta property=\"og:title\" content=\"Pericolul infect\u0103rii cu noul coronavirus nu a trecut - MHF Photography\" \/>\n<meta property=\"og:description\" content=\"Ministerul Educa\u021biei si Cercet\u0103rii precum si Ministerul S\u0103n\u0103t\u0103\u021bii au decis sa aduc\u0103 elevii in \u0219coli pentru preg\u0103tirea examenelor de Bacalaureat \u0219i ...\" \/>\n<meta property=\"og:url\" content=\"https:\/\/mhf.ro\/mm\/pericolul-infectarii-cu-noul-coronavirus-nu-a-trecut\/\" \/>\n<meta property=\"og:site_name\" content=\"MHF Photography\" \/>\n<meta property=\"article:published_time\" content=\"2020-06-09T09:44:55+00:00\" \/>\n<meta property=\"article:modified_time\" content=\"2020-06-09T09:47:51+00:00\" \/>\n<meta property=\"og:image\" content=\"https:\/\/mhf.ro\/mm\/wp-content\/uploads\/2020\/06\/bacalaureat.jpg\" \/>\n\t<meta property=\"og:image:width\" content=\"1280\" \/>\n\t<meta property=\"og:image:height\" content=\"914\" \/>\n\t<meta property=\"og:image:type\" content=\"image\/jpeg\" \/>\n<meta name=\"author\" content=\"Marius Marcu\" \/>\n<meta name=\"twitter:card\" content=\"summary_large_image\" \/>\n<meta name=\"twitter:label1\" content=\"Scris de\" \/>\n\t<meta name=\"twitter:data1\" content=\"Marius Marcu\" \/>\n\t<meta name=\"twitter:label2\" content=\"Timp estimat pentru citire\" \/>\n\t<meta name=\"twitter:data2\" content=\"1 minut\" \/>\n<script type=\"application\/ld+json\" class=\"yoast-schema-graph\">{\"@context\":\"https:\/\/schema.org\",\"@graph\":[{\"@type\":\"Article\",\"@id\":\"https:\/\/mhf.ro\/mm\/pericolul-infectarii-cu-noul-coronavirus-nu-a-trecut\/#article\",\"isPartOf\":{\"@id\":\"https:\/\/mhf.ro\/mm\/pericolul-infectarii-cu-noul-coronavirus-nu-a-trecut\/\"},\"author\":{\"name\":\"Marius Marcu\",\"@id\":\"https:\/\/mhf.ro\/mm\/#\/schema\/person\/a3bebf7bdb4bf12f698aff73c7e46c21\"},\"headline\":\"Pericolul infect\u0103rii cu noul coronavirus nu a trecut\",\"datePublished\":\"2020-06-09T09:44:55+00:00\",\"dateModified\":\"2020-06-09T09:47:51+00:00\",\"mainEntityOfPage\":{\"@id\":\"https:\/\/mhf.ro\/mm\/pericolul-infectarii-cu-noul-coronavirus-nu-a-trecut\/\"},\"wordCount\":214,\"commentCount\":1,\"publisher\":{\"@id\":\"https:\/\/mhf.ro\/mm\/#\/schema\/person\/a3bebf7bdb4bf12f698aff73c7e46c21\"},\"image\":{\"@id\":\"https:\/\/mhf.ro\/mm\/pericolul-infectarii-cu-noul-coronavirus-nu-a-trecut\/#primaryimage\"},\"thumbnailUrl\":\"https:\/\/mhf.ro\/mm\/wp-content\/uploads\/2020\/06\/bacalaureat.jpg\",\"articleSection\":[\"Locale\"],\"inLanguage\":\"ro-RO\",\"potentialAction\":[{\"@type\":\"CommentAction\",\"name\":\"Comment\",\"target\":[\"https:\/\/mhf.ro\/mm\/pericolul-infectarii-cu-noul-coronavirus-nu-a-trecut\/#respond\"]}]},{\"@type\":\"WebPage\",\"@id\":\"https:\/\/mhf.ro\/mm\/pericolul-infectarii-cu-noul-coronavirus-nu-a-trecut\/\",\"url\":\"https:\/\/mhf.ro\/mm\/pericolul-infectarii-cu-noul-coronavirus-nu-a-trecut\/\",\"name\":\"Pericolul infect\u0103rii cu noul coronavirus nu a trecut - MHF Photography\",\"isPartOf\":{\"@id\":\"https:\/\/mhf.ro\/mm\/#website\"},\"primaryImageOfPage\":{\"@id\":\"https:\/\/mhf.ro\/mm\/pericolul-infectarii-cu-noul-coronavirus-nu-a-trecut\/#primaryimage\"},\"image\":{\"@id\":\"https:\/\/mhf.ro\/mm\/pericolul-infectarii-cu-noul-coronavirus-nu-a-trecut\/#primaryimage\"},\"thumbnailUrl\":\"https:\/\/mhf.ro\/mm\/wp-content\/uploads\/2020\/06\/bacalaureat.jpg\",\"datePublished\":\"2020-06-09T09:44:55+00:00\",\"dateModified\":\"2020-06-09T09:47:51+00:00\",\"description\":\"Ministerul Educa\u021biei si Cercet\u0103rii precum si Ministerul S\u0103n\u0103t\u0103\u021bii au decis sa aduc\u0103 elevii in \u0219coli pentru preg\u0103tirea examenelor de Bacalaureat \u0219i ...\",\"breadcrumb\":{\"@id\":\"https:\/\/mhf.ro\/mm\/pericolul-infectarii-cu-noul-coronavirus-nu-a-trecut\/#breadcrumb\"},\"inLanguage\":\"ro-RO\",\"potentialAction\":[{\"@type\":\"ReadAction\",\"target\":[\"https:\/\/mhf.ro\/mm\/pericolul-infectarii-cu-noul-coronavirus-nu-a-trecut\/\"]}]},{\"@type\":\"ImageObject\",\"inLanguage\":\"ro-RO\",\"@id\":\"https:\/\/mhf.ro\/mm\/pericolul-infectarii-cu-noul-coronavirus-nu-a-trecut\/#primaryimage\",\"url\":\"https:\/\/mhf.ro\/mm\/wp-content\/uploads\/2020\/06\/bacalaureat.jpg\",\"contentUrl\":\"https:\/\/mhf.ro\/mm\/wp-content\/uploads\/2020\/06\/bacalaureat.jpg\",\"width\":1280,\"height\":914},{\"@type\":\"BreadcrumbList\",\"@id\":\"https:\/\/mhf.ro\/mm\/pericolul-infectarii-cu-noul-coronavirus-nu-a-trecut\/#breadcrumb\",\"itemListElement\":[{\"@type\":\"ListItem\",\"position\":1,\"name\":\"Prima pagin\u0103\",\"item\":\"https:\/\/mhf.ro\/mm\/\"},{\"@type\":\"ListItem\",\"position\":2,\"name\":\"Pericolul infect\u0103rii cu noul coronavirus nu a trecut\"}]},{\"@type\":\"WebSite\",\"@id\":\"https:\/\/mhf.ro\/mm\/#website\",\"url\":\"https:\/\/mhf.ro\/mm\/\",\"name\":\"MHF Photography \u2013 Blog de fotografie, natur\u0103 \u0219i tehnic\u0103 divers\u0103\",\"description\":\"Aventur\u0103 \u00een fiecare cadru.\",\"publisher\":{\"@id\":\"https:\/\/mhf.ro\/mm\/#\/schema\/person\/a3bebf7bdb4bf12f698aff73c7e46c21\"},\"potentialAction\":[{\"@type\":\"SearchAction\",\"target\":{\"@type\":\"EntryPoint\",\"urlTemplate\":\"https:\/\/mhf.ro\/mm\/?s={search_term_string}\"},\"query-input\":{\"@type\":\"PropertyValueSpecification\",\"valueRequired\":true,\"valueName\":\"search_term_string\"}}],\"inLanguage\":\"ro-RO\"},{\"@type\":[\"Person\",\"Organization\"],\"@id\":\"https:\/\/mhf.ro\/mm\/#\/schema\/person\/a3bebf7bdb4bf12f698aff73c7e46c21\",\"name\":\"Marius Marcu\",\"image\":{\"@type\":\"ImageObject\",\"inLanguage\":\"ro-RO\",\"@id\":\"https:\/\/mhf.ro\/mm\/#\/schema\/person\/image\/\",\"url\":\"https:\/\/mhf.ro\/mm\/wp-content\/uploads\/2025\/12\/cropped-logo_mhf_2.png\",\"contentUrl\":\"https:\/\/mhf.ro\/mm\/wp-content\/uploads\/2025\/12\/cropped-logo_mhf_2.png\",\"width\":1096,\"height\":457,\"caption\":\"Marius Marcu\"},\"logo\":{\"@id\":\"https:\/\/mhf.ro\/mm\/#\/schema\/person\/image\/\"},\"sameAs\":[\"https:\/\/mhf.ro\/mm\"],\"url\":\"https:\/\/mhf.ro\/mm\/author\/mihai\/\"}]}<\/script>\n<!-- \/ Yoast SEO plugin. -->","yoast_head_json":{"title":"Pericolul infect\u0103rii cu noul coronavirus nu a trecut - MHF Photography","description":"Ministerul Educa\u021biei si Cercet\u0103rii precum si Ministerul S\u0103n\u0103t\u0103\u021bii au decis sa aduc\u0103 elevii in \u0219coli pentru preg\u0103tirea examenelor de Bacalaureat \u0219i ...","robots":{"index":"index","follow":"follow","max-snippet":"max-snippet:-1","max-image-preview":"max-image-preview:large","max-video-preview":"max-video-preview:-1"},"canonical":"https:\/\/mhf.ro\/mm\/pericolul-infectarii-cu-noul-coronavirus-nu-a-trecut\/","og_locale":"ro_RO","og_type":"article","og_title":"Pericolul infect\u0103rii cu noul coronavirus nu a trecut - MHF Photography","og_description":"Ministerul Educa\u021biei si Cercet\u0103rii precum si Ministerul S\u0103n\u0103t\u0103\u021bii au decis sa aduc\u0103 elevii in \u0219coli pentru preg\u0103tirea examenelor de Bacalaureat \u0219i ...","og_url":"https:\/\/mhf.ro\/mm\/pericolul-infectarii-cu-noul-coronavirus-nu-a-trecut\/","og_site_name":"MHF Photography","article_published_time":"2020-06-09T09:44:55+00:00","article_modified_time":"2020-06-09T09:47:51+00:00","og_image":[{"width":1280,"height":914,"url":"https:\/\/mhf.ro\/mm\/wp-content\/uploads\/2020\/06\/bacalaureat.jpg","type":"image\/jpeg"}],"author":"Marius Marcu","twitter_card":"summary_large_image","twitter_misc":{"Scris de":"Marius Marcu","Timp estimat pentru citire":"1 minut"},"schema":{"@context":"https:\/\/schema.org","@graph":[{"@type":"Article","@id":"https:\/\/mhf.ro\/mm\/pericolul-infectarii-cu-noul-coronavirus-nu-a-trecut\/#article","isPartOf":{"@id":"https:\/\/mhf.ro\/mm\/pericolul-infectarii-cu-noul-coronavirus-nu-a-trecut\/"},"author":{"name":"Marius Marcu","@id":"https:\/\/mhf.ro\/mm\/#\/schema\/person\/a3bebf7bdb4bf12f698aff73c7e46c21"},"headline":"Pericolul infect\u0103rii cu noul coronavirus nu a trecut","datePublished":"2020-06-09T09:44:55+00:00","dateModified":"2020-06-09T09:47:51+00:00","mainEntityOfPage":{"@id":"https:\/\/mhf.ro\/mm\/pericolul-infectarii-cu-noul-coronavirus-nu-a-trecut\/"},"wordCount":214,"commentCount":1,"publisher":{"@id":"https:\/\/mhf.ro\/mm\/#\/schema\/person\/a3bebf7bdb4bf12f698aff73c7e46c21"},"image":{"@id":"https:\/\/mhf.ro\/mm\/pericolul-infectarii-cu-noul-coronavirus-nu-a-trecut\/#primaryimage"},"thumbnailUrl":"https:\/\/mhf.ro\/mm\/wp-content\/uploads\/2020\/06\/bacalaureat.jpg","articleSection":["Locale"],"inLanguage":"ro-RO","potentialAction":[{"@type":"CommentAction","name":"Comment","target":["https:\/\/mhf.ro\/mm\/pericolul-infectarii-cu-noul-coronavirus-nu-a-trecut\/#respond"]}]},{"@type":"WebPage","@id":"https:\/\/mhf.ro\/mm\/pericolul-infectarii-cu-noul-coronavirus-nu-a-trecut\/","url":"https:\/\/mhf.ro\/mm\/pericolul-infectarii-cu-noul-coronavirus-nu-a-trecut\/","name":"Pericolul infect\u0103rii cu noul coronavirus nu a trecut - MHF Photography","isPartOf":{"@id":"https:\/\/mhf.ro\/mm\/#website"},"primaryImageOfPage":{"@id":"https:\/\/mhf.ro\/mm\/pericolul-infectarii-cu-noul-coronavirus-nu-a-trecut\/#primaryimage"},"image":{"@id":"https:\/\/mhf.ro\/mm\/pericolul-infectarii-cu-noul-coronavirus-nu-a-trecut\/#primaryimage"},"thumbnailUrl":"https:\/\/mhf.ro\/mm\/wp-content\/uploads\/2020\/06\/bacalaureat.jpg","datePublished":"2020-06-09T09:44:55+00:00","dateModified":"2020-06-09T09:47:51+00:00","description":"Ministerul Educa\u021biei si Cercet\u0103rii precum si Ministerul S\u0103n\u0103t\u0103\u021bii au decis sa aduc\u0103 elevii in \u0219coli pentru preg\u0103tirea examenelor de Bacalaureat \u0219i ...","breadcrumb":{"@id":"https:\/\/mhf.ro\/mm\/pericolul-infectarii-cu-noul-coronavirus-nu-a-trecut\/#breadcrumb"},"inLanguage":"ro-RO","potentialAction":[{"@type":"ReadAction","target":["https:\/\/mhf.ro\/mm\/pericolul-infectarii-cu-noul-coronavirus-nu-a-trecut\/"]}]},{"@type":"ImageObject","inLanguage":"ro-RO","@id":"https:\/\/mhf.ro\/mm\/pericolul-infectarii-cu-noul-coronavirus-nu-a-trecut\/#primaryimage","url":"https:\/\/mhf.ro\/mm\/wp-content\/uploads\/2020\/06\/bacalaureat.jpg","contentUrl":"https:\/\/mhf.ro\/mm\/wp-content\/uploads\/2020\/06\/bacalaureat.jpg","width":1280,"height":914},{"@type":"BreadcrumbList","@id":"https:\/\/mhf.ro\/mm\/pericolul-infectarii-cu-noul-coronavirus-nu-a-trecut\/#breadcrumb","itemListElement":[{"@type":"ListItem","position":1,"name":"Prima pagin\u0103","item":"https:\/\/mhf.ro\/mm\/"},{"@type":"ListItem","position":2,"name":"Pericolul infect\u0103rii cu noul coronavirus nu a trecut"}]},{"@type":"WebSite","@id":"https:\/\/mhf.ro\/mm\/#website","url":"https:\/\/mhf.ro\/mm\/","name":"MHF Photography \u2013 Blog de fotografie, natur\u0103 \u0219i tehnic\u0103 divers\u0103","description":"Aventur\u0103 \u00een fiecare cadru.","publisher":{"@id":"https:\/\/mhf.ro\/mm\/#\/schema\/person\/a3bebf7bdb4bf12f698aff73c7e46c21"},"potentialAction":[{"@type":"SearchAction","target":{"@type":"EntryPoint","urlTemplate":"https:\/\/mhf.ro\/mm\/?s={search_term_string}"},"query-input":{"@type":"PropertyValueSpecification","valueRequired":true,"valueName":"search_term_string"}}],"inLanguage":"ro-RO"},{"@type":["Person","Organization"],"@id":"https:\/\/mhf.ro\/mm\/#\/schema\/person\/a3bebf7bdb4bf12f698aff73c7e46c21","name":"Marius Marcu","image":{"@type":"ImageObject","inLanguage":"ro-RO","@id":"https:\/\/mhf.ro\/mm\/#\/schema\/person\/image\/","url":"https:\/\/mhf.ro\/mm\/wp-content\/uploads\/2025\/12\/cropped-logo_mhf_2.png","contentUrl":"https:\/\/mhf.ro\/mm\/wp-content\/uploads\/2025\/12\/cropped-logo_mhf_2.png","width":1096,"height":457,"caption":"Marius Marcu"},"logo":{"@id":"https:\/\/mhf.ro\/mm\/#\/schema\/person\/image\/"},"sameAs":["https:\/\/mhf.ro\/mm"],"url":"https:\/\/mhf.ro\/mm\/author\/mihai\/"}]}},"_links":{"self":[{"href":"https:\/\/mhf.ro\/mm\/wp-json\/wp\/v2\/posts\/2022","targetHints":{"allow":["GET"]}}],"collection":[{"href":"https:\/\/mhf.ro\/mm\/wp-json\/wp\/v2\/posts"}],"about":[{"href":"https:\/\/mhf.ro\/mm\/wp-json\/wp\/v2\/types\/post"}],"author":[{"embeddable":true,"href":"https:\/\/mhf.ro\/mm\/wp-json\/wp\/v2\/users\/1"}],"replies":[{"embeddable":true,"href":"https:\/\/mhf.ro\/mm\/wp-json\/wp\/v2\/comments?post=2022"}],"version-history":[{"count":2,"href":"https:\/\/mhf.ro\/mm\/wp-json\/wp\/v2\/posts\/2022\/revisions"}],"predecessor-version":[{"id":2025,"href":"https:\/\/mhf.ro\/mm\/wp-json\/wp\/v2\/posts\/2022\/revisions\/2025"}],"wp:featuredmedia":[{"embeddable":true,"href":"https:\/\/mhf.ro\/mm\/wp-json\/wp\/v2\/media\/2024"}],"wp:attachment":[{"href":"https:\/\/mhf.ro\/mm\/wp-json\/wp\/v2\/media?parent=2022"}],"wp:term":[{"taxonomy":"category","embeddable":true,"href":"https:\/\/mhf.ro\/mm\/wp-json\/wp\/v2\/categories?post=2022"},{"taxonomy":"post_tag","embeddable":true,"href":"https:\/\/mhf.ro\/mm\/wp-json\/wp\/v2\/tags?post=2022"}],"curies":[{"name":"wp","href":"https:\/\/api.w.org\/{rel}","templated":true}]}}