{"id":2065,"date":"2020-06-12T10:46:12","date_gmt":"2020-06-12T10:46:12","guid":{"rendered":"https:\/\/mhf.ro\/mm\/?p=2065"},"modified":"2020-06-25T15:34:55","modified_gmt":"2020-06-25T13:34:55","slug":"biserica-parohiei-ortodoxe-blaj-izvoarele","status":"publish","type":"post","link":"https:\/\/mhf.ro\/mm\/biserica-parohiei-ortodoxe-blaj-izvoarele\/","title":{"rendered":"Biserica Parohiei Ortodoxe Blaj Izvoarele"},"content":{"rendered":"<p>\u00cen vecin\u0103tatea Parohiei Ortodoxe Blaj Berc este Parohia Blaj Izvoarele, p\u0103storit\u0103 de preotul Avram Ioan, care a alc\u0103tuit \u0219i o prezentare a acestei parohii.<\/p>\n<p>Cartierul\u00a0<em>Izvoarele\u00a0<\/em>al Municipiului Blaj, era p\u00e2n\u0103 \u00een 1958 o suburbie a ora\u0219ului Blaj \u0219i se numea Ciufud. Biserica ortodox\u0103 din acest cartier are hramul ,,Sfin\u021bii Arhangheli Mihail \u0219i Gavriil\u201d \u0219i a figurat \u00een eviden\u021ba monumentelor istorice p\u00e2n\u0103 \u00een anul 1945, c\u00e2nd a fost prelungit\u0103 cu 5,40 m\u00een partea dinspre altar, f\u0103c\u00e2ndu-se \u0219i alte modific\u0103ri, \u00eenlocuindu-se bolta de c\u0103r\u0103mid\u0103 cu una de cherestea.<\/p>\n<p>Conform \u0218ematismului tip\u0103rit la Blaj \u00een 1900, anul construirii bisericii este 1746, de\u0219i tradi\u021bia oral\u0103 vorbe\u0219te de un edificiu religios \u00eenaintea acestei date, pe acela\u0219i loc. Construc\u021bia este \u00een stil bizantin, tip nav\u0103, acoperit\u0103 cu \u021bigl\u0103, av\u00e2nd un turn construit din piatr\u0103 \u0219i c\u0103r\u0103mid\u0103, acoperit cu tabl\u0103. Numele arhitectului nu este cunoscut.<\/p>\n<p>Acela\u0219i \u0218ematism amintit, men\u021bioneaz\u0103 ca preo\u021bi pe popa\u00a0 Petru \u0219i popa Ioan, \u00eens\u0103 primul preot atestat este Cutfolvi Moise la 1842. Lui i-a urmat Alexandru Albini, iar \u00een 1932 era preot Sever Fr\u0103\u021bil\u0103, apoi \u00eentre 1943-1946 Teodor S\u0103rma\u0219an c\u0103ruia i-a urmat preotul Taian Lincariu. \u00centre 1948-1974 a p\u0103storit preotul Virgil Anca, urmat de preotul Ilarie Benchea, p\u00e2n\u0103 \u00een 1985, dat\u0103 la care \u00eencepe p\u0103storirea preotului Vasile Roman, care a fost urmat de preotul Mihai Himcinschi \u00een 1990, iar din 17 Dec. 1996, de actualul preot paroh Ioan Avram.<\/p>\n<p>\u00cen anul 1975, bisericii i s-a f\u0103cut o repara\u021bie capital\u0103, primind \u00een 1979 primul strat de pictura \u00een tehnica tempera, fiind resfin\u021bit\u0103 \u00een data de 1 iunie 1980, la Duminica Tuturor Sfin\u021bilor de c\u0103tre Prea Sfin\u021bitul Episcop Emilian Birda\u0219 al Alba Iuliei.<\/p>\n<p>Dup\u0103 1990, i s-a ad\u0103ugat dou\u0103 c\u0103m\u0103ru\u021be laterale turnului si padimentul \u00eenlocuit cu mozaic.<\/p>\n<p>\u00centre 2005-2007 re\u00eencep lucr\u0103rile de repara\u021bie capital\u0103 \u0219i consolidare, fac\u00e2ndu-se subzidire din beton, iar pe zid centur\u0103 de beton armat, peste care urmeaz\u0103 o noua \u0219arpant\u0103 \u0219i \u021bigl\u0103 nou\u0103. Se face apoi decopertarea interioar\u0103 p\u00e2n\u0103 la c\u0103r\u0103mid\u0103 \u0219i piatr\u0103, constat\u00e2ndu-se existen\u021ba a dou\u0103 abside laterale simetrice \u00een naos, \u00eenfundate cu c\u0103r\u0103mid\u0103.<\/p>\n<p>Dup\u0103 retencuire a fost pictat\u0103 \u00een tehnica fresc\u0103, de echipa pictorului Constantin Bumbu din Dej.<\/p>\n<p>Mobilierul s-a \u00eenlocuit \u00een \u00eentregime, sculpt\u00e2ndu-se o nou\u0103 catapeteasm\u0103 din lemn de stejar, iar icoanele s-au pictat de domnul Vasile Doroftei de la atelierul Panselinos din Ia\u0219i.<\/p>\n<p>Icoana hramului pe fa\u021bada turnului este executat\u0103 \u00een mozaic de domnul Radu Chioreanu din Cluj Napoca.<\/p>\n<p>Biserica a fost resfin\u021bit\u0103 \u00een Duminica Samarinencii, \u00een 13 mai 2012, de c\u0103tre \u00ce.P.S. Arhiepiscop Irineu al Albei Iuliei.<\/p>\n<p>Toate lucr\u0103rile s-au realizat prin contribu\u021bia credincio\u0219ilor parohiei, dar \u0219i cu sprijinul d-lui Ion Dumitrel, pre\u0219edintele Consiliului Jude\u021bean Alba \u0219i aportul substan\u021bial al Consiliului Local Blaj, av\u00e2nd promotor pe domnul Gheorghe Valentin Rotar- primar al Municipiului Blaj.<\/p>\n<p>Actual, parohia are 437 familii, respectiv 1442 credincio\u0219i.<\/p>\n<p>&nbsp;<\/p>\n<p>&nbsp;<\/p>\n<p>&nbsp;<\/p>\n","protected":false},"excerpt":{"rendered":"<p>\u00cen vecin\u0103tatea Parohiei Ortodoxe Blaj Berc este Parohia Blaj Izvoarele, p\u0103storit\u0103 de preotul Avram Ioan, care a alc\u0103tuit \u0219i o<\/p>\n","protected":false},"author":4,"featured_media":2077,"comment_status":"open","ping_status":"open","sticky":false,"template":"","format":"standard","meta":{"colormag_page_container_layout":"default_layout","colormag_page_sidebar_layout":"default_layout","footnotes":""},"categories":[5],"tags":[],"class_list":["post-2065","post","type-post","status-publish","format-standard","has-post-thumbnail","hentry","category-locale"],"yoast_head":"<!-- This site is optimized with the Yoast SEO plugin v27.0 - https:\/\/yoast.com\/product\/yoast-seo-wordpress\/ -->\n<title>Biserica Parohiei Ortodoxe Blaj Izvoarele - MHF Photography<\/title>\n<meta name=\"description\" content=\"Cartierul\u00a0Izvoarele\u00a0al Municipiului Blaj, era p\u00e2n\u0103 \u00een 1958 o suburbie a ora\u0219ului Blaj \u0219i se numea Ciufud. Biserica ortodox\u0103 din acest cartier are ...\" \/>\n<meta name=\"robots\" content=\"index, follow, max-snippet:-1, max-image-preview:large, max-video-preview:-1\" \/>\n<link rel=\"canonical\" href=\"https:\/\/mhf.ro\/mm\/biserica-parohiei-ortodoxe-blaj-izvoarele\/\" \/>\n<meta property=\"og:locale\" content=\"ro_RO\" \/>\n<meta property=\"og:type\" content=\"article\" \/>\n<meta property=\"og:title\" content=\"Biserica Parohiei Ortodoxe Blaj Izvoarele - MHF Photography\" \/>\n<meta property=\"og:description\" content=\"Cartierul\u00a0Izvoarele\u00a0al Municipiului Blaj, era p\u00e2n\u0103 \u00een 1958 o suburbie a ora\u0219ului Blaj \u0219i se numea Ciufud. Biserica ortodox\u0103 din acest cartier are ...\" \/>\n<meta property=\"og:url\" content=\"https:\/\/mhf.ro\/mm\/biserica-parohiei-ortodoxe-blaj-izvoarele\/\" \/>\n<meta property=\"og:site_name\" content=\"MHF Photography\" \/>\n<meta property=\"article:published_time\" content=\"2020-06-12T10:46:12+00:00\" \/>\n<meta property=\"article:modified_time\" content=\"2020-06-25T13:34:55+00:00\" \/>\n<meta property=\"og:image\" content=\"https:\/\/mhf.ro\/mm\/wp-content\/uploads\/2020\/06\/biserica_izvoare_1.jpg\" \/>\n\t<meta property=\"og:image:width\" content=\"1920\" \/>\n\t<meta property=\"og:image:height\" content=\"2560\" \/>\n\t<meta property=\"og:image:type\" content=\"image\/jpeg\" \/>\n<meta name=\"author\" content=\"Preot paroh Horvat Petru\" \/>\n<meta name=\"twitter:card\" content=\"summary_large_image\" \/>\n<meta name=\"twitter:label1\" content=\"Scris de\" \/>\n\t<meta name=\"twitter:data1\" content=\"Preot paroh Horvat Petru\" \/>\n\t<meta name=\"twitter:label2\" content=\"Timp estimat pentru citire\" \/>\n\t<meta name=\"twitter:data2\" content=\"3 minute\" \/>\n<script type=\"application\/ld+json\" class=\"yoast-schema-graph\">{\"@context\":\"https:\/\/schema.org\",\"@graph\":[{\"@type\":\"Article\",\"@id\":\"https:\/\/mhf.ro\/mm\/biserica-parohiei-ortodoxe-blaj-izvoarele\/#article\",\"isPartOf\":{\"@id\":\"https:\/\/mhf.ro\/mm\/biserica-parohiei-ortodoxe-blaj-izvoarele\/\"},\"author\":{\"name\":\"Preot paroh Horvat Petru\",\"@id\":\"https:\/\/mhf.ro\/mm\/#\/schema\/person\/4c8c06c801b7b666e81ed44550086900\"},\"headline\":\"Biserica Parohiei Ortodoxe Blaj Izvoarele\",\"datePublished\":\"2020-06-12T10:46:12+00:00\",\"dateModified\":\"2020-06-25T13:34:55+00:00\",\"mainEntityOfPage\":{\"@id\":\"https:\/\/mhf.ro\/mm\/biserica-parohiei-ortodoxe-blaj-izvoarele\/\"},\"wordCount\":513,\"commentCount\":0,\"publisher\":{\"@id\":\"https:\/\/mhf.ro\/mm\/#\/schema\/person\/a3bebf7bdb4bf12f698aff73c7e46c21\"},\"image\":{\"@id\":\"https:\/\/mhf.ro\/mm\/biserica-parohiei-ortodoxe-blaj-izvoarele\/#primaryimage\"},\"thumbnailUrl\":\"https:\/\/mhf.ro\/mm\/wp-content\/uploads\/2020\/06\/biserica_izvoare_1.jpg\",\"articleSection\":[\"Locale\"],\"inLanguage\":\"ro-RO\",\"potentialAction\":[{\"@type\":\"CommentAction\",\"name\":\"Comment\",\"target\":[\"https:\/\/mhf.ro\/mm\/biserica-parohiei-ortodoxe-blaj-izvoarele\/#respond\"]}]},{\"@type\":\"WebPage\",\"@id\":\"https:\/\/mhf.ro\/mm\/biserica-parohiei-ortodoxe-blaj-izvoarele\/\",\"url\":\"https:\/\/mhf.ro\/mm\/biserica-parohiei-ortodoxe-blaj-izvoarele\/\",\"name\":\"Biserica Parohiei Ortodoxe Blaj Izvoarele - MHF Photography\",\"isPartOf\":{\"@id\":\"https:\/\/mhf.ro\/mm\/#website\"},\"primaryImageOfPage\":{\"@id\":\"https:\/\/mhf.ro\/mm\/biserica-parohiei-ortodoxe-blaj-izvoarele\/#primaryimage\"},\"image\":{\"@id\":\"https:\/\/mhf.ro\/mm\/biserica-parohiei-ortodoxe-blaj-izvoarele\/#primaryimage\"},\"thumbnailUrl\":\"https:\/\/mhf.ro\/mm\/wp-content\/uploads\/2020\/06\/biserica_izvoare_1.jpg\",\"datePublished\":\"2020-06-12T10:46:12+00:00\",\"dateModified\":\"2020-06-25T13:34:55+00:00\",\"description\":\"Cartierul\u00a0Izvoarele\u00a0al Municipiului Blaj, era p\u00e2n\u0103 \u00een 1958 o suburbie a ora\u0219ului Blaj \u0219i se numea Ciufud. Biserica ortodox\u0103 din acest cartier are ...\",\"breadcrumb\":{\"@id\":\"https:\/\/mhf.ro\/mm\/biserica-parohiei-ortodoxe-blaj-izvoarele\/#breadcrumb\"},\"inLanguage\":\"ro-RO\",\"potentialAction\":[{\"@type\":\"ReadAction\",\"target\":[\"https:\/\/mhf.ro\/mm\/biserica-parohiei-ortodoxe-blaj-izvoarele\/\"]}]},{\"@type\":\"ImageObject\",\"inLanguage\":\"ro-RO\",\"@id\":\"https:\/\/mhf.ro\/mm\/biserica-parohiei-ortodoxe-blaj-izvoarele\/#primaryimage\",\"url\":\"https:\/\/mhf.ro\/mm\/wp-content\/uploads\/2020\/06\/biserica_izvoare_1.jpg\",\"contentUrl\":\"https:\/\/mhf.ro\/mm\/wp-content\/uploads\/2020\/06\/biserica_izvoare_1.jpg\",\"width\":1920,\"height\":2560},{\"@type\":\"BreadcrumbList\",\"@id\":\"https:\/\/mhf.ro\/mm\/biserica-parohiei-ortodoxe-blaj-izvoarele\/#breadcrumb\",\"itemListElement\":[{\"@type\":\"ListItem\",\"position\":1,\"name\":\"Prima pagin\u0103\",\"item\":\"https:\/\/mhf.ro\/mm\/\"},{\"@type\":\"ListItem\",\"position\":2,\"name\":\"Biserica Parohiei Ortodoxe Blaj Izvoarele\"}]},{\"@type\":\"WebSite\",\"@id\":\"https:\/\/mhf.ro\/mm\/#website\",\"url\":\"https:\/\/mhf.ro\/mm\/\",\"name\":\"MHF Photography \u2013 Blog de fotografie, natur\u0103 \u0219i tehnic\u0103 divers\u0103\",\"description\":\"Aventur\u0103 \u00een fiecare cadru.\",\"publisher\":{\"@id\":\"https:\/\/mhf.ro\/mm\/#\/schema\/person\/a3bebf7bdb4bf12f698aff73c7e46c21\"},\"potentialAction\":[{\"@type\":\"SearchAction\",\"target\":{\"@type\":\"EntryPoint\",\"urlTemplate\":\"https:\/\/mhf.ro\/mm\/?s={search_term_string}\"},\"query-input\":{\"@type\":\"PropertyValueSpecification\",\"valueRequired\":true,\"valueName\":\"search_term_string\"}}],\"inLanguage\":\"ro-RO\"},{\"@type\":[\"Person\",\"Organization\"],\"@id\":\"https:\/\/mhf.ro\/mm\/#\/schema\/person\/a3bebf7bdb4bf12f698aff73c7e46c21\",\"name\":\"Marius Marcu\",\"image\":{\"@type\":\"ImageObject\",\"inLanguage\":\"ro-RO\",\"@id\":\"https:\/\/mhf.ro\/mm\/#\/schema\/person\/image\/\",\"url\":\"https:\/\/mhf.ro\/mm\/wp-content\/uploads\/2025\/12\/cropped-logo_mhf_2.png\",\"contentUrl\":\"https:\/\/mhf.ro\/mm\/wp-content\/uploads\/2025\/12\/cropped-logo_mhf_2.png\",\"width\":1096,\"height\":457,\"caption\":\"Marius Marcu\"},\"logo\":{\"@id\":\"https:\/\/mhf.ro\/mm\/#\/schema\/person\/image\/\"},\"sameAs\":[\"https:\/\/mhf.ro\/mm\"]},{\"@type\":\"Person\",\"@id\":\"https:\/\/mhf.ro\/mm\/#\/schema\/person\/4c8c06c801b7b666e81ed44550086900\",\"name\":\"Preot paroh Horvat Petru\",\"image\":{\"@type\":\"ImageObject\",\"inLanguage\":\"ro-RO\",\"@id\":\"https:\/\/mhf.ro\/mm\/#\/schema\/person\/image\/\",\"url\":\"https:\/\/secure.gravatar.com\/avatar\/c2d2dcdf21c6f41aad486d71768c144cd6e23cb7b63bae9bd6fab542b26ad321?s=96&d=monsterid&r=g\",\"contentUrl\":\"https:\/\/secure.gravatar.com\/avatar\/c2d2dcdf21c6f41aad486d71768c144cd6e23cb7b63bae9bd6fab542b26ad321?s=96&d=monsterid&r=g\",\"caption\":\"Preot paroh Horvat Petru\"},\"sameAs\":[\"https:\/\/mhf.ro\/mm\"],\"url\":\"https:\/\/mhf.ro\/mm\/author\/petrica\/\"}]}<\/script>\n<!-- \/ Yoast SEO plugin. -->","yoast_head_json":{"title":"Biserica Parohiei Ortodoxe Blaj Izvoarele - MHF Photography","description":"Cartierul\u00a0Izvoarele\u00a0al Municipiului Blaj, era p\u00e2n\u0103 \u00een 1958 o suburbie a ora\u0219ului Blaj \u0219i se numea Ciufud. Biserica ortodox\u0103 din acest cartier are ...","robots":{"index":"index","follow":"follow","max-snippet":"max-snippet:-1","max-image-preview":"max-image-preview:large","max-video-preview":"max-video-preview:-1"},"canonical":"https:\/\/mhf.ro\/mm\/biserica-parohiei-ortodoxe-blaj-izvoarele\/","og_locale":"ro_RO","og_type":"article","og_title":"Biserica Parohiei Ortodoxe Blaj Izvoarele - MHF Photography","og_description":"Cartierul\u00a0Izvoarele\u00a0al Municipiului Blaj, era p\u00e2n\u0103 \u00een 1958 o suburbie a ora\u0219ului Blaj \u0219i se numea Ciufud. Biserica ortodox\u0103 din acest cartier are ...","og_url":"https:\/\/mhf.ro\/mm\/biserica-parohiei-ortodoxe-blaj-izvoarele\/","og_site_name":"MHF Photography","article_published_time":"2020-06-12T10:46:12+00:00","article_modified_time":"2020-06-25T13:34:55+00:00","og_image":[{"width":1920,"height":2560,"url":"https:\/\/mhf.ro\/mm\/wp-content\/uploads\/2020\/06\/biserica_izvoare_1.jpg","type":"image\/jpeg"}],"author":"Preot paroh Horvat Petru","twitter_card":"summary_large_image","twitter_misc":{"Scris de":"Preot paroh Horvat Petru","Timp estimat pentru citire":"3 minute"},"schema":{"@context":"https:\/\/schema.org","@graph":[{"@type":"Article","@id":"https:\/\/mhf.ro\/mm\/biserica-parohiei-ortodoxe-blaj-izvoarele\/#article","isPartOf":{"@id":"https:\/\/mhf.ro\/mm\/biserica-parohiei-ortodoxe-blaj-izvoarele\/"},"author":{"name":"Preot paroh Horvat Petru","@id":"https:\/\/mhf.ro\/mm\/#\/schema\/person\/4c8c06c801b7b666e81ed44550086900"},"headline":"Biserica Parohiei Ortodoxe Blaj Izvoarele","datePublished":"2020-06-12T10:46:12+00:00","dateModified":"2020-06-25T13:34:55+00:00","mainEntityOfPage":{"@id":"https:\/\/mhf.ro\/mm\/biserica-parohiei-ortodoxe-blaj-izvoarele\/"},"wordCount":513,"commentCount":0,"publisher":{"@id":"https:\/\/mhf.ro\/mm\/#\/schema\/person\/a3bebf7bdb4bf12f698aff73c7e46c21"},"image":{"@id":"https:\/\/mhf.ro\/mm\/biserica-parohiei-ortodoxe-blaj-izvoarele\/#primaryimage"},"thumbnailUrl":"https:\/\/mhf.ro\/mm\/wp-content\/uploads\/2020\/06\/biserica_izvoare_1.jpg","articleSection":["Locale"],"inLanguage":"ro-RO","potentialAction":[{"@type":"CommentAction","name":"Comment","target":["https:\/\/mhf.ro\/mm\/biserica-parohiei-ortodoxe-blaj-izvoarele\/#respond"]}]},{"@type":"WebPage","@id":"https:\/\/mhf.ro\/mm\/biserica-parohiei-ortodoxe-blaj-izvoarele\/","url":"https:\/\/mhf.ro\/mm\/biserica-parohiei-ortodoxe-blaj-izvoarele\/","name":"Biserica Parohiei Ortodoxe Blaj Izvoarele - MHF Photography","isPartOf":{"@id":"https:\/\/mhf.ro\/mm\/#website"},"primaryImageOfPage":{"@id":"https:\/\/mhf.ro\/mm\/biserica-parohiei-ortodoxe-blaj-izvoarele\/#primaryimage"},"image":{"@id":"https:\/\/mhf.ro\/mm\/biserica-parohiei-ortodoxe-blaj-izvoarele\/#primaryimage"},"thumbnailUrl":"https:\/\/mhf.ro\/mm\/wp-content\/uploads\/2020\/06\/biserica_izvoare_1.jpg","datePublished":"2020-06-12T10:46:12+00:00","dateModified":"2020-06-25T13:34:55+00:00","description":"Cartierul\u00a0Izvoarele\u00a0al Municipiului Blaj, era p\u00e2n\u0103 \u00een 1958 o suburbie a ora\u0219ului Blaj \u0219i se numea Ciufud. Biserica ortodox\u0103 din acest cartier are ...","breadcrumb":{"@id":"https:\/\/mhf.ro\/mm\/biserica-parohiei-ortodoxe-blaj-izvoarele\/#breadcrumb"},"inLanguage":"ro-RO","potentialAction":[{"@type":"ReadAction","target":["https:\/\/mhf.ro\/mm\/biserica-parohiei-ortodoxe-blaj-izvoarele\/"]}]},{"@type":"ImageObject","inLanguage":"ro-RO","@id":"https:\/\/mhf.ro\/mm\/biserica-parohiei-ortodoxe-blaj-izvoarele\/#primaryimage","url":"https:\/\/mhf.ro\/mm\/wp-content\/uploads\/2020\/06\/biserica_izvoare_1.jpg","contentUrl":"https:\/\/mhf.ro\/mm\/wp-content\/uploads\/2020\/06\/biserica_izvoare_1.jpg","width":1920,"height":2560},{"@type":"BreadcrumbList","@id":"https:\/\/mhf.ro\/mm\/biserica-parohiei-ortodoxe-blaj-izvoarele\/#breadcrumb","itemListElement":[{"@type":"ListItem","position":1,"name":"Prima pagin\u0103","item":"https:\/\/mhf.ro\/mm\/"},{"@type":"ListItem","position":2,"name":"Biserica Parohiei Ortodoxe Blaj Izvoarele"}]},{"@type":"WebSite","@id":"https:\/\/mhf.ro\/mm\/#website","url":"https:\/\/mhf.ro\/mm\/","name":"MHF Photography \u2013 Blog de fotografie, natur\u0103 \u0219i tehnic\u0103 divers\u0103","description":"Aventur\u0103 \u00een fiecare cadru.","publisher":{"@id":"https:\/\/mhf.ro\/mm\/#\/schema\/person\/a3bebf7bdb4bf12f698aff73c7e46c21"},"potentialAction":[{"@type":"SearchAction","target":{"@type":"EntryPoint","urlTemplate":"https:\/\/mhf.ro\/mm\/?s={search_term_string}"},"query-input":{"@type":"PropertyValueSpecification","valueRequired":true,"valueName":"search_term_string"}}],"inLanguage":"ro-RO"},{"@type":["Person","Organization"],"@id":"https:\/\/mhf.ro\/mm\/#\/schema\/person\/a3bebf7bdb4bf12f698aff73c7e46c21","name":"Marius Marcu","image":{"@type":"ImageObject","inLanguage":"ro-RO","@id":"https:\/\/mhf.ro\/mm\/#\/schema\/person\/image\/","url":"https:\/\/mhf.ro\/mm\/wp-content\/uploads\/2025\/12\/cropped-logo_mhf_2.png","contentUrl":"https:\/\/mhf.ro\/mm\/wp-content\/uploads\/2025\/12\/cropped-logo_mhf_2.png","width":1096,"height":457,"caption":"Marius Marcu"},"logo":{"@id":"https:\/\/mhf.ro\/mm\/#\/schema\/person\/image\/"},"sameAs":["https:\/\/mhf.ro\/mm"]},{"@type":"Person","@id":"https:\/\/mhf.ro\/mm\/#\/schema\/person\/4c8c06c801b7b666e81ed44550086900","name":"Preot paroh Horvat Petru","image":{"@type":"ImageObject","inLanguage":"ro-RO","@id":"https:\/\/mhf.ro\/mm\/#\/schema\/person\/image\/","url":"https:\/\/secure.gravatar.com\/avatar\/c2d2dcdf21c6f41aad486d71768c144cd6e23cb7b63bae9bd6fab542b26ad321?s=96&d=monsterid&r=g","contentUrl":"https:\/\/secure.gravatar.com\/avatar\/c2d2dcdf21c6f41aad486d71768c144cd6e23cb7b63bae9bd6fab542b26ad321?s=96&d=monsterid&r=g","caption":"Preot paroh Horvat Petru"},"sameAs":["https:\/\/mhf.ro\/mm"],"url":"https:\/\/mhf.ro\/mm\/author\/petrica\/"}]}},"_links":{"self":[{"href":"https:\/\/mhf.ro\/mm\/wp-json\/wp\/v2\/posts\/2065","targetHints":{"allow":["GET"]}}],"collection":[{"href":"https:\/\/mhf.ro\/mm\/wp-json\/wp\/v2\/posts"}],"about":[{"href":"https:\/\/mhf.ro\/mm\/wp-json\/wp\/v2\/types\/post"}],"author":[{"embeddable":true,"href":"https:\/\/mhf.ro\/mm\/wp-json\/wp\/v2\/users\/4"}],"replies":[{"embeddable":true,"href":"https:\/\/mhf.ro\/mm\/wp-json\/wp\/v2\/comments?post=2065"}],"version-history":[{"count":4,"href":"https:\/\/mhf.ro\/mm\/wp-json\/wp\/v2\/posts\/2065\/revisions"}],"predecessor-version":[{"id":2229,"href":"https:\/\/mhf.ro\/mm\/wp-json\/wp\/v2\/posts\/2065\/revisions\/2229"}],"wp:featuredmedia":[{"embeddable":true,"href":"https:\/\/mhf.ro\/mm\/wp-json\/wp\/v2\/media\/2077"}],"wp:attachment":[{"href":"https:\/\/mhf.ro\/mm\/wp-json\/wp\/v2\/media?parent=2065"}],"wp:term":[{"taxonomy":"category","embeddable":true,"href":"https:\/\/mhf.ro\/mm\/wp-json\/wp\/v2\/categories?post=2065"},{"taxonomy":"post_tag","embeddable":true,"href":"https:\/\/mhf.ro\/mm\/wp-json\/wp\/v2\/tags?post=2065"}],"curies":[{"name":"wp","href":"https:\/\/api.w.org\/{rel}","templated":true}]}}