{"id":2074,"date":"2020-06-12T11:06:59","date_gmt":"2020-06-12T11:06:59","guid":{"rendered":"https:\/\/mhf.ro\/mm\/?p=2074"},"modified":"2020-06-12T11:06:59","modified_gmt":"2020-06-12T11:06:59","slug":"scrisoare-deschisa-elevilor-clasei-a-viii-a","status":"publish","type":"post","link":"https:\/\/mhf.ro\/mm\/scrisoare-deschisa-elevilor-clasei-a-viii-a\/","title":{"rendered":"Scrisoare deschis\u0103 elevilor clasei a VIII-a"},"content":{"rendered":"<p><strong><em>Scrisoare deschis\u0103 elevilor clasei a VIII-a<\/em><\/strong><\/p>\n<p><strong><em>\u00a0de la Sc. Gimnazial\u0103 ,,Simion B\u0103rnu\u021biu\u201dTiur-Blaj, <\/em><\/strong><\/p>\n<p><strong>structura: Sc. Gimnazial\u0103 ,,Petru Pavel Aaorn\u201d Blaj<\/strong><\/p>\n<p>Dragii mei copii, dragi fosti elevi,<\/p>\n<p>Vreau \u00eenc\u0103 de la \u00eenceput s\u0103 v\u0103 dest\u0103inui faptul c\u0103, am fost \u0219i eu invitat\u0103 de c\u0103tre d-na voastr\u0103 dirigint\u0103, prof Dolco\u0219 Cristina, s\u0103 v\u0103 transmit prin intermediul radioului din Blaj, g\u00e2ndurile mele, acum la sf\u00e2r\u0219it de ciclu gimnazial, dar din motive personale, de familie, nu mi-am putut aduna gandurile s\u0103 v\u0103 transmit c\u00e2te ceva, de la inim\u0103 la inim\u0103! Am multe s\u0103 v\u0103 spun \u0219i poate de aceea mi-a fost foarte greu. Totu\u0219i, nu m\u0103 pot desp\u0103r\u021bi u\u0219or de voi, f\u0103r\u0103 s\u0103 v\u0103 vorbesc! Nu vreau doar s\u0103 v\u0103 urez multe, multe, ci s\u0103 v\u0103 dau \u0219i sfaturi practice, concrete, la subiect!<\/p>\n<p>\u00cen primul r\u00e2nd, v\u0103 sf\u0103tuiesc s\u0103 v\u0103 continua\u021bi studiile, s\u0103 fi\u021bi harnici, con\u0219tiincio\u0219i, s\u0103 nu v\u0103 pierde\u021bi \u00een prietenii intime prea devreme, deoarece v\u0103 vor strica viitorul. Lega\u021bi totu\u0219i prietenii, fi\u021bi buni camarazi, ajuta\u021bi-v\u0103 la nevoie unul pe cel\u0103lalt, dar cu limite, p\u00e2n\u0103 \u00eentr-un anumit punct! De ce spun acest lucru? Am int\u00e2lnit \u00een cariera mea didactic\u0103 foarte mul\u021bi copii de\u0219tep\u021bi, buni la \u00eenv\u0103\u021b\u0103tur\u0103, ambi\u021bio\u0219i, dar \u00een momentul \u00een care au legat prietenii cu sexul opus, totul s-a n\u0103ruit. Fetele au r\u0103mas gravide, s-au m\u0103ritat, \u00eenainte de a-\u0219i termina studiile, \u00eenainte de a-si g\u0103si un servici \u0219i au dat de greu! La fel \u0219i b\u0103ie\u021bii! Au ajuns s\u0103-i \u00eentre\u021bin\u0103 tot p\u0103rin\u021bii, ceea ce este un lucru ru\u0219inos! Deci, \u021bine\u021bi minte, mai \u00eent\u00e2i \u00eenv\u0103\u021ba\u021bi o meserie, termina\u021bi un liceu \u0219i chiar \u0219i\u00a0 o facultate, care pute\u021bi \u0219i dori\u021bi,\u00a0 g\u0103si\u021bi-v\u0103 servici \u0219i apoi cauta\u021bi-v\u0103 perechea \u0219i v\u0103 c\u0103s\u0103tori\u021bi legal.\u00a0 V\u0103 \u00eendemn s\u0103 nu sta\u021bi \u00een concubinaj, c\u0103s\u0103tori\u021bi-v\u0103 religios, ca s\u0103 primi\u021bi \u0219i binecuv\u00e2ntarea lui Dumnezeu, pentru a avea \u00a0o familie frumoas\u0103, s\u0103n\u0103toas\u0103 \u0219i durabil\u0103.<\/p>\n<p>Tot \u00een leg\u0103tur\u0103 cu educa\u021bia voastr\u0103, \u00a0v\u0103 amintesc proverbul ,,Cine are carte, are parte\u201d, pe care vi-l spuneam de multe ori, pentru\u00a0 a v\u0103 motiva s\u0103 \u00eenv\u0103\u021bati. De ce spun aceasta, pentru c\u0103 nimeni nu v\u0103 poate angaja, dac\u0103 nu ave\u021bi \u0219coal\u0103! Ca s\u0103 sc\u0103p\u0103m de s\u0103r\u0103cie \u0219i analfabetism, nu se poate dec\u00e2t prin instruc\u021bie \u0219i educa\u021bie.\u00a0 Frecvent\u00e2nd o \u0219coal\u0103, g\u0103sindu-ne un servici, avem \u0219ansa s\u0103 ne facem un acoperi\u0219 deasupra capului, adic\u0103 s\u0103 ne facem o cas\u0103, s\u0103 ne cump\u0103r\u0103m cele necesare traiului\u00a0 \u0219i s\u0103 tr\u0103im \u00een rela\u021bii bune unul cu cel\u0103lalt. \u00a0V\u0103 mai spuneam c\u0103 elevii care nu vor s\u0103 frecventeze \u0219coala, ajung analfabe\u021bi \u0219i cer\u0219etori. Dac\u0103 nu vre\u021bi s\u0103 \u00eenv\u0103\u021ba\u021bi o meserie, nu vre\u021bi s\u0103 frecventati o \u0219coala, nu ave\u021bi \u0219anse prea mari, dec\u00e2t s\u0103 ajunge\u021bi la mila oamenilor, s\u0103 bate\u021bi din poart\u0103, s\u0103 primi\u021bi o bucat\u0103 de p\u00e2ine sau s\u0103 deveni\u021bi ho\u021bi la drumul mare, infractori \u0219i s\u0103 sf\u00e2r\u0219i\u021bi \u00een \u00eenchisoare, pierz\u00e2ndu-v\u0103 libertatea! Eu n\u0103d\u0103jduiesc c\u0103 voi, fo\u0219tii mei elevi, absolven\u021bii clasei a VIII-a, a\u021bi luat-o pe drumul cel bun \u0219i mi-a\u021bi \u00een\u021beles mesajul! Chiar \u0219i \u00een Biblie, Sf. Apostol Pavel, \u00een Epistola a Doua c\u0103tre Tesaloniceni, cap. 3, versetul 10, ne \u00eencurajeaz\u0103 s\u0103 muncim, aten\u021bion\u00e2ndu-ne: ,,dac\u0103 cineva nu vrea ca s\u0103 lucreze, acela nici s\u0103 nu m\u0103n\u00e2nce\u201d sau la cap 30 din In\u021belepciunea lui Isus Sirah se zice: ,,Cel care ceart\u0103 pe fiul s\u0103u va avea mul\u021bumire \u0219i \u00eentre cei cunoscu\u021bi se va l\u0103uda cu el\u201d \u0219i \u00a0,,Ceart\u0103-l pe fiul t\u0103u \u0219i f\u0103-l s\u0103 lucreze, ca s\u0103 nu se poticneasc\u0103 \u00eentru ru\u0219ine\u201d.<\/p>\n<p>V\u0103 mai sf\u0103tuiesc s\u0103 fi\u021bi precau\u021bi \u00een formarea leg\u0103turilor de prietenie, alege\u021bi-v\u0103 prietenii, nu v\u0103 lega\u021bi suflete\u0219te de copii prost-crescu\u021bi, de vagabonzi \u0219i \u021bine\u021bi cont de vorba din popor-,,Spune-mi cu cine te-nso\u021be\u0219ti, ca s\u0103-\u021bi spun cine e\u0219ti!\u201d, pentru c\u0103 ace\u0219tia v\u0103 pot ademeni spre r\u0103u, v\u0103 pot schimba comportamentul , v\u0103 pot trage \u00een diferite curse \u0219i necazuri.\u00a0 Fi\u021bi aten\u021bi c\u0103 \u00een jurul vostru sunt mul\u021bi oameni, copii \u0219i adul\u021bi, care au deraiat de la o via\u021b\u0103 normal\u0103, pl\u0103cut\u0103 Lui Dumnezeu \u0219i s-au dedat la b\u0103utur\u0103, tutun, droguri \u0219i altele. Aceste patimi v\u0103 pot schimba via\u021ba radical, \u00eenspre r\u0103u. Nu este cazul s\u0103 v\u0103 dau acum exemple, dar cu to\u021bii \u0219tim c\u0103t de greu se tr\u0103ie\u0219te intr-o cas\u0103 cu astfel de oameni, unde nu mai poate fi vorba de pace \u0219i iubire adev\u0103rat\u0103.\u00a0 Voi trebuie s\u0103 fi\u021bi fermi \u0219i s\u0103 alege\u021bi calea cea bun\u0103, s\u0103 respecta\u021bi calea cea dreapt\u0103 a Domnului Iisus Hristos.<\/p>\n<p>\u00cen tot parcursul vie\u021bii voastre s\u0103 nu uita\u021bi pe cei care v-au pus creionul \u00een m\u00e2n\u0103, v-au luminat min\u021bile, v-au \u00eendreptat pa\u0219ii spre cunoa\u0219tere, v-au sprijinit \u0219i v-au \u00eencurajat la nevoie, ar\u0103t\u00e2ndu-le permanent respect \u0219i recuno\u0219tin\u021b\u0103. C\u00e2nd spun aceasta, m\u0103 g\u00e2ndesc la \u00eenv\u0103\u021b\u0103torii,\u00a0 profesorii \u0219i preo\u021bii, precum \u0219i la p\u0103rin\u021bii vo\u0219tri care v-au dat ,,cei \u0219apte ani de-acas\u0103\u201d, v-au asigurat cele necesare traiului \u0219i actului educativ, v-au \u00eembr\u0103cat \u0219i v-au purtat la \u0219coal\u0103. M\u0103 opresc \u00een mod special la p\u0103rin\u021bi \u0219i v\u0103 \u00eendemn s\u0103-i iubi\u021bi, s\u0103-i ajuta\u021bi , s\u0103-i asculta\u021bi, pentru c\u0103 prin ei primi\u021bi \u0219i binecuv\u00e2ntarea de la Dumnezeu care zice: ,,Ochiul care \u00ee\u0219i bate joc de p\u0103rintele s\u0103u \u0219i nu ia \u00een seam\u0103 ascultarea (ce este dator) maicii sale, s\u0103-l scoat\u0103 corbii care s\u0103l\u0103\u0219luiesc l\u00e2ng\u0103 un curs de ap\u0103, iar puii de vultur s\u0103-i m\u0103n\u00e2nce\u201d(Pilde, cap 30, versetul 17). Din aceste cuvinte, destul de dureroase, vedem c\u00e2t\u0103 importan\u021b\u0103 d\u0103 Dumnezeu ascult\u0103rii de p\u0103rin\u021bi. Dragilor, s\u0103 lu\u0103m cu to\u021bii aminte!<\/p>\n<p>\u0218i, pentru c\u0103 am fost \u0219i sunt \u00a0,,a doua mam\u0103\u201d pentru voi, fo\u0219tii mei elevi, eu, fosta voastr\u0103 \u00eenv\u0103\u021b\u0103toare,\u00a0 v\u0103 mai dau un ultim sfat, care este cel mai important dintre toate: \u00a0PUNE\u021aI-L\u00a0 PE DUMNEZEU PE PRIMUL LOC IN VIA\u021aA VOASTR\u0102! Cu Dumnezeu \u00eenainte, totul este u\u0219or, totul cap\u0103t\u0103 r\u0103spuns, totul e OK. Unde Dumnezeu nu e, NIMIC NU E! Dumnezeu este dragoste, este iubire&#8230;Dac\u0103 \u00eel ai pe Dumnezeu \u00een suflet \u0219i \u00een via\u021ba ta, vei fi \u0219i educat, vei fi \u0219i recunosc\u0103tor, \u00ee\u021bi vei g\u0103si \u0219i un servici, vei fi \u0219i protejat , vei avea o familie frumoas\u0103, vei avea prieteni buni, de n\u0103dejde \u0219i \u00ee\u021bi vei c\u00e2\u0219tiga \u0219i via\u021ba ve\u0219nic\u0103, care este \u021belul final al oamenilor cre\u0219tini. \u00a0A-L iubi pe Dumnezeu \u00eenseamn\u0103 a-L\u00a0 l\u0103uda, a-L cinsti, a te ruga Lui, a fi recunosc\u0103tor \u0219i a-I cere ceea ai nevoie. Prin p\u0103cate ne \u00eendep\u0103rt\u0103m de Dumnezeu, dar prin citirea Bibliei, a vie\u021bilor sfin\u021bilor, prin Sf. Spovedanie,\u00a0 Sf. \u00cemp\u0103rt\u0103\u0219anie, prin post \u0219i rug\u0103ciune ni se d\u0103 \u0219ansa s\u0103 ne apropiem din nou de El, astfel isp\u0103\u0219indu-ne gre\u0219elile.<\/p>\n<p>\u00cenchei cuv\u00e2ntul meu de r\u0103mas bun, ur\u00e2ndu-v\u0103 o via\u021b\u0103 frumoas\u0103, lini\u0219tit\u0103, plin\u0103 de bucurii \u0219i \u00eempliniri, pace \u0219i iubire \u00een suflet, toate darurile Duhului Sf\u00e2nt\u00a0 \u0219i inimi pline de dragoste fa\u021b\u0103 de Dumnezeu \u0219i fa\u021b\u0103 de aproapele. V\u0103 dau \u0219i o tem\u0103 de cas\u0103 pentru viitor, pe care s\u0103 \u00eencepe\u021bi s-o rezolva\u021bi c\u00e2t de repede pute\u021bi \u0219i anume, s\u0103 \u00eencepe\u021bi s\u0103 citi\u021bi din Sf. Biblie, de la Matei, capitolele 5, 6 si 7, \u00een care este cuprins\u0103 succint \u00cenv\u0103\u021b\u0103tura Domnului nostru Iisus Hristos, pentru a avea o via\u021b\u0103 pl\u0103cut\u0103 Lui Dumnezeu\u00a0 \u0219i semenilor vo\u0219tri.\u00a0 V\u0103 \u00eencurajez s\u0103 p\u0103\u0219i\u021bi cu \u00eencredere \u00een drumul vostru, lu\u00e2nd ca pild\u0103 de \u00eenv\u0103\u021b\u0103tur\u0103 versetele evanghelistului Matei, cap 6: ,,Privi\u021bi la p\u0103s\u0103rile cerului, c\u0103 nu seam\u0103n\u0103, nici nu secer\u0103, nici nu adun\u0103 \u00een jitni\u021be \u0219i Tat\u0103l vostru Cel Ceresc le hr\u0103ne\u0219te. Oare nu sunte\u021bi voi cu mult mai presus dec\u00e2t ele? \u0218i cine dintre voi, \u00eengrijindu-se poate s\u0103 adauge staturii sale un cot? Iar de \u00eembr\u0103c\u0103minte de ce v\u0103 \u00eengriji\u021bi? Lua\u021bi seama la crinii c\u00e2mpului cum cresc: nu se ostenesc, nici nu torc. \u0218i v\u0103 spun vou\u0103 c\u0103 nici Solomon, \u00een toat\u0103 m\u0103rirea lui, nu s-a \u00eembr\u0103cat ca unul dintre ace\u0219tia. Iar dac\u0103 iarba c\u00e2mpului, care ast\u0103zi este \u0219i m\u00e2ine se arunc\u0103 \u00een cuptor, Dumnezeu astfel o \u00eembrac\u0103, oare nu cu mult mai mult pe voi, pu\u021bin credincio\u0219ilor? Deci, nu duce\u021bi grij\u0103 spun\u00e2nd: Ce vom m\u00e2nca ori ce vom bea, ori cu ce ne vom \u00eembr\u0103ca? C\u0103 dup\u0103 toate acestea se str\u0103duiesc neamurile; \u0219tie doar Tat\u0103l vostru Cel Ceresc c\u0103 ave\u021bi nevoie de ele. C\u0103uta\u021bi mai \u00eent\u00e2i \u00cemp\u0103r\u0103\u021bia Lui Dumnezeu \u0219i dreptatea Lui \u0219i toate acestea se vor ad\u0103uga vou\u0103. Nu v\u0103 \u00eengriji\u021bi de ziua de m\u00e2ine, c\u0103ci ziua de m\u00e2ine se va \u00eengriji de ale sale. Ajunge zilei r\u0103utatea ei\u201d.<\/p>\n<p>V\u0103 \u00eembr\u0103\u021bi\u0219eaz\u0103 cu mult drag \u0219i v\u0103 ureaz\u0103 succes, fosta voastr\u0103 \u00eenv\u0103\u021b\u0103toare, Adelina S\u0103r\u0103tean<\/p>\n<p>&nbsp;<\/p>\n<p>&nbsp;<\/p>\n<p>&nbsp;<\/p>\n<p>&nbsp;<\/p>\n<p>&nbsp;<\/p>\n","protected":false},"excerpt":{"rendered":"<p>Scrisoare deschis\u0103 elevilor clasei a VIII-a \u00a0de la Sc. Gimnazial\u0103 ,,Simion B\u0103rnu\u021biu\u201dTiur-Blaj, structura: Sc. Gimnazial\u0103 ,,Petru Pavel Aaorn\u201d Blaj Dragii<\/p>\n","protected":false},"author":4,"featured_media":2075,"comment_status":"open","ping_status":"open","sticky":false,"template":"","format":"standard","meta":{"colormag_page_container_layout":"default_layout","colormag_page_sidebar_layout":"default_layout","footnotes":""},"categories":[5],"tags":[],"class_list":["post-2074","post","type-post","status-publish","format-standard","has-post-thumbnail","hentry","category-locale"],"yoast_head":"<!-- This site is optimized with the Yoast SEO plugin v27.0 - https:\/\/yoast.com\/product\/yoast-seo-wordpress\/ -->\n<title>Scrisoare deschis\u0103 elevilor clasei a VIII-a - MHF Photography<\/title>\n<meta name=\"robots\" content=\"index, follow, max-snippet:-1, max-image-preview:large, max-video-preview:-1\" \/>\n<link rel=\"canonical\" href=\"https:\/\/mhf.ro\/mm\/scrisoare-deschisa-elevilor-clasei-a-viii-a\/\" \/>\n<meta property=\"og:locale\" content=\"ro_RO\" \/>\n<meta property=\"og:type\" content=\"article\" \/>\n<meta property=\"og:title\" content=\"Scrisoare deschis\u0103 elevilor clasei a VIII-a - MHF Photography\" \/>\n<meta property=\"og:description\" content=\"Scrisoare deschis\u0103 elevilor clasei a VIII-a \u00a0de la Sc. Gimnazial\u0103 ,,Simion B\u0103rnu\u021biu\u201dTiur-Blaj, structura: Sc. Gimnazial\u0103 ,,Petru Pavel Aaorn\u201d Blaj Dragii\" \/>\n<meta property=\"og:url\" content=\"https:\/\/mhf.ro\/mm\/scrisoare-deschisa-elevilor-clasei-a-viii-a\/\" \/>\n<meta property=\"og:site_name\" content=\"MHF Photography\" \/>\n<meta property=\"article:published_time\" content=\"2020-06-12T11:06:59+00:00\" \/>\n<meta property=\"og:image\" content=\"https:\/\/mhf.ro\/mm\/wp-content\/uploads\/2020\/06\/Fotografie-0038.jpg\" \/>\n\t<meta property=\"og:image:width\" content=\"2560\" \/>\n\t<meta property=\"og:image:height\" content=\"1920\" \/>\n\t<meta property=\"og:image:type\" content=\"image\/jpeg\" \/>\n<meta name=\"author\" content=\"Preot paroh Horvat Petru\" \/>\n<meta name=\"twitter:card\" content=\"summary_large_image\" \/>\n<meta name=\"twitter:label1\" content=\"Scris de\" \/>\n\t<meta name=\"twitter:data1\" content=\"Preot paroh Horvat Petru\" \/>\n\t<meta name=\"twitter:label2\" content=\"Timp estimat pentru citire\" \/>\n\t<meta name=\"twitter:data2\" content=\"8 minute\" \/>\n<script type=\"application\/ld+json\" class=\"yoast-schema-graph\">{\"@context\":\"https:\/\/schema.org\",\"@graph\":[{\"@type\":\"Article\",\"@id\":\"https:\/\/mhf.ro\/mm\/scrisoare-deschisa-elevilor-clasei-a-viii-a\/#article\",\"isPartOf\":{\"@id\":\"https:\/\/mhf.ro\/mm\/scrisoare-deschisa-elevilor-clasei-a-viii-a\/\"},\"author\":{\"name\":\"Preot paroh Horvat Petru\",\"@id\":\"https:\/\/mhf.ro\/mm\/#\/schema\/person\/4c8c06c801b7b666e81ed44550086900\"},\"headline\":\"Scrisoare deschis\u0103 elevilor clasei a VIII-a\",\"datePublished\":\"2020-06-12T11:06:59+00:00\",\"mainEntityOfPage\":{\"@id\":\"https:\/\/mhf.ro\/mm\/scrisoare-deschisa-elevilor-clasei-a-viii-a\/\"},\"wordCount\":1648,\"commentCount\":0,\"publisher\":{\"@id\":\"https:\/\/mhf.ro\/mm\/#\/schema\/person\/a3bebf7bdb4bf12f698aff73c7e46c21\"},\"image\":{\"@id\":\"https:\/\/mhf.ro\/mm\/scrisoare-deschisa-elevilor-clasei-a-viii-a\/#primaryimage\"},\"thumbnailUrl\":\"https:\/\/mhf.ro\/mm\/wp-content\/uploads\/2020\/06\/Fotografie-0038.jpg\",\"articleSection\":[\"Locale\"],\"inLanguage\":\"ro-RO\",\"potentialAction\":[{\"@type\":\"CommentAction\",\"name\":\"Comment\",\"target\":[\"https:\/\/mhf.ro\/mm\/scrisoare-deschisa-elevilor-clasei-a-viii-a\/#respond\"]}]},{\"@type\":\"WebPage\",\"@id\":\"https:\/\/mhf.ro\/mm\/scrisoare-deschisa-elevilor-clasei-a-viii-a\/\",\"url\":\"https:\/\/mhf.ro\/mm\/scrisoare-deschisa-elevilor-clasei-a-viii-a\/\",\"name\":\"Scrisoare deschis\u0103 elevilor clasei a VIII-a - MHF Photography\",\"isPartOf\":{\"@id\":\"https:\/\/mhf.ro\/mm\/#website\"},\"primaryImageOfPage\":{\"@id\":\"https:\/\/mhf.ro\/mm\/scrisoare-deschisa-elevilor-clasei-a-viii-a\/#primaryimage\"},\"image\":{\"@id\":\"https:\/\/mhf.ro\/mm\/scrisoare-deschisa-elevilor-clasei-a-viii-a\/#primaryimage\"},\"thumbnailUrl\":\"https:\/\/mhf.ro\/mm\/wp-content\/uploads\/2020\/06\/Fotografie-0038.jpg\",\"datePublished\":\"2020-06-12T11:06:59+00:00\",\"breadcrumb\":{\"@id\":\"https:\/\/mhf.ro\/mm\/scrisoare-deschisa-elevilor-clasei-a-viii-a\/#breadcrumb\"},\"inLanguage\":\"ro-RO\",\"potentialAction\":[{\"@type\":\"ReadAction\",\"target\":[\"https:\/\/mhf.ro\/mm\/scrisoare-deschisa-elevilor-clasei-a-viii-a\/\"]}]},{\"@type\":\"ImageObject\",\"inLanguage\":\"ro-RO\",\"@id\":\"https:\/\/mhf.ro\/mm\/scrisoare-deschisa-elevilor-clasei-a-viii-a\/#primaryimage\",\"url\":\"https:\/\/mhf.ro\/mm\/wp-content\/uploads\/2020\/06\/Fotografie-0038.jpg\",\"contentUrl\":\"https:\/\/mhf.ro\/mm\/wp-content\/uploads\/2020\/06\/Fotografie-0038.jpg\",\"width\":2560,\"height\":1920},{\"@type\":\"BreadcrumbList\",\"@id\":\"https:\/\/mhf.ro\/mm\/scrisoare-deschisa-elevilor-clasei-a-viii-a\/#breadcrumb\",\"itemListElement\":[{\"@type\":\"ListItem\",\"position\":1,\"name\":\"Prima pagin\u0103\",\"item\":\"https:\/\/mhf.ro\/mm\/\"},{\"@type\":\"ListItem\",\"position\":2,\"name\":\"Scrisoare deschis\u0103 elevilor clasei a VIII-a\"}]},{\"@type\":\"WebSite\",\"@id\":\"https:\/\/mhf.ro\/mm\/#website\",\"url\":\"https:\/\/mhf.ro\/mm\/\",\"name\":\"MHF Photography \u2013 Blog de fotografie, natur\u0103 \u0219i tehnic\u0103 divers\u0103\",\"description\":\"Aventur\u0103 \u00een fiecare cadru.\",\"publisher\":{\"@id\":\"https:\/\/mhf.ro\/mm\/#\/schema\/person\/a3bebf7bdb4bf12f698aff73c7e46c21\"},\"potentialAction\":[{\"@type\":\"SearchAction\",\"target\":{\"@type\":\"EntryPoint\",\"urlTemplate\":\"https:\/\/mhf.ro\/mm\/?s={search_term_string}\"},\"query-input\":{\"@type\":\"PropertyValueSpecification\",\"valueRequired\":true,\"valueName\":\"search_term_string\"}}],\"inLanguage\":\"ro-RO\"},{\"@type\":[\"Person\",\"Organization\"],\"@id\":\"https:\/\/mhf.ro\/mm\/#\/schema\/person\/a3bebf7bdb4bf12f698aff73c7e46c21\",\"name\":\"Marius Marcu\",\"image\":{\"@type\":\"ImageObject\",\"inLanguage\":\"ro-RO\",\"@id\":\"https:\/\/mhf.ro\/mm\/#\/schema\/person\/image\/\",\"url\":\"https:\/\/mhf.ro\/mm\/wp-content\/uploads\/2025\/12\/cropped-logo_mhf_2.png\",\"contentUrl\":\"https:\/\/mhf.ro\/mm\/wp-content\/uploads\/2025\/12\/cropped-logo_mhf_2.png\",\"width\":1096,\"height\":457,\"caption\":\"Marius Marcu\"},\"logo\":{\"@id\":\"https:\/\/mhf.ro\/mm\/#\/schema\/person\/image\/\"},\"sameAs\":[\"https:\/\/mhf.ro\/mm\"]},{\"@type\":\"Person\",\"@id\":\"https:\/\/mhf.ro\/mm\/#\/schema\/person\/4c8c06c801b7b666e81ed44550086900\",\"name\":\"Preot paroh Horvat Petru\",\"image\":{\"@type\":\"ImageObject\",\"inLanguage\":\"ro-RO\",\"@id\":\"https:\/\/mhf.ro\/mm\/#\/schema\/person\/image\/\",\"url\":\"https:\/\/secure.gravatar.com\/avatar\/c2d2dcdf21c6f41aad486d71768c144cd6e23cb7b63bae9bd6fab542b26ad321?s=96&d=monsterid&r=g\",\"contentUrl\":\"https:\/\/secure.gravatar.com\/avatar\/c2d2dcdf21c6f41aad486d71768c144cd6e23cb7b63bae9bd6fab542b26ad321?s=96&d=monsterid&r=g\",\"caption\":\"Preot paroh Horvat Petru\"},\"sameAs\":[\"https:\/\/mhf.ro\/mm\"],\"url\":\"https:\/\/mhf.ro\/mm\/author\/petrica\/\"}]}<\/script>\n<!-- \/ Yoast SEO plugin. -->","yoast_head_json":{"title":"Scrisoare deschis\u0103 elevilor clasei a VIII-a - MHF Photography","robots":{"index":"index","follow":"follow","max-snippet":"max-snippet:-1","max-image-preview":"max-image-preview:large","max-video-preview":"max-video-preview:-1"},"canonical":"https:\/\/mhf.ro\/mm\/scrisoare-deschisa-elevilor-clasei-a-viii-a\/","og_locale":"ro_RO","og_type":"article","og_title":"Scrisoare deschis\u0103 elevilor clasei a VIII-a - MHF Photography","og_description":"Scrisoare deschis\u0103 elevilor clasei a VIII-a \u00a0de la Sc. Gimnazial\u0103 ,,Simion B\u0103rnu\u021biu\u201dTiur-Blaj, structura: Sc. Gimnazial\u0103 ,,Petru Pavel Aaorn\u201d Blaj Dragii","og_url":"https:\/\/mhf.ro\/mm\/scrisoare-deschisa-elevilor-clasei-a-viii-a\/","og_site_name":"MHF Photography","article_published_time":"2020-06-12T11:06:59+00:00","og_image":[{"width":2560,"height":1920,"url":"https:\/\/mhf.ro\/mm\/wp-content\/uploads\/2020\/06\/Fotografie-0038.jpg","type":"image\/jpeg"}],"author":"Preot paroh Horvat Petru","twitter_card":"summary_large_image","twitter_misc":{"Scris de":"Preot paroh Horvat Petru","Timp estimat pentru citire":"8 minute"},"schema":{"@context":"https:\/\/schema.org","@graph":[{"@type":"Article","@id":"https:\/\/mhf.ro\/mm\/scrisoare-deschisa-elevilor-clasei-a-viii-a\/#article","isPartOf":{"@id":"https:\/\/mhf.ro\/mm\/scrisoare-deschisa-elevilor-clasei-a-viii-a\/"},"author":{"name":"Preot paroh Horvat Petru","@id":"https:\/\/mhf.ro\/mm\/#\/schema\/person\/4c8c06c801b7b666e81ed44550086900"},"headline":"Scrisoare deschis\u0103 elevilor clasei a VIII-a","datePublished":"2020-06-12T11:06:59+00:00","mainEntityOfPage":{"@id":"https:\/\/mhf.ro\/mm\/scrisoare-deschisa-elevilor-clasei-a-viii-a\/"},"wordCount":1648,"commentCount":0,"publisher":{"@id":"https:\/\/mhf.ro\/mm\/#\/schema\/person\/a3bebf7bdb4bf12f698aff73c7e46c21"},"image":{"@id":"https:\/\/mhf.ro\/mm\/scrisoare-deschisa-elevilor-clasei-a-viii-a\/#primaryimage"},"thumbnailUrl":"https:\/\/mhf.ro\/mm\/wp-content\/uploads\/2020\/06\/Fotografie-0038.jpg","articleSection":["Locale"],"inLanguage":"ro-RO","potentialAction":[{"@type":"CommentAction","name":"Comment","target":["https:\/\/mhf.ro\/mm\/scrisoare-deschisa-elevilor-clasei-a-viii-a\/#respond"]}]},{"@type":"WebPage","@id":"https:\/\/mhf.ro\/mm\/scrisoare-deschisa-elevilor-clasei-a-viii-a\/","url":"https:\/\/mhf.ro\/mm\/scrisoare-deschisa-elevilor-clasei-a-viii-a\/","name":"Scrisoare deschis\u0103 elevilor clasei a VIII-a - MHF Photography","isPartOf":{"@id":"https:\/\/mhf.ro\/mm\/#website"},"primaryImageOfPage":{"@id":"https:\/\/mhf.ro\/mm\/scrisoare-deschisa-elevilor-clasei-a-viii-a\/#primaryimage"},"image":{"@id":"https:\/\/mhf.ro\/mm\/scrisoare-deschisa-elevilor-clasei-a-viii-a\/#primaryimage"},"thumbnailUrl":"https:\/\/mhf.ro\/mm\/wp-content\/uploads\/2020\/06\/Fotografie-0038.jpg","datePublished":"2020-06-12T11:06:59+00:00","breadcrumb":{"@id":"https:\/\/mhf.ro\/mm\/scrisoare-deschisa-elevilor-clasei-a-viii-a\/#breadcrumb"},"inLanguage":"ro-RO","potentialAction":[{"@type":"ReadAction","target":["https:\/\/mhf.ro\/mm\/scrisoare-deschisa-elevilor-clasei-a-viii-a\/"]}]},{"@type":"ImageObject","inLanguage":"ro-RO","@id":"https:\/\/mhf.ro\/mm\/scrisoare-deschisa-elevilor-clasei-a-viii-a\/#primaryimage","url":"https:\/\/mhf.ro\/mm\/wp-content\/uploads\/2020\/06\/Fotografie-0038.jpg","contentUrl":"https:\/\/mhf.ro\/mm\/wp-content\/uploads\/2020\/06\/Fotografie-0038.jpg","width":2560,"height":1920},{"@type":"BreadcrumbList","@id":"https:\/\/mhf.ro\/mm\/scrisoare-deschisa-elevilor-clasei-a-viii-a\/#breadcrumb","itemListElement":[{"@type":"ListItem","position":1,"name":"Prima pagin\u0103","item":"https:\/\/mhf.ro\/mm\/"},{"@type":"ListItem","position":2,"name":"Scrisoare deschis\u0103 elevilor clasei a VIII-a"}]},{"@type":"WebSite","@id":"https:\/\/mhf.ro\/mm\/#website","url":"https:\/\/mhf.ro\/mm\/","name":"MHF Photography \u2013 Blog de fotografie, natur\u0103 \u0219i tehnic\u0103 divers\u0103","description":"Aventur\u0103 \u00een fiecare cadru.","publisher":{"@id":"https:\/\/mhf.ro\/mm\/#\/schema\/person\/a3bebf7bdb4bf12f698aff73c7e46c21"},"potentialAction":[{"@type":"SearchAction","target":{"@type":"EntryPoint","urlTemplate":"https:\/\/mhf.ro\/mm\/?s={search_term_string}"},"query-input":{"@type":"PropertyValueSpecification","valueRequired":true,"valueName":"search_term_string"}}],"inLanguage":"ro-RO"},{"@type":["Person","Organization"],"@id":"https:\/\/mhf.ro\/mm\/#\/schema\/person\/a3bebf7bdb4bf12f698aff73c7e46c21","name":"Marius Marcu","image":{"@type":"ImageObject","inLanguage":"ro-RO","@id":"https:\/\/mhf.ro\/mm\/#\/schema\/person\/image\/","url":"https:\/\/mhf.ro\/mm\/wp-content\/uploads\/2025\/12\/cropped-logo_mhf_2.png","contentUrl":"https:\/\/mhf.ro\/mm\/wp-content\/uploads\/2025\/12\/cropped-logo_mhf_2.png","width":1096,"height":457,"caption":"Marius Marcu"},"logo":{"@id":"https:\/\/mhf.ro\/mm\/#\/schema\/person\/image\/"},"sameAs":["https:\/\/mhf.ro\/mm"]},{"@type":"Person","@id":"https:\/\/mhf.ro\/mm\/#\/schema\/person\/4c8c06c801b7b666e81ed44550086900","name":"Preot paroh Horvat Petru","image":{"@type":"ImageObject","inLanguage":"ro-RO","@id":"https:\/\/mhf.ro\/mm\/#\/schema\/person\/image\/","url":"https:\/\/secure.gravatar.com\/avatar\/c2d2dcdf21c6f41aad486d71768c144cd6e23cb7b63bae9bd6fab542b26ad321?s=96&d=monsterid&r=g","contentUrl":"https:\/\/secure.gravatar.com\/avatar\/c2d2dcdf21c6f41aad486d71768c144cd6e23cb7b63bae9bd6fab542b26ad321?s=96&d=monsterid&r=g","caption":"Preot paroh Horvat Petru"},"sameAs":["https:\/\/mhf.ro\/mm"],"url":"https:\/\/mhf.ro\/mm\/author\/petrica\/"}]}},"_links":{"self":[{"href":"https:\/\/mhf.ro\/mm\/wp-json\/wp\/v2\/posts\/2074","targetHints":{"allow":["GET"]}}],"collection":[{"href":"https:\/\/mhf.ro\/mm\/wp-json\/wp\/v2\/posts"}],"about":[{"href":"https:\/\/mhf.ro\/mm\/wp-json\/wp\/v2\/types\/post"}],"author":[{"embeddable":true,"href":"https:\/\/mhf.ro\/mm\/wp-json\/wp\/v2\/users\/4"}],"replies":[{"embeddable":true,"href":"https:\/\/mhf.ro\/mm\/wp-json\/wp\/v2\/comments?post=2074"}],"version-history":[{"count":1,"href":"https:\/\/mhf.ro\/mm\/wp-json\/wp\/v2\/posts\/2074\/revisions"}],"predecessor-version":[{"id":2076,"href":"https:\/\/mhf.ro\/mm\/wp-json\/wp\/v2\/posts\/2074\/revisions\/2076"}],"wp:featuredmedia":[{"embeddable":true,"href":"https:\/\/mhf.ro\/mm\/wp-json\/wp\/v2\/media\/2075"}],"wp:attachment":[{"href":"https:\/\/mhf.ro\/mm\/wp-json\/wp\/v2\/media?parent=2074"}],"wp:term":[{"taxonomy":"category","embeddable":true,"href":"https:\/\/mhf.ro\/mm\/wp-json\/wp\/v2\/categories?post=2074"},{"taxonomy":"post_tag","embeddable":true,"href":"https:\/\/mhf.ro\/mm\/wp-json\/wp\/v2\/tags?post=2074"}],"curies":[{"name":"wp","href":"https:\/\/api.w.org\/{rel}","templated":true}]}}