{"id":2082,"date":"2020-06-12T15:42:30","date_gmt":"2020-06-12T15:42:30","guid":{"rendered":"https:\/\/mhf.ro\/mm\/?p=2082"},"modified":"2020-06-13T08:16:59","modified_gmt":"2020-06-13T08:16:59","slug":"gheorghe-eminescu-nepotul-lui-mihai-eminescu","status":"publish","type":"post","link":"https:\/\/mhf.ro\/mm\/gheorghe-eminescu-nepotul-lui-mihai-eminescu\/","title":{"rendered":"GHEORGHE EMINESCU &#8211; NEPOTUL LUI MIHAI EMINESCU"},"content":{"rendered":"<p>Gheorghe Eminescu era fiul lui Matei Eminescu, fratele poetului Mihai Eminescu. A avut o carier\u0103 militar\u0103 ajung\u00e2nd p\u00e2n\u0103 la gradul de locotenent colonel. A fost profesor istoric \u015fi este autorul uneia dintre pu\u021binele monografii istorice despre Napoleon Bonaparte.<br \/>\nDe asemenea, a scris un volum intitulat &#8222;Amintiri&#8221;, volum \u00een care Gheorghe Eminescu vorbe\u015fte cu o rar\u0103 sinceritate despre lume \u015fi via\u021b\u0103. Ar mai fi de spus c\u0103 a avut o singur\u0103 fiic\u0103, Yolanda Eminescu, profesor doctor-docent, de profesie jurist. Am spicuit c\u00e2teva cuget\u0103ri, care mi s-au p\u0103rut extrem de interesante, din volumul de Amintiri al lui Gheorghe Eminescu, cuget\u0103ri care dovedesc \u00eenc\u0103 o dat\u0103 c\u0103 &#8222;a\u015fchia nu sare departe de trunchi&#8221;.<br \/>\n&#8222;-Via\u021ba &#8211; O clip\u0103 \u00een eternitate. O eternitate dup\u0103 ce clipa a trecut.<br \/>\n&#8211; Politic\u0103 &#8211; Pentru foarte pu\u021bini o credin\u021b\u0103. Pentru arivi\u015fti o trambulin\u0103. Pentru oportuni\u015fti o profesie.<br \/>\n&#8211; Patrie &#8211; Pentru unii locul unde s-au n\u0103scut. Pentru aventurieri ubi bene. Pentru adev\u0103ra\u021bii patrio\u021bi, aceea pe care o poart\u0103 \u00een suflet.<br \/>\n&#8211; Barbari &#8211; Oameni din vechime care-\u015fi ucideau semenii cu s\u0103ge\u021bile.<br \/>\n&#8211; Civiliza\u021bi &#8211; Str\u0103nepo\u021bii barbarilor care-\u015fi ucid semenii cu bombe atomice.<br \/>\n&#8211; Inteligen\u021ba &#8211; O calitate c\u00e2nd este folosit\u0103 de oameni virtuo\u015fi.<br \/>\nO calamitate c\u00e2nd este folosit\u0103 de oameni f\u0103r\u0103 scrupule.<br \/>\n&#8211; Maestru &#8211; Formul\u0103 inventat\u0103 pentru a m\u0103guli vanitatea creatorilor. Formul\u0103 pe care adev\u0103ra\u021bii mae\u015ftrii o ironizeaz\u0103 \u015fi mediocrit\u0103\u021bile o cer\u015fesc.<br \/>\n&#8211; For\u021b\u0103 &#8211; Argumentul ira\u021bionalului \u00eempotriva ra\u021biunii, a prostiei contra inteligen\u021bei, a celui tare \u00eempotriva celui slab.<br \/>\n&#8211; Generozitate &#8211; Adev\u0103rata generozitate nu const\u0103 din a da ce-\u021bi prisose\u015fte, ci din ceea ce uneori nu-\u021bi ajunge nici \u021bie.<br \/>\n&#8211; Minciuna &#8211; P\u00e2inea de zi cu zi a tuturor religiilor, tuturor politicienilor, tuturor demagogilor \u015fi tuturor diploma\u021bilor.<br \/>\n&#8211; Libertatea, acest vis permanent al omenirii, nu merit\u0103 sacrificiile de vie\u021bi omene\u015fti f\u0103cute de-a lungul veacurilor deoarece:<br \/>\n&#8211; Oamenii care n-au ce m\u00e2nca, n-au ce face cu libertatea.<br \/>\n&#8211; Oamenii f\u0103r\u0103 cultur\u0103 nu \u015ftiu ce s\u0103 fac\u0103 cu ea.<br \/>\n&#8211; Oamenii cul\u021bi abuzeaz\u0103 de ea, de cele mai multe ori \u00een scopuri murdare (cam asta se \u00eent\u00e2mpl\u0103 ast\u0103zi-n.m.)<br \/>\n&#8211; Nici regimurile comuniste nu sunt at\u00e2t de rele cum le prezint\u0103 capitali\u015ftii, nici cele capitaliste a\u015fa cum le prezint\u0103 comuni\u015ftii. Ideologul care va imagina o doctrin\u0103 care s\u0103 ia de la am\u00e2ndou\u0103 numai ce este bun, s-a asigurat de nemurire.\u201d<\/p>\n","protected":false},"excerpt":{"rendered":"<p>Gheorghe Eminescu era fiul lui Matei Eminescu, fratele poetului Mihai Eminescu. A avut o carier\u0103 militar\u0103 ajung\u00e2nd p\u00e2n\u0103 la gradul<\/p>\n","protected":false},"author":10,"featured_media":2087,"comment_status":"open","ping_status":"open","sticky":false,"template":"","format":"standard","meta":{"colormag_page_container_layout":"default_layout","colormag_page_sidebar_layout":"default_layout","footnotes":""},"categories":[8],"tags":[],"class_list":["post-2082","post","type-post","status-publish","format-standard","has-post-thumbnail","hentry","category-div"],"yoast_head":"<!-- This site is optimized with the Yoast SEO plugin v27.0 - https:\/\/yoast.com\/product\/yoast-seo-wordpress\/ -->\n<title>GHEORGHE EMINESCU - NEPOTUL LUI MIHAI EMINESCU - MHF Photography<\/title>\n<meta name=\"description\" content=\"Gheorghe Eminescu era fiul lui Matei Eminescu, fratele poetului Mihai Eminescu. A avut o carier\u0103 militar\u0103 ajung\u00e2nd p\u00e2n\u0103 la gradul de locotenent colonel.\" \/>\n<meta name=\"robots\" content=\"index, follow, max-snippet:-1, max-image-preview:large, max-video-preview:-1\" \/>\n<link rel=\"canonical\" href=\"https:\/\/mhf.ro\/mm\/gheorghe-eminescu-nepotul-lui-mihai-eminescu\/\" \/>\n<meta property=\"og:locale\" content=\"ro_RO\" \/>\n<meta property=\"og:type\" content=\"article\" \/>\n<meta property=\"og:title\" content=\"GHEORGHE EMINESCU - NEPOTUL LUI MIHAI EMINESCU - MHF Photography\" \/>\n<meta property=\"og:description\" content=\"Gheorghe Eminescu era fiul lui Matei Eminescu, fratele poetului Mihai Eminescu. A avut o carier\u0103 militar\u0103 ajung\u00e2nd p\u00e2n\u0103 la gradul de locotenent colonel.\" \/>\n<meta property=\"og:url\" content=\"https:\/\/mhf.ro\/mm\/gheorghe-eminescu-nepotul-lui-mihai-eminescu\/\" \/>\n<meta property=\"og:site_name\" content=\"MHF Photography\" \/>\n<meta property=\"article:published_time\" content=\"2020-06-12T15:42:30+00:00\" \/>\n<meta property=\"article:modified_time\" content=\"2020-06-13T08:16:59+00:00\" \/>\n<meta property=\"og:image\" content=\"https:\/\/mhf.ro\/mm\/wp-content\/uploads\/2020\/06\/gheorghe.png\" \/>\n\t<meta property=\"og:image:width\" content=\"933\" \/>\n\t<meta property=\"og:image:height\" content=\"700\" \/>\n\t<meta property=\"og:image:type\" content=\"image\/png\" \/>\n<meta name=\"author\" content=\"Mitu Ion\" \/>\n<meta name=\"twitter:card\" content=\"summary_large_image\" \/>\n<meta name=\"twitter:label1\" content=\"Scris de\" \/>\n\t<meta name=\"twitter:data1\" content=\"Mitu Ion\" \/>\n\t<meta name=\"twitter:label2\" content=\"Timp estimat pentru citire\" \/>\n\t<meta name=\"twitter:data2\" content=\"2 minute\" \/>\n<script type=\"application\/ld+json\" class=\"yoast-schema-graph\">{\"@context\":\"https:\/\/schema.org\",\"@graph\":[{\"@type\":\"Article\",\"@id\":\"https:\/\/mhf.ro\/mm\/gheorghe-eminescu-nepotul-lui-mihai-eminescu\/#article\",\"isPartOf\":{\"@id\":\"https:\/\/mhf.ro\/mm\/gheorghe-eminescu-nepotul-lui-mihai-eminescu\/\"},\"author\":{\"name\":\"Mitu Ion\",\"@id\":\"https:\/\/mhf.ro\/mm\/#\/schema\/person\/ecde2c4d3c2298573c280821ab6d9965\"},\"headline\":\"GHEORGHE EMINESCU &#8211; NEPOTUL LUI MIHAI EMINESCU\",\"datePublished\":\"2020-06-12T15:42:30+00:00\",\"dateModified\":\"2020-06-13T08:16:59+00:00\",\"mainEntityOfPage\":{\"@id\":\"https:\/\/mhf.ro\/mm\/gheorghe-eminescu-nepotul-lui-mihai-eminescu\/\"},\"wordCount\":446,\"commentCount\":0,\"publisher\":{\"@id\":\"https:\/\/mhf.ro\/mm\/#\/schema\/person\/a3bebf7bdb4bf12f698aff73c7e46c21\"},\"image\":{\"@id\":\"https:\/\/mhf.ro\/mm\/gheorghe-eminescu-nepotul-lui-mihai-eminescu\/#primaryimage\"},\"thumbnailUrl\":\"https:\/\/mhf.ro\/mm\/wp-content\/uploads\/2020\/06\/gheorghe.png\",\"articleSection\":[\"Diverse\"],\"inLanguage\":\"ro-RO\",\"potentialAction\":[{\"@type\":\"CommentAction\",\"name\":\"Comment\",\"target\":[\"https:\/\/mhf.ro\/mm\/gheorghe-eminescu-nepotul-lui-mihai-eminescu\/#respond\"]}]},{\"@type\":\"WebPage\",\"@id\":\"https:\/\/mhf.ro\/mm\/gheorghe-eminescu-nepotul-lui-mihai-eminescu\/\",\"url\":\"https:\/\/mhf.ro\/mm\/gheorghe-eminescu-nepotul-lui-mihai-eminescu\/\",\"name\":\"GHEORGHE EMINESCU - NEPOTUL LUI MIHAI EMINESCU - MHF Photography\",\"isPartOf\":{\"@id\":\"https:\/\/mhf.ro\/mm\/#website\"},\"primaryImageOfPage\":{\"@id\":\"https:\/\/mhf.ro\/mm\/gheorghe-eminescu-nepotul-lui-mihai-eminescu\/#primaryimage\"},\"image\":{\"@id\":\"https:\/\/mhf.ro\/mm\/gheorghe-eminescu-nepotul-lui-mihai-eminescu\/#primaryimage\"},\"thumbnailUrl\":\"https:\/\/mhf.ro\/mm\/wp-content\/uploads\/2020\/06\/gheorghe.png\",\"datePublished\":\"2020-06-12T15:42:30+00:00\",\"dateModified\":\"2020-06-13T08:16:59+00:00\",\"description\":\"Gheorghe Eminescu era fiul lui Matei Eminescu, fratele poetului Mihai Eminescu. A avut o carier\u0103 militar\u0103 ajung\u00e2nd p\u00e2n\u0103 la gradul de locotenent colonel.\",\"breadcrumb\":{\"@id\":\"https:\/\/mhf.ro\/mm\/gheorghe-eminescu-nepotul-lui-mihai-eminescu\/#breadcrumb\"},\"inLanguage\":\"ro-RO\",\"potentialAction\":[{\"@type\":\"ReadAction\",\"target\":[\"https:\/\/mhf.ro\/mm\/gheorghe-eminescu-nepotul-lui-mihai-eminescu\/\"]}]},{\"@type\":\"ImageObject\",\"inLanguage\":\"ro-RO\",\"@id\":\"https:\/\/mhf.ro\/mm\/gheorghe-eminescu-nepotul-lui-mihai-eminescu\/#primaryimage\",\"url\":\"https:\/\/mhf.ro\/mm\/wp-content\/uploads\/2020\/06\/gheorghe.png\",\"contentUrl\":\"https:\/\/mhf.ro\/mm\/wp-content\/uploads\/2020\/06\/gheorghe.png\",\"width\":933,\"height\":700},{\"@type\":\"BreadcrumbList\",\"@id\":\"https:\/\/mhf.ro\/mm\/gheorghe-eminescu-nepotul-lui-mihai-eminescu\/#breadcrumb\",\"itemListElement\":[{\"@type\":\"ListItem\",\"position\":1,\"name\":\"Prima pagin\u0103\",\"item\":\"https:\/\/mhf.ro\/mm\/\"},{\"@type\":\"ListItem\",\"position\":2,\"name\":\"GHEORGHE EMINESCU &#8211; NEPOTUL LUI MIHAI EMINESCU\"}]},{\"@type\":\"WebSite\",\"@id\":\"https:\/\/mhf.ro\/mm\/#website\",\"url\":\"https:\/\/mhf.ro\/mm\/\",\"name\":\"MHF Photography \u2013 Blog de fotografie, natur\u0103 \u0219i tehnic\u0103 divers\u0103\",\"description\":\"Aventur\u0103 \u00een fiecare cadru.\",\"publisher\":{\"@id\":\"https:\/\/mhf.ro\/mm\/#\/schema\/person\/a3bebf7bdb4bf12f698aff73c7e46c21\"},\"potentialAction\":[{\"@type\":\"SearchAction\",\"target\":{\"@type\":\"EntryPoint\",\"urlTemplate\":\"https:\/\/mhf.ro\/mm\/?s={search_term_string}\"},\"query-input\":{\"@type\":\"PropertyValueSpecification\",\"valueRequired\":true,\"valueName\":\"search_term_string\"}}],\"inLanguage\":\"ro-RO\"},{\"@type\":[\"Person\",\"Organization\"],\"@id\":\"https:\/\/mhf.ro\/mm\/#\/schema\/person\/a3bebf7bdb4bf12f698aff73c7e46c21\",\"name\":\"Marius Marcu\",\"image\":{\"@type\":\"ImageObject\",\"inLanguage\":\"ro-RO\",\"@id\":\"https:\/\/mhf.ro\/mm\/#\/schema\/person\/image\/\",\"url\":\"https:\/\/mhf.ro\/mm\/wp-content\/uploads\/2025\/12\/cropped-logo_mhf_2.png\",\"contentUrl\":\"https:\/\/mhf.ro\/mm\/wp-content\/uploads\/2025\/12\/cropped-logo_mhf_2.png\",\"width\":1096,\"height\":457,\"caption\":\"Marius Marcu\"},\"logo\":{\"@id\":\"https:\/\/mhf.ro\/mm\/#\/schema\/person\/image\/\"},\"sameAs\":[\"https:\/\/mhf.ro\/mm\"]},{\"@type\":\"Person\",\"@id\":\"https:\/\/mhf.ro\/mm\/#\/schema\/person\/ecde2c4d3c2298573c280821ab6d9965\",\"name\":\"Mitu Ion\",\"image\":{\"@type\":\"ImageObject\",\"inLanguage\":\"ro-RO\",\"@id\":\"https:\/\/mhf.ro\/mm\/#\/schema\/person\/image\/\",\"url\":\"https:\/\/secure.gravatar.com\/avatar\/fb0a4d707f287178aadfb359603e2d946f49db0cd52072b1b6748bc111739ee5?s=96&d=monsterid&r=g\",\"contentUrl\":\"https:\/\/secure.gravatar.com\/avatar\/fb0a4d707f287178aadfb359603e2d946f49db0cd52072b1b6748bc111739ee5?s=96&d=monsterid&r=g\",\"caption\":\"Mitu Ion\"},\"sameAs\":[\"https:\/\/mhf.ro\/mm\"],\"url\":\"https:\/\/mhf.ro\/mm\/author\/mitu\/\"}]}<\/script>\n<!-- \/ Yoast SEO plugin. -->","yoast_head_json":{"title":"GHEORGHE EMINESCU - NEPOTUL LUI MIHAI EMINESCU - MHF Photography","description":"Gheorghe Eminescu era fiul lui Matei Eminescu, fratele poetului Mihai Eminescu. A avut o carier\u0103 militar\u0103 ajung\u00e2nd p\u00e2n\u0103 la gradul de locotenent colonel.","robots":{"index":"index","follow":"follow","max-snippet":"max-snippet:-1","max-image-preview":"max-image-preview:large","max-video-preview":"max-video-preview:-1"},"canonical":"https:\/\/mhf.ro\/mm\/gheorghe-eminescu-nepotul-lui-mihai-eminescu\/","og_locale":"ro_RO","og_type":"article","og_title":"GHEORGHE EMINESCU - NEPOTUL LUI MIHAI EMINESCU - MHF Photography","og_description":"Gheorghe Eminescu era fiul lui Matei Eminescu, fratele poetului Mihai Eminescu. A avut o carier\u0103 militar\u0103 ajung\u00e2nd p\u00e2n\u0103 la gradul de locotenent colonel.","og_url":"https:\/\/mhf.ro\/mm\/gheorghe-eminescu-nepotul-lui-mihai-eminescu\/","og_site_name":"MHF Photography","article_published_time":"2020-06-12T15:42:30+00:00","article_modified_time":"2020-06-13T08:16:59+00:00","og_image":[{"width":933,"height":700,"url":"https:\/\/mhf.ro\/mm\/wp-content\/uploads\/2020\/06\/gheorghe.png","type":"image\/png"}],"author":"Mitu Ion","twitter_card":"summary_large_image","twitter_misc":{"Scris de":"Mitu Ion","Timp estimat pentru citire":"2 minute"},"schema":{"@context":"https:\/\/schema.org","@graph":[{"@type":"Article","@id":"https:\/\/mhf.ro\/mm\/gheorghe-eminescu-nepotul-lui-mihai-eminescu\/#article","isPartOf":{"@id":"https:\/\/mhf.ro\/mm\/gheorghe-eminescu-nepotul-lui-mihai-eminescu\/"},"author":{"name":"Mitu Ion","@id":"https:\/\/mhf.ro\/mm\/#\/schema\/person\/ecde2c4d3c2298573c280821ab6d9965"},"headline":"GHEORGHE EMINESCU &#8211; NEPOTUL LUI MIHAI EMINESCU","datePublished":"2020-06-12T15:42:30+00:00","dateModified":"2020-06-13T08:16:59+00:00","mainEntityOfPage":{"@id":"https:\/\/mhf.ro\/mm\/gheorghe-eminescu-nepotul-lui-mihai-eminescu\/"},"wordCount":446,"commentCount":0,"publisher":{"@id":"https:\/\/mhf.ro\/mm\/#\/schema\/person\/a3bebf7bdb4bf12f698aff73c7e46c21"},"image":{"@id":"https:\/\/mhf.ro\/mm\/gheorghe-eminescu-nepotul-lui-mihai-eminescu\/#primaryimage"},"thumbnailUrl":"https:\/\/mhf.ro\/mm\/wp-content\/uploads\/2020\/06\/gheorghe.png","articleSection":["Diverse"],"inLanguage":"ro-RO","potentialAction":[{"@type":"CommentAction","name":"Comment","target":["https:\/\/mhf.ro\/mm\/gheorghe-eminescu-nepotul-lui-mihai-eminescu\/#respond"]}]},{"@type":"WebPage","@id":"https:\/\/mhf.ro\/mm\/gheorghe-eminescu-nepotul-lui-mihai-eminescu\/","url":"https:\/\/mhf.ro\/mm\/gheorghe-eminescu-nepotul-lui-mihai-eminescu\/","name":"GHEORGHE EMINESCU - NEPOTUL LUI MIHAI EMINESCU - MHF Photography","isPartOf":{"@id":"https:\/\/mhf.ro\/mm\/#website"},"primaryImageOfPage":{"@id":"https:\/\/mhf.ro\/mm\/gheorghe-eminescu-nepotul-lui-mihai-eminescu\/#primaryimage"},"image":{"@id":"https:\/\/mhf.ro\/mm\/gheorghe-eminescu-nepotul-lui-mihai-eminescu\/#primaryimage"},"thumbnailUrl":"https:\/\/mhf.ro\/mm\/wp-content\/uploads\/2020\/06\/gheorghe.png","datePublished":"2020-06-12T15:42:30+00:00","dateModified":"2020-06-13T08:16:59+00:00","description":"Gheorghe Eminescu era fiul lui Matei Eminescu, fratele poetului Mihai Eminescu. A avut o carier\u0103 militar\u0103 ajung\u00e2nd p\u00e2n\u0103 la gradul de locotenent colonel.","breadcrumb":{"@id":"https:\/\/mhf.ro\/mm\/gheorghe-eminescu-nepotul-lui-mihai-eminescu\/#breadcrumb"},"inLanguage":"ro-RO","potentialAction":[{"@type":"ReadAction","target":["https:\/\/mhf.ro\/mm\/gheorghe-eminescu-nepotul-lui-mihai-eminescu\/"]}]},{"@type":"ImageObject","inLanguage":"ro-RO","@id":"https:\/\/mhf.ro\/mm\/gheorghe-eminescu-nepotul-lui-mihai-eminescu\/#primaryimage","url":"https:\/\/mhf.ro\/mm\/wp-content\/uploads\/2020\/06\/gheorghe.png","contentUrl":"https:\/\/mhf.ro\/mm\/wp-content\/uploads\/2020\/06\/gheorghe.png","width":933,"height":700},{"@type":"BreadcrumbList","@id":"https:\/\/mhf.ro\/mm\/gheorghe-eminescu-nepotul-lui-mihai-eminescu\/#breadcrumb","itemListElement":[{"@type":"ListItem","position":1,"name":"Prima pagin\u0103","item":"https:\/\/mhf.ro\/mm\/"},{"@type":"ListItem","position":2,"name":"GHEORGHE EMINESCU &#8211; NEPOTUL LUI MIHAI EMINESCU"}]},{"@type":"WebSite","@id":"https:\/\/mhf.ro\/mm\/#website","url":"https:\/\/mhf.ro\/mm\/","name":"MHF Photography \u2013 Blog de fotografie, natur\u0103 \u0219i tehnic\u0103 divers\u0103","description":"Aventur\u0103 \u00een fiecare cadru.","publisher":{"@id":"https:\/\/mhf.ro\/mm\/#\/schema\/person\/a3bebf7bdb4bf12f698aff73c7e46c21"},"potentialAction":[{"@type":"SearchAction","target":{"@type":"EntryPoint","urlTemplate":"https:\/\/mhf.ro\/mm\/?s={search_term_string}"},"query-input":{"@type":"PropertyValueSpecification","valueRequired":true,"valueName":"search_term_string"}}],"inLanguage":"ro-RO"},{"@type":["Person","Organization"],"@id":"https:\/\/mhf.ro\/mm\/#\/schema\/person\/a3bebf7bdb4bf12f698aff73c7e46c21","name":"Marius Marcu","image":{"@type":"ImageObject","inLanguage":"ro-RO","@id":"https:\/\/mhf.ro\/mm\/#\/schema\/person\/image\/","url":"https:\/\/mhf.ro\/mm\/wp-content\/uploads\/2025\/12\/cropped-logo_mhf_2.png","contentUrl":"https:\/\/mhf.ro\/mm\/wp-content\/uploads\/2025\/12\/cropped-logo_mhf_2.png","width":1096,"height":457,"caption":"Marius Marcu"},"logo":{"@id":"https:\/\/mhf.ro\/mm\/#\/schema\/person\/image\/"},"sameAs":["https:\/\/mhf.ro\/mm"]},{"@type":"Person","@id":"https:\/\/mhf.ro\/mm\/#\/schema\/person\/ecde2c4d3c2298573c280821ab6d9965","name":"Mitu Ion","image":{"@type":"ImageObject","inLanguage":"ro-RO","@id":"https:\/\/mhf.ro\/mm\/#\/schema\/person\/image\/","url":"https:\/\/secure.gravatar.com\/avatar\/fb0a4d707f287178aadfb359603e2d946f49db0cd52072b1b6748bc111739ee5?s=96&d=monsterid&r=g","contentUrl":"https:\/\/secure.gravatar.com\/avatar\/fb0a4d707f287178aadfb359603e2d946f49db0cd52072b1b6748bc111739ee5?s=96&d=monsterid&r=g","caption":"Mitu Ion"},"sameAs":["https:\/\/mhf.ro\/mm"],"url":"https:\/\/mhf.ro\/mm\/author\/mitu\/"}]}},"_links":{"self":[{"href":"https:\/\/mhf.ro\/mm\/wp-json\/wp\/v2\/posts\/2082","targetHints":{"allow":["GET"]}}],"collection":[{"href":"https:\/\/mhf.ro\/mm\/wp-json\/wp\/v2\/posts"}],"about":[{"href":"https:\/\/mhf.ro\/mm\/wp-json\/wp\/v2\/types\/post"}],"author":[{"embeddable":true,"href":"https:\/\/mhf.ro\/mm\/wp-json\/wp\/v2\/users\/10"}],"replies":[{"embeddable":true,"href":"https:\/\/mhf.ro\/mm\/wp-json\/wp\/v2\/comments?post=2082"}],"version-history":[{"count":1,"href":"https:\/\/mhf.ro\/mm\/wp-json\/wp\/v2\/posts\/2082\/revisions"}],"predecessor-version":[{"id":2083,"href":"https:\/\/mhf.ro\/mm\/wp-json\/wp\/v2\/posts\/2082\/revisions\/2083"}],"wp:featuredmedia":[{"embeddable":true,"href":"https:\/\/mhf.ro\/mm\/wp-json\/wp\/v2\/media\/2087"}],"wp:attachment":[{"href":"https:\/\/mhf.ro\/mm\/wp-json\/wp\/v2\/media?parent=2082"}],"wp:term":[{"taxonomy":"category","embeddable":true,"href":"https:\/\/mhf.ro\/mm\/wp-json\/wp\/v2\/categories?post=2082"},{"taxonomy":"post_tag","embeddable":true,"href":"https:\/\/mhf.ro\/mm\/wp-json\/wp\/v2\/tags?post=2082"}],"curies":[{"name":"wp","href":"https:\/\/api.w.org\/{rel}","templated":true}]}}