{"id":2113,"date":"2020-06-14T18:56:50","date_gmt":"2020-06-14T18:56:50","guid":{"rendered":"https:\/\/mhf.ro\/mm\/?p=2113"},"modified":"2020-06-14T19:13:40","modified_gmt":"2020-06-14T19:13:40","slug":"in-curand-vom-calca-pe-pamant-strain-in-romania","status":"publish","type":"post","link":"https:\/\/mhf.ro\/mm\/in-curand-vom-calca-pe-pamant-strain-in-romania\/","title":{"rendered":"Adev\u0103rat ve\u021bi calca p\u0103m\u00e2ntul str\u0103inului"},"content":{"rendered":"<p><span class=\"_5yl5\">La marginea unui sat, l\u00e2ng\u0103 parcela ce o avea, st\u0103tea o b\u0103tr\u00e2n\u0103 \u0219i privea p\u0103m\u00e2ntul.<br \/>\nChipul ei, br\u0103zdat de riduri ad\u00e2nci, ascundea o mare triste\u021be.<br \/>\nLa un moment dat se aplec\u0103 \u0219i lu\u0103 din acel p\u0103m\u00e2nt c\u00e2t a putut cuprinde cu m\u00e2inile ei muncite de o via\u021b\u0103.<br \/>\n\u00cel privi atent\u0103, iar o lacrim\u0103 \u00eei c\u0103zu pe \u021b\u0103r\u00e2na uscat\u0103.<br \/>\n&#8211; De ce pl\u00e2ngi, mamaie?<br \/>\n&#8211; Nu eu pl\u00e2ng, maic\u0103. P\u0103m\u00e2ntul pl\u00e2nge.<br \/>\n&#8211; Eu \u00eel v\u0103d uscat. Dac\u0103 pl\u00e2ngea era ud.<br \/>\n&#8211; Nu cu lacrimi pl\u00e2nge p\u0103m\u00e2ntul, feti\u021bo. Prive\u0219te-l cu sufletul, ascult\u0103-l cu inima \u0219i atunci o s\u0103 \u0219tii c\u00e2nd pl\u00e2nge \u0219i c\u00e2nd e fericit.<br \/>\n&#8211; Pot s\u0103 \u00eencerc acum?<br \/>\n&#8211; Ai putea, dar nu o s\u0103 reu\u0219e\u0219ti. Pentru voi p\u0103m\u00e2ntul nu este dec\u00e2t ceva pe care c\u0103lca\u021bi.<br \/>\n&#8211; De ce spui asta, mamaie?<br \/>\n&#8211; Ca s\u0103-l sim\u021bi, trebuie s\u0103-l iube\u0219ti. \u0218i dac\u0103 l-a\u021bi fi iubit, nu l-a\u021bi fi v\u00e2ndut. Ave\u021bi grij\u0103 c\u0103 dup\u0103 ce noi nu vom mai fi nu o s\u0103 mai ave\u021bi pe ce c\u0103lca!<br \/>\n&#8211; Pe p\u0103m\u00e2nt vom c\u0103lca, mamaie, c\u0103 nu pleac\u0103 nimeni cu el de aici.<br \/>\n&#8211; Ve\u021bi c\u0103lca pe p\u0103m\u00e2nt, dar nu pe p\u0103m\u00e2ntul vostru! <\/span><span class=\"_5yl5\">(Jeny Anca Popa)<\/span><\/p>\n","protected":false},"excerpt":{"rendered":"<p>La marginea unui sat, l\u00e2ng\u0103 parcela ce o avea, st\u0103tea o b\u0103tr\u00e2n\u0103 \u0219i privea p\u0103m\u00e2ntul. Chipul ei, br\u0103zdat de riduri<\/p>\n","protected":false},"author":1,"featured_media":2115,"comment_status":"open","ping_status":"open","sticky":false,"template":"","format":"standard","meta":{"colormag_page_container_layout":"default_layout","colormag_page_sidebar_layout":"default_layout","footnotes":""},"categories":[5],"tags":[],"class_list":["post-2113","post","type-post","status-publish","format-standard","has-post-thumbnail","hentry","category-locale"],"yoast_head":"<!-- This site is optimized with the Yoast SEO plugin v27.0 - https:\/\/yoast.com\/product\/yoast-seo-wordpress\/ -->\n<title>Adev\u0103rat ve\u021bi calca p\u0103m\u00e2ntul str\u0103inului - MHF Photography<\/title>\n<meta name=\"description\" content=\"La marginea unui sat, l\u00e2ng\u0103 parcela ce o avea, st\u0103tea o b\u0103tr\u00e2n\u0103 \u0219i privea p\u0103m\u00e2ntul.Chipul ei, br\u0103zdat de riduri ad\u00e2nci, ascundea o mare triste\u021be.\" \/>\n<meta name=\"robots\" content=\"index, follow, max-snippet:-1, max-image-preview:large, max-video-preview:-1\" \/>\n<link rel=\"canonical\" href=\"https:\/\/mhf.ro\/mm\/in-curand-vom-calca-pe-pamant-strain-in-romania\/\" \/>\n<meta property=\"og:locale\" content=\"ro_RO\" \/>\n<meta property=\"og:type\" content=\"article\" \/>\n<meta property=\"og:title\" content=\"Adev\u0103rat ve\u021bi calca p\u0103m\u00e2ntul str\u0103inului - MHF Photography\" \/>\n<meta property=\"og:description\" content=\"La marginea unui sat, l\u00e2ng\u0103 parcela ce o avea, st\u0103tea o b\u0103tr\u00e2n\u0103 \u0219i privea p\u0103m\u00e2ntul.Chipul ei, br\u0103zdat de riduri ad\u00e2nci, ascundea o mare triste\u021be.\" \/>\n<meta property=\"og:url\" content=\"https:\/\/mhf.ro\/mm\/in-curand-vom-calca-pe-pamant-strain-in-romania\/\" \/>\n<meta property=\"og:site_name\" content=\"MHF Photography\" \/>\n<meta property=\"article:published_time\" content=\"2020-06-14T18:56:50+00:00\" \/>\n<meta property=\"article:modified_time\" content=\"2020-06-14T19:13:40+00:00\" \/>\n<meta property=\"og:image\" content=\"https:\/\/mhf.ro\/mm\/wp-content\/uploads\/2020\/06\/Mamaie.jpg\" \/>\n\t<meta property=\"og:image:width\" content=\"720\" \/>\n\t<meta property=\"og:image:height\" content=\"960\" \/>\n\t<meta property=\"og:image:type\" content=\"image\/jpeg\" \/>\n<meta name=\"author\" content=\"Marius Marcu\" \/>\n<meta name=\"twitter:card\" content=\"summary_large_image\" \/>\n<meta name=\"twitter:label1\" content=\"Scris de\" \/>\n\t<meta name=\"twitter:data1\" content=\"Marius Marcu\" \/>\n\t<meta name=\"twitter:label2\" content=\"Timp estimat pentru citire\" \/>\n\t<meta name=\"twitter:data2\" content=\"1 minut\" \/>\n<script type=\"application\/ld+json\" class=\"yoast-schema-graph\">{\"@context\":\"https:\/\/schema.org\",\"@graph\":[{\"@type\":\"Article\",\"@id\":\"https:\/\/mhf.ro\/mm\/in-curand-vom-calca-pe-pamant-strain-in-romania\/#article\",\"isPartOf\":{\"@id\":\"https:\/\/mhf.ro\/mm\/in-curand-vom-calca-pe-pamant-strain-in-romania\/\"},\"author\":{\"name\":\"Marius Marcu\",\"@id\":\"https:\/\/mhf.ro\/mm\/#\/schema\/person\/a3bebf7bdb4bf12f698aff73c7e46c21\"},\"headline\":\"Adev\u0103rat ve\u021bi calca p\u0103m\u00e2ntul str\u0103inului\",\"datePublished\":\"2020-06-14T18:56:50+00:00\",\"dateModified\":\"2020-06-14T19:13:40+00:00\",\"mainEntityOfPage\":{\"@id\":\"https:\/\/mhf.ro\/mm\/in-curand-vom-calca-pe-pamant-strain-in-romania\/\"},\"wordCount\":260,\"commentCount\":1,\"publisher\":{\"@id\":\"https:\/\/mhf.ro\/mm\/#\/schema\/person\/a3bebf7bdb4bf12f698aff73c7e46c21\"},\"image\":{\"@id\":\"https:\/\/mhf.ro\/mm\/in-curand-vom-calca-pe-pamant-strain-in-romania\/#primaryimage\"},\"thumbnailUrl\":\"https:\/\/mhf.ro\/mm\/wp-content\/uploads\/2020\/06\/Mamaie.jpg\",\"articleSection\":[\"Locale\"],\"inLanguage\":\"ro-RO\",\"potentialAction\":[{\"@type\":\"CommentAction\",\"name\":\"Comment\",\"target\":[\"https:\/\/mhf.ro\/mm\/in-curand-vom-calca-pe-pamant-strain-in-romania\/#respond\"]}]},{\"@type\":\"WebPage\",\"@id\":\"https:\/\/mhf.ro\/mm\/in-curand-vom-calca-pe-pamant-strain-in-romania\/\",\"url\":\"https:\/\/mhf.ro\/mm\/in-curand-vom-calca-pe-pamant-strain-in-romania\/\",\"name\":\"Adev\u0103rat ve\u021bi calca p\u0103m\u00e2ntul str\u0103inului - MHF Photography\",\"isPartOf\":{\"@id\":\"https:\/\/mhf.ro\/mm\/#website\"},\"primaryImageOfPage\":{\"@id\":\"https:\/\/mhf.ro\/mm\/in-curand-vom-calca-pe-pamant-strain-in-romania\/#primaryimage\"},\"image\":{\"@id\":\"https:\/\/mhf.ro\/mm\/in-curand-vom-calca-pe-pamant-strain-in-romania\/#primaryimage\"},\"thumbnailUrl\":\"https:\/\/mhf.ro\/mm\/wp-content\/uploads\/2020\/06\/Mamaie.jpg\",\"datePublished\":\"2020-06-14T18:56:50+00:00\",\"dateModified\":\"2020-06-14T19:13:40+00:00\",\"description\":\"La marginea unui sat, l\u00e2ng\u0103 parcela ce o avea, st\u0103tea o b\u0103tr\u00e2n\u0103 \u0219i privea p\u0103m\u00e2ntul.Chipul ei, br\u0103zdat de riduri ad\u00e2nci, ascundea o mare triste\u021be.\",\"breadcrumb\":{\"@id\":\"https:\/\/mhf.ro\/mm\/in-curand-vom-calca-pe-pamant-strain-in-romania\/#breadcrumb\"},\"inLanguage\":\"ro-RO\",\"potentialAction\":[{\"@type\":\"ReadAction\",\"target\":[\"https:\/\/mhf.ro\/mm\/in-curand-vom-calca-pe-pamant-strain-in-romania\/\"]}]},{\"@type\":\"ImageObject\",\"inLanguage\":\"ro-RO\",\"@id\":\"https:\/\/mhf.ro\/mm\/in-curand-vom-calca-pe-pamant-strain-in-romania\/#primaryimage\",\"url\":\"https:\/\/mhf.ro\/mm\/wp-content\/uploads\/2020\/06\/Mamaie.jpg\",\"contentUrl\":\"https:\/\/mhf.ro\/mm\/wp-content\/uploads\/2020\/06\/Mamaie.jpg\",\"width\":720,\"height\":960},{\"@type\":\"BreadcrumbList\",\"@id\":\"https:\/\/mhf.ro\/mm\/in-curand-vom-calca-pe-pamant-strain-in-romania\/#breadcrumb\",\"itemListElement\":[{\"@type\":\"ListItem\",\"position\":1,\"name\":\"Prima pagin\u0103\",\"item\":\"https:\/\/mhf.ro\/mm\/\"},{\"@type\":\"ListItem\",\"position\":2,\"name\":\"Adev\u0103rat ve\u021bi calca p\u0103m\u00e2ntul str\u0103inului\"}]},{\"@type\":\"WebSite\",\"@id\":\"https:\/\/mhf.ro\/mm\/#website\",\"url\":\"https:\/\/mhf.ro\/mm\/\",\"name\":\"MHF Photography \u2013 Blog de fotografie, natur\u0103 \u0219i tehnic\u0103 divers\u0103\",\"description\":\"Aventur\u0103 \u00een fiecare cadru.\",\"publisher\":{\"@id\":\"https:\/\/mhf.ro\/mm\/#\/schema\/person\/a3bebf7bdb4bf12f698aff73c7e46c21\"},\"potentialAction\":[{\"@type\":\"SearchAction\",\"target\":{\"@type\":\"EntryPoint\",\"urlTemplate\":\"https:\/\/mhf.ro\/mm\/?s={search_term_string}\"},\"query-input\":{\"@type\":\"PropertyValueSpecification\",\"valueRequired\":true,\"valueName\":\"search_term_string\"}}],\"inLanguage\":\"ro-RO\"},{\"@type\":[\"Person\",\"Organization\"],\"@id\":\"https:\/\/mhf.ro\/mm\/#\/schema\/person\/a3bebf7bdb4bf12f698aff73c7e46c21\",\"name\":\"Marius Marcu\",\"image\":{\"@type\":\"ImageObject\",\"inLanguage\":\"ro-RO\",\"@id\":\"https:\/\/mhf.ro\/mm\/#\/schema\/person\/image\/\",\"url\":\"https:\/\/mhf.ro\/mm\/wp-content\/uploads\/2025\/12\/cropped-logo_mhf_2.png\",\"contentUrl\":\"https:\/\/mhf.ro\/mm\/wp-content\/uploads\/2025\/12\/cropped-logo_mhf_2.png\",\"width\":1096,\"height\":457,\"caption\":\"Marius Marcu\"},\"logo\":{\"@id\":\"https:\/\/mhf.ro\/mm\/#\/schema\/person\/image\/\"},\"sameAs\":[\"https:\/\/mhf.ro\/mm\"],\"url\":\"https:\/\/mhf.ro\/mm\/author\/mihai\/\"}]}<\/script>\n<!-- \/ Yoast SEO plugin. -->","yoast_head_json":{"title":"Adev\u0103rat ve\u021bi calca p\u0103m\u00e2ntul str\u0103inului - MHF Photography","description":"La marginea unui sat, l\u00e2ng\u0103 parcela ce o avea, st\u0103tea o b\u0103tr\u00e2n\u0103 \u0219i privea p\u0103m\u00e2ntul.Chipul ei, br\u0103zdat de riduri ad\u00e2nci, ascundea o mare triste\u021be.","robots":{"index":"index","follow":"follow","max-snippet":"max-snippet:-1","max-image-preview":"max-image-preview:large","max-video-preview":"max-video-preview:-1"},"canonical":"https:\/\/mhf.ro\/mm\/in-curand-vom-calca-pe-pamant-strain-in-romania\/","og_locale":"ro_RO","og_type":"article","og_title":"Adev\u0103rat ve\u021bi calca p\u0103m\u00e2ntul str\u0103inului - MHF Photography","og_description":"La marginea unui sat, l\u00e2ng\u0103 parcela ce o avea, st\u0103tea o b\u0103tr\u00e2n\u0103 \u0219i privea p\u0103m\u00e2ntul.Chipul ei, br\u0103zdat de riduri ad\u00e2nci, ascundea o mare triste\u021be.","og_url":"https:\/\/mhf.ro\/mm\/in-curand-vom-calca-pe-pamant-strain-in-romania\/","og_site_name":"MHF Photography","article_published_time":"2020-06-14T18:56:50+00:00","article_modified_time":"2020-06-14T19:13:40+00:00","og_image":[{"width":720,"height":960,"url":"https:\/\/mhf.ro\/mm\/wp-content\/uploads\/2020\/06\/Mamaie.jpg","type":"image\/jpeg"}],"author":"Marius Marcu","twitter_card":"summary_large_image","twitter_misc":{"Scris de":"Marius Marcu","Timp estimat pentru citire":"1 minut"},"schema":{"@context":"https:\/\/schema.org","@graph":[{"@type":"Article","@id":"https:\/\/mhf.ro\/mm\/in-curand-vom-calca-pe-pamant-strain-in-romania\/#article","isPartOf":{"@id":"https:\/\/mhf.ro\/mm\/in-curand-vom-calca-pe-pamant-strain-in-romania\/"},"author":{"name":"Marius Marcu","@id":"https:\/\/mhf.ro\/mm\/#\/schema\/person\/a3bebf7bdb4bf12f698aff73c7e46c21"},"headline":"Adev\u0103rat ve\u021bi calca p\u0103m\u00e2ntul str\u0103inului","datePublished":"2020-06-14T18:56:50+00:00","dateModified":"2020-06-14T19:13:40+00:00","mainEntityOfPage":{"@id":"https:\/\/mhf.ro\/mm\/in-curand-vom-calca-pe-pamant-strain-in-romania\/"},"wordCount":260,"commentCount":1,"publisher":{"@id":"https:\/\/mhf.ro\/mm\/#\/schema\/person\/a3bebf7bdb4bf12f698aff73c7e46c21"},"image":{"@id":"https:\/\/mhf.ro\/mm\/in-curand-vom-calca-pe-pamant-strain-in-romania\/#primaryimage"},"thumbnailUrl":"https:\/\/mhf.ro\/mm\/wp-content\/uploads\/2020\/06\/Mamaie.jpg","articleSection":["Locale"],"inLanguage":"ro-RO","potentialAction":[{"@type":"CommentAction","name":"Comment","target":["https:\/\/mhf.ro\/mm\/in-curand-vom-calca-pe-pamant-strain-in-romania\/#respond"]}]},{"@type":"WebPage","@id":"https:\/\/mhf.ro\/mm\/in-curand-vom-calca-pe-pamant-strain-in-romania\/","url":"https:\/\/mhf.ro\/mm\/in-curand-vom-calca-pe-pamant-strain-in-romania\/","name":"Adev\u0103rat ve\u021bi calca p\u0103m\u00e2ntul str\u0103inului - MHF Photography","isPartOf":{"@id":"https:\/\/mhf.ro\/mm\/#website"},"primaryImageOfPage":{"@id":"https:\/\/mhf.ro\/mm\/in-curand-vom-calca-pe-pamant-strain-in-romania\/#primaryimage"},"image":{"@id":"https:\/\/mhf.ro\/mm\/in-curand-vom-calca-pe-pamant-strain-in-romania\/#primaryimage"},"thumbnailUrl":"https:\/\/mhf.ro\/mm\/wp-content\/uploads\/2020\/06\/Mamaie.jpg","datePublished":"2020-06-14T18:56:50+00:00","dateModified":"2020-06-14T19:13:40+00:00","description":"La marginea unui sat, l\u00e2ng\u0103 parcela ce o avea, st\u0103tea o b\u0103tr\u00e2n\u0103 \u0219i privea p\u0103m\u00e2ntul.Chipul ei, br\u0103zdat de riduri ad\u00e2nci, ascundea o mare triste\u021be.","breadcrumb":{"@id":"https:\/\/mhf.ro\/mm\/in-curand-vom-calca-pe-pamant-strain-in-romania\/#breadcrumb"},"inLanguage":"ro-RO","potentialAction":[{"@type":"ReadAction","target":["https:\/\/mhf.ro\/mm\/in-curand-vom-calca-pe-pamant-strain-in-romania\/"]}]},{"@type":"ImageObject","inLanguage":"ro-RO","@id":"https:\/\/mhf.ro\/mm\/in-curand-vom-calca-pe-pamant-strain-in-romania\/#primaryimage","url":"https:\/\/mhf.ro\/mm\/wp-content\/uploads\/2020\/06\/Mamaie.jpg","contentUrl":"https:\/\/mhf.ro\/mm\/wp-content\/uploads\/2020\/06\/Mamaie.jpg","width":720,"height":960},{"@type":"BreadcrumbList","@id":"https:\/\/mhf.ro\/mm\/in-curand-vom-calca-pe-pamant-strain-in-romania\/#breadcrumb","itemListElement":[{"@type":"ListItem","position":1,"name":"Prima pagin\u0103","item":"https:\/\/mhf.ro\/mm\/"},{"@type":"ListItem","position":2,"name":"Adev\u0103rat ve\u021bi calca p\u0103m\u00e2ntul str\u0103inului"}]},{"@type":"WebSite","@id":"https:\/\/mhf.ro\/mm\/#website","url":"https:\/\/mhf.ro\/mm\/","name":"MHF Photography \u2013 Blog de fotografie, natur\u0103 \u0219i tehnic\u0103 divers\u0103","description":"Aventur\u0103 \u00een fiecare cadru.","publisher":{"@id":"https:\/\/mhf.ro\/mm\/#\/schema\/person\/a3bebf7bdb4bf12f698aff73c7e46c21"},"potentialAction":[{"@type":"SearchAction","target":{"@type":"EntryPoint","urlTemplate":"https:\/\/mhf.ro\/mm\/?s={search_term_string}"},"query-input":{"@type":"PropertyValueSpecification","valueRequired":true,"valueName":"search_term_string"}}],"inLanguage":"ro-RO"},{"@type":["Person","Organization"],"@id":"https:\/\/mhf.ro\/mm\/#\/schema\/person\/a3bebf7bdb4bf12f698aff73c7e46c21","name":"Marius Marcu","image":{"@type":"ImageObject","inLanguage":"ro-RO","@id":"https:\/\/mhf.ro\/mm\/#\/schema\/person\/image\/","url":"https:\/\/mhf.ro\/mm\/wp-content\/uploads\/2025\/12\/cropped-logo_mhf_2.png","contentUrl":"https:\/\/mhf.ro\/mm\/wp-content\/uploads\/2025\/12\/cropped-logo_mhf_2.png","width":1096,"height":457,"caption":"Marius Marcu"},"logo":{"@id":"https:\/\/mhf.ro\/mm\/#\/schema\/person\/image\/"},"sameAs":["https:\/\/mhf.ro\/mm"],"url":"https:\/\/mhf.ro\/mm\/author\/mihai\/"}]}},"_links":{"self":[{"href":"https:\/\/mhf.ro\/mm\/wp-json\/wp\/v2\/posts\/2113","targetHints":{"allow":["GET"]}}],"collection":[{"href":"https:\/\/mhf.ro\/mm\/wp-json\/wp\/v2\/posts"}],"about":[{"href":"https:\/\/mhf.ro\/mm\/wp-json\/wp\/v2\/types\/post"}],"author":[{"embeddable":true,"href":"https:\/\/mhf.ro\/mm\/wp-json\/wp\/v2\/users\/1"}],"replies":[{"embeddable":true,"href":"https:\/\/mhf.ro\/mm\/wp-json\/wp\/v2\/comments?post=2113"}],"version-history":[{"count":5,"href":"https:\/\/mhf.ro\/mm\/wp-json\/wp\/v2\/posts\/2113\/revisions"}],"predecessor-version":[{"id":2121,"href":"https:\/\/mhf.ro\/mm\/wp-json\/wp\/v2\/posts\/2113\/revisions\/2121"}],"wp:featuredmedia":[{"embeddable":true,"href":"https:\/\/mhf.ro\/mm\/wp-json\/wp\/v2\/media\/2115"}],"wp:attachment":[{"href":"https:\/\/mhf.ro\/mm\/wp-json\/wp\/v2\/media?parent=2113"}],"wp:term":[{"taxonomy":"category","embeddable":true,"href":"https:\/\/mhf.ro\/mm\/wp-json\/wp\/v2\/categories?post=2113"},{"taxonomy":"post_tag","embeddable":true,"href":"https:\/\/mhf.ro\/mm\/wp-json\/wp\/v2\/tags?post=2113"}],"curies":[{"name":"wp","href":"https:\/\/api.w.org\/{rel}","templated":true}]}}