{"id":2117,"date":"2020-06-14T19:20:19","date_gmt":"2020-06-14T19:20:19","guid":{"rendered":"https:\/\/mhf.ro\/mm\/?p=2117"},"modified":"2020-06-14T19:20:19","modified_gmt":"2020-06-14T19:20:19","slug":"taceri-si-suspin","status":"publish","type":"post","link":"https:\/\/mhf.ro\/mm\/taceri-si-suspin\/","title":{"rendered":"T\u0103ceri \u0219i suspin"},"content":{"rendered":"<p>De triste\u021bi le fr\u00e2nge v\u00e2ntul<br \/>\nPe ni\u0219te m\u0103icu\u021bi, b\u0103tr\u00e2ne,<br \/>\nC\u00e2nd muncesc, t\u0103c\u00e2nd, p\u0103m\u00e2ntul,<br \/>\nSecer\u00e2nd snopii de gr\u00e2ne.<\/p>\n<p>Ca o scoar\u021b\u0103 de copac<br \/>\nLi-s obrajii ar\u0219i de soare,<br \/>\nPl\u00e2ng m\u0103icu\u021bele \u0219i tac,<br \/>\nC\u00e2nd muncesc cu s\u00e2rg, ogoare.<\/p>\n<p>Degetele r\u0103sfirate<br \/>\nPrin p\u0103m\u00e2nturi, colb \u0219i tin\u0103,<br \/>\nPare c\u0103 au fost uitate<br \/>\n\u00centre pom \u0219i r\u0103d\u0103cin\u0103.<\/p>\n<p>Iar din m\u00e2ini b\u0103t\u0103torite<br \/>\nDe la truda ce-au trudit,<br \/>\nChinuite \u0219i zb\u00e2rcite,<br \/>\nP\u00e2inea noastr-au pl\u0103m\u0103dit.<\/p>\n<p>Ramuri frem\u0103t\u00e2nd \u00een v\u00e2nt,<br \/>\nPar c\u0103 t\u00e2nguie a jale<br \/>\nC\u00e2nd se las\u0103 spre p\u0103m\u00e2nt<br \/>\nCa pe ceafa lor, basmale.<\/p>\n<p>Domnii trec cu nep\u0103sare<br \/>\n\u00cen costumele curate,<br \/>\nPrea departe de ogoare,<br \/>\n\u00cen ma\u0219ini, \u00eenspre palate.<\/p>\n<p>N-ai putea s\u0103-ntorci, Tu, Doamne,<br \/>\nSoarta, ca de-acu-nainte<br \/>\nS\u0103 pl\u00e2ng\u0103 \u0219i ei de foame,<br \/>\nS\u0103 se mai \u00eenve\u021be minte? (anonim)<\/p>\n","protected":false},"excerpt":{"rendered":"<p>De triste\u021bi le fr\u00e2nge v\u00e2ntul Pe ni\u0219te m\u0103icu\u021bi, b\u0103tr\u00e2ne, C\u00e2nd muncesc, t\u0103c\u00e2nd, p\u0103m\u00e2ntul, Secer\u00e2nd snopii de gr\u00e2ne. Ca o scoar\u021b\u0103<\/p>\n","protected":false},"author":1,"featured_media":2123,"comment_status":"open","ping_status":"open","sticky":false,"template":"","format":"standard","meta":{"colormag_page_container_layout":"default_layout","colormag_page_sidebar_layout":"default_layout","footnotes":""},"categories":[8],"tags":[],"class_list":["post-2117","post","type-post","status-publish","format-standard","has-post-thumbnail","hentry","category-div"],"yoast_head":"<!-- This site is optimized with the Yoast SEO plugin v27.0 - https:\/\/yoast.com\/product\/yoast-seo-wordpress\/ -->\n<title>T\u0103ceri \u0219i suspin - MHF Photography<\/title>\n<meta name=\"description\" content=\"De triste\u021bi le fr\u00e2nge v\u00e2ntulPe ni\u0219te m\u0103icu\u021bi, b\u0103tr\u00e2ne,C\u00e2nd muncesc, t\u0103c\u00e2nd, p\u0103m\u00e2ntul,Secer\u00e2nd snopii de gr\u00e2ne. Ca o scoar\u021b\u0103 de copacLi-s obrajii ar\u0219i ...\" \/>\n<meta name=\"robots\" content=\"index, follow, max-snippet:-1, max-image-preview:large, max-video-preview:-1\" \/>\n<link rel=\"canonical\" href=\"https:\/\/mhf.ro\/mm\/taceri-si-suspin\/\" \/>\n<meta property=\"og:locale\" content=\"ro_RO\" \/>\n<meta property=\"og:type\" content=\"article\" \/>\n<meta property=\"og:title\" content=\"T\u0103ceri \u0219i suspin - MHF Photography\" \/>\n<meta property=\"og:description\" content=\"De triste\u021bi le fr\u00e2nge v\u00e2ntulPe ni\u0219te m\u0103icu\u021bi, b\u0103tr\u00e2ne,C\u00e2nd muncesc, t\u0103c\u00e2nd, p\u0103m\u00e2ntul,Secer\u00e2nd snopii de gr\u00e2ne. Ca o scoar\u021b\u0103 de copacLi-s obrajii ar\u0219i ...\" \/>\n<meta property=\"og:url\" content=\"https:\/\/mhf.ro\/mm\/taceri-si-suspin\/\" \/>\n<meta property=\"og:site_name\" content=\"MHF Photography\" \/>\n<meta property=\"article:published_time\" content=\"2020-06-14T19:20:19+00:00\" \/>\n<meta property=\"og:image\" content=\"https:\/\/mhf.ro\/mm\/wp-content\/uploads\/2020\/06\/poezie.jpg\" \/>\n\t<meta property=\"og:image:width\" content=\"1280\" \/>\n\t<meta property=\"og:image:height\" content=\"853\" \/>\n\t<meta property=\"og:image:type\" content=\"image\/jpeg\" \/>\n<meta name=\"author\" content=\"Marius Marcu\" \/>\n<meta name=\"twitter:card\" content=\"summary_large_image\" \/>\n<meta name=\"twitter:label1\" content=\"Scris de\" \/>\n\t<meta name=\"twitter:data1\" content=\"Marius Marcu\" \/>\n\t<meta name=\"twitter:label2\" content=\"Timp estimat pentru citire\" \/>\n\t<meta name=\"twitter:data2\" content=\"1 minut\" \/>\n<script type=\"application\/ld+json\" class=\"yoast-schema-graph\">{\"@context\":\"https:\/\/schema.org\",\"@graph\":[{\"@type\":\"Article\",\"@id\":\"https:\/\/mhf.ro\/mm\/taceri-si-suspin\/#article\",\"isPartOf\":{\"@id\":\"https:\/\/mhf.ro\/mm\/taceri-si-suspin\/\"},\"author\":{\"name\":\"Marius Marcu\",\"@id\":\"https:\/\/mhf.ro\/mm\/#\/schema\/person\/a3bebf7bdb4bf12f698aff73c7e46c21\"},\"headline\":\"T\u0103ceri \u0219i suspin\",\"datePublished\":\"2020-06-14T19:20:19+00:00\",\"mainEntityOfPage\":{\"@id\":\"https:\/\/mhf.ro\/mm\/taceri-si-suspin\/\"},\"wordCount\":170,\"commentCount\":0,\"publisher\":{\"@id\":\"https:\/\/mhf.ro\/mm\/#\/schema\/person\/a3bebf7bdb4bf12f698aff73c7e46c21\"},\"image\":{\"@id\":\"https:\/\/mhf.ro\/mm\/taceri-si-suspin\/#primaryimage\"},\"thumbnailUrl\":\"https:\/\/mhf.ro\/mm\/wp-content\/uploads\/2020\/06\/poezie.jpg\",\"articleSection\":[\"Diverse\"],\"inLanguage\":\"ro-RO\",\"potentialAction\":[{\"@type\":\"CommentAction\",\"name\":\"Comment\",\"target\":[\"https:\/\/mhf.ro\/mm\/taceri-si-suspin\/#respond\"]}]},{\"@type\":\"WebPage\",\"@id\":\"https:\/\/mhf.ro\/mm\/taceri-si-suspin\/\",\"url\":\"https:\/\/mhf.ro\/mm\/taceri-si-suspin\/\",\"name\":\"T\u0103ceri \u0219i suspin - MHF Photography\",\"isPartOf\":{\"@id\":\"https:\/\/mhf.ro\/mm\/#website\"},\"primaryImageOfPage\":{\"@id\":\"https:\/\/mhf.ro\/mm\/taceri-si-suspin\/#primaryimage\"},\"image\":{\"@id\":\"https:\/\/mhf.ro\/mm\/taceri-si-suspin\/#primaryimage\"},\"thumbnailUrl\":\"https:\/\/mhf.ro\/mm\/wp-content\/uploads\/2020\/06\/poezie.jpg\",\"datePublished\":\"2020-06-14T19:20:19+00:00\",\"description\":\"De triste\u021bi le fr\u00e2nge v\u00e2ntulPe ni\u0219te m\u0103icu\u021bi, b\u0103tr\u00e2ne,C\u00e2nd muncesc, t\u0103c\u00e2nd, p\u0103m\u00e2ntul,Secer\u00e2nd snopii de gr\u00e2ne. Ca o scoar\u021b\u0103 de copacLi-s obrajii ar\u0219i ...\",\"breadcrumb\":{\"@id\":\"https:\/\/mhf.ro\/mm\/taceri-si-suspin\/#breadcrumb\"},\"inLanguage\":\"ro-RO\",\"potentialAction\":[{\"@type\":\"ReadAction\",\"target\":[\"https:\/\/mhf.ro\/mm\/taceri-si-suspin\/\"]}]},{\"@type\":\"ImageObject\",\"inLanguage\":\"ro-RO\",\"@id\":\"https:\/\/mhf.ro\/mm\/taceri-si-suspin\/#primaryimage\",\"url\":\"https:\/\/mhf.ro\/mm\/wp-content\/uploads\/2020\/06\/poezie.jpg\",\"contentUrl\":\"https:\/\/mhf.ro\/mm\/wp-content\/uploads\/2020\/06\/poezie.jpg\",\"width\":1280,\"height\":853},{\"@type\":\"BreadcrumbList\",\"@id\":\"https:\/\/mhf.ro\/mm\/taceri-si-suspin\/#breadcrumb\",\"itemListElement\":[{\"@type\":\"ListItem\",\"position\":1,\"name\":\"Prima pagin\u0103\",\"item\":\"https:\/\/mhf.ro\/mm\/\"},{\"@type\":\"ListItem\",\"position\":2,\"name\":\"T\u0103ceri \u0219i suspin\"}]},{\"@type\":\"WebSite\",\"@id\":\"https:\/\/mhf.ro\/mm\/#website\",\"url\":\"https:\/\/mhf.ro\/mm\/\",\"name\":\"MHF Photography \u2013 Blog de fotografie, natur\u0103 \u0219i tehnic\u0103 divers\u0103\",\"description\":\"Aventur\u0103 \u00een fiecare cadru.\",\"publisher\":{\"@id\":\"https:\/\/mhf.ro\/mm\/#\/schema\/person\/a3bebf7bdb4bf12f698aff73c7e46c21\"},\"potentialAction\":[{\"@type\":\"SearchAction\",\"target\":{\"@type\":\"EntryPoint\",\"urlTemplate\":\"https:\/\/mhf.ro\/mm\/?s={search_term_string}\"},\"query-input\":{\"@type\":\"PropertyValueSpecification\",\"valueRequired\":true,\"valueName\":\"search_term_string\"}}],\"inLanguage\":\"ro-RO\"},{\"@type\":[\"Person\",\"Organization\"],\"@id\":\"https:\/\/mhf.ro\/mm\/#\/schema\/person\/a3bebf7bdb4bf12f698aff73c7e46c21\",\"name\":\"Marius Marcu\",\"image\":{\"@type\":\"ImageObject\",\"inLanguage\":\"ro-RO\",\"@id\":\"https:\/\/mhf.ro\/mm\/#\/schema\/person\/image\/\",\"url\":\"https:\/\/mhf.ro\/mm\/wp-content\/uploads\/2025\/12\/cropped-logo_mhf_2.png\",\"contentUrl\":\"https:\/\/mhf.ro\/mm\/wp-content\/uploads\/2025\/12\/cropped-logo_mhf_2.png\",\"width\":1096,\"height\":457,\"caption\":\"Marius Marcu\"},\"logo\":{\"@id\":\"https:\/\/mhf.ro\/mm\/#\/schema\/person\/image\/\"},\"sameAs\":[\"https:\/\/mhf.ro\/mm\"],\"url\":\"https:\/\/mhf.ro\/mm\/author\/mihai\/\"}]}<\/script>\n<!-- \/ Yoast SEO plugin. -->","yoast_head_json":{"title":"T\u0103ceri \u0219i suspin - MHF Photography","description":"De triste\u021bi le fr\u00e2nge v\u00e2ntulPe ni\u0219te m\u0103icu\u021bi, b\u0103tr\u00e2ne,C\u00e2nd muncesc, t\u0103c\u00e2nd, p\u0103m\u00e2ntul,Secer\u00e2nd snopii de gr\u00e2ne. Ca o scoar\u021b\u0103 de copacLi-s obrajii ar\u0219i ...","robots":{"index":"index","follow":"follow","max-snippet":"max-snippet:-1","max-image-preview":"max-image-preview:large","max-video-preview":"max-video-preview:-1"},"canonical":"https:\/\/mhf.ro\/mm\/taceri-si-suspin\/","og_locale":"ro_RO","og_type":"article","og_title":"T\u0103ceri \u0219i suspin - MHF Photography","og_description":"De triste\u021bi le fr\u00e2nge v\u00e2ntulPe ni\u0219te m\u0103icu\u021bi, b\u0103tr\u00e2ne,C\u00e2nd muncesc, t\u0103c\u00e2nd, p\u0103m\u00e2ntul,Secer\u00e2nd snopii de gr\u00e2ne. Ca o scoar\u021b\u0103 de copacLi-s obrajii ar\u0219i ...","og_url":"https:\/\/mhf.ro\/mm\/taceri-si-suspin\/","og_site_name":"MHF Photography","article_published_time":"2020-06-14T19:20:19+00:00","og_image":[{"width":1280,"height":853,"url":"https:\/\/mhf.ro\/mm\/wp-content\/uploads\/2020\/06\/poezie.jpg","type":"image\/jpeg"}],"author":"Marius Marcu","twitter_card":"summary_large_image","twitter_misc":{"Scris de":"Marius Marcu","Timp estimat pentru citire":"1 minut"},"schema":{"@context":"https:\/\/schema.org","@graph":[{"@type":"Article","@id":"https:\/\/mhf.ro\/mm\/taceri-si-suspin\/#article","isPartOf":{"@id":"https:\/\/mhf.ro\/mm\/taceri-si-suspin\/"},"author":{"name":"Marius Marcu","@id":"https:\/\/mhf.ro\/mm\/#\/schema\/person\/a3bebf7bdb4bf12f698aff73c7e46c21"},"headline":"T\u0103ceri \u0219i suspin","datePublished":"2020-06-14T19:20:19+00:00","mainEntityOfPage":{"@id":"https:\/\/mhf.ro\/mm\/taceri-si-suspin\/"},"wordCount":170,"commentCount":0,"publisher":{"@id":"https:\/\/mhf.ro\/mm\/#\/schema\/person\/a3bebf7bdb4bf12f698aff73c7e46c21"},"image":{"@id":"https:\/\/mhf.ro\/mm\/taceri-si-suspin\/#primaryimage"},"thumbnailUrl":"https:\/\/mhf.ro\/mm\/wp-content\/uploads\/2020\/06\/poezie.jpg","articleSection":["Diverse"],"inLanguage":"ro-RO","potentialAction":[{"@type":"CommentAction","name":"Comment","target":["https:\/\/mhf.ro\/mm\/taceri-si-suspin\/#respond"]}]},{"@type":"WebPage","@id":"https:\/\/mhf.ro\/mm\/taceri-si-suspin\/","url":"https:\/\/mhf.ro\/mm\/taceri-si-suspin\/","name":"T\u0103ceri \u0219i suspin - MHF Photography","isPartOf":{"@id":"https:\/\/mhf.ro\/mm\/#website"},"primaryImageOfPage":{"@id":"https:\/\/mhf.ro\/mm\/taceri-si-suspin\/#primaryimage"},"image":{"@id":"https:\/\/mhf.ro\/mm\/taceri-si-suspin\/#primaryimage"},"thumbnailUrl":"https:\/\/mhf.ro\/mm\/wp-content\/uploads\/2020\/06\/poezie.jpg","datePublished":"2020-06-14T19:20:19+00:00","description":"De triste\u021bi le fr\u00e2nge v\u00e2ntulPe ni\u0219te m\u0103icu\u021bi, b\u0103tr\u00e2ne,C\u00e2nd muncesc, t\u0103c\u00e2nd, p\u0103m\u00e2ntul,Secer\u00e2nd snopii de gr\u00e2ne. Ca o scoar\u021b\u0103 de copacLi-s obrajii ar\u0219i ...","breadcrumb":{"@id":"https:\/\/mhf.ro\/mm\/taceri-si-suspin\/#breadcrumb"},"inLanguage":"ro-RO","potentialAction":[{"@type":"ReadAction","target":["https:\/\/mhf.ro\/mm\/taceri-si-suspin\/"]}]},{"@type":"ImageObject","inLanguage":"ro-RO","@id":"https:\/\/mhf.ro\/mm\/taceri-si-suspin\/#primaryimage","url":"https:\/\/mhf.ro\/mm\/wp-content\/uploads\/2020\/06\/poezie.jpg","contentUrl":"https:\/\/mhf.ro\/mm\/wp-content\/uploads\/2020\/06\/poezie.jpg","width":1280,"height":853},{"@type":"BreadcrumbList","@id":"https:\/\/mhf.ro\/mm\/taceri-si-suspin\/#breadcrumb","itemListElement":[{"@type":"ListItem","position":1,"name":"Prima pagin\u0103","item":"https:\/\/mhf.ro\/mm\/"},{"@type":"ListItem","position":2,"name":"T\u0103ceri \u0219i suspin"}]},{"@type":"WebSite","@id":"https:\/\/mhf.ro\/mm\/#website","url":"https:\/\/mhf.ro\/mm\/","name":"MHF Photography \u2013 Blog de fotografie, natur\u0103 \u0219i tehnic\u0103 divers\u0103","description":"Aventur\u0103 \u00een fiecare cadru.","publisher":{"@id":"https:\/\/mhf.ro\/mm\/#\/schema\/person\/a3bebf7bdb4bf12f698aff73c7e46c21"},"potentialAction":[{"@type":"SearchAction","target":{"@type":"EntryPoint","urlTemplate":"https:\/\/mhf.ro\/mm\/?s={search_term_string}"},"query-input":{"@type":"PropertyValueSpecification","valueRequired":true,"valueName":"search_term_string"}}],"inLanguage":"ro-RO"},{"@type":["Person","Organization"],"@id":"https:\/\/mhf.ro\/mm\/#\/schema\/person\/a3bebf7bdb4bf12f698aff73c7e46c21","name":"Marius Marcu","image":{"@type":"ImageObject","inLanguage":"ro-RO","@id":"https:\/\/mhf.ro\/mm\/#\/schema\/person\/image\/","url":"https:\/\/mhf.ro\/mm\/wp-content\/uploads\/2025\/12\/cropped-logo_mhf_2.png","contentUrl":"https:\/\/mhf.ro\/mm\/wp-content\/uploads\/2025\/12\/cropped-logo_mhf_2.png","width":1096,"height":457,"caption":"Marius Marcu"},"logo":{"@id":"https:\/\/mhf.ro\/mm\/#\/schema\/person\/image\/"},"sameAs":["https:\/\/mhf.ro\/mm"],"url":"https:\/\/mhf.ro\/mm\/author\/mihai\/"}]}},"_links":{"self":[{"href":"https:\/\/mhf.ro\/mm\/wp-json\/wp\/v2\/posts\/2117","targetHints":{"allow":["GET"]}}],"collection":[{"href":"https:\/\/mhf.ro\/mm\/wp-json\/wp\/v2\/posts"}],"about":[{"href":"https:\/\/mhf.ro\/mm\/wp-json\/wp\/v2\/types\/post"}],"author":[{"embeddable":true,"href":"https:\/\/mhf.ro\/mm\/wp-json\/wp\/v2\/users\/1"}],"replies":[{"embeddable":true,"href":"https:\/\/mhf.ro\/mm\/wp-json\/wp\/v2\/comments?post=2117"}],"version-history":[{"count":2,"href":"https:\/\/mhf.ro\/mm\/wp-json\/wp\/v2\/posts\/2117\/revisions"}],"predecessor-version":[{"id":2122,"href":"https:\/\/mhf.ro\/mm\/wp-json\/wp\/v2\/posts\/2117\/revisions\/2122"}],"wp:featuredmedia":[{"embeddable":true,"href":"https:\/\/mhf.ro\/mm\/wp-json\/wp\/v2\/media\/2123"}],"wp:attachment":[{"href":"https:\/\/mhf.ro\/mm\/wp-json\/wp\/v2\/media?parent=2117"}],"wp:term":[{"taxonomy":"category","embeddable":true,"href":"https:\/\/mhf.ro\/mm\/wp-json\/wp\/v2\/categories?post=2117"},{"taxonomy":"post_tag","embeddable":true,"href":"https:\/\/mhf.ro\/mm\/wp-json\/wp\/v2\/tags?post=2117"}],"curies":[{"name":"wp","href":"https:\/\/api.w.org\/{rel}","templated":true}]}}