{"id":2124,"date":"2020-06-15T17:13:53","date_gmt":"2020-06-15T17:13:53","guid":{"rendered":"https:\/\/mhf.ro\/mm\/?p=2124"},"modified":"2020-06-16T19:49:05","modified_gmt":"2020-06-16T19:49:05","slug":"mihai-eminescu","status":"publish","type":"post","link":"https:\/\/mhf.ro\/mm\/mihai-eminescu\/","title":{"rendered":"MIHAI EMINESCU"},"content":{"rendered":"<p>Ast\u0103zi se \u00eemplinesc 131 de ani de la moartea celui care spunea c\u0103 atunci &#8222;c\u00e2nd sorii se sting \u015fi stelele pic\u0103\/\u00cemi vine a crede c\u0103 totu-i nimic\u0103&#8221;.<br \/>\nSe vorbe\u015fte din ce \u00een ce mai pu\u021bin despre &#8222;ultimul mare romantic european&#8221;.<br \/>\nTr\u0103im \u00eentr-o lume \u00een care, foarte probabil, dac\u0103 Eminescu ar fi ap\u0103rut cumva pe la Pia\u021ba Universit\u0103\u021bii, ar fi riscat s\u0103 fie luat la goan\u0103 de barbarii ap\u0103ru\u021bi din neant. Degeaba i-ar fi \u00eentrebat el de ce se consider\u0103 ei &#8222;urma\u015fii Romei&#8221;, n-ar fi f\u0103cut dec\u00e2t s\u0103-i \u00eent\u0103r\u00e2te \u015fi mai mult pe cei care se cred &#8222;minuna\u021bi&#8221;, c\u00e2nd, de fapt, nu sunt dec\u00e2t ni\u015fte &#8222;mu\u015fti de-o zi pe-o lume mic\u0103, de se m\u0103sur\u0103 cu cotul&#8221;.<br \/>\n\u015ei s-ar fi g\u0103sit, cu siguran\u021b\u0103, c\u00e2te un &#8222;pedant&#8221; cu ifose de mare intelectual care s\u0103-l vrea pe Eminescu \u00een debara.<br \/>\n\u00cens\u0103 marele nostru poet \u00eei va fi privit pe to\u021bi cu deta\u015fare olimpian\u0103, de acolo de sus, din galaxia nemuritorilor, unde ajung numai c\u00e2\u021biva ale\u015fi ai soartei:<br \/>\n&#8222;Tr\u0103ind \u00een cercul vostru str\u00e2mt<br \/>\nNorocul v\u0103 petrece,<br \/>\nCi eu \u00een lumea mea m\u0103 simt<br \/>\nNemuritor \u015fi rece&#8230;&#8221;<br \/>\n\u00cenchei cu cele mai frumoase cuvinte care s-au spus,\u00a0 \u00een opinia mea, despre Mihai Eminescu:<br \/>\n&#8222;Astfel se stinse, \u00een al optulea lustru de viat\u0103, cel mai mare poet pe care l-a ivit \u015fi-l va ivi vreodat\u0103, poate, p\u0103m\u00e2ntul rom\u00e2nesc. Ape vor seca \u00een albie \u015fi pe locul morm\u00e2ntului s\u0103u va r\u0103sari p\u0103dure sau cetate, p\u00e2n\u0103 c\u00e2nd sevele acestui p\u0103m\u00eent se vor str\u00eenge \u00een \u021beava sub\u021bire a altui crin de t\u0103ria parfumurilor sale&#8221;.<\/p>\n","protected":false},"excerpt":{"rendered":"<p>Ast\u0103zi se \u00eemplinesc 131 de ani de la moartea celui care spunea c\u0103 atunci &#8222;c\u00e2nd sorii se sting \u015fi stelele<\/p>\n","protected":false},"author":10,"featured_media":2131,"comment_status":"open","ping_status":"open","sticky":false,"template":"","format":"standard","meta":{"colormag_page_container_layout":"default_layout","colormag_page_sidebar_layout":"default_layout","footnotes":""},"categories":[8],"tags":[],"class_list":["post-2124","post","type-post","status-publish","format-standard","has-post-thumbnail","hentry","category-div"],"yoast_head":"<!-- This site is optimized with the Yoast SEO plugin v27.0 - https:\/\/yoast.com\/product\/yoast-seo-wordpress\/ -->\n<title>MIHAI EMINESCU - MHF Photography<\/title>\n<meta name=\"robots\" content=\"index, follow, max-snippet:-1, max-image-preview:large, max-video-preview:-1\" \/>\n<link rel=\"canonical\" href=\"https:\/\/mhf.ro\/mm\/mihai-eminescu\/\" \/>\n<meta property=\"og:locale\" content=\"ro_RO\" \/>\n<meta property=\"og:type\" content=\"article\" \/>\n<meta property=\"og:title\" content=\"MIHAI EMINESCU - MHF Photography\" \/>\n<meta property=\"og:description\" content=\"Ast\u0103zi se \u00eemplinesc 131 de ani de la moartea celui care spunea c\u0103 atunci &#8222;c\u00e2nd sorii se sting \u015fi stelele\" \/>\n<meta property=\"og:url\" content=\"https:\/\/mhf.ro\/mm\/mihai-eminescu\/\" \/>\n<meta property=\"og:site_name\" content=\"MHF Photography\" \/>\n<meta property=\"article:published_time\" content=\"2020-06-15T17:13:53+00:00\" \/>\n<meta property=\"article:modified_time\" content=\"2020-06-16T19:49:05+00:00\" \/>\n<meta property=\"og:image\" content=\"https:\/\/mhf.ro\/mm\/wp-content\/uploads\/2020\/06\/Eminescu_3.jpg\" \/>\n\t<meta property=\"og:image:width\" content=\"800\" \/>\n\t<meta property=\"og:image:height\" content=\"564\" \/>\n\t<meta property=\"og:image:type\" content=\"image\/jpeg\" \/>\n<meta name=\"author\" content=\"Mitu Ion\" \/>\n<meta name=\"twitter:card\" content=\"summary_large_image\" \/>\n<meta name=\"twitter:label1\" content=\"Scris de\" \/>\n\t<meta name=\"twitter:data1\" content=\"Mitu Ion\" \/>\n\t<meta name=\"twitter:label2\" content=\"Timp estimat pentru citire\" \/>\n\t<meta name=\"twitter:data2\" content=\"1 minut\" \/>\n<script type=\"application\/ld+json\" class=\"yoast-schema-graph\">{\"@context\":\"https:\/\/schema.org\",\"@graph\":[{\"@type\":\"Article\",\"@id\":\"https:\/\/mhf.ro\/mm\/mihai-eminescu\/#article\",\"isPartOf\":{\"@id\":\"https:\/\/mhf.ro\/mm\/mihai-eminescu\/\"},\"author\":{\"name\":\"Mitu Ion\",\"@id\":\"https:\/\/mhf.ro\/mm\/#\/schema\/person\/ecde2c4d3c2298573c280821ab6d9965\"},\"headline\":\"MIHAI EMINESCU\",\"datePublished\":\"2020-06-15T17:13:53+00:00\",\"dateModified\":\"2020-06-16T19:49:05+00:00\",\"mainEntityOfPage\":{\"@id\":\"https:\/\/mhf.ro\/mm\/mihai-eminescu\/\"},\"wordCount\":300,\"commentCount\":2,\"publisher\":{\"@id\":\"https:\/\/mhf.ro\/mm\/#\/schema\/person\/a3bebf7bdb4bf12f698aff73c7e46c21\"},\"image\":{\"@id\":\"https:\/\/mhf.ro\/mm\/mihai-eminescu\/#primaryimage\"},\"thumbnailUrl\":\"https:\/\/mhf.ro\/mm\/wp-content\/uploads\/2020\/06\/Eminescu_3.jpg\",\"articleSection\":[\"Diverse\"],\"inLanguage\":\"ro-RO\",\"potentialAction\":[{\"@type\":\"CommentAction\",\"name\":\"Comment\",\"target\":[\"https:\/\/mhf.ro\/mm\/mihai-eminescu\/#respond\"]}]},{\"@type\":\"WebPage\",\"@id\":\"https:\/\/mhf.ro\/mm\/mihai-eminescu\/\",\"url\":\"https:\/\/mhf.ro\/mm\/mihai-eminescu\/\",\"name\":\"MIHAI EMINESCU - MHF Photography\",\"isPartOf\":{\"@id\":\"https:\/\/mhf.ro\/mm\/#website\"},\"primaryImageOfPage\":{\"@id\":\"https:\/\/mhf.ro\/mm\/mihai-eminescu\/#primaryimage\"},\"image\":{\"@id\":\"https:\/\/mhf.ro\/mm\/mihai-eminescu\/#primaryimage\"},\"thumbnailUrl\":\"https:\/\/mhf.ro\/mm\/wp-content\/uploads\/2020\/06\/Eminescu_3.jpg\",\"datePublished\":\"2020-06-15T17:13:53+00:00\",\"dateModified\":\"2020-06-16T19:49:05+00:00\",\"breadcrumb\":{\"@id\":\"https:\/\/mhf.ro\/mm\/mihai-eminescu\/#breadcrumb\"},\"inLanguage\":\"ro-RO\",\"potentialAction\":[{\"@type\":\"ReadAction\",\"target\":[\"https:\/\/mhf.ro\/mm\/mihai-eminescu\/\"]}]},{\"@type\":\"ImageObject\",\"inLanguage\":\"ro-RO\",\"@id\":\"https:\/\/mhf.ro\/mm\/mihai-eminescu\/#primaryimage\",\"url\":\"https:\/\/mhf.ro\/mm\/wp-content\/uploads\/2020\/06\/Eminescu_3.jpg\",\"contentUrl\":\"https:\/\/mhf.ro\/mm\/wp-content\/uploads\/2020\/06\/Eminescu_3.jpg\",\"width\":800,\"height\":564},{\"@type\":\"BreadcrumbList\",\"@id\":\"https:\/\/mhf.ro\/mm\/mihai-eminescu\/#breadcrumb\",\"itemListElement\":[{\"@type\":\"ListItem\",\"position\":1,\"name\":\"Prima pagin\u0103\",\"item\":\"https:\/\/mhf.ro\/mm\/\"},{\"@type\":\"ListItem\",\"position\":2,\"name\":\"MIHAI EMINESCU\"}]},{\"@type\":\"WebSite\",\"@id\":\"https:\/\/mhf.ro\/mm\/#website\",\"url\":\"https:\/\/mhf.ro\/mm\/\",\"name\":\"MHF Photography \u2013 Blog de fotografie, natur\u0103 \u0219i tehnic\u0103 divers\u0103\",\"description\":\"Aventur\u0103 \u00een fiecare cadru.\",\"publisher\":{\"@id\":\"https:\/\/mhf.ro\/mm\/#\/schema\/person\/a3bebf7bdb4bf12f698aff73c7e46c21\"},\"potentialAction\":[{\"@type\":\"SearchAction\",\"target\":{\"@type\":\"EntryPoint\",\"urlTemplate\":\"https:\/\/mhf.ro\/mm\/?s={search_term_string}\"},\"query-input\":{\"@type\":\"PropertyValueSpecification\",\"valueRequired\":true,\"valueName\":\"search_term_string\"}}],\"inLanguage\":\"ro-RO\"},{\"@type\":[\"Person\",\"Organization\"],\"@id\":\"https:\/\/mhf.ro\/mm\/#\/schema\/person\/a3bebf7bdb4bf12f698aff73c7e46c21\",\"name\":\"Marius Marcu\",\"image\":{\"@type\":\"ImageObject\",\"inLanguage\":\"ro-RO\",\"@id\":\"https:\/\/mhf.ro\/mm\/#\/schema\/person\/image\/\",\"url\":\"https:\/\/mhf.ro\/mm\/wp-content\/uploads\/2025\/12\/cropped-logo_mhf_2.png\",\"contentUrl\":\"https:\/\/mhf.ro\/mm\/wp-content\/uploads\/2025\/12\/cropped-logo_mhf_2.png\",\"width\":1096,\"height\":457,\"caption\":\"Marius Marcu\"},\"logo\":{\"@id\":\"https:\/\/mhf.ro\/mm\/#\/schema\/person\/image\/\"},\"sameAs\":[\"https:\/\/mhf.ro\/mm\"]},{\"@type\":\"Person\",\"@id\":\"https:\/\/mhf.ro\/mm\/#\/schema\/person\/ecde2c4d3c2298573c280821ab6d9965\",\"name\":\"Mitu Ion\",\"image\":{\"@type\":\"ImageObject\",\"inLanguage\":\"ro-RO\",\"@id\":\"https:\/\/mhf.ro\/mm\/#\/schema\/person\/image\/\",\"url\":\"https:\/\/secure.gravatar.com\/avatar\/fb0a4d707f287178aadfb359603e2d946f49db0cd52072b1b6748bc111739ee5?s=96&d=monsterid&r=g\",\"contentUrl\":\"https:\/\/secure.gravatar.com\/avatar\/fb0a4d707f287178aadfb359603e2d946f49db0cd52072b1b6748bc111739ee5?s=96&d=monsterid&r=g\",\"caption\":\"Mitu Ion\"},\"sameAs\":[\"https:\/\/mhf.ro\/mm\"],\"url\":\"https:\/\/mhf.ro\/mm\/author\/mitu\/\"}]}<\/script>\n<!-- \/ Yoast SEO plugin. -->","yoast_head_json":{"title":"MIHAI EMINESCU - MHF Photography","robots":{"index":"index","follow":"follow","max-snippet":"max-snippet:-1","max-image-preview":"max-image-preview:large","max-video-preview":"max-video-preview:-1"},"canonical":"https:\/\/mhf.ro\/mm\/mihai-eminescu\/","og_locale":"ro_RO","og_type":"article","og_title":"MIHAI EMINESCU - MHF Photography","og_description":"Ast\u0103zi se \u00eemplinesc 131 de ani de la moartea celui care spunea c\u0103 atunci &#8222;c\u00e2nd sorii se sting \u015fi stelele","og_url":"https:\/\/mhf.ro\/mm\/mihai-eminescu\/","og_site_name":"MHF Photography","article_published_time":"2020-06-15T17:13:53+00:00","article_modified_time":"2020-06-16T19:49:05+00:00","og_image":[{"width":800,"height":564,"url":"https:\/\/mhf.ro\/mm\/wp-content\/uploads\/2020\/06\/Eminescu_3.jpg","type":"image\/jpeg"}],"author":"Mitu Ion","twitter_card":"summary_large_image","twitter_misc":{"Scris de":"Mitu Ion","Timp estimat pentru citire":"1 minut"},"schema":{"@context":"https:\/\/schema.org","@graph":[{"@type":"Article","@id":"https:\/\/mhf.ro\/mm\/mihai-eminescu\/#article","isPartOf":{"@id":"https:\/\/mhf.ro\/mm\/mihai-eminescu\/"},"author":{"name":"Mitu Ion","@id":"https:\/\/mhf.ro\/mm\/#\/schema\/person\/ecde2c4d3c2298573c280821ab6d9965"},"headline":"MIHAI EMINESCU","datePublished":"2020-06-15T17:13:53+00:00","dateModified":"2020-06-16T19:49:05+00:00","mainEntityOfPage":{"@id":"https:\/\/mhf.ro\/mm\/mihai-eminescu\/"},"wordCount":300,"commentCount":2,"publisher":{"@id":"https:\/\/mhf.ro\/mm\/#\/schema\/person\/a3bebf7bdb4bf12f698aff73c7e46c21"},"image":{"@id":"https:\/\/mhf.ro\/mm\/mihai-eminescu\/#primaryimage"},"thumbnailUrl":"https:\/\/mhf.ro\/mm\/wp-content\/uploads\/2020\/06\/Eminescu_3.jpg","articleSection":["Diverse"],"inLanguage":"ro-RO","potentialAction":[{"@type":"CommentAction","name":"Comment","target":["https:\/\/mhf.ro\/mm\/mihai-eminescu\/#respond"]}]},{"@type":"WebPage","@id":"https:\/\/mhf.ro\/mm\/mihai-eminescu\/","url":"https:\/\/mhf.ro\/mm\/mihai-eminescu\/","name":"MIHAI EMINESCU - MHF Photography","isPartOf":{"@id":"https:\/\/mhf.ro\/mm\/#website"},"primaryImageOfPage":{"@id":"https:\/\/mhf.ro\/mm\/mihai-eminescu\/#primaryimage"},"image":{"@id":"https:\/\/mhf.ro\/mm\/mihai-eminescu\/#primaryimage"},"thumbnailUrl":"https:\/\/mhf.ro\/mm\/wp-content\/uploads\/2020\/06\/Eminescu_3.jpg","datePublished":"2020-06-15T17:13:53+00:00","dateModified":"2020-06-16T19:49:05+00:00","breadcrumb":{"@id":"https:\/\/mhf.ro\/mm\/mihai-eminescu\/#breadcrumb"},"inLanguage":"ro-RO","potentialAction":[{"@type":"ReadAction","target":["https:\/\/mhf.ro\/mm\/mihai-eminescu\/"]}]},{"@type":"ImageObject","inLanguage":"ro-RO","@id":"https:\/\/mhf.ro\/mm\/mihai-eminescu\/#primaryimage","url":"https:\/\/mhf.ro\/mm\/wp-content\/uploads\/2020\/06\/Eminescu_3.jpg","contentUrl":"https:\/\/mhf.ro\/mm\/wp-content\/uploads\/2020\/06\/Eminescu_3.jpg","width":800,"height":564},{"@type":"BreadcrumbList","@id":"https:\/\/mhf.ro\/mm\/mihai-eminescu\/#breadcrumb","itemListElement":[{"@type":"ListItem","position":1,"name":"Prima pagin\u0103","item":"https:\/\/mhf.ro\/mm\/"},{"@type":"ListItem","position":2,"name":"MIHAI EMINESCU"}]},{"@type":"WebSite","@id":"https:\/\/mhf.ro\/mm\/#website","url":"https:\/\/mhf.ro\/mm\/","name":"MHF Photography \u2013 Blog de fotografie, natur\u0103 \u0219i tehnic\u0103 divers\u0103","description":"Aventur\u0103 \u00een fiecare cadru.","publisher":{"@id":"https:\/\/mhf.ro\/mm\/#\/schema\/person\/a3bebf7bdb4bf12f698aff73c7e46c21"},"potentialAction":[{"@type":"SearchAction","target":{"@type":"EntryPoint","urlTemplate":"https:\/\/mhf.ro\/mm\/?s={search_term_string}"},"query-input":{"@type":"PropertyValueSpecification","valueRequired":true,"valueName":"search_term_string"}}],"inLanguage":"ro-RO"},{"@type":["Person","Organization"],"@id":"https:\/\/mhf.ro\/mm\/#\/schema\/person\/a3bebf7bdb4bf12f698aff73c7e46c21","name":"Marius Marcu","image":{"@type":"ImageObject","inLanguage":"ro-RO","@id":"https:\/\/mhf.ro\/mm\/#\/schema\/person\/image\/","url":"https:\/\/mhf.ro\/mm\/wp-content\/uploads\/2025\/12\/cropped-logo_mhf_2.png","contentUrl":"https:\/\/mhf.ro\/mm\/wp-content\/uploads\/2025\/12\/cropped-logo_mhf_2.png","width":1096,"height":457,"caption":"Marius Marcu"},"logo":{"@id":"https:\/\/mhf.ro\/mm\/#\/schema\/person\/image\/"},"sameAs":["https:\/\/mhf.ro\/mm"]},{"@type":"Person","@id":"https:\/\/mhf.ro\/mm\/#\/schema\/person\/ecde2c4d3c2298573c280821ab6d9965","name":"Mitu Ion","image":{"@type":"ImageObject","inLanguage":"ro-RO","@id":"https:\/\/mhf.ro\/mm\/#\/schema\/person\/image\/","url":"https:\/\/secure.gravatar.com\/avatar\/fb0a4d707f287178aadfb359603e2d946f49db0cd52072b1b6748bc111739ee5?s=96&d=monsterid&r=g","contentUrl":"https:\/\/secure.gravatar.com\/avatar\/fb0a4d707f287178aadfb359603e2d946f49db0cd52072b1b6748bc111739ee5?s=96&d=monsterid&r=g","caption":"Mitu Ion"},"sameAs":["https:\/\/mhf.ro\/mm"],"url":"https:\/\/mhf.ro\/mm\/author\/mitu\/"}]}},"_links":{"self":[{"href":"https:\/\/mhf.ro\/mm\/wp-json\/wp\/v2\/posts\/2124","targetHints":{"allow":["GET"]}}],"collection":[{"href":"https:\/\/mhf.ro\/mm\/wp-json\/wp\/v2\/posts"}],"about":[{"href":"https:\/\/mhf.ro\/mm\/wp-json\/wp\/v2\/types\/post"}],"author":[{"embeddable":true,"href":"https:\/\/mhf.ro\/mm\/wp-json\/wp\/v2\/users\/10"}],"replies":[{"embeddable":true,"href":"https:\/\/mhf.ro\/mm\/wp-json\/wp\/v2\/comments?post=2124"}],"version-history":[{"count":2,"href":"https:\/\/mhf.ro\/mm\/wp-json\/wp\/v2\/posts\/2124\/revisions"}],"predecessor-version":[{"id":2132,"href":"https:\/\/mhf.ro\/mm\/wp-json\/wp\/v2\/posts\/2124\/revisions\/2132"}],"wp:featuredmedia":[{"embeddable":true,"href":"https:\/\/mhf.ro\/mm\/wp-json\/wp\/v2\/media\/2131"}],"wp:attachment":[{"href":"https:\/\/mhf.ro\/mm\/wp-json\/wp\/v2\/media?parent=2124"}],"wp:term":[{"taxonomy":"category","embeddable":true,"href":"https:\/\/mhf.ro\/mm\/wp-json\/wp\/v2\/categories?post=2124"},{"taxonomy":"post_tag","embeddable":true,"href":"https:\/\/mhf.ro\/mm\/wp-json\/wp\/v2\/tags?post=2124"}],"curies":[{"name":"wp","href":"https:\/\/api.w.org\/{rel}","templated":true}]}}