{"id":2155,"date":"2020-06-19T16:43:36","date_gmt":"2020-06-19T14:43:36","guid":{"rendered":"https:\/\/mhf.ro\/mm\/?p=2155"},"modified":"2020-06-19T11:26:48","modified_gmt":"2020-06-19T09:26:48","slug":"permanenta-intrebare-o-fi-sau-nu-epidemie-de-coronavirus","status":"publish","type":"post","link":"https:\/\/mhf.ro\/mm\/permanenta-intrebare-o-fi-sau-nu-epidemie-de-coronavirus\/","title":{"rendered":"Permanenta \u00eentrebare &#8211; O fi sau nu epidemie de Coronavirus ?"},"content":{"rendered":"<p>Oameni buni! M-am s\u0103turat s\u0103 v\u0103 aud pe unii cum l\u0103l\u0103i\u021bi, cum tr\u0103nc\u0103ni\u021bi \u00een van, cum bagateliza\u021bi epidemia. \u00cemi este sc\u00e2rb\u0103 de cei care nu cred DELOC \u00een ea, ca \u0219i cum nu ar exista virus, ca \u0219i cum totul ar fi regie. P\u0103i, hai s\u0103 v\u0103 zic ceva concret: SORA MEA &#8211; asistent\u0103 medical\u0103 de spital &#8211; A FOST DEPISTAT\u0102 POZITIV, taman \u00een vinerea de Pa\u0219ti. A avut CORONAVIRUS. A\u021bi priceput? A stat \u00een spital 17 zile. \u0218tiu exact prin ce a trecut, ce a suportat, ce spaime \u0219i temeri a avut ea, \u0219i familia. \u0218tiu pentru c\u0103 vorbeam zilnic de mai multe ori cu ea. S\u0103 o \u00eencurajez, s\u0103 \u00eei sus\u021bin moralul. At\u00e2t puteam face pentru ea, nimic mai mult, doar s\u0103 vorbim. \u0218i, uneori, s\u0103 mi se &#8222;rup\u0103 inima&#8221; de mila ei. Sau&#8230;nu m\u0103 crede\u021bi!? \u00cen fond, nu conteaz\u0103!<\/p>\n<p>Nu mai l\u0103tra\u021bi aiurea, v\u0103 rog! \u00centreba\u021bi-i pe cei infecta\u021bi. Ba mai mult, \u00eentreba\u021bi-i \u0219i pe medicii \u0219i asistentele care i-au \u00eengrijit, pe acei &#8222;apostoli&#8221; ai vremii care au luptat s\u0103 salveze vie\u021bi, pretutindeni pe glob. M\u0103 \u00eentreb, dac\u0103 voi unii, sunte\u021bi s\u0103n\u0103to\u0219i la cap? Dac\u0103 sunte\u021bi normali? Dac\u0103 mai ave\u021bi ceva neuroni? \u00cen fapt, cine v\u0103 crede\u021bi voi: BATMAN? Sau v\u0103 considera\u021bi sfin\u021bi, \u00een rela\u021bii perfecte cu Dumnezeu? Dar \u0219i sfin\u021bii erau oameni, care se \u00eemboln\u0103veau uneori! M\u0103i, reveni\u021bi-v\u0103, voi cei care sunte\u021bi \u00eempiedica\u021bi ai min\u021bii! Respecta\u021bi m\u0103surile de preven\u021bie! Cu to\u021bii! Doar a\u0219a vom izb\u00e2ndi! \u00cempreun\u0103, colectiv! Doar a\u0219a ne va fi mai bine! Pricepe\u021bi dar\u0103!(A. N. Delia)<\/p>\n","protected":false},"excerpt":{"rendered":"<p>Oameni buni! M-am s\u0103turat s\u0103 v\u0103 aud pe unii cum l\u0103l\u0103i\u021bi, cum tr\u0103nc\u0103ni\u021bi \u00een van, cum bagateliza\u021bi epidemia. \u00cemi este<\/p>\n","protected":false},"author":1,"featured_media":2157,"comment_status":"open","ping_status":"open","sticky":false,"template":"","format":"standard","meta":{"colormag_page_container_layout":"default_layout","colormag_page_sidebar_layout":"default_layout","footnotes":""},"categories":[8],"tags":[],"class_list":["post-2155","post","type-post","status-publish","format-standard","has-post-thumbnail","hentry","category-div"],"yoast_head":"<!-- This site is optimized with the Yoast SEO plugin v27.0 - https:\/\/yoast.com\/product\/yoast-seo-wordpress\/ -->\n<title>Permanenta \u00eentrebare - O fi sau nu epidemie de Coronavirus ? - MHF Photography<\/title>\n<meta name=\"description\" content=\"Oameni buni! M-am s\u0103turat s\u0103 v\u0103 aud pe unii cum l\u0103l\u0103i\u021bi, cum tr\u0103nc\u0103ni\u021bi \u00een van, cum bagateliza\u021bi epidemia. \u00cemi este sc\u00e2rb\u0103 de voi cei care, nu crede\u021bi ...\" \/>\n<meta name=\"robots\" content=\"index, follow, max-snippet:-1, max-image-preview:large, max-video-preview:-1\" \/>\n<link rel=\"canonical\" href=\"https:\/\/mhf.ro\/mm\/permanenta-intrebare-o-fi-sau-nu-epidemie-de-coronavirus\/\" \/>\n<meta property=\"og:locale\" content=\"ro_RO\" \/>\n<meta property=\"og:type\" content=\"article\" \/>\n<meta property=\"og:title\" content=\"Permanenta \u00eentrebare - O fi sau nu epidemie de Coronavirus ? - MHF Photography\" \/>\n<meta property=\"og:description\" content=\"Oameni buni! M-am s\u0103turat s\u0103 v\u0103 aud pe unii cum l\u0103l\u0103i\u021bi, cum tr\u0103nc\u0103ni\u021bi \u00een van, cum bagateliza\u021bi epidemia. \u00cemi este sc\u00e2rb\u0103 de voi cei care, nu crede\u021bi ...\" \/>\n<meta property=\"og:url\" content=\"https:\/\/mhf.ro\/mm\/permanenta-intrebare-o-fi-sau-nu-epidemie-de-coronavirus\/\" \/>\n<meta property=\"og:site_name\" content=\"MHF Photography\" \/>\n<meta property=\"article:published_time\" content=\"2020-06-19T14:43:36+00:00\" \/>\n<meta property=\"og:image\" content=\"https:\/\/mhf.ro\/mm\/wp-content\/uploads\/2020\/06\/Dilema.jpg\" \/>\n\t<meta property=\"og:image:width\" content=\"1280\" \/>\n\t<meta property=\"og:image:height\" content=\"853\" \/>\n\t<meta property=\"og:image:type\" content=\"image\/jpeg\" \/>\n<meta name=\"author\" content=\"Marius Marcu\" \/>\n<meta name=\"twitter:card\" content=\"summary_large_image\" \/>\n<meta name=\"twitter:label1\" content=\"Scris de\" \/>\n\t<meta name=\"twitter:data1\" content=\"Marius Marcu\" \/>\n\t<meta name=\"twitter:label2\" content=\"Timp estimat pentru citire\" \/>\n\t<meta name=\"twitter:data2\" content=\"1 minut\" \/>\n<script type=\"application\/ld+json\" class=\"yoast-schema-graph\">{\"@context\":\"https:\/\/schema.org\",\"@graph\":[{\"@type\":\"Article\",\"@id\":\"https:\/\/mhf.ro\/mm\/permanenta-intrebare-o-fi-sau-nu-epidemie-de-coronavirus\/#article\",\"isPartOf\":{\"@id\":\"https:\/\/mhf.ro\/mm\/permanenta-intrebare-o-fi-sau-nu-epidemie-de-coronavirus\/\"},\"author\":{\"name\":\"Marius Marcu\",\"@id\":\"https:\/\/mhf.ro\/mm\/#\/schema\/person\/a3bebf7bdb4bf12f698aff73c7e46c21\"},\"headline\":\"Permanenta \u00eentrebare &#8211; O fi sau nu epidemie de Coronavirus ?\",\"datePublished\":\"2020-06-19T14:43:36+00:00\",\"mainEntityOfPage\":{\"@id\":\"https:\/\/mhf.ro\/mm\/permanenta-intrebare-o-fi-sau-nu-epidemie-de-coronavirus\/\"},\"wordCount\":309,\"commentCount\":0,\"publisher\":{\"@id\":\"https:\/\/mhf.ro\/mm\/#\/schema\/person\/a3bebf7bdb4bf12f698aff73c7e46c21\"},\"image\":{\"@id\":\"https:\/\/mhf.ro\/mm\/permanenta-intrebare-o-fi-sau-nu-epidemie-de-coronavirus\/#primaryimage\"},\"thumbnailUrl\":\"https:\/\/mhf.ro\/mm\/wp-content\/uploads\/2020\/06\/Dilema.jpg\",\"articleSection\":[\"Diverse\"],\"inLanguage\":\"ro-RO\",\"potentialAction\":[{\"@type\":\"CommentAction\",\"name\":\"Comment\",\"target\":[\"https:\/\/mhf.ro\/mm\/permanenta-intrebare-o-fi-sau-nu-epidemie-de-coronavirus\/#respond\"]}]},{\"@type\":\"WebPage\",\"@id\":\"https:\/\/mhf.ro\/mm\/permanenta-intrebare-o-fi-sau-nu-epidemie-de-coronavirus\/\",\"url\":\"https:\/\/mhf.ro\/mm\/permanenta-intrebare-o-fi-sau-nu-epidemie-de-coronavirus\/\",\"name\":\"Permanenta \u00eentrebare - O fi sau nu epidemie de Coronavirus ? - MHF Photography\",\"isPartOf\":{\"@id\":\"https:\/\/mhf.ro\/mm\/#website\"},\"primaryImageOfPage\":{\"@id\":\"https:\/\/mhf.ro\/mm\/permanenta-intrebare-o-fi-sau-nu-epidemie-de-coronavirus\/#primaryimage\"},\"image\":{\"@id\":\"https:\/\/mhf.ro\/mm\/permanenta-intrebare-o-fi-sau-nu-epidemie-de-coronavirus\/#primaryimage\"},\"thumbnailUrl\":\"https:\/\/mhf.ro\/mm\/wp-content\/uploads\/2020\/06\/Dilema.jpg\",\"datePublished\":\"2020-06-19T14:43:36+00:00\",\"description\":\"Oameni buni! M-am s\u0103turat s\u0103 v\u0103 aud pe unii cum l\u0103l\u0103i\u021bi, cum tr\u0103nc\u0103ni\u021bi \u00een van, cum bagateliza\u021bi epidemia. \u00cemi este sc\u00e2rb\u0103 de voi cei care, nu crede\u021bi ...\",\"breadcrumb\":{\"@id\":\"https:\/\/mhf.ro\/mm\/permanenta-intrebare-o-fi-sau-nu-epidemie-de-coronavirus\/#breadcrumb\"},\"inLanguage\":\"ro-RO\",\"potentialAction\":[{\"@type\":\"ReadAction\",\"target\":[\"https:\/\/mhf.ro\/mm\/permanenta-intrebare-o-fi-sau-nu-epidemie-de-coronavirus\/\"]}]},{\"@type\":\"ImageObject\",\"inLanguage\":\"ro-RO\",\"@id\":\"https:\/\/mhf.ro\/mm\/permanenta-intrebare-o-fi-sau-nu-epidemie-de-coronavirus\/#primaryimage\",\"url\":\"https:\/\/mhf.ro\/mm\/wp-content\/uploads\/2020\/06\/Dilema.jpg\",\"contentUrl\":\"https:\/\/mhf.ro\/mm\/wp-content\/uploads\/2020\/06\/Dilema.jpg\",\"width\":1280,\"height\":853},{\"@type\":\"BreadcrumbList\",\"@id\":\"https:\/\/mhf.ro\/mm\/permanenta-intrebare-o-fi-sau-nu-epidemie-de-coronavirus\/#breadcrumb\",\"itemListElement\":[{\"@type\":\"ListItem\",\"position\":1,\"name\":\"Prima pagin\u0103\",\"item\":\"https:\/\/mhf.ro\/mm\/\"},{\"@type\":\"ListItem\",\"position\":2,\"name\":\"Permanenta \u00eentrebare &#8211; O fi sau nu epidemie de Coronavirus ?\"}]},{\"@type\":\"WebSite\",\"@id\":\"https:\/\/mhf.ro\/mm\/#website\",\"url\":\"https:\/\/mhf.ro\/mm\/\",\"name\":\"MHF Photography \u2013 Blog de fotografie, natur\u0103 \u0219i tehnic\u0103 divers\u0103\",\"description\":\"Aventur\u0103 \u00een fiecare cadru.\",\"publisher\":{\"@id\":\"https:\/\/mhf.ro\/mm\/#\/schema\/person\/a3bebf7bdb4bf12f698aff73c7e46c21\"},\"potentialAction\":[{\"@type\":\"SearchAction\",\"target\":{\"@type\":\"EntryPoint\",\"urlTemplate\":\"https:\/\/mhf.ro\/mm\/?s={search_term_string}\"},\"query-input\":{\"@type\":\"PropertyValueSpecification\",\"valueRequired\":true,\"valueName\":\"search_term_string\"}}],\"inLanguage\":\"ro-RO\"},{\"@type\":[\"Person\",\"Organization\"],\"@id\":\"https:\/\/mhf.ro\/mm\/#\/schema\/person\/a3bebf7bdb4bf12f698aff73c7e46c21\",\"name\":\"Marius Marcu\",\"image\":{\"@type\":\"ImageObject\",\"inLanguage\":\"ro-RO\",\"@id\":\"https:\/\/mhf.ro\/mm\/#\/schema\/person\/image\/\",\"url\":\"https:\/\/mhf.ro\/mm\/wp-content\/uploads\/2025\/12\/cropped-logo_mhf_2.png\",\"contentUrl\":\"https:\/\/mhf.ro\/mm\/wp-content\/uploads\/2025\/12\/cropped-logo_mhf_2.png\",\"width\":1096,\"height\":457,\"caption\":\"Marius Marcu\"},\"logo\":{\"@id\":\"https:\/\/mhf.ro\/mm\/#\/schema\/person\/image\/\"},\"sameAs\":[\"https:\/\/mhf.ro\/mm\"],\"url\":\"https:\/\/mhf.ro\/mm\/author\/mihai\/\"}]}<\/script>\n<!-- \/ Yoast SEO plugin. -->","yoast_head_json":{"title":"Permanenta \u00eentrebare - O fi sau nu epidemie de Coronavirus ? - MHF Photography","description":"Oameni buni! M-am s\u0103turat s\u0103 v\u0103 aud pe unii cum l\u0103l\u0103i\u021bi, cum tr\u0103nc\u0103ni\u021bi \u00een van, cum bagateliza\u021bi epidemia. \u00cemi este sc\u00e2rb\u0103 de voi cei care, nu crede\u021bi ...","robots":{"index":"index","follow":"follow","max-snippet":"max-snippet:-1","max-image-preview":"max-image-preview:large","max-video-preview":"max-video-preview:-1"},"canonical":"https:\/\/mhf.ro\/mm\/permanenta-intrebare-o-fi-sau-nu-epidemie-de-coronavirus\/","og_locale":"ro_RO","og_type":"article","og_title":"Permanenta \u00eentrebare - O fi sau nu epidemie de Coronavirus ? - MHF Photography","og_description":"Oameni buni! M-am s\u0103turat s\u0103 v\u0103 aud pe unii cum l\u0103l\u0103i\u021bi, cum tr\u0103nc\u0103ni\u021bi \u00een van, cum bagateliza\u021bi epidemia. \u00cemi este sc\u00e2rb\u0103 de voi cei care, nu crede\u021bi ...","og_url":"https:\/\/mhf.ro\/mm\/permanenta-intrebare-o-fi-sau-nu-epidemie-de-coronavirus\/","og_site_name":"MHF Photography","article_published_time":"2020-06-19T14:43:36+00:00","og_image":[{"width":1280,"height":853,"url":"https:\/\/mhf.ro\/mm\/wp-content\/uploads\/2020\/06\/Dilema.jpg","type":"image\/jpeg"}],"author":"Marius Marcu","twitter_card":"summary_large_image","twitter_misc":{"Scris de":"Marius Marcu","Timp estimat pentru citire":"1 minut"},"schema":{"@context":"https:\/\/schema.org","@graph":[{"@type":"Article","@id":"https:\/\/mhf.ro\/mm\/permanenta-intrebare-o-fi-sau-nu-epidemie-de-coronavirus\/#article","isPartOf":{"@id":"https:\/\/mhf.ro\/mm\/permanenta-intrebare-o-fi-sau-nu-epidemie-de-coronavirus\/"},"author":{"name":"Marius Marcu","@id":"https:\/\/mhf.ro\/mm\/#\/schema\/person\/a3bebf7bdb4bf12f698aff73c7e46c21"},"headline":"Permanenta \u00eentrebare &#8211; O fi sau nu epidemie de Coronavirus ?","datePublished":"2020-06-19T14:43:36+00:00","mainEntityOfPage":{"@id":"https:\/\/mhf.ro\/mm\/permanenta-intrebare-o-fi-sau-nu-epidemie-de-coronavirus\/"},"wordCount":309,"commentCount":0,"publisher":{"@id":"https:\/\/mhf.ro\/mm\/#\/schema\/person\/a3bebf7bdb4bf12f698aff73c7e46c21"},"image":{"@id":"https:\/\/mhf.ro\/mm\/permanenta-intrebare-o-fi-sau-nu-epidemie-de-coronavirus\/#primaryimage"},"thumbnailUrl":"https:\/\/mhf.ro\/mm\/wp-content\/uploads\/2020\/06\/Dilema.jpg","articleSection":["Diverse"],"inLanguage":"ro-RO","potentialAction":[{"@type":"CommentAction","name":"Comment","target":["https:\/\/mhf.ro\/mm\/permanenta-intrebare-o-fi-sau-nu-epidemie-de-coronavirus\/#respond"]}]},{"@type":"WebPage","@id":"https:\/\/mhf.ro\/mm\/permanenta-intrebare-o-fi-sau-nu-epidemie-de-coronavirus\/","url":"https:\/\/mhf.ro\/mm\/permanenta-intrebare-o-fi-sau-nu-epidemie-de-coronavirus\/","name":"Permanenta \u00eentrebare - O fi sau nu epidemie de Coronavirus ? - MHF Photography","isPartOf":{"@id":"https:\/\/mhf.ro\/mm\/#website"},"primaryImageOfPage":{"@id":"https:\/\/mhf.ro\/mm\/permanenta-intrebare-o-fi-sau-nu-epidemie-de-coronavirus\/#primaryimage"},"image":{"@id":"https:\/\/mhf.ro\/mm\/permanenta-intrebare-o-fi-sau-nu-epidemie-de-coronavirus\/#primaryimage"},"thumbnailUrl":"https:\/\/mhf.ro\/mm\/wp-content\/uploads\/2020\/06\/Dilema.jpg","datePublished":"2020-06-19T14:43:36+00:00","description":"Oameni buni! M-am s\u0103turat s\u0103 v\u0103 aud pe unii cum l\u0103l\u0103i\u021bi, cum tr\u0103nc\u0103ni\u021bi \u00een van, cum bagateliza\u021bi epidemia. \u00cemi este sc\u00e2rb\u0103 de voi cei care, nu crede\u021bi ...","breadcrumb":{"@id":"https:\/\/mhf.ro\/mm\/permanenta-intrebare-o-fi-sau-nu-epidemie-de-coronavirus\/#breadcrumb"},"inLanguage":"ro-RO","potentialAction":[{"@type":"ReadAction","target":["https:\/\/mhf.ro\/mm\/permanenta-intrebare-o-fi-sau-nu-epidemie-de-coronavirus\/"]}]},{"@type":"ImageObject","inLanguage":"ro-RO","@id":"https:\/\/mhf.ro\/mm\/permanenta-intrebare-o-fi-sau-nu-epidemie-de-coronavirus\/#primaryimage","url":"https:\/\/mhf.ro\/mm\/wp-content\/uploads\/2020\/06\/Dilema.jpg","contentUrl":"https:\/\/mhf.ro\/mm\/wp-content\/uploads\/2020\/06\/Dilema.jpg","width":1280,"height":853},{"@type":"BreadcrumbList","@id":"https:\/\/mhf.ro\/mm\/permanenta-intrebare-o-fi-sau-nu-epidemie-de-coronavirus\/#breadcrumb","itemListElement":[{"@type":"ListItem","position":1,"name":"Prima pagin\u0103","item":"https:\/\/mhf.ro\/mm\/"},{"@type":"ListItem","position":2,"name":"Permanenta \u00eentrebare &#8211; O fi sau nu epidemie de Coronavirus ?"}]},{"@type":"WebSite","@id":"https:\/\/mhf.ro\/mm\/#website","url":"https:\/\/mhf.ro\/mm\/","name":"MHF Photography \u2013 Blog de fotografie, natur\u0103 \u0219i tehnic\u0103 divers\u0103","description":"Aventur\u0103 \u00een fiecare cadru.","publisher":{"@id":"https:\/\/mhf.ro\/mm\/#\/schema\/person\/a3bebf7bdb4bf12f698aff73c7e46c21"},"potentialAction":[{"@type":"SearchAction","target":{"@type":"EntryPoint","urlTemplate":"https:\/\/mhf.ro\/mm\/?s={search_term_string}"},"query-input":{"@type":"PropertyValueSpecification","valueRequired":true,"valueName":"search_term_string"}}],"inLanguage":"ro-RO"},{"@type":["Person","Organization"],"@id":"https:\/\/mhf.ro\/mm\/#\/schema\/person\/a3bebf7bdb4bf12f698aff73c7e46c21","name":"Marius Marcu","image":{"@type":"ImageObject","inLanguage":"ro-RO","@id":"https:\/\/mhf.ro\/mm\/#\/schema\/person\/image\/","url":"https:\/\/mhf.ro\/mm\/wp-content\/uploads\/2025\/12\/cropped-logo_mhf_2.png","contentUrl":"https:\/\/mhf.ro\/mm\/wp-content\/uploads\/2025\/12\/cropped-logo_mhf_2.png","width":1096,"height":457,"caption":"Marius Marcu"},"logo":{"@id":"https:\/\/mhf.ro\/mm\/#\/schema\/person\/image\/"},"sameAs":["https:\/\/mhf.ro\/mm"],"url":"https:\/\/mhf.ro\/mm\/author\/mihai\/"}]}},"_links":{"self":[{"href":"https:\/\/mhf.ro\/mm\/wp-json\/wp\/v2\/posts\/2155","targetHints":{"allow":["GET"]}}],"collection":[{"href":"https:\/\/mhf.ro\/mm\/wp-json\/wp\/v2\/posts"}],"about":[{"href":"https:\/\/mhf.ro\/mm\/wp-json\/wp\/v2\/types\/post"}],"author":[{"embeddable":true,"href":"https:\/\/mhf.ro\/mm\/wp-json\/wp\/v2\/users\/1"}],"replies":[{"embeddable":true,"href":"https:\/\/mhf.ro\/mm\/wp-json\/wp\/v2\/comments?post=2155"}],"version-history":[{"count":8,"href":"https:\/\/mhf.ro\/mm\/wp-json\/wp\/v2\/posts\/2155\/revisions"}],"predecessor-version":[{"id":2182,"href":"https:\/\/mhf.ro\/mm\/wp-json\/wp\/v2\/posts\/2155\/revisions\/2182"}],"wp:featuredmedia":[{"embeddable":true,"href":"https:\/\/mhf.ro\/mm\/wp-json\/wp\/v2\/media\/2157"}],"wp:attachment":[{"href":"https:\/\/mhf.ro\/mm\/wp-json\/wp\/v2\/media?parent=2155"}],"wp:term":[{"taxonomy":"category","embeddable":true,"href":"https:\/\/mhf.ro\/mm\/wp-json\/wp\/v2\/categories?post=2155"},{"taxonomy":"post_tag","embeddable":true,"href":"https:\/\/mhf.ro\/mm\/wp-json\/wp\/v2\/tags?post=2155"}],"curies":[{"name":"wp","href":"https:\/\/api.w.org\/{rel}","templated":true}]}}