{"id":2193,"date":"2020-06-20T11:44:01","date_gmt":"2020-06-20T09:44:01","guid":{"rendered":"https:\/\/mhf.ro\/mm\/?p=2193"},"modified":"2020-06-20T13:14:20","modified_gmt":"2020-06-20T11:14:20","slug":"povestea-lui-nicusor","status":"publish","type":"post","link":"https:\/\/mhf.ro\/mm\/povestea-lui-nicusor\/","title":{"rendered":"Povestea lui Nicu\u0219or"},"content":{"rendered":"<p>Povestea e binecunoscut\u0103. Morala ne intereseaz\u0103 mai mult.<\/p>\n<p>Demult, \u00eentr-un mic sat era un copil, Nicu\u0219or, care p\u0103zea oile oamenilor. C\u00e2nd oile p\u0103\u0219teau, Nicu\u0219or avea o misiune u\u0219oar\u0103. Dac\u0103 vedea c\u0103 vine lupul trebuia s\u0103 cheme ajutoare. Ce \u0219i-a zis el \u00eentr-o zi.<\/p>\n<p>-,,<em>Ia s\u0103 v\u0103d, vine cineva dac\u0103 e nevoie?\u201d\u00a0<\/em>\u0219i a r\u0103cnit din v\u00e2rful dealului de la marginea satului, c\u00e2t \u00eel \u021bineau puterile:<\/p>\n<p>&#8211; Vine lupul! \u0219i spre mirarea lui, de pe uli\u021bele satului alergau s\u0103teni spre deal ca s\u0103 apere oile. C\u00e2nd au ajuns la Nicu\u0219or, nici urm\u0103 de lup. S-au dus fiecare la ale sale \u00een\u021beleg\u00e2nd c\u0103 Nicu\u0219or a probat dac\u0103 se poate bizui pe ei.<\/p>\n<p>La pu\u021bin\u0103 vreme, Nicu\u0219or, pus pe \u0219otii, a strigat iar ,,Vine lupul!\u201d. Iar au alergat s\u0103tenii s\u0103 apere oile \u0219i iar au v\u0103zut c\u0103 au fost p\u0103c\u0103li\u021bi. Lupul nu venise.<\/p>\n<p>Eh! Atunci c\u00e2nd a v\u0103zut Nicu\u0219or \u00een dep\u0103rtare c\u0103 vin lupi spre turma de oi a \u00eenceput s\u0103 strige: ,,vin lupii, vin lupii!\u201d dar nimeni nu \u00eel lua \u00een seam\u0103. Lupii au omor\u00e2t \u0219i oile \u0219i pe Nicu\u0219or.<\/p>\n<p>Am aflat c\u0103 \u00een multe \u021b\u0103ri mor mul\u021bi oameni deodat\u0103 din cauza Covid-ului. Ni se spunea ,,vine Covid-ul!\u201d Bolnavii au r\u0103mas f\u0103r\u0103 spitale, ca s\u0103 fie locuri pentru mul\u021bi infecta\u021bi. Nu a fost a\u0219a \u00een Rom\u00e2nia. Virusul misterios nu a ap\u0103rut fioros ca un lup, ci a r\u0103mas la fel de ascuns. Frigul sau c\u0103ldura nu-l impresioneaz\u0103. Cercet\u0103torii nu au o \u00een\u021belegere unanim\u0103 a ac\u021biunii virusului. Imunitatea oamenilor \u0219i interven\u021bia divin\u0103 sunt imprevizibile.<\/p>\n<p>Dar dac\u0103 va ap\u0103rea la orizont haita de covizi, la strigarea ,,vine Covid-ul!\u201d suntem gata s\u0103 ne ap\u0103r\u0103m pe noi \u0219i pe cei din jur? S\u0103 sper\u0103m c\u0103 nu vom afla niciodat\u0103 r\u0103spunsul la aceast\u0103 \u00eentrebare.<\/p>\n<p>Frica de boal\u0103 sau de moarte duce la depresie. Deci, f\u0103r\u0103 fric\u0103 de boal\u0103, dar \u0219i f\u0103r\u0103 ignorna\u021b\u0103, ne preg\u0103tim de \u00eent\u00e2lnirea cu Covid-ul. Credin\u021ba \u0219i disciplina ne sunt absolut necesare.<\/p>\n<p>,,Credin\u021ba-n zilele de-apoi<\/p>\n<p>E singura t\u0103rie-n noi<\/p>\n<p>C\u0103 multe-s tari, cum credem noi<\/p>\n<p>\u0218i m\u00e2ine nu-s\u201d<\/p>\n<p>&nbsp;<\/p>\n<p>&nbsp;<\/p>\n","protected":false},"excerpt":{"rendered":"<p>Povestea e binecunoscut\u0103. Morala ne intereseaz\u0103 mai mult. Demult, \u00eentr-un mic sat era un copil, Nicu\u0219or, care p\u0103zea oile oamenilor.<\/p>\n","protected":false},"author":4,"featured_media":506,"comment_status":"open","ping_status":"open","sticky":false,"template":"","format":"standard","meta":{"colormag_page_container_layout":"default_layout","colormag_page_sidebar_layout":"default_layout","footnotes":""},"categories":[5],"tags":[],"class_list":["post-2193","post","type-post","status-publish","format-standard","has-post-thumbnail","hentry","category-locale"],"yoast_head":"<!-- This site is optimized with the Yoast SEO plugin v27.0 - https:\/\/yoast.com\/product\/yoast-seo-wordpress\/ -->\n<title>Povestea lui Nicu\u0219or - MHF Photography<\/title>\n<meta name=\"robots\" content=\"index, follow, max-snippet:-1, max-image-preview:large, max-video-preview:-1\" \/>\n<link rel=\"canonical\" href=\"https:\/\/mhf.ro\/mm\/povestea-lui-nicusor\/\" \/>\n<meta property=\"og:locale\" content=\"ro_RO\" \/>\n<meta property=\"og:type\" content=\"article\" \/>\n<meta property=\"og:title\" content=\"Povestea lui Nicu\u0219or - MHF Photography\" \/>\n<meta property=\"og:description\" content=\"Povestea e binecunoscut\u0103. Morala ne intereseaz\u0103 mai mult. Demult, \u00eentr-un mic sat era un copil, Nicu\u0219or, care p\u0103zea oile oamenilor.\" \/>\n<meta property=\"og:url\" content=\"https:\/\/mhf.ro\/mm\/povestea-lui-nicusor\/\" \/>\n<meta property=\"og:site_name\" content=\"MHF Photography\" \/>\n<meta property=\"article:published_time\" content=\"2020-06-20T09:44:01+00:00\" \/>\n<meta property=\"article:modified_time\" content=\"2020-06-20T11:14:20+00:00\" \/>\n<meta property=\"og:image\" content=\"https:\/\/mhf.ro\/mm\/wp-content\/uploads\/2019\/12\/images-28.jpg\" \/>\n\t<meta property=\"og:image:width\" content=\"800\" \/>\n\t<meta property=\"og:image:height\" content=\"445\" \/>\n\t<meta property=\"og:image:type\" content=\"image\/jpeg\" \/>\n<meta name=\"author\" content=\"Preot paroh Horvat Petru\" \/>\n<meta name=\"twitter:card\" content=\"summary_large_image\" \/>\n<meta name=\"twitter:label1\" content=\"Scris de\" \/>\n\t<meta name=\"twitter:data1\" content=\"Preot paroh Horvat Petru\" \/>\n\t<meta name=\"twitter:label2\" content=\"Timp estimat pentru citire\" \/>\n\t<meta name=\"twitter:data2\" content=\"2 minute\" \/>\n<script type=\"application\/ld+json\" class=\"yoast-schema-graph\">{\"@context\":\"https:\/\/schema.org\",\"@graph\":[{\"@type\":\"Article\",\"@id\":\"https:\/\/mhf.ro\/mm\/povestea-lui-nicusor\/#article\",\"isPartOf\":{\"@id\":\"https:\/\/mhf.ro\/mm\/povestea-lui-nicusor\/\"},\"author\":{\"name\":\"Preot paroh Horvat Petru\",\"@id\":\"https:\/\/mhf.ro\/mm\/#\/schema\/person\/4c8c06c801b7b666e81ed44550086900\"},\"headline\":\"Povestea lui Nicu\u0219or\",\"datePublished\":\"2020-06-20T09:44:01+00:00\",\"dateModified\":\"2020-06-20T11:14:20+00:00\",\"mainEntityOfPage\":{\"@id\":\"https:\/\/mhf.ro\/mm\/povestea-lui-nicusor\/\"},\"wordCount\":398,\"commentCount\":0,\"publisher\":{\"@id\":\"https:\/\/mhf.ro\/mm\/#\/schema\/person\/a3bebf7bdb4bf12f698aff73c7e46c21\"},\"image\":{\"@id\":\"https:\/\/mhf.ro\/mm\/povestea-lui-nicusor\/#primaryimage\"},\"thumbnailUrl\":\"https:\/\/mhf.ro\/mm\/wp-content\/uploads\/2019\/12\/images-28.jpg\",\"articleSection\":[\"Locale\"],\"inLanguage\":\"ro-RO\",\"potentialAction\":[{\"@type\":\"CommentAction\",\"name\":\"Comment\",\"target\":[\"https:\/\/mhf.ro\/mm\/povestea-lui-nicusor\/#respond\"]}]},{\"@type\":\"WebPage\",\"@id\":\"https:\/\/mhf.ro\/mm\/povestea-lui-nicusor\/\",\"url\":\"https:\/\/mhf.ro\/mm\/povestea-lui-nicusor\/\",\"name\":\"Povestea lui Nicu\u0219or - MHF Photography\",\"isPartOf\":{\"@id\":\"https:\/\/mhf.ro\/mm\/#website\"},\"primaryImageOfPage\":{\"@id\":\"https:\/\/mhf.ro\/mm\/povestea-lui-nicusor\/#primaryimage\"},\"image\":{\"@id\":\"https:\/\/mhf.ro\/mm\/povestea-lui-nicusor\/#primaryimage\"},\"thumbnailUrl\":\"https:\/\/mhf.ro\/mm\/wp-content\/uploads\/2019\/12\/images-28.jpg\",\"datePublished\":\"2020-06-20T09:44:01+00:00\",\"dateModified\":\"2020-06-20T11:14:20+00:00\",\"breadcrumb\":{\"@id\":\"https:\/\/mhf.ro\/mm\/povestea-lui-nicusor\/#breadcrumb\"},\"inLanguage\":\"ro-RO\",\"potentialAction\":[{\"@type\":\"ReadAction\",\"target\":[\"https:\/\/mhf.ro\/mm\/povestea-lui-nicusor\/\"]}]},{\"@type\":\"ImageObject\",\"inLanguage\":\"ro-RO\",\"@id\":\"https:\/\/mhf.ro\/mm\/povestea-lui-nicusor\/#primaryimage\",\"url\":\"https:\/\/mhf.ro\/mm\/wp-content\/uploads\/2019\/12\/images-28.jpg\",\"contentUrl\":\"https:\/\/mhf.ro\/mm\/wp-content\/uploads\/2019\/12\/images-28.jpg\",\"width\":800,\"height\":445,\"caption\":\"\"},{\"@type\":\"BreadcrumbList\",\"@id\":\"https:\/\/mhf.ro\/mm\/povestea-lui-nicusor\/#breadcrumb\",\"itemListElement\":[{\"@type\":\"ListItem\",\"position\":1,\"name\":\"Prima pagin\u0103\",\"item\":\"https:\/\/mhf.ro\/mm\/\"},{\"@type\":\"ListItem\",\"position\":2,\"name\":\"Povestea lui Nicu\u0219or\"}]},{\"@type\":\"WebSite\",\"@id\":\"https:\/\/mhf.ro\/mm\/#website\",\"url\":\"https:\/\/mhf.ro\/mm\/\",\"name\":\"MHF Photography \u2013 Blog de fotografie, natur\u0103 \u0219i tehnic\u0103 divers\u0103\",\"description\":\"Aventur\u0103 \u00een fiecare cadru.\",\"publisher\":{\"@id\":\"https:\/\/mhf.ro\/mm\/#\/schema\/person\/a3bebf7bdb4bf12f698aff73c7e46c21\"},\"potentialAction\":[{\"@type\":\"SearchAction\",\"target\":{\"@type\":\"EntryPoint\",\"urlTemplate\":\"https:\/\/mhf.ro\/mm\/?s={search_term_string}\"},\"query-input\":{\"@type\":\"PropertyValueSpecification\",\"valueRequired\":true,\"valueName\":\"search_term_string\"}}],\"inLanguage\":\"ro-RO\"},{\"@type\":[\"Person\",\"Organization\"],\"@id\":\"https:\/\/mhf.ro\/mm\/#\/schema\/person\/a3bebf7bdb4bf12f698aff73c7e46c21\",\"name\":\"Marius Marcu\",\"image\":{\"@type\":\"ImageObject\",\"inLanguage\":\"ro-RO\",\"@id\":\"https:\/\/mhf.ro\/mm\/#\/schema\/person\/image\/\",\"url\":\"https:\/\/mhf.ro\/mm\/wp-content\/uploads\/2025\/12\/cropped-logo_mhf_2.png\",\"contentUrl\":\"https:\/\/mhf.ro\/mm\/wp-content\/uploads\/2025\/12\/cropped-logo_mhf_2.png\",\"width\":1096,\"height\":457,\"caption\":\"Marius Marcu\"},\"logo\":{\"@id\":\"https:\/\/mhf.ro\/mm\/#\/schema\/person\/image\/\"},\"sameAs\":[\"https:\/\/mhf.ro\/mm\"]},{\"@type\":\"Person\",\"@id\":\"https:\/\/mhf.ro\/mm\/#\/schema\/person\/4c8c06c801b7b666e81ed44550086900\",\"name\":\"Preot paroh Horvat Petru\",\"image\":{\"@type\":\"ImageObject\",\"inLanguage\":\"ro-RO\",\"@id\":\"https:\/\/mhf.ro\/mm\/#\/schema\/person\/image\/\",\"url\":\"https:\/\/secure.gravatar.com\/avatar\/c2d2dcdf21c6f41aad486d71768c144cd6e23cb7b63bae9bd6fab542b26ad321?s=96&d=monsterid&r=g\",\"contentUrl\":\"https:\/\/secure.gravatar.com\/avatar\/c2d2dcdf21c6f41aad486d71768c144cd6e23cb7b63bae9bd6fab542b26ad321?s=96&d=monsterid&r=g\",\"caption\":\"Preot paroh Horvat Petru\"},\"sameAs\":[\"https:\/\/mhf.ro\/mm\"],\"url\":\"https:\/\/mhf.ro\/mm\/author\/petrica\/\"}]}<\/script>\n<!-- \/ Yoast SEO plugin. -->","yoast_head_json":{"title":"Povestea lui Nicu\u0219or - MHF Photography","robots":{"index":"index","follow":"follow","max-snippet":"max-snippet:-1","max-image-preview":"max-image-preview:large","max-video-preview":"max-video-preview:-1"},"canonical":"https:\/\/mhf.ro\/mm\/povestea-lui-nicusor\/","og_locale":"ro_RO","og_type":"article","og_title":"Povestea lui Nicu\u0219or - MHF Photography","og_description":"Povestea e binecunoscut\u0103. Morala ne intereseaz\u0103 mai mult. Demult, \u00eentr-un mic sat era un copil, Nicu\u0219or, care p\u0103zea oile oamenilor.","og_url":"https:\/\/mhf.ro\/mm\/povestea-lui-nicusor\/","og_site_name":"MHF Photography","article_published_time":"2020-06-20T09:44:01+00:00","article_modified_time":"2020-06-20T11:14:20+00:00","og_image":[{"width":800,"height":445,"url":"https:\/\/mhf.ro\/mm\/wp-content\/uploads\/2019\/12\/images-28.jpg","type":"image\/jpeg"}],"author":"Preot paroh Horvat Petru","twitter_card":"summary_large_image","twitter_misc":{"Scris de":"Preot paroh Horvat Petru","Timp estimat pentru citire":"2 minute"},"schema":{"@context":"https:\/\/schema.org","@graph":[{"@type":"Article","@id":"https:\/\/mhf.ro\/mm\/povestea-lui-nicusor\/#article","isPartOf":{"@id":"https:\/\/mhf.ro\/mm\/povestea-lui-nicusor\/"},"author":{"name":"Preot paroh Horvat Petru","@id":"https:\/\/mhf.ro\/mm\/#\/schema\/person\/4c8c06c801b7b666e81ed44550086900"},"headline":"Povestea lui Nicu\u0219or","datePublished":"2020-06-20T09:44:01+00:00","dateModified":"2020-06-20T11:14:20+00:00","mainEntityOfPage":{"@id":"https:\/\/mhf.ro\/mm\/povestea-lui-nicusor\/"},"wordCount":398,"commentCount":0,"publisher":{"@id":"https:\/\/mhf.ro\/mm\/#\/schema\/person\/a3bebf7bdb4bf12f698aff73c7e46c21"},"image":{"@id":"https:\/\/mhf.ro\/mm\/povestea-lui-nicusor\/#primaryimage"},"thumbnailUrl":"https:\/\/mhf.ro\/mm\/wp-content\/uploads\/2019\/12\/images-28.jpg","articleSection":["Locale"],"inLanguage":"ro-RO","potentialAction":[{"@type":"CommentAction","name":"Comment","target":["https:\/\/mhf.ro\/mm\/povestea-lui-nicusor\/#respond"]}]},{"@type":"WebPage","@id":"https:\/\/mhf.ro\/mm\/povestea-lui-nicusor\/","url":"https:\/\/mhf.ro\/mm\/povestea-lui-nicusor\/","name":"Povestea lui Nicu\u0219or - MHF Photography","isPartOf":{"@id":"https:\/\/mhf.ro\/mm\/#website"},"primaryImageOfPage":{"@id":"https:\/\/mhf.ro\/mm\/povestea-lui-nicusor\/#primaryimage"},"image":{"@id":"https:\/\/mhf.ro\/mm\/povestea-lui-nicusor\/#primaryimage"},"thumbnailUrl":"https:\/\/mhf.ro\/mm\/wp-content\/uploads\/2019\/12\/images-28.jpg","datePublished":"2020-06-20T09:44:01+00:00","dateModified":"2020-06-20T11:14:20+00:00","breadcrumb":{"@id":"https:\/\/mhf.ro\/mm\/povestea-lui-nicusor\/#breadcrumb"},"inLanguage":"ro-RO","potentialAction":[{"@type":"ReadAction","target":["https:\/\/mhf.ro\/mm\/povestea-lui-nicusor\/"]}]},{"@type":"ImageObject","inLanguage":"ro-RO","@id":"https:\/\/mhf.ro\/mm\/povestea-lui-nicusor\/#primaryimage","url":"https:\/\/mhf.ro\/mm\/wp-content\/uploads\/2019\/12\/images-28.jpg","contentUrl":"https:\/\/mhf.ro\/mm\/wp-content\/uploads\/2019\/12\/images-28.jpg","width":800,"height":445,"caption":""},{"@type":"BreadcrumbList","@id":"https:\/\/mhf.ro\/mm\/povestea-lui-nicusor\/#breadcrumb","itemListElement":[{"@type":"ListItem","position":1,"name":"Prima pagin\u0103","item":"https:\/\/mhf.ro\/mm\/"},{"@type":"ListItem","position":2,"name":"Povestea lui Nicu\u0219or"}]},{"@type":"WebSite","@id":"https:\/\/mhf.ro\/mm\/#website","url":"https:\/\/mhf.ro\/mm\/","name":"MHF Photography \u2013 Blog de fotografie, natur\u0103 \u0219i tehnic\u0103 divers\u0103","description":"Aventur\u0103 \u00een fiecare cadru.","publisher":{"@id":"https:\/\/mhf.ro\/mm\/#\/schema\/person\/a3bebf7bdb4bf12f698aff73c7e46c21"},"potentialAction":[{"@type":"SearchAction","target":{"@type":"EntryPoint","urlTemplate":"https:\/\/mhf.ro\/mm\/?s={search_term_string}"},"query-input":{"@type":"PropertyValueSpecification","valueRequired":true,"valueName":"search_term_string"}}],"inLanguage":"ro-RO"},{"@type":["Person","Organization"],"@id":"https:\/\/mhf.ro\/mm\/#\/schema\/person\/a3bebf7bdb4bf12f698aff73c7e46c21","name":"Marius Marcu","image":{"@type":"ImageObject","inLanguage":"ro-RO","@id":"https:\/\/mhf.ro\/mm\/#\/schema\/person\/image\/","url":"https:\/\/mhf.ro\/mm\/wp-content\/uploads\/2025\/12\/cropped-logo_mhf_2.png","contentUrl":"https:\/\/mhf.ro\/mm\/wp-content\/uploads\/2025\/12\/cropped-logo_mhf_2.png","width":1096,"height":457,"caption":"Marius Marcu"},"logo":{"@id":"https:\/\/mhf.ro\/mm\/#\/schema\/person\/image\/"},"sameAs":["https:\/\/mhf.ro\/mm"]},{"@type":"Person","@id":"https:\/\/mhf.ro\/mm\/#\/schema\/person\/4c8c06c801b7b666e81ed44550086900","name":"Preot paroh Horvat Petru","image":{"@type":"ImageObject","inLanguage":"ro-RO","@id":"https:\/\/mhf.ro\/mm\/#\/schema\/person\/image\/","url":"https:\/\/secure.gravatar.com\/avatar\/c2d2dcdf21c6f41aad486d71768c144cd6e23cb7b63bae9bd6fab542b26ad321?s=96&d=monsterid&r=g","contentUrl":"https:\/\/secure.gravatar.com\/avatar\/c2d2dcdf21c6f41aad486d71768c144cd6e23cb7b63bae9bd6fab542b26ad321?s=96&d=monsterid&r=g","caption":"Preot paroh Horvat Petru"},"sameAs":["https:\/\/mhf.ro\/mm"],"url":"https:\/\/mhf.ro\/mm\/author\/petrica\/"}]}},"_links":{"self":[{"href":"https:\/\/mhf.ro\/mm\/wp-json\/wp\/v2\/posts\/2193","targetHints":{"allow":["GET"]}}],"collection":[{"href":"https:\/\/mhf.ro\/mm\/wp-json\/wp\/v2\/posts"}],"about":[{"href":"https:\/\/mhf.ro\/mm\/wp-json\/wp\/v2\/types\/post"}],"author":[{"embeddable":true,"href":"https:\/\/mhf.ro\/mm\/wp-json\/wp\/v2\/users\/4"}],"replies":[{"embeddable":true,"href":"https:\/\/mhf.ro\/mm\/wp-json\/wp\/v2\/comments?post=2193"}],"version-history":[{"count":3,"href":"https:\/\/mhf.ro\/mm\/wp-json\/wp\/v2\/posts\/2193\/revisions"}],"predecessor-version":[{"id":2198,"href":"https:\/\/mhf.ro\/mm\/wp-json\/wp\/v2\/posts\/2193\/revisions\/2198"}],"wp:featuredmedia":[{"embeddable":true,"href":"https:\/\/mhf.ro\/mm\/wp-json\/wp\/v2\/media\/506"}],"wp:attachment":[{"href":"https:\/\/mhf.ro\/mm\/wp-json\/wp\/v2\/media?parent=2193"}],"wp:term":[{"taxonomy":"category","embeddable":true,"href":"https:\/\/mhf.ro\/mm\/wp-json\/wp\/v2\/categories?post=2193"},{"taxonomy":"post_tag","embeddable":true,"href":"https:\/\/mhf.ro\/mm\/wp-json\/wp\/v2\/tags?post=2193"}],"curies":[{"name":"wp","href":"https:\/\/api.w.org\/{rel}","templated":true}]}}