{"id":2209,"date":"2020-06-22T09:31:48","date_gmt":"2020-06-22T07:31:48","guid":{"rendered":"https:\/\/mhf.ro\/mm\/?p=2209"},"modified":"2020-06-22T09:31:48","modified_gmt":"2020-06-22T07:31:48","slug":"din-politica-la-zi-oaia-din-poveste-fa-bula","status":"publish","type":"post","link":"https:\/\/mhf.ro\/mm\/din-politica-la-zi-oaia-din-poveste-fa-bula\/","title":{"rendered":"Din politica la zi&#8230;  Oaia din poveste&#8230; (fa-Bula!)"},"content":{"rendered":"<p><em>Patru ciobani, o oaie si-un magar,<span class=\"text_exposed_show\"><br \/>\nin libertatea ierbii&#8230;ancestrale,<br \/>\ncobor, precum un cer uscat, marar,<br \/>\n&#8230;spre furtisag, la vale!<br \/>\nO liniste, a ierbii, verzi, care se manca,<br \/>\nasa ca piatra de granit, o stanca,<br \/>\nasa ca apa de izvor o revelatie,<br \/>\ndin ceruri dependente de vibratie&#8230;<br \/>\nSuisuri, coborasuri si dojana,<br \/>\nOaia asta, nazdravana&#8230;<br \/>\nconduce turma, azi spre -o reduta,<br \/>\ndin savana&#8230;,lata, si marunta!<br \/>\nMiorita, draga, bleaga si bolnava,<br \/>\ncerul se coboara, cerul cade, cade,<br \/>\nploaia, se revolta, pica si ne rade,<br \/>\n&#8230;lipsa-ti de otava!<br \/>\nOf, ce dor, ce dor si jale&#8230;.<br \/>\npeste dor si vis de dor,<br \/>\npeste visurile tale.<br \/>\nMiorita, puisor&#8230;<br \/>\nUn caine latra, linistit&#8230;<br \/>\nel latra&#8230;seara peste luna,<br \/>\nun caine ciobanesc, cutuma,<br \/>\npus la zid si rastignit!<br \/>\nAm urcat, peste masura,<br \/>\noaia asta minunata,<br \/>\nasamblata si sfioasa&#8230;<br \/>\nscoate doar o-njuratura,<\/span><\/em><\/p>\n<div class=\"text_exposed_show\">\n<p><em>Foaie verde busuioc&#8230;<\/em><br \/>\n<em>cu politici nu ma joc,<\/em><br \/>\n<em>foaie verde barabula,<\/em><br \/>\n<em>astia dau prea des din gura&#8230;<\/em><\/p>\n<\/div>\n","protected":false},"excerpt":{"rendered":"<p>Patru ciobani, o oaie si-un magar, in libertatea ierbii&#8230;ancestrale, cobor, precum un cer uscat, marar, &#8230;spre furtisag, la vale! O<\/p>\n","protected":false},"author":3,"featured_media":2210,"comment_status":"open","ping_status":"open","sticky":false,"template":"","format":"standard","meta":{"colormag_page_container_layout":"default_layout","colormag_page_sidebar_layout":"default_layout","footnotes":""},"categories":[8],"tags":[],"class_list":["post-2209","post","type-post","status-publish","format-standard","has-post-thumbnail","hentry","category-div"],"yoast_head":"<!-- This site is optimized with the Yoast SEO plugin v27.0 - https:\/\/yoast.com\/product\/yoast-seo-wordpress\/ -->\n<title>Din politica la zi... Oaia din poveste... (fa-Bula!) - MHF Photography<\/title>\n<meta name=\"robots\" content=\"index, follow, max-snippet:-1, max-image-preview:large, max-video-preview:-1\" \/>\n<link rel=\"canonical\" href=\"https:\/\/mhf.ro\/mm\/din-politica-la-zi-oaia-din-poveste-fa-bula\/\" \/>\n<meta property=\"og:locale\" content=\"ro_RO\" \/>\n<meta property=\"og:type\" content=\"article\" \/>\n<meta property=\"og:title\" content=\"Din politica la zi... Oaia din poveste... (fa-Bula!) - MHF Photography\" \/>\n<meta property=\"og:description\" content=\"Patru ciobani, o oaie si-un magar, in libertatea ierbii&#8230;ancestrale, cobor, precum un cer uscat, marar, &#8230;spre furtisag, la vale! O\" \/>\n<meta property=\"og:url\" content=\"https:\/\/mhf.ro\/mm\/din-politica-la-zi-oaia-din-poveste-fa-bula\/\" \/>\n<meta property=\"og:site_name\" content=\"MHF Photography\" \/>\n<meta property=\"article:published_time\" content=\"2020-06-22T07:31:48+00:00\" \/>\n<meta property=\"og:image\" content=\"https:\/\/mhf.ro\/mm\/wp-content\/uploads\/2020\/06\/covrig-caine-cu-covrig-in-coada-5498261526.jpg\" \/>\n\t<meta property=\"og:image:width\" content=\"552\" \/>\n\t<meta property=\"og:image:height\" content=\"414\" \/>\n\t<meta property=\"og:image:type\" content=\"image\/jpeg\" \/>\n<meta name=\"author\" content=\"Ciurtin Tavi\" \/>\n<meta name=\"twitter:card\" content=\"summary_large_image\" \/>\n<meta name=\"twitter:label1\" content=\"Scris de\" \/>\n\t<meta name=\"twitter:data1\" content=\"Ciurtin Tavi\" \/>\n\t<meta name=\"twitter:label2\" content=\"Timp estimat pentru citire\" \/>\n\t<meta name=\"twitter:data2\" content=\"1 minut\" \/>\n<script type=\"application\/ld+json\" class=\"yoast-schema-graph\">{\"@context\":\"https:\/\/schema.org\",\"@graph\":[{\"@type\":\"Article\",\"@id\":\"https:\/\/mhf.ro\/mm\/din-politica-la-zi-oaia-din-poveste-fa-bula\/#article\",\"isPartOf\":{\"@id\":\"https:\/\/mhf.ro\/mm\/din-politica-la-zi-oaia-din-poveste-fa-bula\/\"},\"author\":{\"name\":\"Ciurtin Tavi\",\"@id\":\"https:\/\/mhf.ro\/mm\/#\/schema\/person\/d2e8248dfe54de3d7284ff7254d2e29b\"},\"headline\":\"Din politica la zi&#8230; Oaia din poveste&#8230; (fa-Bula!)\",\"datePublished\":\"2020-06-22T07:31:48+00:00\",\"mainEntityOfPage\":{\"@id\":\"https:\/\/mhf.ro\/mm\/din-politica-la-zi-oaia-din-poveste-fa-bula\/\"},\"wordCount\":160,\"commentCount\":0,\"publisher\":{\"@id\":\"https:\/\/mhf.ro\/mm\/#\/schema\/person\/a3bebf7bdb4bf12f698aff73c7e46c21\"},\"image\":{\"@id\":\"https:\/\/mhf.ro\/mm\/din-politica-la-zi-oaia-din-poveste-fa-bula\/#primaryimage\"},\"thumbnailUrl\":\"https:\/\/mhf.ro\/mm\/wp-content\/uploads\/2020\/06\/covrig-caine-cu-covrig-in-coada-5498261526.jpg\",\"articleSection\":[\"Diverse\"],\"inLanguage\":\"ro-RO\",\"potentialAction\":[{\"@type\":\"CommentAction\",\"name\":\"Comment\",\"target\":[\"https:\/\/mhf.ro\/mm\/din-politica-la-zi-oaia-din-poveste-fa-bula\/#respond\"]}]},{\"@type\":\"WebPage\",\"@id\":\"https:\/\/mhf.ro\/mm\/din-politica-la-zi-oaia-din-poveste-fa-bula\/\",\"url\":\"https:\/\/mhf.ro\/mm\/din-politica-la-zi-oaia-din-poveste-fa-bula\/\",\"name\":\"Din politica la zi... Oaia din poveste... (fa-Bula!) - MHF Photography\",\"isPartOf\":{\"@id\":\"https:\/\/mhf.ro\/mm\/#website\"},\"primaryImageOfPage\":{\"@id\":\"https:\/\/mhf.ro\/mm\/din-politica-la-zi-oaia-din-poveste-fa-bula\/#primaryimage\"},\"image\":{\"@id\":\"https:\/\/mhf.ro\/mm\/din-politica-la-zi-oaia-din-poveste-fa-bula\/#primaryimage\"},\"thumbnailUrl\":\"https:\/\/mhf.ro\/mm\/wp-content\/uploads\/2020\/06\/covrig-caine-cu-covrig-in-coada-5498261526.jpg\",\"datePublished\":\"2020-06-22T07:31:48+00:00\",\"breadcrumb\":{\"@id\":\"https:\/\/mhf.ro\/mm\/din-politica-la-zi-oaia-din-poveste-fa-bula\/#breadcrumb\"},\"inLanguage\":\"ro-RO\",\"potentialAction\":[{\"@type\":\"ReadAction\",\"target\":[\"https:\/\/mhf.ro\/mm\/din-politica-la-zi-oaia-din-poveste-fa-bula\/\"]}]},{\"@type\":\"ImageObject\",\"inLanguage\":\"ro-RO\",\"@id\":\"https:\/\/mhf.ro\/mm\/din-politica-la-zi-oaia-din-poveste-fa-bula\/#primaryimage\",\"url\":\"https:\/\/mhf.ro\/mm\/wp-content\/uploads\/2020\/06\/covrig-caine-cu-covrig-in-coada-5498261526.jpg\",\"contentUrl\":\"https:\/\/mhf.ro\/mm\/wp-content\/uploads\/2020\/06\/covrig-caine-cu-covrig-in-coada-5498261526.jpg\",\"width\":552,\"height\":414},{\"@type\":\"BreadcrumbList\",\"@id\":\"https:\/\/mhf.ro\/mm\/din-politica-la-zi-oaia-din-poveste-fa-bula\/#breadcrumb\",\"itemListElement\":[{\"@type\":\"ListItem\",\"position\":1,\"name\":\"Prima pagin\u0103\",\"item\":\"https:\/\/mhf.ro\/mm\/\"},{\"@type\":\"ListItem\",\"position\":2,\"name\":\"Din politica la zi&#8230; Oaia din poveste&#8230; (fa-Bula!)\"}]},{\"@type\":\"WebSite\",\"@id\":\"https:\/\/mhf.ro\/mm\/#website\",\"url\":\"https:\/\/mhf.ro\/mm\/\",\"name\":\"MHF Photography \u2013 Blog de fotografie, natur\u0103 \u0219i tehnic\u0103 divers\u0103\",\"description\":\"Aventur\u0103 \u00een fiecare cadru.\",\"publisher\":{\"@id\":\"https:\/\/mhf.ro\/mm\/#\/schema\/person\/a3bebf7bdb4bf12f698aff73c7e46c21\"},\"potentialAction\":[{\"@type\":\"SearchAction\",\"target\":{\"@type\":\"EntryPoint\",\"urlTemplate\":\"https:\/\/mhf.ro\/mm\/?s={search_term_string}\"},\"query-input\":{\"@type\":\"PropertyValueSpecification\",\"valueRequired\":true,\"valueName\":\"search_term_string\"}}],\"inLanguage\":\"ro-RO\"},{\"@type\":[\"Person\",\"Organization\"],\"@id\":\"https:\/\/mhf.ro\/mm\/#\/schema\/person\/a3bebf7bdb4bf12f698aff73c7e46c21\",\"name\":\"Marius Marcu\",\"image\":{\"@type\":\"ImageObject\",\"inLanguage\":\"ro-RO\",\"@id\":\"https:\/\/mhf.ro\/mm\/#\/schema\/person\/image\/\",\"url\":\"https:\/\/mhf.ro\/mm\/wp-content\/uploads\/2025\/12\/cropped-logo_mhf_2.png\",\"contentUrl\":\"https:\/\/mhf.ro\/mm\/wp-content\/uploads\/2025\/12\/cropped-logo_mhf_2.png\",\"width\":1096,\"height\":457,\"caption\":\"Marius Marcu\"},\"logo\":{\"@id\":\"https:\/\/mhf.ro\/mm\/#\/schema\/person\/image\/\"},\"sameAs\":[\"https:\/\/mhf.ro\/mm\"]},{\"@type\":\"Person\",\"@id\":\"https:\/\/mhf.ro\/mm\/#\/schema\/person\/d2e8248dfe54de3d7284ff7254d2e29b\",\"name\":\"Ciurtin Tavi\",\"image\":{\"@type\":\"ImageObject\",\"inLanguage\":\"ro-RO\",\"@id\":\"https:\/\/mhf.ro\/mm\/#\/schema\/person\/image\/\",\"url\":\"https:\/\/secure.gravatar.com\/avatar\/5afa01044b4e9328c510b64d3aa571c665404d2e22859f2e114ebd21774aab9c?s=96&d=monsterid&r=g\",\"contentUrl\":\"https:\/\/secure.gravatar.com\/avatar\/5afa01044b4e9328c510b64d3aa571c665404d2e22859f2e114ebd21774aab9c?s=96&d=monsterid&r=g\",\"caption\":\"Ciurtin Tavi\"},\"description\":\"N-am crezut niciodata ca ce am vizionat in vis, va fi permanent lege pentru mine... as fi isteric sa cred, ca, chiar eu pot sa-mi duc neputinta atat de mult sa cred ca eu... nu mai stiu sa glumesc, cu el, cu ea, cu tine, si in ultimul rand... cu mine... stii ce as vrea? ca eu nu stiu.... ma catar doar pe o dorinta, fumeganda-n mintea mea, asa, apucata de un ciucur ca un vis.... un vis legitim, nu unul....labartit din memoria somnului, ca... ultima discutie cu tine! hai, pa... ma duc sa-mi mustruluiesc, speranta de-a avea curajul sa revina la suprafata inaintea zorilor .\",\"sameAs\":[\"https:\/\/mhf.ro\/mm\"],\"url\":\"https:\/\/mhf.ro\/mm\/author\/tavi\/\"}]}<\/script>\n<!-- \/ Yoast SEO plugin. -->","yoast_head_json":{"title":"Din politica la zi... Oaia din poveste... (fa-Bula!) - MHF Photography","robots":{"index":"index","follow":"follow","max-snippet":"max-snippet:-1","max-image-preview":"max-image-preview:large","max-video-preview":"max-video-preview:-1"},"canonical":"https:\/\/mhf.ro\/mm\/din-politica-la-zi-oaia-din-poveste-fa-bula\/","og_locale":"ro_RO","og_type":"article","og_title":"Din politica la zi... Oaia din poveste... (fa-Bula!) - MHF Photography","og_description":"Patru ciobani, o oaie si-un magar, in libertatea ierbii&#8230;ancestrale, cobor, precum un cer uscat, marar, &#8230;spre furtisag, la vale! O","og_url":"https:\/\/mhf.ro\/mm\/din-politica-la-zi-oaia-din-poveste-fa-bula\/","og_site_name":"MHF Photography","article_published_time":"2020-06-22T07:31:48+00:00","og_image":[{"width":552,"height":414,"url":"https:\/\/mhf.ro\/mm\/wp-content\/uploads\/2020\/06\/covrig-caine-cu-covrig-in-coada-5498261526.jpg","type":"image\/jpeg"}],"author":"Ciurtin Tavi","twitter_card":"summary_large_image","twitter_misc":{"Scris de":"Ciurtin Tavi","Timp estimat pentru citire":"1 minut"},"schema":{"@context":"https:\/\/schema.org","@graph":[{"@type":"Article","@id":"https:\/\/mhf.ro\/mm\/din-politica-la-zi-oaia-din-poveste-fa-bula\/#article","isPartOf":{"@id":"https:\/\/mhf.ro\/mm\/din-politica-la-zi-oaia-din-poveste-fa-bula\/"},"author":{"name":"Ciurtin Tavi","@id":"https:\/\/mhf.ro\/mm\/#\/schema\/person\/d2e8248dfe54de3d7284ff7254d2e29b"},"headline":"Din politica la zi&#8230; Oaia din poveste&#8230; (fa-Bula!)","datePublished":"2020-06-22T07:31:48+00:00","mainEntityOfPage":{"@id":"https:\/\/mhf.ro\/mm\/din-politica-la-zi-oaia-din-poveste-fa-bula\/"},"wordCount":160,"commentCount":0,"publisher":{"@id":"https:\/\/mhf.ro\/mm\/#\/schema\/person\/a3bebf7bdb4bf12f698aff73c7e46c21"},"image":{"@id":"https:\/\/mhf.ro\/mm\/din-politica-la-zi-oaia-din-poveste-fa-bula\/#primaryimage"},"thumbnailUrl":"https:\/\/mhf.ro\/mm\/wp-content\/uploads\/2020\/06\/covrig-caine-cu-covrig-in-coada-5498261526.jpg","articleSection":["Diverse"],"inLanguage":"ro-RO","potentialAction":[{"@type":"CommentAction","name":"Comment","target":["https:\/\/mhf.ro\/mm\/din-politica-la-zi-oaia-din-poveste-fa-bula\/#respond"]}]},{"@type":"WebPage","@id":"https:\/\/mhf.ro\/mm\/din-politica-la-zi-oaia-din-poveste-fa-bula\/","url":"https:\/\/mhf.ro\/mm\/din-politica-la-zi-oaia-din-poveste-fa-bula\/","name":"Din politica la zi... Oaia din poveste... (fa-Bula!) - MHF Photography","isPartOf":{"@id":"https:\/\/mhf.ro\/mm\/#website"},"primaryImageOfPage":{"@id":"https:\/\/mhf.ro\/mm\/din-politica-la-zi-oaia-din-poveste-fa-bula\/#primaryimage"},"image":{"@id":"https:\/\/mhf.ro\/mm\/din-politica-la-zi-oaia-din-poveste-fa-bula\/#primaryimage"},"thumbnailUrl":"https:\/\/mhf.ro\/mm\/wp-content\/uploads\/2020\/06\/covrig-caine-cu-covrig-in-coada-5498261526.jpg","datePublished":"2020-06-22T07:31:48+00:00","breadcrumb":{"@id":"https:\/\/mhf.ro\/mm\/din-politica-la-zi-oaia-din-poveste-fa-bula\/#breadcrumb"},"inLanguage":"ro-RO","potentialAction":[{"@type":"ReadAction","target":["https:\/\/mhf.ro\/mm\/din-politica-la-zi-oaia-din-poveste-fa-bula\/"]}]},{"@type":"ImageObject","inLanguage":"ro-RO","@id":"https:\/\/mhf.ro\/mm\/din-politica-la-zi-oaia-din-poveste-fa-bula\/#primaryimage","url":"https:\/\/mhf.ro\/mm\/wp-content\/uploads\/2020\/06\/covrig-caine-cu-covrig-in-coada-5498261526.jpg","contentUrl":"https:\/\/mhf.ro\/mm\/wp-content\/uploads\/2020\/06\/covrig-caine-cu-covrig-in-coada-5498261526.jpg","width":552,"height":414},{"@type":"BreadcrumbList","@id":"https:\/\/mhf.ro\/mm\/din-politica-la-zi-oaia-din-poveste-fa-bula\/#breadcrumb","itemListElement":[{"@type":"ListItem","position":1,"name":"Prima pagin\u0103","item":"https:\/\/mhf.ro\/mm\/"},{"@type":"ListItem","position":2,"name":"Din politica la zi&#8230; Oaia din poveste&#8230; (fa-Bula!)"}]},{"@type":"WebSite","@id":"https:\/\/mhf.ro\/mm\/#website","url":"https:\/\/mhf.ro\/mm\/","name":"MHF Photography \u2013 Blog de fotografie, natur\u0103 \u0219i tehnic\u0103 divers\u0103","description":"Aventur\u0103 \u00een fiecare cadru.","publisher":{"@id":"https:\/\/mhf.ro\/mm\/#\/schema\/person\/a3bebf7bdb4bf12f698aff73c7e46c21"},"potentialAction":[{"@type":"SearchAction","target":{"@type":"EntryPoint","urlTemplate":"https:\/\/mhf.ro\/mm\/?s={search_term_string}"},"query-input":{"@type":"PropertyValueSpecification","valueRequired":true,"valueName":"search_term_string"}}],"inLanguage":"ro-RO"},{"@type":["Person","Organization"],"@id":"https:\/\/mhf.ro\/mm\/#\/schema\/person\/a3bebf7bdb4bf12f698aff73c7e46c21","name":"Marius Marcu","image":{"@type":"ImageObject","inLanguage":"ro-RO","@id":"https:\/\/mhf.ro\/mm\/#\/schema\/person\/image\/","url":"https:\/\/mhf.ro\/mm\/wp-content\/uploads\/2025\/12\/cropped-logo_mhf_2.png","contentUrl":"https:\/\/mhf.ro\/mm\/wp-content\/uploads\/2025\/12\/cropped-logo_mhf_2.png","width":1096,"height":457,"caption":"Marius Marcu"},"logo":{"@id":"https:\/\/mhf.ro\/mm\/#\/schema\/person\/image\/"},"sameAs":["https:\/\/mhf.ro\/mm"]},{"@type":"Person","@id":"https:\/\/mhf.ro\/mm\/#\/schema\/person\/d2e8248dfe54de3d7284ff7254d2e29b","name":"Ciurtin Tavi","image":{"@type":"ImageObject","inLanguage":"ro-RO","@id":"https:\/\/mhf.ro\/mm\/#\/schema\/person\/image\/","url":"https:\/\/secure.gravatar.com\/avatar\/5afa01044b4e9328c510b64d3aa571c665404d2e22859f2e114ebd21774aab9c?s=96&d=monsterid&r=g","contentUrl":"https:\/\/secure.gravatar.com\/avatar\/5afa01044b4e9328c510b64d3aa571c665404d2e22859f2e114ebd21774aab9c?s=96&d=monsterid&r=g","caption":"Ciurtin Tavi"},"description":"N-am crezut niciodata ca ce am vizionat in vis, va fi permanent lege pentru mine... as fi isteric sa cred, ca, chiar eu pot sa-mi duc neputinta atat de mult sa cred ca eu... nu mai stiu sa glumesc, cu el, cu ea, cu tine, si in ultimul rand... cu mine... stii ce as vrea? ca eu nu stiu.... ma catar doar pe o dorinta, fumeganda-n mintea mea, asa, apucata de un ciucur ca un vis.... un vis legitim, nu unul....labartit din memoria somnului, ca... ultima discutie cu tine! hai, pa... ma duc sa-mi mustruluiesc, speranta de-a avea curajul sa revina la suprafata inaintea zorilor .","sameAs":["https:\/\/mhf.ro\/mm"],"url":"https:\/\/mhf.ro\/mm\/author\/tavi\/"}]}},"_links":{"self":[{"href":"https:\/\/mhf.ro\/mm\/wp-json\/wp\/v2\/posts\/2209","targetHints":{"allow":["GET"]}}],"collection":[{"href":"https:\/\/mhf.ro\/mm\/wp-json\/wp\/v2\/posts"}],"about":[{"href":"https:\/\/mhf.ro\/mm\/wp-json\/wp\/v2\/types\/post"}],"author":[{"embeddable":true,"href":"https:\/\/mhf.ro\/mm\/wp-json\/wp\/v2\/users\/3"}],"replies":[{"embeddable":true,"href":"https:\/\/mhf.ro\/mm\/wp-json\/wp\/v2\/comments?post=2209"}],"version-history":[{"count":1,"href":"https:\/\/mhf.ro\/mm\/wp-json\/wp\/v2\/posts\/2209\/revisions"}],"predecessor-version":[{"id":2211,"href":"https:\/\/mhf.ro\/mm\/wp-json\/wp\/v2\/posts\/2209\/revisions\/2211"}],"wp:featuredmedia":[{"embeddable":true,"href":"https:\/\/mhf.ro\/mm\/wp-json\/wp\/v2\/media\/2210"}],"wp:attachment":[{"href":"https:\/\/mhf.ro\/mm\/wp-json\/wp\/v2\/media?parent=2209"}],"wp:term":[{"taxonomy":"category","embeddable":true,"href":"https:\/\/mhf.ro\/mm\/wp-json\/wp\/v2\/categories?post=2209"},{"taxonomy":"post_tag","embeddable":true,"href":"https:\/\/mhf.ro\/mm\/wp-json\/wp\/v2\/tags?post=2209"}],"curies":[{"name":"wp","href":"https:\/\/api.w.org\/{rel}","templated":true}]}}