{"id":2213,"date":"2020-06-24T00:57:20","date_gmt":"2020-06-23T22:57:20","guid":{"rendered":"https:\/\/mhf.ro\/mm\/?p=2213"},"modified":"2025-12-29T10:02:06","modified_gmt":"2025-12-29T08:02:06","slug":"randunica-privindu-ne-in-ochi","status":"publish","type":"post","link":"https:\/\/mhf.ro\/mm\/randunica-privindu-ne-in-ochi\/","title":{"rendered":"R\u00e2ndunic\u0103. -Privindu-ne \u00een ochi"},"content":{"rendered":"<p>Plouase zile\u00a0\u00een\u00a0\u0219ir\u00a0\u0219i\u00a0\u00eenc\u0103\u00a0plou\u0103&#8230; O\u00a0var\u0103\u00a0atipic\u0103\u00a0care\u00a0d\u0103\u00a0b\u0103t\u0103i\u00a0de cap multora\u00a0dintre\u00a0noi.<\/p>\n<p>Mi-am\u00a0f\u0103cut\u00a0curaj\u00a0\u0219i\u00a0am\u00a0ie\u0219it\u00a0\u201cs\u0103-mi\u00a0vizitez lacul\u201d. Voiam\u00a0s\u0103\u00a0v\u0103d\u00a0dac\u0103\u00a0Prund\u0103ra\u0219ii\u00a0\u0219i\u00a0Piciorongii\u00a0mai\u00a0sunt\u00a0acolo,\u00a0dac\u0103\u00a0sunt bine,\u00a0dac\u0103\u00a0au ie\u0219it puiu\u021bii;\u00a0s\u0103\u00a0v\u0103d\u00a0ce mai face puiul de Vulpe\u00a0\u0219i\u00a0dac\u0103\u00a0puiu\u021bii de Pietrar sur\u00a0au\u00a0\u00eenceput\u00a0s\u0103\u00a0zboare\u2026<\/p>\n<p>Mi-am\u00a0f\u0103cut\u00a0curaj-zic, pentru\u00a0c\u0103\u00a0nu este\u00a0u\u0219or\u00a0de\u00a0intrat\u00a0pe aceea vale&#8230; Accesul\u00a0se\u00a0face pe un drum de\u00a0p\u0103m\u00e2nt\u00a0care\u00a0atunci\u00a0c\u00e2nd\u00a0plou\u0103\u00a0devine aproape impracticabil. Am\u00a0reu\u0219it\u00a0s\u0103\u00a0str\u0103bat\u00a0valea\u00a0\u0219i\u00a0s\u0103\u00a0ajung\u00a0l\u00e2ng\u0103\u00a0lac\u00a0datorit\u0103\u00a0lui \u201cGimnilic\u0103\u201d (ma\u0219inu\u021ba\u00a0mea\u00a0de n\u0103dejde)\u2026<\/p>\n<p>Puiutii de Pietrar\u00a0sur\u00a0au\u00a0\u00eenceput\u00a0s\u0103\u00a0zboare; Presura\u00a0\u00a0sur\u0103\u00a0era\u00a0la\u00a0locul ei favorit\u00a0\u00een\u00a0copac;\u00a0puiu\u021bul\u00a0de Vulpi\u021b\u0103\u00a0nu am\u00a0reu\u0219it\u00a0s\u0103\u00a0\u00eel\u00a0v\u0103d,\u00a0de\u0219i\u00a0l-am\u00a0a\u0219teptat\u00a0mai\u00a0bine de o\u00a0ora\u00a0jumate; Prund\u0103ra\u0219ii\u00a0\u0219i\u00a0Piciorongii erau\u00a0\u00eenc\u0103\u00a0pe\u00a0ou\u0103; puiutii de M\u0103r\u0103cinar negru zburau\u00a0\u0219i\u00a0ei veseli\u00a0nep\u0103s\u00e2ndu-le de ploaie;\u00a0iarba\u00a0\u00eenalt\u0103\u00a0din\u00a0vale (\u00a0care\u00a0a\u0219a\u00a0cum zicea cineva: \u201cnu e\u00a0iarb\u0103,\u00a0sunt\u00a0plante medicinale\u201d\u00a0-\u0219i\u00a0asta\u00a0pentru\u00a0c\u0103\u00a0sunt o sumedenie de plante\u00a0\u0219i\u00a0floricele pe metrul\u00a0p\u0103trat\u00a0\u00een\u00a0aceea\u00a0iarb\u0103, cum vezi din ce\u00a0\u00een\u00a0ce mai rar\u2026 ) era\u00a0plin\u0103\u00a0de\u00a0via\u021b\u0103; L\u0103carul mare\u00a0\u00ee\u0219i\u00a0sus\u021binea\u00a0concertul\u00a0\u00een\u00a0aer liber; puii de \u0218orecar comun\u00a0\u00eenv\u0103\u021bau\u00a0s\u0103\u00a0deprind\u0103\u00a0tainele zborului de la\u00a0p\u0103rin\u021bii\u00a0lor; V\u00e2nturelul\u00a0Ro\u0219u-pe care l-am\u00a0a\u0219teptat\u00a0s\u0103\u00a0apar\u0103\u00a0la cuibul lui de pe\u00a0st\u00e2lpul\u00a0de curent, nu era\u00a0acas\u0103\u2026<\/p>\n<p>Apa\u00a0lacului\u00a0era\u00a0rece\u00a0la\u00a0suprafa\u021b\u0103\u00a0dar\u00a0pu\u021bin\u00a0mai\u00a0\u00een\u00a0ad\u00e2ncime\u00a0era\u00a0c\u0103ldu\u021b\u0103\u00a0ca\u00a0apa\u00a0de la robinet\u00a0\u0219i\u00a0am profitat de\u00a0asta\u00a0c\u00e2nd\u00a0ploaia a luat o\u00a0pauz\u0103\u2026<\/p>\n<p>Am stat toat\u0103 ziua pe vale, am umblat descul\u021b prin iarb\u0103 \u0219i m-am \u00eenc\u0103rcat cu energie c\u00e2t cuprinde\u2026 \ud83d\ude42<\/p>\n<p>Dup\u0103-amiaza t\u00e2rziu str\u0103b\u0103t\u00e2nd cu greu valea, am pornit spre cas\u0103 \u0219i ca \u0219i bonus pentru aceea zi minunat\u0103 m-am \u00eent\u00e2lnit nas \u00een nas cu o R\u00e2ndunic\u0103. Nu \u0219tiu voi, dar eu rar am v\u0103zut o R\u00e2ndunic\u0103 \u00een fa\u021ba mea care s\u0103 nu stea pe o s\u00e2rm\u0103, \u00een general de curent! \ud83d\ude42<\/p>\n<p>Ei, de\u00a0dat\u0103\u00a0asta\u00a0R\u00e2ndunica\u00a0st\u0103tea\u00a0pe o\u00a0crengu\u021b\u0103\u2026Ne-am privit\u00a0\u00een\u00a0ochi\u00a0pre\u021b\u00a0de\u00a0c\u00e2teva\u00a0clipe (m\u0103\u00a0privea\u00a0mirat\u0103,\u00a0parc\u0103\u00a0\u00eentreb\u00e2ndu-se\u00a0\u201cce\u00a0caut\u0103\u00a0omul \u0103sta aici?, cum a\u00a0reu\u0219it\u00a0s\u0103\u00a0ajung\u0103\u00a0oare aici pe valea noastr\u0103 pe a\u0219a o vreme? ),\u00a0dup\u0103\u00a0care\u00a0\u0219i-a luat zborul\u00a0al\u0103tur\u00e2ndu-se stolului de\u00a0r\u00e2ndunici\u00a0care zburau\u00a0\u00een\u00a0forma\u021bie\u00a0f\u0103c\u00e2nd\u00a0exerci\u021bii\u00a0acrobatice&#8230;<\/p>\n<p>Mai jos ave\u021bi o poz\u0103 cu R\u00e2ndunica\u2026<\/p>\n<p>&nbsp;<\/p>\n<div id=\"envira-gallery-wrap-2219\" class=\"envira-gallery-wrap envira-gallery-theme-base envira-lightbox-theme-base\" itemscope itemtype=\"https:\/\/schema.org\/ImageGallery\"><div data-row-height=\"150\" data-gallery-theme=\"normal\" id=\"envira-gallery-2219\" class=\"envira-gallery-public envira-gallery-justified-public envira-gallery-0-columns envira-clear enviratope envira-gallery-css-animations\" data-envira-columns=\"0\"><div id=\"envira-gallery-item-2220\" class=\"envira-gallery-item enviratope-item envira-gallery-item-1 envira-lazy-load\" style=\"padding-left: 5px; padding-bottom: 10px; padding-right: 5px;\"  itemscope itemtype=\"https:\/\/schema.org\/ImageObject\"><div class=\"envira-gallery-item-inner\"><div class=\"envira-gallery-position-overlay  envira-gallery-top-left\"><\/div><div class=\"envira-gallery-position-overlay  envira-gallery-top-right\"><\/div><div class=\"envira-gallery-position-overlay  envira-gallery-bottom-left\"><\/div><div class=\"envira-gallery-position-overlay  envira-gallery-bottom-right\"><\/div><a href=\"https:\/\/mhf.ro\/mm\/wp-content\/uploads\/2020\/06\/HCM_5404-acr-1-1.jpg\" class=\"envira-gallery-2219 envira-gallery-link\" rel=\"enviragallery2219\" title=\"R&acirc;ndunic\u0103\" data-envira-caption=\"R&acirc;ndunic\u0103\" data-envira-retina=\"\" data-thumbnail=\"\"  itemprop=\"contentUrl\"><img decoding=\"async\" id=\"envira-gallery-image-2220\" class=\"envira-gallery-image envira-gallery-image-1 envira-normal envira-lazy\" data-envira-index=\"1\" src=\"https:\/\/mhf.ro\/mm\/wp-content\/uploads\/2020\/06\/HCM_5404-acr-1-1-835x1024-640x480.jpg\" data-envira-src=\"https:\/\/mhf.ro\/mm\/wp-content\/uploads\/2020\/06\/HCM_5404-acr-1-1-835x1024-640x480.jpg\" data-envira-gallery-id=\"2219\" data-envira-item-id=\"2220\" data-envira-caption=\"R&acirc;ndunic\u0103\" alt=\"\" title=\"R\u00e2ndunic\u0103\"  itemprop=\"thumbnailUrl\" data-envira-srcset=\"https:\/\/mhf.ro\/mm\/wp-content\/uploads\/2020\/06\/HCM_5404-acr-1-1-835x1024-640x480.jpg 400w,https:\/\/mhf.ro\/mm\/wp-content\/uploads\/2020\/06\/HCM_5404-acr-1-1-835x1024-640x480.jpg 2x\" data-envira-width=\"245\" data-envira-height=\"300\" srcset=\"data:image\/gif;base64,R0lGODlhAQABAIAAAP\/\/\/\/\/\/\/yH5BAEKAAEALAAAAAABAAEAAAICTAEAOw==\" data-safe-src=\"data:image\/gif;base64,R0lGODlhAQABAIAAAP\/\/\/\/\/\/\/yH5BAEKAAEALAAAAAABAAEAAAICTAEAOw==\" \/><\/a><\/div><\/div><\/div><\/div><noscript><img decoding=\"async\" src=\"https:\/\/mhf.ro\/mm\/wp-content\/uploads\/2020\/06\/HCM_5404-acr-1-1.jpg\" alt=\"\" \/><\/noscript>\n<p>&nbsp;<\/p>\n<p>Foto: Cristian Hauptman \u00a0<a href=\"https:\/\/www.facebook.com\/CristianHauptman\">https:\/\/www.facebook.com\/CristianHauptman<\/a><\/p>\n","protected":false},"excerpt":{"rendered":"<p>Plouase zile\u00a0\u00een\u00a0\u0219ir\u00a0\u0219i\u00a0\u00eenc\u0103\u00a0plou\u0103&#8230; O\u00a0var\u0103\u00a0atipic\u0103\u00a0care\u00a0d\u0103\u00a0b\u0103t\u0103i\u00a0de cap multora\u00a0dintre\u00a0noi. Mi-am\u00a0f\u0103cut\u00a0curaj\u00a0\u0219i\u00a0am\u00a0ie\u0219it\u00a0\u201cs\u0103-mi\u00a0vizitez lacul\u201d. Voiam\u00a0s\u0103\u00a0v\u0103d\u00a0dac\u0103\u00a0Prund\u0103ra\u0219ii\u00a0\u0219i\u00a0Piciorongii\u00a0mai\u00a0sunt\u00a0acolo,\u00a0dac\u0103\u00a0sunt bine,\u00a0dac\u0103\u00a0au ie\u0219it puiu\u021bii;\u00a0s\u0103\u00a0v\u0103d\u00a0ce mai face puiul de Vulpe\u00a0\u0219i\u00a0dac\u0103\u00a0puiu\u021bii de Pietrar sur\u00a0au\u00a0\u00eenceput\u00a0s\u0103\u00a0zboare\u2026 Mi-am\u00a0f\u0103cut\u00a0curaj-zic,<\/p>\n","protected":false},"author":9,"featured_media":2215,"comment_status":"open","ping_status":"open","sticky":false,"template":"","format":"standard","meta":{"colormag_page_container_layout":"default_layout","colormag_page_sidebar_layout":"default_layout","footnotes":""},"categories":[40,66],"tags":[31],"class_list":["post-2213","post","type-post","status-publish","format-standard","has-post-thumbnail","hentry","category-fotografi-diverse","category-wildlife","tag-randunica"],"yoast_head":"<!-- This site is optimized with the Yoast SEO plugin v27.0 - https:\/\/yoast.com\/product\/yoast-seo-wordpress\/ -->\n<title>R\u00e2ndunic\u0103. -Privindu-ne \u00een ochi - MHF Photography<\/title>\n<meta name=\"description\" content=\"Voiam\u00a0s\u0103\u00a0v\u0103d\u00a0dac\u0103\u00a0Prund\u0103ra\u0219ii\u00a0\u0219i\u00a0Piciorongii\u00a0mai\u00a0sunt\u00a0acolo,\u00a0dac\u0103\u00a0sunt bine,\u00a0dac\u0103\u00a0au ie\u0219it puiu\u021bii;\u00a0s\u0103\u00a0v\u0103d\u00a0ce mai face puiul de Vulpe\u00a0\u0219i\u00a0dac\u0103\u00a0puiu\u021bii de ...\" \/>\n<meta name=\"robots\" content=\"index, follow, max-snippet:-1, max-image-preview:large, max-video-preview:-1\" \/>\n<link rel=\"canonical\" href=\"https:\/\/mhf.ro\/mm\/randunica-privindu-ne-in-ochi\/\" \/>\n<meta property=\"og:locale\" content=\"ro_RO\" \/>\n<meta property=\"og:type\" content=\"article\" \/>\n<meta property=\"og:title\" content=\"R\u00e2ndunic\u0103. -Privindu-ne \u00een ochi - MHF Photography\" \/>\n<meta property=\"og:description\" content=\"Voiam\u00a0s\u0103\u00a0v\u0103d\u00a0dac\u0103\u00a0Prund\u0103ra\u0219ii\u00a0\u0219i\u00a0Piciorongii\u00a0mai\u00a0sunt\u00a0acolo,\u00a0dac\u0103\u00a0sunt bine,\u00a0dac\u0103\u00a0au ie\u0219it puiu\u021bii;\u00a0s\u0103\u00a0v\u0103d\u00a0ce mai face puiul de Vulpe\u00a0\u0219i\u00a0dac\u0103\u00a0puiu\u021bii de ...\" \/>\n<meta property=\"og:url\" content=\"https:\/\/mhf.ro\/mm\/randunica-privindu-ne-in-ochi\/\" \/>\n<meta property=\"og:site_name\" content=\"MHF Photography\" \/>\n<meta property=\"article:published_time\" content=\"2020-06-23T22:57:20+00:00\" \/>\n<meta property=\"article:modified_time\" content=\"2025-12-29T08:02:06+00:00\" \/>\n<meta property=\"og:image\" content=\"https:\/\/mhf.ro\/mm\/wp-content\/uploads\/2020\/06\/HCM_5404-acr-1.jpg\" \/>\n\t<meta property=\"og:image:width\" content=\"1023\" \/>\n\t<meta property=\"og:image:height\" content=\"1254\" \/>\n\t<meta property=\"og:image:type\" content=\"image\/jpeg\" \/>\n<meta name=\"author\" content=\"Cristian Hauptman\" \/>\n<meta name=\"twitter:card\" content=\"summary_large_image\" \/>\n<meta name=\"twitter:label1\" content=\"Scris de\" \/>\n\t<meta name=\"twitter:data1\" content=\"Cristian Hauptman\" \/>\n\t<meta name=\"twitter:label2\" content=\"Timp estimat pentru citire\" \/>\n\t<meta name=\"twitter:data2\" content=\"2 minute\" \/>\n<script type=\"application\/ld+json\" class=\"yoast-schema-graph\">{\"@context\":\"https:\/\/schema.org\",\"@graph\":[{\"@type\":\"Article\",\"@id\":\"https:\/\/mhf.ro\/mm\/randunica-privindu-ne-in-ochi\/#article\",\"isPartOf\":{\"@id\":\"https:\/\/mhf.ro\/mm\/randunica-privindu-ne-in-ochi\/\"},\"author\":{\"name\":\"Cristian Hauptman\",\"@id\":\"https:\/\/mhf.ro\/mm\/#\/schema\/person\/a9e3f3e13c805b0762b3675325cd1582\"},\"headline\":\"R\u00e2ndunic\u0103. -Privindu-ne \u00een ochi\",\"datePublished\":\"2020-06-23T22:57:20+00:00\",\"dateModified\":\"2025-12-29T08:02:06+00:00\",\"mainEntityOfPage\":{\"@id\":\"https:\/\/mhf.ro\/mm\/randunica-privindu-ne-in-ochi\/\"},\"wordCount\":499,\"commentCount\":1,\"publisher\":{\"@id\":\"https:\/\/mhf.ro\/mm\/#\/schema\/person\/a3bebf7bdb4bf12f698aff73c7e46c21\"},\"image\":{\"@id\":\"https:\/\/mhf.ro\/mm\/randunica-privindu-ne-in-ochi\/#primaryimage\"},\"thumbnailUrl\":\"https:\/\/mhf.ro\/mm\/wp-content\/uploads\/2020\/06\/HCM_5404-acr-1.jpg\",\"keywords\":[\"R\u0103ndunic\u0103\"],\"articleSection\":[\"Foto\",\"Wildlife\"],\"inLanguage\":\"ro-RO\",\"potentialAction\":[{\"@type\":\"CommentAction\",\"name\":\"Comment\",\"target\":[\"https:\/\/mhf.ro\/mm\/randunica-privindu-ne-in-ochi\/#respond\"]}]},{\"@type\":\"WebPage\",\"@id\":\"https:\/\/mhf.ro\/mm\/randunica-privindu-ne-in-ochi\/\",\"url\":\"https:\/\/mhf.ro\/mm\/randunica-privindu-ne-in-ochi\/\",\"name\":\"R\u00e2ndunic\u0103. -Privindu-ne \u00een ochi - MHF Photography\",\"isPartOf\":{\"@id\":\"https:\/\/mhf.ro\/mm\/#website\"},\"primaryImageOfPage\":{\"@id\":\"https:\/\/mhf.ro\/mm\/randunica-privindu-ne-in-ochi\/#primaryimage\"},\"image\":{\"@id\":\"https:\/\/mhf.ro\/mm\/randunica-privindu-ne-in-ochi\/#primaryimage\"},\"thumbnailUrl\":\"https:\/\/mhf.ro\/mm\/wp-content\/uploads\/2020\/06\/HCM_5404-acr-1.jpg\",\"datePublished\":\"2020-06-23T22:57:20+00:00\",\"dateModified\":\"2025-12-29T08:02:06+00:00\",\"description\":\"Voiam\u00a0s\u0103\u00a0v\u0103d\u00a0dac\u0103\u00a0Prund\u0103ra\u0219ii\u00a0\u0219i\u00a0Piciorongii\u00a0mai\u00a0sunt\u00a0acolo,\u00a0dac\u0103\u00a0sunt bine,\u00a0dac\u0103\u00a0au ie\u0219it puiu\u021bii;\u00a0s\u0103\u00a0v\u0103d\u00a0ce mai face puiul de Vulpe\u00a0\u0219i\u00a0dac\u0103\u00a0puiu\u021bii de ...\",\"breadcrumb\":{\"@id\":\"https:\/\/mhf.ro\/mm\/randunica-privindu-ne-in-ochi\/#breadcrumb\"},\"inLanguage\":\"ro-RO\",\"potentialAction\":[{\"@type\":\"ReadAction\",\"target\":[\"https:\/\/mhf.ro\/mm\/randunica-privindu-ne-in-ochi\/\"]}]},{\"@type\":\"ImageObject\",\"inLanguage\":\"ro-RO\",\"@id\":\"https:\/\/mhf.ro\/mm\/randunica-privindu-ne-in-ochi\/#primaryimage\",\"url\":\"https:\/\/mhf.ro\/mm\/wp-content\/uploads\/2020\/06\/HCM_5404-acr-1.jpg\",\"contentUrl\":\"https:\/\/mhf.ro\/mm\/wp-content\/uploads\/2020\/06\/HCM_5404-acr-1.jpg\",\"width\":1023,\"height\":1254},{\"@type\":\"BreadcrumbList\",\"@id\":\"https:\/\/mhf.ro\/mm\/randunica-privindu-ne-in-ochi\/#breadcrumb\",\"itemListElement\":[{\"@type\":\"ListItem\",\"position\":1,\"name\":\"Prima pagin\u0103\",\"item\":\"https:\/\/mhf.ro\/mm\/\"},{\"@type\":\"ListItem\",\"position\":2,\"name\":\"R\u00e2ndunic\u0103. -Privindu-ne \u00een ochi\"}]},{\"@type\":\"WebSite\",\"@id\":\"https:\/\/mhf.ro\/mm\/#website\",\"url\":\"https:\/\/mhf.ro\/mm\/\",\"name\":\"MHF Photography \u2013 Blog de fotografie, natur\u0103 \u0219i tehnic\u0103 divers\u0103\",\"description\":\"Aventur\u0103 \u00een fiecare cadru.\",\"publisher\":{\"@id\":\"https:\/\/mhf.ro\/mm\/#\/schema\/person\/a3bebf7bdb4bf12f698aff73c7e46c21\"},\"potentialAction\":[{\"@type\":\"SearchAction\",\"target\":{\"@type\":\"EntryPoint\",\"urlTemplate\":\"https:\/\/mhf.ro\/mm\/?s={search_term_string}\"},\"query-input\":{\"@type\":\"PropertyValueSpecification\",\"valueRequired\":true,\"valueName\":\"search_term_string\"}}],\"inLanguage\":\"ro-RO\"},{\"@type\":[\"Person\",\"Organization\"],\"@id\":\"https:\/\/mhf.ro\/mm\/#\/schema\/person\/a3bebf7bdb4bf12f698aff73c7e46c21\",\"name\":\"Marius Marcu\",\"image\":{\"@type\":\"ImageObject\",\"inLanguage\":\"ro-RO\",\"@id\":\"https:\/\/mhf.ro\/mm\/#\/schema\/person\/image\/\",\"url\":\"https:\/\/mhf.ro\/mm\/wp-content\/uploads\/2025\/12\/cropped-logo_mhf_2.png\",\"contentUrl\":\"https:\/\/mhf.ro\/mm\/wp-content\/uploads\/2025\/12\/cropped-logo_mhf_2.png\",\"width\":1096,\"height\":457,\"caption\":\"Marius Marcu\"},\"logo\":{\"@id\":\"https:\/\/mhf.ro\/mm\/#\/schema\/person\/image\/\"},\"sameAs\":[\"https:\/\/mhf.ro\/mm\"]},{\"@type\":\"Person\",\"@id\":\"https:\/\/mhf.ro\/mm\/#\/schema\/person\/a9e3f3e13c805b0762b3675325cd1582\",\"name\":\"Cristian Hauptman\",\"image\":{\"@type\":\"ImageObject\",\"inLanguage\":\"ro-RO\",\"@id\":\"https:\/\/mhf.ro\/mm\/#\/schema\/person\/image\/\",\"url\":\"https:\/\/secure.gravatar.com\/avatar\/d10c2765195808565e64bc4a67a4bff91e0da630507572b7f68b7be8a94a4e37?s=96&d=monsterid&r=g\",\"contentUrl\":\"https:\/\/secure.gravatar.com\/avatar\/d10c2765195808565e64bc4a67a4bff91e0da630507572b7f68b7be8a94a4e37?s=96&d=monsterid&r=g\",\"caption\":\"Cristian Hauptman\"},\"sameAs\":[\"https:\/\/mhf.ro\/mm\"],\"url\":\"https:\/\/mhf.ro\/mm\/author\/cristi\/\"}]}<\/script>\n<!-- \/ Yoast SEO plugin. -->","yoast_head_json":{"title":"R\u00e2ndunic\u0103. -Privindu-ne \u00een ochi - MHF Photography","description":"Voiam\u00a0s\u0103\u00a0v\u0103d\u00a0dac\u0103\u00a0Prund\u0103ra\u0219ii\u00a0\u0219i\u00a0Piciorongii\u00a0mai\u00a0sunt\u00a0acolo,\u00a0dac\u0103\u00a0sunt bine,\u00a0dac\u0103\u00a0au ie\u0219it puiu\u021bii;\u00a0s\u0103\u00a0v\u0103d\u00a0ce mai face puiul de Vulpe\u00a0\u0219i\u00a0dac\u0103\u00a0puiu\u021bii de ...","robots":{"index":"index","follow":"follow","max-snippet":"max-snippet:-1","max-image-preview":"max-image-preview:large","max-video-preview":"max-video-preview:-1"},"canonical":"https:\/\/mhf.ro\/mm\/randunica-privindu-ne-in-ochi\/","og_locale":"ro_RO","og_type":"article","og_title":"R\u00e2ndunic\u0103. -Privindu-ne \u00een ochi - MHF Photography","og_description":"Voiam\u00a0s\u0103\u00a0v\u0103d\u00a0dac\u0103\u00a0Prund\u0103ra\u0219ii\u00a0\u0219i\u00a0Piciorongii\u00a0mai\u00a0sunt\u00a0acolo,\u00a0dac\u0103\u00a0sunt bine,\u00a0dac\u0103\u00a0au ie\u0219it puiu\u021bii;\u00a0s\u0103\u00a0v\u0103d\u00a0ce mai face puiul de Vulpe\u00a0\u0219i\u00a0dac\u0103\u00a0puiu\u021bii de ...","og_url":"https:\/\/mhf.ro\/mm\/randunica-privindu-ne-in-ochi\/","og_site_name":"MHF Photography","article_published_time":"2020-06-23T22:57:20+00:00","article_modified_time":"2025-12-29T08:02:06+00:00","og_image":[{"width":1023,"height":1254,"url":"https:\/\/mhf.ro\/mm\/wp-content\/uploads\/2020\/06\/HCM_5404-acr-1.jpg","type":"image\/jpeg"}],"author":"Cristian Hauptman","twitter_card":"summary_large_image","twitter_misc":{"Scris de":"Cristian Hauptman","Timp estimat pentru citire":"2 minute"},"schema":{"@context":"https:\/\/schema.org","@graph":[{"@type":"Article","@id":"https:\/\/mhf.ro\/mm\/randunica-privindu-ne-in-ochi\/#article","isPartOf":{"@id":"https:\/\/mhf.ro\/mm\/randunica-privindu-ne-in-ochi\/"},"author":{"name":"Cristian Hauptman","@id":"https:\/\/mhf.ro\/mm\/#\/schema\/person\/a9e3f3e13c805b0762b3675325cd1582"},"headline":"R\u00e2ndunic\u0103. -Privindu-ne \u00een ochi","datePublished":"2020-06-23T22:57:20+00:00","dateModified":"2025-12-29T08:02:06+00:00","mainEntityOfPage":{"@id":"https:\/\/mhf.ro\/mm\/randunica-privindu-ne-in-ochi\/"},"wordCount":499,"commentCount":1,"publisher":{"@id":"https:\/\/mhf.ro\/mm\/#\/schema\/person\/a3bebf7bdb4bf12f698aff73c7e46c21"},"image":{"@id":"https:\/\/mhf.ro\/mm\/randunica-privindu-ne-in-ochi\/#primaryimage"},"thumbnailUrl":"https:\/\/mhf.ro\/mm\/wp-content\/uploads\/2020\/06\/HCM_5404-acr-1.jpg","keywords":["R\u0103ndunic\u0103"],"articleSection":["Foto","Wildlife"],"inLanguage":"ro-RO","potentialAction":[{"@type":"CommentAction","name":"Comment","target":["https:\/\/mhf.ro\/mm\/randunica-privindu-ne-in-ochi\/#respond"]}]},{"@type":"WebPage","@id":"https:\/\/mhf.ro\/mm\/randunica-privindu-ne-in-ochi\/","url":"https:\/\/mhf.ro\/mm\/randunica-privindu-ne-in-ochi\/","name":"R\u00e2ndunic\u0103. -Privindu-ne \u00een ochi - MHF Photography","isPartOf":{"@id":"https:\/\/mhf.ro\/mm\/#website"},"primaryImageOfPage":{"@id":"https:\/\/mhf.ro\/mm\/randunica-privindu-ne-in-ochi\/#primaryimage"},"image":{"@id":"https:\/\/mhf.ro\/mm\/randunica-privindu-ne-in-ochi\/#primaryimage"},"thumbnailUrl":"https:\/\/mhf.ro\/mm\/wp-content\/uploads\/2020\/06\/HCM_5404-acr-1.jpg","datePublished":"2020-06-23T22:57:20+00:00","dateModified":"2025-12-29T08:02:06+00:00","description":"Voiam\u00a0s\u0103\u00a0v\u0103d\u00a0dac\u0103\u00a0Prund\u0103ra\u0219ii\u00a0\u0219i\u00a0Piciorongii\u00a0mai\u00a0sunt\u00a0acolo,\u00a0dac\u0103\u00a0sunt bine,\u00a0dac\u0103\u00a0au ie\u0219it puiu\u021bii;\u00a0s\u0103\u00a0v\u0103d\u00a0ce mai face puiul de Vulpe\u00a0\u0219i\u00a0dac\u0103\u00a0puiu\u021bii de ...","breadcrumb":{"@id":"https:\/\/mhf.ro\/mm\/randunica-privindu-ne-in-ochi\/#breadcrumb"},"inLanguage":"ro-RO","potentialAction":[{"@type":"ReadAction","target":["https:\/\/mhf.ro\/mm\/randunica-privindu-ne-in-ochi\/"]}]},{"@type":"ImageObject","inLanguage":"ro-RO","@id":"https:\/\/mhf.ro\/mm\/randunica-privindu-ne-in-ochi\/#primaryimage","url":"https:\/\/mhf.ro\/mm\/wp-content\/uploads\/2020\/06\/HCM_5404-acr-1.jpg","contentUrl":"https:\/\/mhf.ro\/mm\/wp-content\/uploads\/2020\/06\/HCM_5404-acr-1.jpg","width":1023,"height":1254},{"@type":"BreadcrumbList","@id":"https:\/\/mhf.ro\/mm\/randunica-privindu-ne-in-ochi\/#breadcrumb","itemListElement":[{"@type":"ListItem","position":1,"name":"Prima pagin\u0103","item":"https:\/\/mhf.ro\/mm\/"},{"@type":"ListItem","position":2,"name":"R\u00e2ndunic\u0103. -Privindu-ne \u00een ochi"}]},{"@type":"WebSite","@id":"https:\/\/mhf.ro\/mm\/#website","url":"https:\/\/mhf.ro\/mm\/","name":"MHF Photography \u2013 Blog de fotografie, natur\u0103 \u0219i tehnic\u0103 divers\u0103","description":"Aventur\u0103 \u00een fiecare cadru.","publisher":{"@id":"https:\/\/mhf.ro\/mm\/#\/schema\/person\/a3bebf7bdb4bf12f698aff73c7e46c21"},"potentialAction":[{"@type":"SearchAction","target":{"@type":"EntryPoint","urlTemplate":"https:\/\/mhf.ro\/mm\/?s={search_term_string}"},"query-input":{"@type":"PropertyValueSpecification","valueRequired":true,"valueName":"search_term_string"}}],"inLanguage":"ro-RO"},{"@type":["Person","Organization"],"@id":"https:\/\/mhf.ro\/mm\/#\/schema\/person\/a3bebf7bdb4bf12f698aff73c7e46c21","name":"Marius Marcu","image":{"@type":"ImageObject","inLanguage":"ro-RO","@id":"https:\/\/mhf.ro\/mm\/#\/schema\/person\/image\/","url":"https:\/\/mhf.ro\/mm\/wp-content\/uploads\/2025\/12\/cropped-logo_mhf_2.png","contentUrl":"https:\/\/mhf.ro\/mm\/wp-content\/uploads\/2025\/12\/cropped-logo_mhf_2.png","width":1096,"height":457,"caption":"Marius Marcu"},"logo":{"@id":"https:\/\/mhf.ro\/mm\/#\/schema\/person\/image\/"},"sameAs":["https:\/\/mhf.ro\/mm"]},{"@type":"Person","@id":"https:\/\/mhf.ro\/mm\/#\/schema\/person\/a9e3f3e13c805b0762b3675325cd1582","name":"Cristian Hauptman","image":{"@type":"ImageObject","inLanguage":"ro-RO","@id":"https:\/\/mhf.ro\/mm\/#\/schema\/person\/image\/","url":"https:\/\/secure.gravatar.com\/avatar\/d10c2765195808565e64bc4a67a4bff91e0da630507572b7f68b7be8a94a4e37?s=96&d=monsterid&r=g","contentUrl":"https:\/\/secure.gravatar.com\/avatar\/d10c2765195808565e64bc4a67a4bff91e0da630507572b7f68b7be8a94a4e37?s=96&d=monsterid&r=g","caption":"Cristian Hauptman"},"sameAs":["https:\/\/mhf.ro\/mm"],"url":"https:\/\/mhf.ro\/mm\/author\/cristi\/"}]}},"_links":{"self":[{"href":"https:\/\/mhf.ro\/mm\/wp-json\/wp\/v2\/posts\/2213","targetHints":{"allow":["GET"]}}],"collection":[{"href":"https:\/\/mhf.ro\/mm\/wp-json\/wp\/v2\/posts"}],"about":[{"href":"https:\/\/mhf.ro\/mm\/wp-json\/wp\/v2\/types\/post"}],"author":[{"embeddable":true,"href":"https:\/\/mhf.ro\/mm\/wp-json\/wp\/v2\/users\/9"}],"replies":[{"embeddable":true,"href":"https:\/\/mhf.ro\/mm\/wp-json\/wp\/v2\/comments?post=2213"}],"version-history":[{"count":6,"href":"https:\/\/mhf.ro\/mm\/wp-json\/wp\/v2\/posts\/2213\/revisions"}],"predecessor-version":[{"id":2223,"href":"https:\/\/mhf.ro\/mm\/wp-json\/wp\/v2\/posts\/2213\/revisions\/2223"}],"wp:featuredmedia":[{"embeddable":true,"href":"https:\/\/mhf.ro\/mm\/wp-json\/wp\/v2\/media\/2215"}],"wp:attachment":[{"href":"https:\/\/mhf.ro\/mm\/wp-json\/wp\/v2\/media?parent=2213"}],"wp:term":[{"taxonomy":"category","embeddable":true,"href":"https:\/\/mhf.ro\/mm\/wp-json\/wp\/v2\/categories?post=2213"},{"taxonomy":"post_tag","embeddable":true,"href":"https:\/\/mhf.ro\/mm\/wp-json\/wp\/v2\/tags?post=2213"}],"curies":[{"name":"wp","href":"https:\/\/api.w.org\/{rel}","templated":true}]}}