{"id":2225,"date":"2020-06-25T07:09:59","date_gmt":"2020-06-25T05:09:59","guid":{"rendered":"https:\/\/mhf.ro\/mm\/?p=2225"},"modified":"2021-04-21T08:49:39","modified_gmt":"2021-04-21T06:49:39","slug":"si-plang-de-creste-buruiana","status":"publish","type":"post","link":"https:\/\/mhf.ro\/mm\/si-plang-de-creste-buruiana\/","title":{"rendered":"\u015ei pl\u00e2ng, de cre\u015fte buruiana!"},"content":{"rendered":"<p>\u00cen timpul scurt, ce mi-a cosit av\u00e2ntul,<br \/>\nca iedera pe cas\u0103, dorul, m\u0103 umbre\u015fte,<br \/>\nsingur\u0103tatea toat\u0103, se une\u015fte&#8230;<span class=\"text_exposed_show\"><br \/>\n\u00een litera ce graiu` mi-a defri\u015fat cuvantul!<\/span><\/p>\n<div class=\"text_exposed_show\">\n<p>Potopul e besmetic, cade, m\u0103 r\u0103pune,<br \/>\nse t\u0103v\u0103le\u015fte-n iarb\u0103 pe carare,<br \/>\ndoar ve\u015fti ursite aflu, ca o dare&#8230;<br \/>\nnici una, de la tine, nu sunt&#8230;bune!<\/p>\n<p>Mi-am lecuit \u00een geamandura mea,<br \/>\nfurtuna \u015fi c\u0103ldura african\u0103,<br \/>\ndulce leac s\u0103 creasc\u0103-o buruian\u0103,<br \/>\ndin pl\u00e2ns \u015fi din con\u015ftiin\u0163\u0103-a\u015f vrea!<\/p>\n<p>Tu e\u015fti departe, eu&#8230;la mii de kilometrii,<br \/>\na\u015ftept s\u0103-mi dai de veste c\u0103 e\u015fti bine,<br \/>\ns\u0103 dorm desc\u0103tu\u015fat \u00een serile senine,<br \/>\nnu ca acum pe jos, \u00eenconjurat de pietrii&#8230;<\/p>\n<p>Ai fost, r\u0103m\u00e2i a\u015fa ca-n visul meu din tinere\u0163e,<br \/>\nun om, un st\u00e2lp, o oaz\u0103 de iubire&#8230;<br \/>\naceea\u015fi tandr\u0103, dulce cucerire,<br \/>\n\u00een via\u0163a mea \u015fi-a ta, pe reduta unei batr\u00e2ne\u0163e!<\/p>\n<p>Eu te a\u015ftept, eu am r\u0103bdare, \u00eenc\u0103, \u00ee\u0163i promit,<br \/>\nca o c\u0103l\u0103uz\u0103 care merge drept, doar \u00eenainte,<br \/>\nprin pl\u00e2nsul meu, \u00eencerc s\u0103-mi sterg din minte,<br \/>\nperioada-n care te-am min\u0163it!<\/p>\n<p>Tu iart\u0103 dac\u0103 po\u0163i, \u015fi d\u0103-mi speran\u0163\u0103&#8230;<br \/>\nviitorul t\u0103u, \u015fi-al meu&#8230;<br \/>\na\u015fa cum ne ajut\u0103 Dumnezeu,<br \/>\ns\u0103 fie, a\u015fa\u00a0 \u00a0sper, \u00een siguran\u0163\u0103!<\/p>\n<\/div>\n","protected":false},"excerpt":{"rendered":"<p>\u00cen timpul scurt, ce mi-a cosit av\u00e2ntul, ca iedera pe cas\u0103, dorul, m\u0103 umbre\u015fte, singur\u0103tatea toat\u0103, se une\u015fte&#8230; \u00een litera<\/p>\n","protected":false},"author":3,"featured_media":2226,"comment_status":"open","ping_status":"open","sticky":false,"template":"","format":"standard","meta":{"colormag_page_container_layout":"default_layout","colormag_page_sidebar_layout":"default_layout","footnotes":""},"categories":[21,8],"tags":[],"class_list":["post-2225","post","type-post","status-publish","format-standard","has-post-thumbnail","hentry","category-arta","category-div"],"yoast_head":"<!-- This site is optimized with the Yoast SEO plugin v27.0 - https:\/\/yoast.com\/product\/yoast-seo-wordpress\/ -->\n<title>\u015ei pl\u00e2ng, de cre\u015fte buruiana! - MHF Photography<\/title>\n<meta name=\"robots\" content=\"index, follow, max-snippet:-1, max-image-preview:large, max-video-preview:-1\" \/>\n<link rel=\"canonical\" href=\"https:\/\/mhf.ro\/mm\/si-plang-de-creste-buruiana\/\" \/>\n<meta property=\"og:locale\" content=\"ro_RO\" \/>\n<meta property=\"og:type\" content=\"article\" \/>\n<meta property=\"og:title\" content=\"\u015ei pl\u00e2ng, de cre\u015fte buruiana! - MHF Photography\" \/>\n<meta property=\"og:description\" content=\"\u00cen timpul scurt, ce mi-a cosit av\u00e2ntul, ca iedera pe cas\u0103, dorul, m\u0103 umbre\u015fte, singur\u0103tatea toat\u0103, se une\u015fte&#8230; \u00een litera\" \/>\n<meta property=\"og:url\" content=\"https:\/\/mhf.ro\/mm\/si-plang-de-creste-buruiana\/\" \/>\n<meta property=\"og:site_name\" content=\"MHF Photography\" \/>\n<meta property=\"article:published_time\" content=\"2020-06-25T05:09:59+00:00\" \/>\n<meta property=\"article:modified_time\" content=\"2021-04-21T06:49:39+00:00\" \/>\n<meta property=\"og:image\" content=\"https:\/\/mhf.ro\/mm\/wp-content\/uploads\/2020\/06\/Koala.jpg\" \/>\n\t<meta property=\"og:image:width\" content=\"1024\" \/>\n\t<meta property=\"og:image:height\" content=\"768\" \/>\n\t<meta property=\"og:image:type\" content=\"image\/jpeg\" \/>\n<meta name=\"author\" content=\"Ciurtin Tavi\" \/>\n<meta name=\"twitter:card\" content=\"summary_large_image\" \/>\n<meta name=\"twitter:label1\" content=\"Scris de\" \/>\n\t<meta name=\"twitter:data1\" content=\"Ciurtin Tavi\" \/>\n\t<meta name=\"twitter:label2\" content=\"Timp estimat pentru citire\" \/>\n\t<meta name=\"twitter:data2\" content=\"1 minut\" \/>\n<script type=\"application\/ld+json\" class=\"yoast-schema-graph\">{\"@context\":\"https:\/\/schema.org\",\"@graph\":[{\"@type\":\"Article\",\"@id\":\"https:\/\/mhf.ro\/mm\/si-plang-de-creste-buruiana\/#article\",\"isPartOf\":{\"@id\":\"https:\/\/mhf.ro\/mm\/si-plang-de-creste-buruiana\/\"},\"author\":{\"name\":\"Ciurtin Tavi\",\"@id\":\"https:\/\/mhf.ro\/mm\/#\/schema\/person\/d2e8248dfe54de3d7284ff7254d2e29b\"},\"headline\":\"\u015ei pl\u00e2ng, de cre\u015fte buruiana!\",\"datePublished\":\"2020-06-25T05:09:59+00:00\",\"dateModified\":\"2021-04-21T06:49:39+00:00\",\"mainEntityOfPage\":{\"@id\":\"https:\/\/mhf.ro\/mm\/si-plang-de-creste-buruiana\/\"},\"wordCount\":231,\"commentCount\":0,\"publisher\":{\"@id\":\"https:\/\/mhf.ro\/mm\/#\/schema\/person\/a3bebf7bdb4bf12f698aff73c7e46c21\"},\"image\":{\"@id\":\"https:\/\/mhf.ro\/mm\/si-plang-de-creste-buruiana\/#primaryimage\"},\"thumbnailUrl\":\"https:\/\/mhf.ro\/mm\/wp-content\/uploads\/2020\/06\/Koala.jpg\",\"articleSection\":[\"Arta\",\"Diverse\"],\"inLanguage\":\"ro-RO\",\"potentialAction\":[{\"@type\":\"CommentAction\",\"name\":\"Comment\",\"target\":[\"https:\/\/mhf.ro\/mm\/si-plang-de-creste-buruiana\/#respond\"]}]},{\"@type\":\"WebPage\",\"@id\":\"https:\/\/mhf.ro\/mm\/si-plang-de-creste-buruiana\/\",\"url\":\"https:\/\/mhf.ro\/mm\/si-plang-de-creste-buruiana\/\",\"name\":\"\u015ei pl\u00e2ng, de cre\u015fte buruiana! - MHF Photography\",\"isPartOf\":{\"@id\":\"https:\/\/mhf.ro\/mm\/#website\"},\"primaryImageOfPage\":{\"@id\":\"https:\/\/mhf.ro\/mm\/si-plang-de-creste-buruiana\/#primaryimage\"},\"image\":{\"@id\":\"https:\/\/mhf.ro\/mm\/si-plang-de-creste-buruiana\/#primaryimage\"},\"thumbnailUrl\":\"https:\/\/mhf.ro\/mm\/wp-content\/uploads\/2020\/06\/Koala.jpg\",\"datePublished\":\"2020-06-25T05:09:59+00:00\",\"dateModified\":\"2021-04-21T06:49:39+00:00\",\"breadcrumb\":{\"@id\":\"https:\/\/mhf.ro\/mm\/si-plang-de-creste-buruiana\/#breadcrumb\"},\"inLanguage\":\"ro-RO\",\"potentialAction\":[{\"@type\":\"ReadAction\",\"target\":[\"https:\/\/mhf.ro\/mm\/si-plang-de-creste-buruiana\/\"]}]},{\"@type\":\"ImageObject\",\"inLanguage\":\"ro-RO\",\"@id\":\"https:\/\/mhf.ro\/mm\/si-plang-de-creste-buruiana\/#primaryimage\",\"url\":\"https:\/\/mhf.ro\/mm\/wp-content\/uploads\/2020\/06\/Koala.jpg\",\"contentUrl\":\"https:\/\/mhf.ro\/mm\/wp-content\/uploads\/2020\/06\/Koala.jpg\",\"width\":1024,\"height\":768},{\"@type\":\"BreadcrumbList\",\"@id\":\"https:\/\/mhf.ro\/mm\/si-plang-de-creste-buruiana\/#breadcrumb\",\"itemListElement\":[{\"@type\":\"ListItem\",\"position\":1,\"name\":\"Prima pagin\u0103\",\"item\":\"https:\/\/mhf.ro\/mm\/\"},{\"@type\":\"ListItem\",\"position\":2,\"name\":\"\u015ei pl\u00e2ng, de cre\u015fte buruiana!\"}]},{\"@type\":\"WebSite\",\"@id\":\"https:\/\/mhf.ro\/mm\/#website\",\"url\":\"https:\/\/mhf.ro\/mm\/\",\"name\":\"MHF Photography \u2013 Blog de fotografie, natur\u0103 \u0219i tehnic\u0103 divers\u0103\",\"description\":\"Aventur\u0103 \u00een fiecare cadru.\",\"publisher\":{\"@id\":\"https:\/\/mhf.ro\/mm\/#\/schema\/person\/a3bebf7bdb4bf12f698aff73c7e46c21\"},\"potentialAction\":[{\"@type\":\"SearchAction\",\"target\":{\"@type\":\"EntryPoint\",\"urlTemplate\":\"https:\/\/mhf.ro\/mm\/?s={search_term_string}\"},\"query-input\":{\"@type\":\"PropertyValueSpecification\",\"valueRequired\":true,\"valueName\":\"search_term_string\"}}],\"inLanguage\":\"ro-RO\"},{\"@type\":[\"Person\",\"Organization\"],\"@id\":\"https:\/\/mhf.ro\/mm\/#\/schema\/person\/a3bebf7bdb4bf12f698aff73c7e46c21\",\"name\":\"Marius Marcu\",\"image\":{\"@type\":\"ImageObject\",\"inLanguage\":\"ro-RO\",\"@id\":\"https:\/\/mhf.ro\/mm\/#\/schema\/person\/image\/\",\"url\":\"https:\/\/mhf.ro\/mm\/wp-content\/uploads\/2025\/12\/cropped-logo_mhf_2.png\",\"contentUrl\":\"https:\/\/mhf.ro\/mm\/wp-content\/uploads\/2025\/12\/cropped-logo_mhf_2.png\",\"width\":1096,\"height\":457,\"caption\":\"Marius Marcu\"},\"logo\":{\"@id\":\"https:\/\/mhf.ro\/mm\/#\/schema\/person\/image\/\"},\"sameAs\":[\"https:\/\/mhf.ro\/mm\"]},{\"@type\":\"Person\",\"@id\":\"https:\/\/mhf.ro\/mm\/#\/schema\/person\/d2e8248dfe54de3d7284ff7254d2e29b\",\"name\":\"Ciurtin Tavi\",\"image\":{\"@type\":\"ImageObject\",\"inLanguage\":\"ro-RO\",\"@id\":\"https:\/\/mhf.ro\/mm\/#\/schema\/person\/image\/\",\"url\":\"https:\/\/secure.gravatar.com\/avatar\/5afa01044b4e9328c510b64d3aa571c665404d2e22859f2e114ebd21774aab9c?s=96&d=monsterid&r=g\",\"contentUrl\":\"https:\/\/secure.gravatar.com\/avatar\/5afa01044b4e9328c510b64d3aa571c665404d2e22859f2e114ebd21774aab9c?s=96&d=monsterid&r=g\",\"caption\":\"Ciurtin Tavi\"},\"description\":\"N-am crezut niciodata ca ce am vizionat in vis, va fi permanent lege pentru mine... as fi isteric sa cred, ca, chiar eu pot sa-mi duc neputinta atat de mult sa cred ca eu... nu mai stiu sa glumesc, cu el, cu ea, cu tine, si in ultimul rand... cu mine... stii ce as vrea? ca eu nu stiu.... ma catar doar pe o dorinta, fumeganda-n mintea mea, asa, apucata de un ciucur ca un vis.... un vis legitim, nu unul....labartit din memoria somnului, ca... ultima discutie cu tine! hai, pa... ma duc sa-mi mustruluiesc, speranta de-a avea curajul sa revina la suprafata inaintea zorilor .\",\"sameAs\":[\"https:\/\/mhf.ro\/mm\"],\"url\":\"https:\/\/mhf.ro\/mm\/author\/tavi\/\"}]}<\/script>\n<!-- \/ Yoast SEO plugin. -->","yoast_head_json":{"title":"\u015ei pl\u00e2ng, de cre\u015fte buruiana! - MHF Photography","robots":{"index":"index","follow":"follow","max-snippet":"max-snippet:-1","max-image-preview":"max-image-preview:large","max-video-preview":"max-video-preview:-1"},"canonical":"https:\/\/mhf.ro\/mm\/si-plang-de-creste-buruiana\/","og_locale":"ro_RO","og_type":"article","og_title":"\u015ei pl\u00e2ng, de cre\u015fte buruiana! - MHF Photography","og_description":"\u00cen timpul scurt, ce mi-a cosit av\u00e2ntul, ca iedera pe cas\u0103, dorul, m\u0103 umbre\u015fte, singur\u0103tatea toat\u0103, se une\u015fte&#8230; \u00een litera","og_url":"https:\/\/mhf.ro\/mm\/si-plang-de-creste-buruiana\/","og_site_name":"MHF Photography","article_published_time":"2020-06-25T05:09:59+00:00","article_modified_time":"2021-04-21T06:49:39+00:00","og_image":[{"width":1024,"height":768,"url":"https:\/\/mhf.ro\/mm\/wp-content\/uploads\/2020\/06\/Koala.jpg","type":"image\/jpeg"}],"author":"Ciurtin Tavi","twitter_card":"summary_large_image","twitter_misc":{"Scris de":"Ciurtin Tavi","Timp estimat pentru citire":"1 minut"},"schema":{"@context":"https:\/\/schema.org","@graph":[{"@type":"Article","@id":"https:\/\/mhf.ro\/mm\/si-plang-de-creste-buruiana\/#article","isPartOf":{"@id":"https:\/\/mhf.ro\/mm\/si-plang-de-creste-buruiana\/"},"author":{"name":"Ciurtin Tavi","@id":"https:\/\/mhf.ro\/mm\/#\/schema\/person\/d2e8248dfe54de3d7284ff7254d2e29b"},"headline":"\u015ei pl\u00e2ng, de cre\u015fte buruiana!","datePublished":"2020-06-25T05:09:59+00:00","dateModified":"2021-04-21T06:49:39+00:00","mainEntityOfPage":{"@id":"https:\/\/mhf.ro\/mm\/si-plang-de-creste-buruiana\/"},"wordCount":231,"commentCount":0,"publisher":{"@id":"https:\/\/mhf.ro\/mm\/#\/schema\/person\/a3bebf7bdb4bf12f698aff73c7e46c21"},"image":{"@id":"https:\/\/mhf.ro\/mm\/si-plang-de-creste-buruiana\/#primaryimage"},"thumbnailUrl":"https:\/\/mhf.ro\/mm\/wp-content\/uploads\/2020\/06\/Koala.jpg","articleSection":["Arta","Diverse"],"inLanguage":"ro-RO","potentialAction":[{"@type":"CommentAction","name":"Comment","target":["https:\/\/mhf.ro\/mm\/si-plang-de-creste-buruiana\/#respond"]}]},{"@type":"WebPage","@id":"https:\/\/mhf.ro\/mm\/si-plang-de-creste-buruiana\/","url":"https:\/\/mhf.ro\/mm\/si-plang-de-creste-buruiana\/","name":"\u015ei pl\u00e2ng, de cre\u015fte buruiana! - MHF Photography","isPartOf":{"@id":"https:\/\/mhf.ro\/mm\/#website"},"primaryImageOfPage":{"@id":"https:\/\/mhf.ro\/mm\/si-plang-de-creste-buruiana\/#primaryimage"},"image":{"@id":"https:\/\/mhf.ro\/mm\/si-plang-de-creste-buruiana\/#primaryimage"},"thumbnailUrl":"https:\/\/mhf.ro\/mm\/wp-content\/uploads\/2020\/06\/Koala.jpg","datePublished":"2020-06-25T05:09:59+00:00","dateModified":"2021-04-21T06:49:39+00:00","breadcrumb":{"@id":"https:\/\/mhf.ro\/mm\/si-plang-de-creste-buruiana\/#breadcrumb"},"inLanguage":"ro-RO","potentialAction":[{"@type":"ReadAction","target":["https:\/\/mhf.ro\/mm\/si-plang-de-creste-buruiana\/"]}]},{"@type":"ImageObject","inLanguage":"ro-RO","@id":"https:\/\/mhf.ro\/mm\/si-plang-de-creste-buruiana\/#primaryimage","url":"https:\/\/mhf.ro\/mm\/wp-content\/uploads\/2020\/06\/Koala.jpg","contentUrl":"https:\/\/mhf.ro\/mm\/wp-content\/uploads\/2020\/06\/Koala.jpg","width":1024,"height":768},{"@type":"BreadcrumbList","@id":"https:\/\/mhf.ro\/mm\/si-plang-de-creste-buruiana\/#breadcrumb","itemListElement":[{"@type":"ListItem","position":1,"name":"Prima pagin\u0103","item":"https:\/\/mhf.ro\/mm\/"},{"@type":"ListItem","position":2,"name":"\u015ei pl\u00e2ng, de cre\u015fte buruiana!"}]},{"@type":"WebSite","@id":"https:\/\/mhf.ro\/mm\/#website","url":"https:\/\/mhf.ro\/mm\/","name":"MHF Photography \u2013 Blog de fotografie, natur\u0103 \u0219i tehnic\u0103 divers\u0103","description":"Aventur\u0103 \u00een fiecare cadru.","publisher":{"@id":"https:\/\/mhf.ro\/mm\/#\/schema\/person\/a3bebf7bdb4bf12f698aff73c7e46c21"},"potentialAction":[{"@type":"SearchAction","target":{"@type":"EntryPoint","urlTemplate":"https:\/\/mhf.ro\/mm\/?s={search_term_string}"},"query-input":{"@type":"PropertyValueSpecification","valueRequired":true,"valueName":"search_term_string"}}],"inLanguage":"ro-RO"},{"@type":["Person","Organization"],"@id":"https:\/\/mhf.ro\/mm\/#\/schema\/person\/a3bebf7bdb4bf12f698aff73c7e46c21","name":"Marius Marcu","image":{"@type":"ImageObject","inLanguage":"ro-RO","@id":"https:\/\/mhf.ro\/mm\/#\/schema\/person\/image\/","url":"https:\/\/mhf.ro\/mm\/wp-content\/uploads\/2025\/12\/cropped-logo_mhf_2.png","contentUrl":"https:\/\/mhf.ro\/mm\/wp-content\/uploads\/2025\/12\/cropped-logo_mhf_2.png","width":1096,"height":457,"caption":"Marius Marcu"},"logo":{"@id":"https:\/\/mhf.ro\/mm\/#\/schema\/person\/image\/"},"sameAs":["https:\/\/mhf.ro\/mm"]},{"@type":"Person","@id":"https:\/\/mhf.ro\/mm\/#\/schema\/person\/d2e8248dfe54de3d7284ff7254d2e29b","name":"Ciurtin Tavi","image":{"@type":"ImageObject","inLanguage":"ro-RO","@id":"https:\/\/mhf.ro\/mm\/#\/schema\/person\/image\/","url":"https:\/\/secure.gravatar.com\/avatar\/5afa01044b4e9328c510b64d3aa571c665404d2e22859f2e114ebd21774aab9c?s=96&d=monsterid&r=g","contentUrl":"https:\/\/secure.gravatar.com\/avatar\/5afa01044b4e9328c510b64d3aa571c665404d2e22859f2e114ebd21774aab9c?s=96&d=monsterid&r=g","caption":"Ciurtin Tavi"},"description":"N-am crezut niciodata ca ce am vizionat in vis, va fi permanent lege pentru mine... as fi isteric sa cred, ca, chiar eu pot sa-mi duc neputinta atat de mult sa cred ca eu... nu mai stiu sa glumesc, cu el, cu ea, cu tine, si in ultimul rand... cu mine... stii ce as vrea? ca eu nu stiu.... ma catar doar pe o dorinta, fumeganda-n mintea mea, asa, apucata de un ciucur ca un vis.... un vis legitim, nu unul....labartit din memoria somnului, ca... ultima discutie cu tine! hai, pa... ma duc sa-mi mustruluiesc, speranta de-a avea curajul sa revina la suprafata inaintea zorilor .","sameAs":["https:\/\/mhf.ro\/mm"],"url":"https:\/\/mhf.ro\/mm\/author\/tavi\/"}]}},"_links":{"self":[{"href":"https:\/\/mhf.ro\/mm\/wp-json\/wp\/v2\/posts\/2225","targetHints":{"allow":["GET"]}}],"collection":[{"href":"https:\/\/mhf.ro\/mm\/wp-json\/wp\/v2\/posts"}],"about":[{"href":"https:\/\/mhf.ro\/mm\/wp-json\/wp\/v2\/types\/post"}],"author":[{"embeddable":true,"href":"https:\/\/mhf.ro\/mm\/wp-json\/wp\/v2\/users\/3"}],"replies":[{"embeddable":true,"href":"https:\/\/mhf.ro\/mm\/wp-json\/wp\/v2\/comments?post=2225"}],"version-history":[{"count":1,"href":"https:\/\/mhf.ro\/mm\/wp-json\/wp\/v2\/posts\/2225\/revisions"}],"predecessor-version":[{"id":2227,"href":"https:\/\/mhf.ro\/mm\/wp-json\/wp\/v2\/posts\/2225\/revisions\/2227"}],"wp:featuredmedia":[{"embeddable":true,"href":"https:\/\/mhf.ro\/mm\/wp-json\/wp\/v2\/media\/2226"}],"wp:attachment":[{"href":"https:\/\/mhf.ro\/mm\/wp-json\/wp\/v2\/media?parent=2225"}],"wp:term":[{"taxonomy":"category","embeddable":true,"href":"https:\/\/mhf.ro\/mm\/wp-json\/wp\/v2\/categories?post=2225"},{"taxonomy":"post_tag","embeddable":true,"href":"https:\/\/mhf.ro\/mm\/wp-json\/wp\/v2\/tags?post=2225"}],"curies":[{"name":"wp","href":"https:\/\/api.w.org\/{rel}","templated":true}]}}