{"id":2264,"date":"2020-06-30T20:32:20","date_gmt":"2020-06-30T18:32:20","guid":{"rendered":"https:\/\/mhf.ro\/mm\/?p=2264"},"modified":"2020-07-02T21:25:56","modified_gmt":"2020-07-02T19:25:56","slug":"sindromul-stockholm","status":"publish","type":"post","link":"https:\/\/mhf.ro\/mm\/sindromul-stockholm\/","title":{"rendered":"SINDROMUL STOCKHOLM"},"content":{"rendered":"<p>\u00cen 1973, o band\u0103 \u00eenarmat\u0103 a atacat o banc\u0103 din ora\u0219ul suedez Stockholm \u015fi i-a \u021binut ostatici pe func\u021bionarii respectivei institu\u021bii timp de 8 zile. \u00cen mod paradoxal, dup\u0103 eliberarea lor, ostaticii aveau sentimente pozitive pentru atacatori \u015fi chiar le-au luat ap\u0103rarea la proces. Psihiatrul suedez care \u00eenso\u021bise poli\u021bia la negocieri a denumit acest fenomen &#8222;sindromul Stockholm.&#8221; El spune c\u0103 paradoxalul sentiment care se na\u0219te \u00een sufletul victimei, de afec\u021biune pentru cei care i-au \u021binut ostatici, se poate explica prin nivelul emo\u021bional foarte ridicat al ostaticilor, \u00een mentalul c\u0103rora se produc mai multe muta\u021bii.<\/p>\n<p>\u00cen primul rand, victima este recunosc\u0103toare f\u0103pta\u015fului pentru c\u0103 nu a ucis-o, de\u0219i a dovedit c\u0103 putea s-o fac\u0103 \u0219i chiar a amenin\u021bat-o.<br \/>\nUnul dintre cele mai notabile cazuri de manifestare a sindromului Stockholm este cel al minorei de 11 ani Jaycee Dugard, care a fost r\u0103pit\u0103 de so\u021bii Garrido \u00een 1991 \u015fi eliberat\u0103 abia \u00een 2009, dup\u0103 18 ani de deten\u021bie. \u00cen acest timp, Jaycee a n\u0103scut doua fete pe care le considera surorile ei. Atunci c\u00e2nd r\u0103pitorul a fost re\u021binut de poli\u021bie, s-a dat de urma fetei, numai c\u0103 primele declara\u021bii ale acesteia i-au uimit pe anchetatori. Ea sus\u021binea c\u0103 este Alicia, o so\u021bie care s-a refugiat la Garrido din cauza so\u021bului. \u00cen pofida faptului c\u0103 fusese violat\u0103 \u00een mod repetat, \u00eentre ea \u0219i r\u0103pitor se n\u0103scuser\u0103 sentimente de dragoste.<br \/>\nMi-a pl\u0103cut articolul despre sindromul Stockholm, \u00een primul r\u00e2nd pentru c\u0103 seam\u0103n\u0103 izbitor de mult cu ceea ce se-nt\u00e2mpl\u0103 la noi \u00een ultimii 30 de ani. \u015ei chiar dac\u0103 nu e vorba de dragoste (de\u015fi la c\u00e2\u021bi nebuni care se manifest\u0103 pentru unul sau altul, te-a\u015ftep\u021bi la orice ), faptul c\u0103 \u00eei accept\u0103m de 30 de ani pe aceia\u0219i derbedei care au dus \u021bara de r\u00e2p\u0103, denot\u0103 o manifestare la nivel de mas\u0103 a sindromului Stockholm. Le suntem recunosc\u0103tori derbedeilor c\u0103 nu ne-au ucis!!! Chiar dac\u0103 ne-au violat pu\u021bin \u0219i ne-au dat apoi \u015fi afar\u0103 din cas\u0103 (\u021bar\u0103).<\/p>\n","protected":false},"excerpt":{"rendered":"<p>\u00cen 1973, o band\u0103 \u00eenarmat\u0103 a atacat o banc\u0103 din ora\u0219ul suedez Stockholm \u015fi i-a \u021binut ostatici pe func\u021bionarii respectivei<\/p>\n","protected":false},"author":10,"featured_media":2266,"comment_status":"open","ping_status":"open","sticky":false,"template":"","format":"standard","meta":{"colormag_page_container_layout":"default_layout","colormag_page_sidebar_layout":"default_layout","footnotes":""},"categories":[8],"tags":[],"class_list":["post-2264","post","type-post","status-publish","format-standard","has-post-thumbnail","hentry","category-div"],"yoast_head":"<!-- This site is optimized with the Yoast SEO plugin v27.0 - https:\/\/yoast.com\/product\/yoast-seo-wordpress\/ -->\n<title>SINDROMUL STOCKHOLM - MHF Photography<\/title>\n<meta name=\"robots\" content=\"index, follow, max-snippet:-1, max-image-preview:large, max-video-preview:-1\" \/>\n<link rel=\"canonical\" href=\"https:\/\/mhf.ro\/mm\/sindromul-stockholm\/\" \/>\n<meta property=\"og:locale\" content=\"ro_RO\" \/>\n<meta property=\"og:type\" content=\"article\" \/>\n<meta property=\"og:title\" content=\"SINDROMUL STOCKHOLM - MHF Photography\" \/>\n<meta property=\"og:description\" content=\"\u00cen 1973, o band\u0103 \u00eenarmat\u0103 a atacat o banc\u0103 din ora\u0219ul suedez Stockholm \u015fi i-a \u021binut ostatici pe func\u021bionarii respectivei\" \/>\n<meta property=\"og:url\" content=\"https:\/\/mhf.ro\/mm\/sindromul-stockholm\/\" \/>\n<meta property=\"og:site_name\" content=\"MHF Photography\" \/>\n<meta property=\"article:published_time\" content=\"2020-06-30T18:32:20+00:00\" \/>\n<meta property=\"article:modified_time\" content=\"2020-07-02T19:25:56+00:00\" \/>\n<meta property=\"og:image\" content=\"https:\/\/mhf.ro\/mm\/wp-content\/uploads\/2020\/06\/atac.jpg\" \/>\n\t<meta property=\"og:image:width\" content=\"1280\" \/>\n\t<meta property=\"og:image:height\" content=\"853\" \/>\n\t<meta property=\"og:image:type\" content=\"image\/jpeg\" \/>\n<meta name=\"author\" content=\"Mitu Ion\" \/>\n<meta name=\"twitter:card\" content=\"summary_large_image\" \/>\n<meta name=\"twitter:label1\" content=\"Scris de\" \/>\n\t<meta name=\"twitter:data1\" content=\"Mitu Ion\" \/>\n\t<meta name=\"twitter:label2\" content=\"Timp estimat pentru citire\" \/>\n\t<meta name=\"twitter:data2\" content=\"2 minute\" \/>\n<script type=\"application\/ld+json\" class=\"yoast-schema-graph\">{\"@context\":\"https:\/\/schema.org\",\"@graph\":[{\"@type\":\"Article\",\"@id\":\"https:\/\/mhf.ro\/mm\/sindromul-stockholm\/#article\",\"isPartOf\":{\"@id\":\"https:\/\/mhf.ro\/mm\/sindromul-stockholm\/\"},\"author\":{\"name\":\"Mitu Ion\",\"@id\":\"https:\/\/mhf.ro\/mm\/#\/schema\/person\/ecde2c4d3c2298573c280821ab6d9965\"},\"headline\":\"SINDROMUL STOCKHOLM\",\"datePublished\":\"2020-06-30T18:32:20+00:00\",\"dateModified\":\"2020-07-02T19:25:56+00:00\",\"mainEntityOfPage\":{\"@id\":\"https:\/\/mhf.ro\/mm\/sindromul-stockholm\/\"},\"wordCount\":360,\"commentCount\":0,\"publisher\":{\"@id\":\"https:\/\/mhf.ro\/mm\/#\/schema\/person\/a3bebf7bdb4bf12f698aff73c7e46c21\"},\"image\":{\"@id\":\"https:\/\/mhf.ro\/mm\/sindromul-stockholm\/#primaryimage\"},\"thumbnailUrl\":\"https:\/\/mhf.ro\/mm\/wp-content\/uploads\/2020\/06\/atac.jpg\",\"articleSection\":[\"Diverse\"],\"inLanguage\":\"ro-RO\",\"potentialAction\":[{\"@type\":\"CommentAction\",\"name\":\"Comment\",\"target\":[\"https:\/\/mhf.ro\/mm\/sindromul-stockholm\/#respond\"]}]},{\"@type\":\"WebPage\",\"@id\":\"https:\/\/mhf.ro\/mm\/sindromul-stockholm\/\",\"url\":\"https:\/\/mhf.ro\/mm\/sindromul-stockholm\/\",\"name\":\"SINDROMUL STOCKHOLM - MHF Photography\",\"isPartOf\":{\"@id\":\"https:\/\/mhf.ro\/mm\/#website\"},\"primaryImageOfPage\":{\"@id\":\"https:\/\/mhf.ro\/mm\/sindromul-stockholm\/#primaryimage\"},\"image\":{\"@id\":\"https:\/\/mhf.ro\/mm\/sindromul-stockholm\/#primaryimage\"},\"thumbnailUrl\":\"https:\/\/mhf.ro\/mm\/wp-content\/uploads\/2020\/06\/atac.jpg\",\"datePublished\":\"2020-06-30T18:32:20+00:00\",\"dateModified\":\"2020-07-02T19:25:56+00:00\",\"breadcrumb\":{\"@id\":\"https:\/\/mhf.ro\/mm\/sindromul-stockholm\/#breadcrumb\"},\"inLanguage\":\"ro-RO\",\"potentialAction\":[{\"@type\":\"ReadAction\",\"target\":[\"https:\/\/mhf.ro\/mm\/sindromul-stockholm\/\"]}]},{\"@type\":\"ImageObject\",\"inLanguage\":\"ro-RO\",\"@id\":\"https:\/\/mhf.ro\/mm\/sindromul-stockholm\/#primaryimage\",\"url\":\"https:\/\/mhf.ro\/mm\/wp-content\/uploads\/2020\/06\/atac.jpg\",\"contentUrl\":\"https:\/\/mhf.ro\/mm\/wp-content\/uploads\/2020\/06\/atac.jpg\",\"width\":1280,\"height\":853},{\"@type\":\"BreadcrumbList\",\"@id\":\"https:\/\/mhf.ro\/mm\/sindromul-stockholm\/#breadcrumb\",\"itemListElement\":[{\"@type\":\"ListItem\",\"position\":1,\"name\":\"Prima pagin\u0103\",\"item\":\"https:\/\/mhf.ro\/mm\/\"},{\"@type\":\"ListItem\",\"position\":2,\"name\":\"SINDROMUL STOCKHOLM\"}]},{\"@type\":\"WebSite\",\"@id\":\"https:\/\/mhf.ro\/mm\/#website\",\"url\":\"https:\/\/mhf.ro\/mm\/\",\"name\":\"MHF Photography \u2013 Blog de fotografie, natur\u0103 \u0219i tehnic\u0103 divers\u0103\",\"description\":\"Aventur\u0103 \u00een fiecare cadru.\",\"publisher\":{\"@id\":\"https:\/\/mhf.ro\/mm\/#\/schema\/person\/a3bebf7bdb4bf12f698aff73c7e46c21\"},\"potentialAction\":[{\"@type\":\"SearchAction\",\"target\":{\"@type\":\"EntryPoint\",\"urlTemplate\":\"https:\/\/mhf.ro\/mm\/?s={search_term_string}\"},\"query-input\":{\"@type\":\"PropertyValueSpecification\",\"valueRequired\":true,\"valueName\":\"search_term_string\"}}],\"inLanguage\":\"ro-RO\"},{\"@type\":[\"Person\",\"Organization\"],\"@id\":\"https:\/\/mhf.ro\/mm\/#\/schema\/person\/a3bebf7bdb4bf12f698aff73c7e46c21\",\"name\":\"Marius Marcu\",\"image\":{\"@type\":\"ImageObject\",\"inLanguage\":\"ro-RO\",\"@id\":\"https:\/\/mhf.ro\/mm\/#\/schema\/person\/image\/\",\"url\":\"https:\/\/mhf.ro\/mm\/wp-content\/uploads\/2025\/12\/cropped-logo_mhf_2.png\",\"contentUrl\":\"https:\/\/mhf.ro\/mm\/wp-content\/uploads\/2025\/12\/cropped-logo_mhf_2.png\",\"width\":1096,\"height\":457,\"caption\":\"Marius Marcu\"},\"logo\":{\"@id\":\"https:\/\/mhf.ro\/mm\/#\/schema\/person\/image\/\"},\"sameAs\":[\"https:\/\/mhf.ro\/mm\"]},{\"@type\":\"Person\",\"@id\":\"https:\/\/mhf.ro\/mm\/#\/schema\/person\/ecde2c4d3c2298573c280821ab6d9965\",\"name\":\"Mitu Ion\",\"image\":{\"@type\":\"ImageObject\",\"inLanguage\":\"ro-RO\",\"@id\":\"https:\/\/mhf.ro\/mm\/#\/schema\/person\/image\/\",\"url\":\"https:\/\/secure.gravatar.com\/avatar\/fb0a4d707f287178aadfb359603e2d946f49db0cd52072b1b6748bc111739ee5?s=96&d=monsterid&r=g\",\"contentUrl\":\"https:\/\/secure.gravatar.com\/avatar\/fb0a4d707f287178aadfb359603e2d946f49db0cd52072b1b6748bc111739ee5?s=96&d=monsterid&r=g\",\"caption\":\"Mitu Ion\"},\"sameAs\":[\"https:\/\/mhf.ro\/mm\"],\"url\":\"https:\/\/mhf.ro\/mm\/author\/mitu\/\"}]}<\/script>\n<!-- \/ Yoast SEO plugin. -->","yoast_head_json":{"title":"SINDROMUL STOCKHOLM - MHF Photography","robots":{"index":"index","follow":"follow","max-snippet":"max-snippet:-1","max-image-preview":"max-image-preview:large","max-video-preview":"max-video-preview:-1"},"canonical":"https:\/\/mhf.ro\/mm\/sindromul-stockholm\/","og_locale":"ro_RO","og_type":"article","og_title":"SINDROMUL STOCKHOLM - MHF Photography","og_description":"\u00cen 1973, o band\u0103 \u00eenarmat\u0103 a atacat o banc\u0103 din ora\u0219ul suedez Stockholm \u015fi i-a \u021binut ostatici pe func\u021bionarii respectivei","og_url":"https:\/\/mhf.ro\/mm\/sindromul-stockholm\/","og_site_name":"MHF Photography","article_published_time":"2020-06-30T18:32:20+00:00","article_modified_time":"2020-07-02T19:25:56+00:00","og_image":[{"width":1280,"height":853,"url":"https:\/\/mhf.ro\/mm\/wp-content\/uploads\/2020\/06\/atac.jpg","type":"image\/jpeg"}],"author":"Mitu Ion","twitter_card":"summary_large_image","twitter_misc":{"Scris de":"Mitu Ion","Timp estimat pentru citire":"2 minute"},"schema":{"@context":"https:\/\/schema.org","@graph":[{"@type":"Article","@id":"https:\/\/mhf.ro\/mm\/sindromul-stockholm\/#article","isPartOf":{"@id":"https:\/\/mhf.ro\/mm\/sindromul-stockholm\/"},"author":{"name":"Mitu Ion","@id":"https:\/\/mhf.ro\/mm\/#\/schema\/person\/ecde2c4d3c2298573c280821ab6d9965"},"headline":"SINDROMUL STOCKHOLM","datePublished":"2020-06-30T18:32:20+00:00","dateModified":"2020-07-02T19:25:56+00:00","mainEntityOfPage":{"@id":"https:\/\/mhf.ro\/mm\/sindromul-stockholm\/"},"wordCount":360,"commentCount":0,"publisher":{"@id":"https:\/\/mhf.ro\/mm\/#\/schema\/person\/a3bebf7bdb4bf12f698aff73c7e46c21"},"image":{"@id":"https:\/\/mhf.ro\/mm\/sindromul-stockholm\/#primaryimage"},"thumbnailUrl":"https:\/\/mhf.ro\/mm\/wp-content\/uploads\/2020\/06\/atac.jpg","articleSection":["Diverse"],"inLanguage":"ro-RO","potentialAction":[{"@type":"CommentAction","name":"Comment","target":["https:\/\/mhf.ro\/mm\/sindromul-stockholm\/#respond"]}]},{"@type":"WebPage","@id":"https:\/\/mhf.ro\/mm\/sindromul-stockholm\/","url":"https:\/\/mhf.ro\/mm\/sindromul-stockholm\/","name":"SINDROMUL STOCKHOLM - MHF Photography","isPartOf":{"@id":"https:\/\/mhf.ro\/mm\/#website"},"primaryImageOfPage":{"@id":"https:\/\/mhf.ro\/mm\/sindromul-stockholm\/#primaryimage"},"image":{"@id":"https:\/\/mhf.ro\/mm\/sindromul-stockholm\/#primaryimage"},"thumbnailUrl":"https:\/\/mhf.ro\/mm\/wp-content\/uploads\/2020\/06\/atac.jpg","datePublished":"2020-06-30T18:32:20+00:00","dateModified":"2020-07-02T19:25:56+00:00","breadcrumb":{"@id":"https:\/\/mhf.ro\/mm\/sindromul-stockholm\/#breadcrumb"},"inLanguage":"ro-RO","potentialAction":[{"@type":"ReadAction","target":["https:\/\/mhf.ro\/mm\/sindromul-stockholm\/"]}]},{"@type":"ImageObject","inLanguage":"ro-RO","@id":"https:\/\/mhf.ro\/mm\/sindromul-stockholm\/#primaryimage","url":"https:\/\/mhf.ro\/mm\/wp-content\/uploads\/2020\/06\/atac.jpg","contentUrl":"https:\/\/mhf.ro\/mm\/wp-content\/uploads\/2020\/06\/atac.jpg","width":1280,"height":853},{"@type":"BreadcrumbList","@id":"https:\/\/mhf.ro\/mm\/sindromul-stockholm\/#breadcrumb","itemListElement":[{"@type":"ListItem","position":1,"name":"Prima pagin\u0103","item":"https:\/\/mhf.ro\/mm\/"},{"@type":"ListItem","position":2,"name":"SINDROMUL STOCKHOLM"}]},{"@type":"WebSite","@id":"https:\/\/mhf.ro\/mm\/#website","url":"https:\/\/mhf.ro\/mm\/","name":"MHF Photography \u2013 Blog de fotografie, natur\u0103 \u0219i tehnic\u0103 divers\u0103","description":"Aventur\u0103 \u00een fiecare cadru.","publisher":{"@id":"https:\/\/mhf.ro\/mm\/#\/schema\/person\/a3bebf7bdb4bf12f698aff73c7e46c21"},"potentialAction":[{"@type":"SearchAction","target":{"@type":"EntryPoint","urlTemplate":"https:\/\/mhf.ro\/mm\/?s={search_term_string}"},"query-input":{"@type":"PropertyValueSpecification","valueRequired":true,"valueName":"search_term_string"}}],"inLanguage":"ro-RO"},{"@type":["Person","Organization"],"@id":"https:\/\/mhf.ro\/mm\/#\/schema\/person\/a3bebf7bdb4bf12f698aff73c7e46c21","name":"Marius Marcu","image":{"@type":"ImageObject","inLanguage":"ro-RO","@id":"https:\/\/mhf.ro\/mm\/#\/schema\/person\/image\/","url":"https:\/\/mhf.ro\/mm\/wp-content\/uploads\/2025\/12\/cropped-logo_mhf_2.png","contentUrl":"https:\/\/mhf.ro\/mm\/wp-content\/uploads\/2025\/12\/cropped-logo_mhf_2.png","width":1096,"height":457,"caption":"Marius Marcu"},"logo":{"@id":"https:\/\/mhf.ro\/mm\/#\/schema\/person\/image\/"},"sameAs":["https:\/\/mhf.ro\/mm"]},{"@type":"Person","@id":"https:\/\/mhf.ro\/mm\/#\/schema\/person\/ecde2c4d3c2298573c280821ab6d9965","name":"Mitu Ion","image":{"@type":"ImageObject","inLanguage":"ro-RO","@id":"https:\/\/mhf.ro\/mm\/#\/schema\/person\/image\/","url":"https:\/\/secure.gravatar.com\/avatar\/fb0a4d707f287178aadfb359603e2d946f49db0cd52072b1b6748bc111739ee5?s=96&d=monsterid&r=g","contentUrl":"https:\/\/secure.gravatar.com\/avatar\/fb0a4d707f287178aadfb359603e2d946f49db0cd52072b1b6748bc111739ee5?s=96&d=monsterid&r=g","caption":"Mitu Ion"},"sameAs":["https:\/\/mhf.ro\/mm"],"url":"https:\/\/mhf.ro\/mm\/author\/mitu\/"}]}},"_links":{"self":[{"href":"https:\/\/mhf.ro\/mm\/wp-json\/wp\/v2\/posts\/2264","targetHints":{"allow":["GET"]}}],"collection":[{"href":"https:\/\/mhf.ro\/mm\/wp-json\/wp\/v2\/posts"}],"about":[{"href":"https:\/\/mhf.ro\/mm\/wp-json\/wp\/v2\/types\/post"}],"author":[{"embeddable":true,"href":"https:\/\/mhf.ro\/mm\/wp-json\/wp\/v2\/users\/10"}],"replies":[{"embeddable":true,"href":"https:\/\/mhf.ro\/mm\/wp-json\/wp\/v2\/comments?post=2264"}],"version-history":[{"count":1,"href":"https:\/\/mhf.ro\/mm\/wp-json\/wp\/v2\/posts\/2264\/revisions"}],"predecessor-version":[{"id":2265,"href":"https:\/\/mhf.ro\/mm\/wp-json\/wp\/v2\/posts\/2264\/revisions\/2265"}],"wp:featuredmedia":[{"embeddable":true,"href":"https:\/\/mhf.ro\/mm\/wp-json\/wp\/v2\/media\/2266"}],"wp:attachment":[{"href":"https:\/\/mhf.ro\/mm\/wp-json\/wp\/v2\/media?parent=2264"}],"wp:term":[{"taxonomy":"category","embeddable":true,"href":"https:\/\/mhf.ro\/mm\/wp-json\/wp\/v2\/categories?post=2264"},{"taxonomy":"post_tag","embeddable":true,"href":"https:\/\/mhf.ro\/mm\/wp-json\/wp\/v2\/tags?post=2264"}],"curies":[{"name":"wp","href":"https:\/\/api.w.org\/{rel}","templated":true}]}}