{"id":2282,"date":"2020-07-04T19:25:17","date_gmt":"2020-07-04T17:25:17","guid":{"rendered":"https:\/\/mhf.ro\/mm\/?p=2282"},"modified":"2020-07-04T19:25:17","modified_gmt":"2020-07-04T17:25:17","slug":"biserica-sfanta-maria-din-blaj","status":"publish","type":"post","link":"https:\/\/mhf.ro\/mm\/biserica-sfanta-maria-din-blaj\/","title":{"rendered":"Biserica Sf\u00e2nta Maria din Blaj"},"content":{"rendered":"<p>Prezentarea Parohiei <em>Sf. Maria, <\/em>f\u0103cut\u0103 de Pr. Vasile Benchea:<\/p>\n<p>Parohia <em>Sf\u00e2nta Maria &#8211;\u00a0<\/em>Blaj a luat fiin\u021b\u0103 \u00een anul 1991. Este, deci, o parohie relativ t\u00e2n\u0103r\u0103.<\/p>\n<p>O s\u0103 prezint succint \u00eemprejur\u0103rile \u00een care ea s-a constituit: \u00centre anii 1975-1980 eram la Seminarul din Cluj ca t\u00e2n\u0103r \u00eenv\u0103\u021b\u0103cel \u00een ale Teologiei. Atunci \u0219i acolo l-am cunoscut pe\u00a0<em>p\u0103rintele Andreicu\u021b<\/em>, prin colegii care f\u0103ceau practic\u0103 liturgic\u0103 la biserica din Turda, unde era preot paroh. Colegii vorbeau admirativ la adresa d\u00e2nsului: c\u0103 este preot deosebit, cu mult zel misionar, de o rar\u0103 noble\u021be sufleteasc\u0103 \u0219i cu o bogat\u0103 \u0219i frumoas\u0103 activitate pastoral\u0103.<\/p>\n<p>Timpul \u0219i-a tors mai departe firul&#8230;<\/p>\n<p>Ne-am \u00eentalnit la Alba-Iulia \u00een 1988 \u0219i de atunci -vreme de doi ani- drumurile noastre s-au mai intersectat, mai ales c\u00e2nd eram trimi\u0219i \u00een misiuni (la Topli\u021ba, la Rohia, la T\u00e2rgu Mure\u0219, la Cerg\u0103u, la Schitul C\u0103rbunari- Blaj, \u0219.a). Eram pe atunci preot misionar, iar p\u0103rintele Andreicu\u021b era preot vicar administrativ.<\/p>\n<p>\u00cen 1990 m-am prezentat la Centrul eparhial, d\u00e2nsul era proasp\u0103t ales \u0219i numit episcop. M-a primit cu binecunoscuta-i sinceritate \u0219i c\u0103ldur\u0103 sufleteasc\u0103. \u00cen mod deschis \u0219i direct, mi-am exprimat dorin\u021ba: vreau s\u0103 r\u0103m\u00e2n la Blaj, vreau s\u0103 r\u0103m\u00e2n acas\u0103. M-a \u00eentrebat:<\/p>\n<p>-Unde? La catedral\u0103?<\/p>\n<p>-Nu.<\/p>\n<p>-Cu fratele? (care slujea la o alt\u0103 biseric\u0103 din Blaj)<\/p>\n<p>-Nu.<\/p>\n<p>-Atunci unde?<\/p>\n<p>I-am r\u0103spuns:<\/p>\n<p>-Preasfin\u021bia voastr\u0103, trebuie s\u0103 facem o biseric\u0103 \u00een Blaj. Catedrala, dac\u0103 intr\u0103m (\u0219i trebuie s\u0103 intr\u0103m) \u00een dialog cu fra\u021bii greco-catolici, suntem nevoi\u021bi s\u0103 le-o d\u0103m. Este Sionul lor. Dac\u0103 nu, o vor lua!<\/p>\n<p>\u0218i a\u0219a cum era, sensibil \u0219i receptiv la tot ceea ce \u021binea de bunul mers al treburilor eparhiei, am \u00eenceput s\u0103 scriem \u00eempreun\u0103 o scurt\u0103, dar \u0219i o frumoas\u0103 pagin\u0103 de istorie&#8230;<\/p>\n<p>G\u00e2ndul era tot mai curat \u0219i mai d\u0103t\u0103tor de \u00eensufle\u021bire. G\u00e2ndul a \u00eenceput s\u0103 devin\u0103 vis, iar visul \u00eencepuse s\u0103 devin\u0103 realitate&#8230;<\/p>\n<p>\u00cen ora\u0219ul Blaj s-au construit multe blocuri, mai ales \u00een zona g\u0103rii, unde mul\u021bi tineri proveni\u021bi din satele \u00eenvecinate ora\u0219ului istoric, fiind atra\u0219i de obiectivele industriale, s-au stabilit aici \u0219i au format familii, s-au \u00eenr\u0103d\u0103cinat \u00een aceast\u0103 parte a ora\u0219ului \u0219i -un lucru admirabil- au adus cu ei multe \u0219i frumoase tradi\u021bii cre\u0219tine\u0219ti \u0219i rom\u00e2ne\u0219ti, o adev\u0103rat\u0103 comoar\u0103 spiritual\u0103.<\/p>\n<p>Construirea unei biserici \u00een acest nou cartier era necesar\u0103, toate celelalte biserici fiind amplasate \u00een zona central\u0103 a ora\u0219ului. A\u0219a a luat na\u0219tere parohia noastr\u0103. Doamne, c\u00e2t am umblat caut\u00e2nd locul amplas\u0103rii! Doamne, c\u00e2t \u0219i cum ai lucrat minunat \u00een ad\u00e2ncul \u00een\u021belepciunii Tale! Mai apoi, am con\u0219tientizat, Doamne, c\u0103 noi eram \u00een m\u00e2inile Tale dumnezeie\u0219ti doar simple instrumente&#8230; Locul, \u00een spatele g\u0103rii, o mla\u0219tin\u0103 cu trestie \u0219i cu papur\u0103, \u00een care c\u00e2ntau broa\u0219tele.<\/p>\n<p>Nimeni nu s-a g\u00e2ndit c\u0103 \u00een acest loc va r\u0103s\u0103ri \u0219i va cre\u0219te \u00een toat\u0103 frumuse\u021bea, \u00een toat\u0103 splendoarea ei, o floare \u00eenchinat\u0103 Maicii Preasfinte. Fiindc\u0103 tot Dumnezeu ne-a dat g\u00e2nd s\u0103 punem acest sf\u00e2nt loca\u0219 de rug\u0103ciune, dar \u0219i pe enoria\u0219ii lui, sub orcotirea Maicii Preacurate, \u00eenc\u0103 o floare \u00een imensa \u201dgr\u0103din\u0103 a Maicii Domnului\u201d, c\u0103ci a\u0219a a fost numit, metaforic, dulcele nostru plai rom\u00e2nesc, pentru mul\u021bimea bisericilor \u0219i m\u0103n\u0103stirilor \u00eenchinate Maicii Preacurate.<\/p>\n<p>A crescut mai \u00eencet, mai greu&#8230;Dar Dumnezeu a ajutat, fiindc\u0103 a fost udat\u0103 de sudoarea frun\u021bii at\u00e2tor inimo\u0219i muncitori, dar \u0219i de lacrimile celor care &#8211; \u00eempov\u0103ra\u021bi de ani \u0219i de neputin\u021be &#8211; spuneau \u00een pragul mor\u021bii: noi plec\u0103m, nu mai tr\u0103im s\u0103 vedem biserica terminat\u0103; s\u0103 v\u0103 dea Dumnezeu via\u021b\u0103 \u0219i putere, s\u0103 g\u0103ta\u021bi lucrarea&#8230;<\/p>\n<p>Piatra de temelie a fost pus\u0103 \u00een vara anului 1991, an \u00een care au \u0219i \u00eenceput lucr\u0103rile de construc\u021bie, conduse de d-l inginer Iancu Ciufudean, un cre\u0219tin foarte vresnic \u0219i de o ad\u00e2ncime sufleteasc\u0103 greu g\u0103sibil\u0103 la al\u021bii. Mai \u00eent\u00e2i s-a definitivat demisolul, unde a \u00eenceput slujirea (1994). S-a continuat cu naosul, bol\u021bile \u0219i cupola bisericii, apoi cu lucr\u0103rile de finisaj.<\/p>\n<p>Preasfin\u021bitul Andrei a pus mult suflet \u00een construc\u021bia \u0219i \u00een lucrarea bisericii noastredovedind cu prisosin\u021b\u0103 competen\u021bele de inginer constructor. Judeca intens fiecare detaliu, fiecare am\u0103nunt. \u00ce\u0219i dorea din tot sufletul ca proiectul s\u0103 fie respectat \u00eentocmai.<\/p>\n<p>Pictura a fost executat\u0103 de artistul Nicolae Govoreanu, un om de o rar\u0103 omenie.<\/p>\n<p>va urma&#8230;<\/p>\n<p>&nbsp;<\/p>\n","protected":false},"excerpt":{"rendered":"<p>Prezentarea Parohiei Sf. Maria, f\u0103cut\u0103 de Pr. Vasile Benchea: Parohia Sf\u00e2nta Maria &#8211;\u00a0Blaj a luat fiin\u021b\u0103 \u00een anul 1991. Este,<\/p>\n","protected":false},"author":4,"featured_media":2285,"comment_status":"open","ping_status":"open","sticky":false,"template":"","format":"standard","meta":{"colormag_page_container_layout":"default_layout","colormag_page_sidebar_layout":"default_layout","footnotes":""},"categories":[5],"tags":[],"class_list":["post-2282","post","type-post","status-publish","format-standard","has-post-thumbnail","hentry","category-locale"],"yoast_head":"<!-- This site is optimized with the Yoast SEO plugin v27.0 - https:\/\/yoast.com\/product\/yoast-seo-wordpress\/ -->\n<title>Biserica Sf\u00e2nta Maria din Blaj - MHF Photography<\/title>\n<meta name=\"robots\" content=\"index, follow, max-snippet:-1, max-image-preview:large, max-video-preview:-1\" \/>\n<link rel=\"canonical\" href=\"https:\/\/mhf.ro\/mm\/biserica-sfanta-maria-din-blaj\/\" \/>\n<meta property=\"og:locale\" content=\"ro_RO\" \/>\n<meta property=\"og:type\" content=\"article\" \/>\n<meta property=\"og:title\" content=\"Biserica Sf\u00e2nta Maria din Blaj - MHF Photography\" \/>\n<meta property=\"og:description\" content=\"Prezentarea Parohiei Sf. Maria, f\u0103cut\u0103 de Pr. Vasile Benchea: Parohia Sf\u00e2nta Maria &#8211;\u00a0Blaj a luat fiin\u021b\u0103 \u00een anul 1991. Este,\" \/>\n<meta property=\"og:url\" content=\"https:\/\/mhf.ro\/mm\/biserica-sfanta-maria-din-blaj\/\" \/>\n<meta property=\"og:site_name\" content=\"MHF Photography\" \/>\n<meta property=\"article:published_time\" content=\"2020-07-04T17:25:17+00:00\" \/>\n<meta property=\"og:image\" content=\"https:\/\/mhf.ro\/mm\/wp-content\/uploads\/2020\/07\/20200704_195239-scaled.jpg\" \/>\n\t<meta property=\"og:image:width\" content=\"1440\" \/>\n\t<meta property=\"og:image:height\" content=\"2560\" \/>\n\t<meta property=\"og:image:type\" content=\"image\/jpeg\" \/>\n<meta name=\"author\" content=\"Preot paroh Horvat Petru\" \/>\n<meta name=\"twitter:card\" content=\"summary_large_image\" \/>\n<meta name=\"twitter:label1\" content=\"Scris de\" \/>\n\t<meta name=\"twitter:data1\" content=\"Preot paroh Horvat Petru\" \/>\n\t<meta name=\"twitter:label2\" content=\"Timp estimat pentru citire\" \/>\n\t<meta name=\"twitter:data2\" content=\"4 minute\" \/>\n<script type=\"application\/ld+json\" class=\"yoast-schema-graph\">{\"@context\":\"https:\/\/schema.org\",\"@graph\":[{\"@type\":\"Article\",\"@id\":\"https:\/\/mhf.ro\/mm\/biserica-sfanta-maria-din-blaj\/#article\",\"isPartOf\":{\"@id\":\"https:\/\/mhf.ro\/mm\/biserica-sfanta-maria-din-blaj\/\"},\"author\":{\"name\":\"Preot paroh Horvat Petru\",\"@id\":\"https:\/\/mhf.ro\/mm\/#\/schema\/person\/4c8c06c801b7b666e81ed44550086900\"},\"headline\":\"Biserica Sf\u00e2nta Maria din Blaj\",\"datePublished\":\"2020-07-04T17:25:17+00:00\",\"mainEntityOfPage\":{\"@id\":\"https:\/\/mhf.ro\/mm\/biserica-sfanta-maria-din-blaj\/\"},\"wordCount\":793,\"commentCount\":0,\"publisher\":{\"@id\":\"https:\/\/mhf.ro\/mm\/#\/schema\/person\/a3bebf7bdb4bf12f698aff73c7e46c21\"},\"image\":{\"@id\":\"https:\/\/mhf.ro\/mm\/biserica-sfanta-maria-din-blaj\/#primaryimage\"},\"thumbnailUrl\":\"https:\/\/mhf.ro\/mm\/wp-content\/uploads\/2020\/07\/20200704_195239-scaled.jpg\",\"articleSection\":[\"Locale\"],\"inLanguage\":\"ro-RO\",\"potentialAction\":[{\"@type\":\"CommentAction\",\"name\":\"Comment\",\"target\":[\"https:\/\/mhf.ro\/mm\/biserica-sfanta-maria-din-blaj\/#respond\"]}]},{\"@type\":\"WebPage\",\"@id\":\"https:\/\/mhf.ro\/mm\/biserica-sfanta-maria-din-blaj\/\",\"url\":\"https:\/\/mhf.ro\/mm\/biserica-sfanta-maria-din-blaj\/\",\"name\":\"Biserica Sf\u00e2nta Maria din Blaj - MHF Photography\",\"isPartOf\":{\"@id\":\"https:\/\/mhf.ro\/mm\/#website\"},\"primaryImageOfPage\":{\"@id\":\"https:\/\/mhf.ro\/mm\/biserica-sfanta-maria-din-blaj\/#primaryimage\"},\"image\":{\"@id\":\"https:\/\/mhf.ro\/mm\/biserica-sfanta-maria-din-blaj\/#primaryimage\"},\"thumbnailUrl\":\"https:\/\/mhf.ro\/mm\/wp-content\/uploads\/2020\/07\/20200704_195239-scaled.jpg\",\"datePublished\":\"2020-07-04T17:25:17+00:00\",\"breadcrumb\":{\"@id\":\"https:\/\/mhf.ro\/mm\/biserica-sfanta-maria-din-blaj\/#breadcrumb\"},\"inLanguage\":\"ro-RO\",\"potentialAction\":[{\"@type\":\"ReadAction\",\"target\":[\"https:\/\/mhf.ro\/mm\/biserica-sfanta-maria-din-blaj\/\"]}]},{\"@type\":\"ImageObject\",\"inLanguage\":\"ro-RO\",\"@id\":\"https:\/\/mhf.ro\/mm\/biserica-sfanta-maria-din-blaj\/#primaryimage\",\"url\":\"https:\/\/mhf.ro\/mm\/wp-content\/uploads\/2020\/07\/20200704_195239-scaled.jpg\",\"contentUrl\":\"https:\/\/mhf.ro\/mm\/wp-content\/uploads\/2020\/07\/20200704_195239-scaled.jpg\",\"width\":1440,\"height\":2560},{\"@type\":\"BreadcrumbList\",\"@id\":\"https:\/\/mhf.ro\/mm\/biserica-sfanta-maria-din-blaj\/#breadcrumb\",\"itemListElement\":[{\"@type\":\"ListItem\",\"position\":1,\"name\":\"Prima pagin\u0103\",\"item\":\"https:\/\/mhf.ro\/mm\/\"},{\"@type\":\"ListItem\",\"position\":2,\"name\":\"Biserica Sf\u00e2nta Maria din Blaj\"}]},{\"@type\":\"WebSite\",\"@id\":\"https:\/\/mhf.ro\/mm\/#website\",\"url\":\"https:\/\/mhf.ro\/mm\/\",\"name\":\"MHF Photography \u2013 Blog de fotografie, natur\u0103 \u0219i tehnic\u0103 divers\u0103\",\"description\":\"Aventur\u0103 \u00een fiecare cadru.\",\"publisher\":{\"@id\":\"https:\/\/mhf.ro\/mm\/#\/schema\/person\/a3bebf7bdb4bf12f698aff73c7e46c21\"},\"potentialAction\":[{\"@type\":\"SearchAction\",\"target\":{\"@type\":\"EntryPoint\",\"urlTemplate\":\"https:\/\/mhf.ro\/mm\/?s={search_term_string}\"},\"query-input\":{\"@type\":\"PropertyValueSpecification\",\"valueRequired\":true,\"valueName\":\"search_term_string\"}}],\"inLanguage\":\"ro-RO\"},{\"@type\":[\"Person\",\"Organization\"],\"@id\":\"https:\/\/mhf.ro\/mm\/#\/schema\/person\/a3bebf7bdb4bf12f698aff73c7e46c21\",\"name\":\"Marius Marcu\",\"image\":{\"@type\":\"ImageObject\",\"inLanguage\":\"ro-RO\",\"@id\":\"https:\/\/mhf.ro\/mm\/#\/schema\/person\/image\/\",\"url\":\"https:\/\/mhf.ro\/mm\/wp-content\/uploads\/2025\/12\/cropped-logo_mhf_2.png\",\"contentUrl\":\"https:\/\/mhf.ro\/mm\/wp-content\/uploads\/2025\/12\/cropped-logo_mhf_2.png\",\"width\":1096,\"height\":457,\"caption\":\"Marius Marcu\"},\"logo\":{\"@id\":\"https:\/\/mhf.ro\/mm\/#\/schema\/person\/image\/\"},\"sameAs\":[\"https:\/\/mhf.ro\/mm\"]},{\"@type\":\"Person\",\"@id\":\"https:\/\/mhf.ro\/mm\/#\/schema\/person\/4c8c06c801b7b666e81ed44550086900\",\"name\":\"Preot paroh Horvat Petru\",\"image\":{\"@type\":\"ImageObject\",\"inLanguage\":\"ro-RO\",\"@id\":\"https:\/\/mhf.ro\/mm\/#\/schema\/person\/image\/\",\"url\":\"https:\/\/secure.gravatar.com\/avatar\/c2d2dcdf21c6f41aad486d71768c144cd6e23cb7b63bae9bd6fab542b26ad321?s=96&d=monsterid&r=g\",\"contentUrl\":\"https:\/\/secure.gravatar.com\/avatar\/c2d2dcdf21c6f41aad486d71768c144cd6e23cb7b63bae9bd6fab542b26ad321?s=96&d=monsterid&r=g\",\"caption\":\"Preot paroh Horvat Petru\"},\"sameAs\":[\"https:\/\/mhf.ro\/mm\"],\"url\":\"https:\/\/mhf.ro\/mm\/author\/petrica\/\"}]}<\/script>\n<!-- \/ Yoast SEO plugin. -->","yoast_head_json":{"title":"Biserica Sf\u00e2nta Maria din Blaj - MHF Photography","robots":{"index":"index","follow":"follow","max-snippet":"max-snippet:-1","max-image-preview":"max-image-preview:large","max-video-preview":"max-video-preview:-1"},"canonical":"https:\/\/mhf.ro\/mm\/biserica-sfanta-maria-din-blaj\/","og_locale":"ro_RO","og_type":"article","og_title":"Biserica Sf\u00e2nta Maria din Blaj - MHF Photography","og_description":"Prezentarea Parohiei Sf. Maria, f\u0103cut\u0103 de Pr. Vasile Benchea: Parohia Sf\u00e2nta Maria &#8211;\u00a0Blaj a luat fiin\u021b\u0103 \u00een anul 1991. Este,","og_url":"https:\/\/mhf.ro\/mm\/biserica-sfanta-maria-din-blaj\/","og_site_name":"MHF Photography","article_published_time":"2020-07-04T17:25:17+00:00","og_image":[{"width":1440,"height":2560,"url":"https:\/\/mhf.ro\/mm\/wp-content\/uploads\/2020\/07\/20200704_195239-scaled.jpg","type":"image\/jpeg"}],"author":"Preot paroh Horvat Petru","twitter_card":"summary_large_image","twitter_misc":{"Scris de":"Preot paroh Horvat Petru","Timp estimat pentru citire":"4 minute"},"schema":{"@context":"https:\/\/schema.org","@graph":[{"@type":"Article","@id":"https:\/\/mhf.ro\/mm\/biserica-sfanta-maria-din-blaj\/#article","isPartOf":{"@id":"https:\/\/mhf.ro\/mm\/biserica-sfanta-maria-din-blaj\/"},"author":{"name":"Preot paroh Horvat Petru","@id":"https:\/\/mhf.ro\/mm\/#\/schema\/person\/4c8c06c801b7b666e81ed44550086900"},"headline":"Biserica Sf\u00e2nta Maria din Blaj","datePublished":"2020-07-04T17:25:17+00:00","mainEntityOfPage":{"@id":"https:\/\/mhf.ro\/mm\/biserica-sfanta-maria-din-blaj\/"},"wordCount":793,"commentCount":0,"publisher":{"@id":"https:\/\/mhf.ro\/mm\/#\/schema\/person\/a3bebf7bdb4bf12f698aff73c7e46c21"},"image":{"@id":"https:\/\/mhf.ro\/mm\/biserica-sfanta-maria-din-blaj\/#primaryimage"},"thumbnailUrl":"https:\/\/mhf.ro\/mm\/wp-content\/uploads\/2020\/07\/20200704_195239-scaled.jpg","articleSection":["Locale"],"inLanguage":"ro-RO","potentialAction":[{"@type":"CommentAction","name":"Comment","target":["https:\/\/mhf.ro\/mm\/biserica-sfanta-maria-din-blaj\/#respond"]}]},{"@type":"WebPage","@id":"https:\/\/mhf.ro\/mm\/biserica-sfanta-maria-din-blaj\/","url":"https:\/\/mhf.ro\/mm\/biserica-sfanta-maria-din-blaj\/","name":"Biserica Sf\u00e2nta Maria din Blaj - MHF Photography","isPartOf":{"@id":"https:\/\/mhf.ro\/mm\/#website"},"primaryImageOfPage":{"@id":"https:\/\/mhf.ro\/mm\/biserica-sfanta-maria-din-blaj\/#primaryimage"},"image":{"@id":"https:\/\/mhf.ro\/mm\/biserica-sfanta-maria-din-blaj\/#primaryimage"},"thumbnailUrl":"https:\/\/mhf.ro\/mm\/wp-content\/uploads\/2020\/07\/20200704_195239-scaled.jpg","datePublished":"2020-07-04T17:25:17+00:00","breadcrumb":{"@id":"https:\/\/mhf.ro\/mm\/biserica-sfanta-maria-din-blaj\/#breadcrumb"},"inLanguage":"ro-RO","potentialAction":[{"@type":"ReadAction","target":["https:\/\/mhf.ro\/mm\/biserica-sfanta-maria-din-blaj\/"]}]},{"@type":"ImageObject","inLanguage":"ro-RO","@id":"https:\/\/mhf.ro\/mm\/biserica-sfanta-maria-din-blaj\/#primaryimage","url":"https:\/\/mhf.ro\/mm\/wp-content\/uploads\/2020\/07\/20200704_195239-scaled.jpg","contentUrl":"https:\/\/mhf.ro\/mm\/wp-content\/uploads\/2020\/07\/20200704_195239-scaled.jpg","width":1440,"height":2560},{"@type":"BreadcrumbList","@id":"https:\/\/mhf.ro\/mm\/biserica-sfanta-maria-din-blaj\/#breadcrumb","itemListElement":[{"@type":"ListItem","position":1,"name":"Prima pagin\u0103","item":"https:\/\/mhf.ro\/mm\/"},{"@type":"ListItem","position":2,"name":"Biserica Sf\u00e2nta Maria din Blaj"}]},{"@type":"WebSite","@id":"https:\/\/mhf.ro\/mm\/#website","url":"https:\/\/mhf.ro\/mm\/","name":"MHF Photography \u2013 Blog de fotografie, natur\u0103 \u0219i tehnic\u0103 divers\u0103","description":"Aventur\u0103 \u00een fiecare cadru.","publisher":{"@id":"https:\/\/mhf.ro\/mm\/#\/schema\/person\/a3bebf7bdb4bf12f698aff73c7e46c21"},"potentialAction":[{"@type":"SearchAction","target":{"@type":"EntryPoint","urlTemplate":"https:\/\/mhf.ro\/mm\/?s={search_term_string}"},"query-input":{"@type":"PropertyValueSpecification","valueRequired":true,"valueName":"search_term_string"}}],"inLanguage":"ro-RO"},{"@type":["Person","Organization"],"@id":"https:\/\/mhf.ro\/mm\/#\/schema\/person\/a3bebf7bdb4bf12f698aff73c7e46c21","name":"Marius Marcu","image":{"@type":"ImageObject","inLanguage":"ro-RO","@id":"https:\/\/mhf.ro\/mm\/#\/schema\/person\/image\/","url":"https:\/\/mhf.ro\/mm\/wp-content\/uploads\/2025\/12\/cropped-logo_mhf_2.png","contentUrl":"https:\/\/mhf.ro\/mm\/wp-content\/uploads\/2025\/12\/cropped-logo_mhf_2.png","width":1096,"height":457,"caption":"Marius Marcu"},"logo":{"@id":"https:\/\/mhf.ro\/mm\/#\/schema\/person\/image\/"},"sameAs":["https:\/\/mhf.ro\/mm"]},{"@type":"Person","@id":"https:\/\/mhf.ro\/mm\/#\/schema\/person\/4c8c06c801b7b666e81ed44550086900","name":"Preot paroh Horvat Petru","image":{"@type":"ImageObject","inLanguage":"ro-RO","@id":"https:\/\/mhf.ro\/mm\/#\/schema\/person\/image\/","url":"https:\/\/secure.gravatar.com\/avatar\/c2d2dcdf21c6f41aad486d71768c144cd6e23cb7b63bae9bd6fab542b26ad321?s=96&d=monsterid&r=g","contentUrl":"https:\/\/secure.gravatar.com\/avatar\/c2d2dcdf21c6f41aad486d71768c144cd6e23cb7b63bae9bd6fab542b26ad321?s=96&d=monsterid&r=g","caption":"Preot paroh Horvat Petru"},"sameAs":["https:\/\/mhf.ro\/mm"],"url":"https:\/\/mhf.ro\/mm\/author\/petrica\/"}]}},"_links":{"self":[{"href":"https:\/\/mhf.ro\/mm\/wp-json\/wp\/v2\/posts\/2282","targetHints":{"allow":["GET"]}}],"collection":[{"href":"https:\/\/mhf.ro\/mm\/wp-json\/wp\/v2\/posts"}],"about":[{"href":"https:\/\/mhf.ro\/mm\/wp-json\/wp\/v2\/types\/post"}],"author":[{"embeddable":true,"href":"https:\/\/mhf.ro\/mm\/wp-json\/wp\/v2\/users\/4"}],"replies":[{"embeddable":true,"href":"https:\/\/mhf.ro\/mm\/wp-json\/wp\/v2\/comments?post=2282"}],"version-history":[{"count":2,"href":"https:\/\/mhf.ro\/mm\/wp-json\/wp\/v2\/posts\/2282\/revisions"}],"predecessor-version":[{"id":2287,"href":"https:\/\/mhf.ro\/mm\/wp-json\/wp\/v2\/posts\/2282\/revisions\/2287"}],"wp:featuredmedia":[{"embeddable":true,"href":"https:\/\/mhf.ro\/mm\/wp-json\/wp\/v2\/media\/2285"}],"wp:attachment":[{"href":"https:\/\/mhf.ro\/mm\/wp-json\/wp\/v2\/media?parent=2282"}],"wp:term":[{"taxonomy":"category","embeddable":true,"href":"https:\/\/mhf.ro\/mm\/wp-json\/wp\/v2\/categories?post=2282"},{"taxonomy":"post_tag","embeddable":true,"href":"https:\/\/mhf.ro\/mm\/wp-json\/wp\/v2\/tags?post=2282"}],"curies":[{"name":"wp","href":"https:\/\/api.w.org\/{rel}","templated":true}]}}