{"id":2284,"date":"2020-07-06T14:25:38","date_gmt":"2020-07-06T12:25:38","guid":{"rendered":"https:\/\/mhf.ro\/mm\/?p=2284"},"modified":"2020-07-30T21:19:29","modified_gmt":"2020-07-30T19:19:29","slug":"parohia-blaj-sf-maria-continuare","status":"publish","type":"post","link":"https:\/\/mhf.ro\/mm\/parohia-blaj-sf-maria-continuare\/","title":{"rendered":"Parohia Blaj Sf. Maria-continuare"},"content":{"rendered":"<p>\u00cen ziua de 5 septembrie a anului 2010 &#8211; toate fiind gata &#8211; p\u0103rintele patriarh Daniel, \u00eenconjurat de un impresionant sobor de ierarhi (17 la num\u0103r), preo\u021bi \u0219i diaconi, \u00een prezen\u021ba a mii de credincio\u0219i, \u0219i-a pus pecetea binecuv\u00e2nt\u0103rii peste osteneala \u0219i lucrarea noastr\u0103 sfin\u021bind acest loca\u0219. Cu acest prilej \u00eent\u00e2ist\u0103t\u0103torul Bisericii noastre ne-a pus \u0219i sub obl\u0103duirea celui ,,\u00eent\u00e2i chemat\u201d la apostolie, d\u00e2nd bisericii noastre al doilea hram: ,,Sf\u00e2ntul Apostol Andrei\u201d. Prin prezen\u021ba, prin rug\u0103ciunea \u0219i prin cuv\u00e2ntulde \u00eenv\u0103\u021b\u0103tur\u0103, patriarhul Bisericii Ortodoxe Rom\u00e2ne a reu\u0219it s\u0103 fac\u0103 din t\u00e2rnosirea bisericii noastre o adev\u0103rat\u0103 s\u0103rb\u0103toare a sufletelor.<\/p>\n<p>\u00cen spatele bisericii, unde alt\u0103dat\u0103 erau gunoaie \u0219i mizerii (un adev\u0103rat focar de infec\u021bie), actualmente este amenajat un parc, numit ,,Sf\u00e2nta Maria\u201d ca biserica. Mul\u021bi p\u0103rin\u021bi \u0219i bunici \u00ee\u0219i aduc odraslele aici. Pe fa\u021ba lor este at\u00e2ta mul\u021b\u021bumire \u0219i \u00een ochii lor at\u00e2ta duio\u0219ie, v\u0103z\u00e2nd cum ace\u0219ti \u201d\u00eengeri \u00een trup\u201d se bucur\u0103 de via\u021b\u0103, \u00een jocul \u0219i zburd\u0103lnicia lor. Glasurile nevinova\u021bilor copila\u0219i aduc a nuieli\u0219 de mai, cu ciripit pe fiecare creang\u0103.<\/p>\n<p>Biserica este tot mai frumoas\u0103. \u00cen ea c\u00e2nt\u0103 dimpreun\u0103 cu \u00eengerii. Acum \u00een\u021beleg mai bine cuv\u00e2ntul din dumnezeiasca Scriptur\u0103: \u201dDumnezeu a ales ca pe cele de necinste s\u0103 le fac\u0103 spre cinste\u201d (I Cor 1,28).<\/p>\n<p>Dac\u0103 P\u0103rintele cel ceresc mai \u00eeng\u0103duie lumea aceasta, peste zeci \u0219i zeci de ani, pu\u021bini vor mai vorbi despre un loc ml\u0103\u0219tinos pe care Dumnezeu L-a ales ca s\u0103-l fac\u0103 spre cinste. Tot mai pu\u021bini vor mai vorbi despre ctitorii bisericii \u201dSf. Maria\u201d. Asta-i istoria. Uneori seaman\u0103 cu legenda, dar tot pe at\u00e2t de adev\u0103rat este c\u0103 at\u00e2ta timp c\u00e2t Liturghia salveaz\u0103 omenirea, cineva se va ruga \u201dpentru ctitorii \u0219i binef\u0103c\u0103torii acestui sf\u00e2nt loca\u0219\u201d.<\/p>\n<p>(Preot Vasile Benchea)<\/p>\n<p>&nbsp;<\/p>\n","protected":false},"excerpt":{"rendered":"<p>\u00cen ziua de 5 septembrie a anului 2010 &#8211; toate fiind gata &#8211; p\u0103rintele patriarh Daniel, \u00eenconjurat de un impresionant<\/p>\n","protected":false},"author":4,"featured_media":2382,"comment_status":"open","ping_status":"open","sticky":false,"template":"","format":"standard","meta":{"colormag_page_container_layout":"default_layout","colormag_page_sidebar_layout":"default_layout","footnotes":""},"categories":[5],"tags":[],"class_list":["post-2284","post","type-post","status-publish","format-standard","has-post-thumbnail","hentry","category-locale"],"yoast_head":"<!-- This site is optimized with the Yoast SEO plugin v27.0 - https:\/\/yoast.com\/product\/yoast-seo-wordpress\/ -->\n<title>Parohia Blaj Sf. Maria-continuare - MHF Photography<\/title>\n<meta name=\"robots\" content=\"index, follow, max-snippet:-1, max-image-preview:large, max-video-preview:-1\" \/>\n<link rel=\"canonical\" href=\"https:\/\/mhf.ro\/mm\/parohia-blaj-sf-maria-continuare\/\" \/>\n<meta property=\"og:locale\" content=\"ro_RO\" \/>\n<meta property=\"og:type\" content=\"article\" \/>\n<meta property=\"og:title\" content=\"Parohia Blaj Sf. Maria-continuare - MHF Photography\" \/>\n<meta property=\"og:description\" content=\"\u00cen ziua de 5 septembrie a anului 2010 &#8211; toate fiind gata &#8211; p\u0103rintele patriarh Daniel, \u00eenconjurat de un impresionant\" \/>\n<meta property=\"og:url\" content=\"https:\/\/mhf.ro\/mm\/parohia-blaj-sf-maria-continuare\/\" \/>\n<meta property=\"og:site_name\" content=\"MHF Photography\" \/>\n<meta property=\"article:published_time\" content=\"2020-07-06T12:25:38+00:00\" \/>\n<meta property=\"article:modified_time\" content=\"2020-07-30T19:19:29+00:00\" \/>\n<meta property=\"og:image\" content=\"https:\/\/mhf.ro\/mm\/wp-content\/uploads\/2020\/07\/biserica-sf-maria-scaled.jpg\" \/>\n\t<meta property=\"og:image:width\" content=\"2560\" \/>\n\t<meta property=\"og:image:height\" content=\"1440\" \/>\n\t<meta property=\"og:image:type\" content=\"image\/jpeg\" \/>\n<meta name=\"author\" content=\"Preot paroh Horvat Petru\" \/>\n<meta name=\"twitter:card\" content=\"summary_large_image\" \/>\n<meta name=\"twitter:label1\" content=\"Scris de\" \/>\n\t<meta name=\"twitter:data1\" content=\"Preot paroh Horvat Petru\" \/>\n\t<meta name=\"twitter:label2\" content=\"Timp estimat pentru citire\" \/>\n\t<meta name=\"twitter:data2\" content=\"2 minute\" \/>\n<script type=\"application\/ld+json\" class=\"yoast-schema-graph\">{\"@context\":\"https:\/\/schema.org\",\"@graph\":[{\"@type\":\"Article\",\"@id\":\"https:\/\/mhf.ro\/mm\/parohia-blaj-sf-maria-continuare\/#article\",\"isPartOf\":{\"@id\":\"https:\/\/mhf.ro\/mm\/parohia-blaj-sf-maria-continuare\/\"},\"author\":{\"name\":\"Preot paroh Horvat Petru\",\"@id\":\"https:\/\/mhf.ro\/mm\/#\/schema\/person\/4c8c06c801b7b666e81ed44550086900\"},\"headline\":\"Parohia Blaj Sf. Maria-continuare\",\"datePublished\":\"2020-07-06T12:25:38+00:00\",\"dateModified\":\"2020-07-30T19:19:29+00:00\",\"mainEntityOfPage\":{\"@id\":\"https:\/\/mhf.ro\/mm\/parohia-blaj-sf-maria-continuare\/\"},\"wordCount\":341,\"commentCount\":0,\"publisher\":{\"@id\":\"https:\/\/mhf.ro\/mm\/#\/schema\/person\/a3bebf7bdb4bf12f698aff73c7e46c21\"},\"image\":{\"@id\":\"https:\/\/mhf.ro\/mm\/parohia-blaj-sf-maria-continuare\/#primaryimage\"},\"thumbnailUrl\":\"https:\/\/mhf.ro\/mm\/wp-content\/uploads\/2020\/07\/biserica-sf-maria-scaled.jpg\",\"articleSection\":[\"Locale\"],\"inLanguage\":\"ro-RO\",\"potentialAction\":[{\"@type\":\"CommentAction\",\"name\":\"Comment\",\"target\":[\"https:\/\/mhf.ro\/mm\/parohia-blaj-sf-maria-continuare\/#respond\"]}]},{\"@type\":\"WebPage\",\"@id\":\"https:\/\/mhf.ro\/mm\/parohia-blaj-sf-maria-continuare\/\",\"url\":\"https:\/\/mhf.ro\/mm\/parohia-blaj-sf-maria-continuare\/\",\"name\":\"Parohia Blaj Sf. Maria-continuare - MHF Photography\",\"isPartOf\":{\"@id\":\"https:\/\/mhf.ro\/mm\/#website\"},\"primaryImageOfPage\":{\"@id\":\"https:\/\/mhf.ro\/mm\/parohia-blaj-sf-maria-continuare\/#primaryimage\"},\"image\":{\"@id\":\"https:\/\/mhf.ro\/mm\/parohia-blaj-sf-maria-continuare\/#primaryimage\"},\"thumbnailUrl\":\"https:\/\/mhf.ro\/mm\/wp-content\/uploads\/2020\/07\/biserica-sf-maria-scaled.jpg\",\"datePublished\":\"2020-07-06T12:25:38+00:00\",\"dateModified\":\"2020-07-30T19:19:29+00:00\",\"breadcrumb\":{\"@id\":\"https:\/\/mhf.ro\/mm\/parohia-blaj-sf-maria-continuare\/#breadcrumb\"},\"inLanguage\":\"ro-RO\",\"potentialAction\":[{\"@type\":\"ReadAction\",\"target\":[\"https:\/\/mhf.ro\/mm\/parohia-blaj-sf-maria-continuare\/\"]}]},{\"@type\":\"ImageObject\",\"inLanguage\":\"ro-RO\",\"@id\":\"https:\/\/mhf.ro\/mm\/parohia-blaj-sf-maria-continuare\/#primaryimage\",\"url\":\"https:\/\/mhf.ro\/mm\/wp-content\/uploads\/2020\/07\/biserica-sf-maria-scaled.jpg\",\"contentUrl\":\"https:\/\/mhf.ro\/mm\/wp-content\/uploads\/2020\/07\/biserica-sf-maria-scaled.jpg\",\"width\":2560,\"height\":1440},{\"@type\":\"BreadcrumbList\",\"@id\":\"https:\/\/mhf.ro\/mm\/parohia-blaj-sf-maria-continuare\/#breadcrumb\",\"itemListElement\":[{\"@type\":\"ListItem\",\"position\":1,\"name\":\"Prima pagin\u0103\",\"item\":\"https:\/\/mhf.ro\/mm\/\"},{\"@type\":\"ListItem\",\"position\":2,\"name\":\"Parohia Blaj Sf. Maria-continuare\"}]},{\"@type\":\"WebSite\",\"@id\":\"https:\/\/mhf.ro\/mm\/#website\",\"url\":\"https:\/\/mhf.ro\/mm\/\",\"name\":\"MHF Photography \u2013 Blog de fotografie, natur\u0103 \u0219i tehnic\u0103 divers\u0103\",\"description\":\"Aventur\u0103 \u00een fiecare cadru.\",\"publisher\":{\"@id\":\"https:\/\/mhf.ro\/mm\/#\/schema\/person\/a3bebf7bdb4bf12f698aff73c7e46c21\"},\"potentialAction\":[{\"@type\":\"SearchAction\",\"target\":{\"@type\":\"EntryPoint\",\"urlTemplate\":\"https:\/\/mhf.ro\/mm\/?s={search_term_string}\"},\"query-input\":{\"@type\":\"PropertyValueSpecification\",\"valueRequired\":true,\"valueName\":\"search_term_string\"}}],\"inLanguage\":\"ro-RO\"},{\"@type\":[\"Person\",\"Organization\"],\"@id\":\"https:\/\/mhf.ro\/mm\/#\/schema\/person\/a3bebf7bdb4bf12f698aff73c7e46c21\",\"name\":\"Marius Marcu\",\"image\":{\"@type\":\"ImageObject\",\"inLanguage\":\"ro-RO\",\"@id\":\"https:\/\/mhf.ro\/mm\/#\/schema\/person\/image\/\",\"url\":\"https:\/\/mhf.ro\/mm\/wp-content\/uploads\/2025\/12\/cropped-logo_mhf_2.png\",\"contentUrl\":\"https:\/\/mhf.ro\/mm\/wp-content\/uploads\/2025\/12\/cropped-logo_mhf_2.png\",\"width\":1096,\"height\":457,\"caption\":\"Marius Marcu\"},\"logo\":{\"@id\":\"https:\/\/mhf.ro\/mm\/#\/schema\/person\/image\/\"},\"sameAs\":[\"https:\/\/mhf.ro\/mm\"]},{\"@type\":\"Person\",\"@id\":\"https:\/\/mhf.ro\/mm\/#\/schema\/person\/4c8c06c801b7b666e81ed44550086900\",\"name\":\"Preot paroh Horvat Petru\",\"image\":{\"@type\":\"ImageObject\",\"inLanguage\":\"ro-RO\",\"@id\":\"https:\/\/mhf.ro\/mm\/#\/schema\/person\/image\/\",\"url\":\"https:\/\/secure.gravatar.com\/avatar\/c2d2dcdf21c6f41aad486d71768c144cd6e23cb7b63bae9bd6fab542b26ad321?s=96&d=monsterid&r=g\",\"contentUrl\":\"https:\/\/secure.gravatar.com\/avatar\/c2d2dcdf21c6f41aad486d71768c144cd6e23cb7b63bae9bd6fab542b26ad321?s=96&d=monsterid&r=g\",\"caption\":\"Preot paroh Horvat Petru\"},\"sameAs\":[\"https:\/\/mhf.ro\/mm\"],\"url\":\"https:\/\/mhf.ro\/mm\/author\/petrica\/\"}]}<\/script>\n<!-- \/ Yoast SEO plugin. -->","yoast_head_json":{"title":"Parohia Blaj Sf. Maria-continuare - MHF Photography","robots":{"index":"index","follow":"follow","max-snippet":"max-snippet:-1","max-image-preview":"max-image-preview:large","max-video-preview":"max-video-preview:-1"},"canonical":"https:\/\/mhf.ro\/mm\/parohia-blaj-sf-maria-continuare\/","og_locale":"ro_RO","og_type":"article","og_title":"Parohia Blaj Sf. Maria-continuare - MHF Photography","og_description":"\u00cen ziua de 5 septembrie a anului 2010 &#8211; toate fiind gata &#8211; p\u0103rintele patriarh Daniel, \u00eenconjurat de un impresionant","og_url":"https:\/\/mhf.ro\/mm\/parohia-blaj-sf-maria-continuare\/","og_site_name":"MHF Photography","article_published_time":"2020-07-06T12:25:38+00:00","article_modified_time":"2020-07-30T19:19:29+00:00","og_image":[{"width":2560,"height":1440,"url":"https:\/\/mhf.ro\/mm\/wp-content\/uploads\/2020\/07\/biserica-sf-maria-scaled.jpg","type":"image\/jpeg"}],"author":"Preot paroh Horvat Petru","twitter_card":"summary_large_image","twitter_misc":{"Scris de":"Preot paroh Horvat Petru","Timp estimat pentru citire":"2 minute"},"schema":{"@context":"https:\/\/schema.org","@graph":[{"@type":"Article","@id":"https:\/\/mhf.ro\/mm\/parohia-blaj-sf-maria-continuare\/#article","isPartOf":{"@id":"https:\/\/mhf.ro\/mm\/parohia-blaj-sf-maria-continuare\/"},"author":{"name":"Preot paroh Horvat Petru","@id":"https:\/\/mhf.ro\/mm\/#\/schema\/person\/4c8c06c801b7b666e81ed44550086900"},"headline":"Parohia Blaj Sf. Maria-continuare","datePublished":"2020-07-06T12:25:38+00:00","dateModified":"2020-07-30T19:19:29+00:00","mainEntityOfPage":{"@id":"https:\/\/mhf.ro\/mm\/parohia-blaj-sf-maria-continuare\/"},"wordCount":341,"commentCount":0,"publisher":{"@id":"https:\/\/mhf.ro\/mm\/#\/schema\/person\/a3bebf7bdb4bf12f698aff73c7e46c21"},"image":{"@id":"https:\/\/mhf.ro\/mm\/parohia-blaj-sf-maria-continuare\/#primaryimage"},"thumbnailUrl":"https:\/\/mhf.ro\/mm\/wp-content\/uploads\/2020\/07\/biserica-sf-maria-scaled.jpg","articleSection":["Locale"],"inLanguage":"ro-RO","potentialAction":[{"@type":"CommentAction","name":"Comment","target":["https:\/\/mhf.ro\/mm\/parohia-blaj-sf-maria-continuare\/#respond"]}]},{"@type":"WebPage","@id":"https:\/\/mhf.ro\/mm\/parohia-blaj-sf-maria-continuare\/","url":"https:\/\/mhf.ro\/mm\/parohia-blaj-sf-maria-continuare\/","name":"Parohia Blaj Sf. Maria-continuare - MHF Photography","isPartOf":{"@id":"https:\/\/mhf.ro\/mm\/#website"},"primaryImageOfPage":{"@id":"https:\/\/mhf.ro\/mm\/parohia-blaj-sf-maria-continuare\/#primaryimage"},"image":{"@id":"https:\/\/mhf.ro\/mm\/parohia-blaj-sf-maria-continuare\/#primaryimage"},"thumbnailUrl":"https:\/\/mhf.ro\/mm\/wp-content\/uploads\/2020\/07\/biserica-sf-maria-scaled.jpg","datePublished":"2020-07-06T12:25:38+00:00","dateModified":"2020-07-30T19:19:29+00:00","breadcrumb":{"@id":"https:\/\/mhf.ro\/mm\/parohia-blaj-sf-maria-continuare\/#breadcrumb"},"inLanguage":"ro-RO","potentialAction":[{"@type":"ReadAction","target":["https:\/\/mhf.ro\/mm\/parohia-blaj-sf-maria-continuare\/"]}]},{"@type":"ImageObject","inLanguage":"ro-RO","@id":"https:\/\/mhf.ro\/mm\/parohia-blaj-sf-maria-continuare\/#primaryimage","url":"https:\/\/mhf.ro\/mm\/wp-content\/uploads\/2020\/07\/biserica-sf-maria-scaled.jpg","contentUrl":"https:\/\/mhf.ro\/mm\/wp-content\/uploads\/2020\/07\/biserica-sf-maria-scaled.jpg","width":2560,"height":1440},{"@type":"BreadcrumbList","@id":"https:\/\/mhf.ro\/mm\/parohia-blaj-sf-maria-continuare\/#breadcrumb","itemListElement":[{"@type":"ListItem","position":1,"name":"Prima pagin\u0103","item":"https:\/\/mhf.ro\/mm\/"},{"@type":"ListItem","position":2,"name":"Parohia Blaj Sf. Maria-continuare"}]},{"@type":"WebSite","@id":"https:\/\/mhf.ro\/mm\/#website","url":"https:\/\/mhf.ro\/mm\/","name":"MHF Photography \u2013 Blog de fotografie, natur\u0103 \u0219i tehnic\u0103 divers\u0103","description":"Aventur\u0103 \u00een fiecare cadru.","publisher":{"@id":"https:\/\/mhf.ro\/mm\/#\/schema\/person\/a3bebf7bdb4bf12f698aff73c7e46c21"},"potentialAction":[{"@type":"SearchAction","target":{"@type":"EntryPoint","urlTemplate":"https:\/\/mhf.ro\/mm\/?s={search_term_string}"},"query-input":{"@type":"PropertyValueSpecification","valueRequired":true,"valueName":"search_term_string"}}],"inLanguage":"ro-RO"},{"@type":["Person","Organization"],"@id":"https:\/\/mhf.ro\/mm\/#\/schema\/person\/a3bebf7bdb4bf12f698aff73c7e46c21","name":"Marius Marcu","image":{"@type":"ImageObject","inLanguage":"ro-RO","@id":"https:\/\/mhf.ro\/mm\/#\/schema\/person\/image\/","url":"https:\/\/mhf.ro\/mm\/wp-content\/uploads\/2025\/12\/cropped-logo_mhf_2.png","contentUrl":"https:\/\/mhf.ro\/mm\/wp-content\/uploads\/2025\/12\/cropped-logo_mhf_2.png","width":1096,"height":457,"caption":"Marius Marcu"},"logo":{"@id":"https:\/\/mhf.ro\/mm\/#\/schema\/person\/image\/"},"sameAs":["https:\/\/mhf.ro\/mm"]},{"@type":"Person","@id":"https:\/\/mhf.ro\/mm\/#\/schema\/person\/4c8c06c801b7b666e81ed44550086900","name":"Preot paroh Horvat Petru","image":{"@type":"ImageObject","inLanguage":"ro-RO","@id":"https:\/\/mhf.ro\/mm\/#\/schema\/person\/image\/","url":"https:\/\/secure.gravatar.com\/avatar\/c2d2dcdf21c6f41aad486d71768c144cd6e23cb7b63bae9bd6fab542b26ad321?s=96&d=monsterid&r=g","contentUrl":"https:\/\/secure.gravatar.com\/avatar\/c2d2dcdf21c6f41aad486d71768c144cd6e23cb7b63bae9bd6fab542b26ad321?s=96&d=monsterid&r=g","caption":"Preot paroh Horvat Petru"},"sameAs":["https:\/\/mhf.ro\/mm"],"url":"https:\/\/mhf.ro\/mm\/author\/petrica\/"}]}},"_links":{"self":[{"href":"https:\/\/mhf.ro\/mm\/wp-json\/wp\/v2\/posts\/2284","targetHints":{"allow":["GET"]}}],"collection":[{"href":"https:\/\/mhf.ro\/mm\/wp-json\/wp\/v2\/posts"}],"about":[{"href":"https:\/\/mhf.ro\/mm\/wp-json\/wp\/v2\/types\/post"}],"author":[{"embeddable":true,"href":"https:\/\/mhf.ro\/mm\/wp-json\/wp\/v2\/users\/4"}],"replies":[{"embeddable":true,"href":"https:\/\/mhf.ro\/mm\/wp-json\/wp\/v2\/comments?post=2284"}],"version-history":[{"count":2,"href":"https:\/\/mhf.ro\/mm\/wp-json\/wp\/v2\/posts\/2284\/revisions"}],"predecessor-version":[{"id":2288,"href":"https:\/\/mhf.ro\/mm\/wp-json\/wp\/v2\/posts\/2284\/revisions\/2288"}],"wp:featuredmedia":[{"embeddable":true,"href":"https:\/\/mhf.ro\/mm\/wp-json\/wp\/v2\/media\/2382"}],"wp:attachment":[{"href":"https:\/\/mhf.ro\/mm\/wp-json\/wp\/v2\/media?parent=2284"}],"wp:term":[{"taxonomy":"category","embeddable":true,"href":"https:\/\/mhf.ro\/mm\/wp-json\/wp\/v2\/categories?post=2284"},{"taxonomy":"post_tag","embeddable":true,"href":"https:\/\/mhf.ro\/mm\/wp-json\/wp\/v2\/tags?post=2284"}],"curies":[{"name":"wp","href":"https:\/\/api.w.org\/{rel}","templated":true}]}}