{"id":2303,"date":"2020-07-12T07:37:49","date_gmt":"2020-07-12T05:37:49","guid":{"rendered":"https:\/\/mhf.ro\/mm\/?p=2303"},"modified":"2021-04-21T08:51:28","modified_gmt":"2021-04-21T06:51:28","slug":"credinta-nu-mi-e-moarta-de-venu-blajan","status":"publish","type":"post","link":"https:\/\/mhf.ro\/mm\/credinta-nu-mi-e-moarta-de-venu-blajan\/","title":{"rendered":"Credin\u0163a nu mi-e moart\u0103&#8230; de ve@nu blajan"},"content":{"rendered":"<p>Cred \u00een Dumnezeu, tu crezi?<br \/>\nNu-i al\u0103turi ca s\u0103-l vezi<span class=\"text_exposed_show\"><br \/>\nVezi doar r\u0103ul ce-l suprim\u0103<br \/>\nMultora ce n-au vreo vin\u0103\u2026<\/span><\/p>\n<div class=\"text_exposed_show\">\n<p>Ard dorin\u0163e-n\u015fel\u0103toare<br \/>\nArd perfid,<br \/>\nAerul ne viciaz\u0103<br \/>\n\u2026respir\u00e2nd !<\/p>\n<p>Cred \u00een sacul cu dreptate<br \/>\nCe se strange, la\u0163,<br \/>\nTrag prin pubertate<br \/>\n\u2026aerul nesa\u0163!<\/p>\n<p>Viscol mare peste tot p\u0103m\u00e2ntul<br \/>\nAzi un r\u0103m\u0103\u015fag,<br \/>\nAc\u0103\u0163at de-un gard cuv\u00e2ntul\u2026<br \/>\n\u2026\u00een vileag!<\/p>\n<p>Oameni buni \u015fi oameni r\u0103i<br \/>\nMerg biserice\u015fte,<br \/>\nPentru cei ce nu fac \u201cb\u0103i\u201d\u2026<br \/>\n\u2026Doamne-i biciuie\u015fte!<\/p>\n<p>Cred \u00een Dumnezeu, tu crezi?<br \/>\nDac\u0103 ai m\u00e2ndr\u0103 credin\u0163\u0103-<br \/>\nDrag\u0103, ast\u0103zi po\u0163i c\u0103-l vezi,<br \/>\n\u2026cu datoare-ng\u0103duin\u0163\u0103!<\/p>\n<\/div>\n","protected":false},"excerpt":{"rendered":"<p>Cred \u00een Dumnezeu, tu crezi? Nu-i al\u0103turi ca s\u0103-l vezi Vezi doar r\u0103ul ce-l suprim\u0103 Multora ce n-au vreo vin\u0103\u2026<\/p>\n","protected":false},"author":3,"featured_media":2304,"comment_status":"open","ping_status":"open","sticky":false,"template":"","format":"standard","meta":{"colormag_page_container_layout":"default_layout","colormag_page_sidebar_layout":"default_layout","footnotes":""},"categories":[21,8],"tags":[],"class_list":["post-2303","post","type-post","status-publish","format-standard","has-post-thumbnail","hentry","category-arta","category-div"],"yoast_head":"<!-- This site is optimized with the Yoast SEO plugin v27.0 - https:\/\/yoast.com\/product\/yoast-seo-wordpress\/ -->\n<title>Credin\u0163a nu mi-e moart\u0103... de ve@nu blajan - MHF Photography<\/title>\n<meta name=\"robots\" content=\"index, follow, max-snippet:-1, max-image-preview:large, max-video-preview:-1\" \/>\n<link rel=\"canonical\" href=\"https:\/\/mhf.ro\/mm\/credinta-nu-mi-e-moarta-de-venu-blajan\/\" \/>\n<meta property=\"og:locale\" content=\"ro_RO\" \/>\n<meta property=\"og:type\" content=\"article\" \/>\n<meta property=\"og:title\" content=\"Credin\u0163a nu mi-e moart\u0103... de ve@nu blajan - MHF Photography\" \/>\n<meta property=\"og:description\" content=\"Cred \u00een Dumnezeu, tu crezi? Nu-i al\u0103turi ca s\u0103-l vezi Vezi doar r\u0103ul ce-l suprim\u0103 Multora ce n-au vreo vin\u0103\u2026\" \/>\n<meta property=\"og:url\" content=\"https:\/\/mhf.ro\/mm\/credinta-nu-mi-e-moarta-de-venu-blajan\/\" \/>\n<meta property=\"og:site_name\" content=\"MHF Photography\" \/>\n<meta property=\"article:published_time\" content=\"2020-07-12T05:37:49+00:00\" \/>\n<meta property=\"article:modified_time\" content=\"2021-04-21T06:51:28+00:00\" \/>\n<meta property=\"og:image\" content=\"https:\/\/mhf.ro\/mm\/wp-content\/uploads\/2020\/07\/copil-venit.jpg\" \/>\n\t<meta property=\"og:image:width\" content=\"564\" \/>\n\t<meta property=\"og:image:height\" content=\"564\" \/>\n\t<meta property=\"og:image:type\" content=\"image\/jpeg\" \/>\n<meta name=\"author\" content=\"Ciurtin Tavi\" \/>\n<meta name=\"twitter:card\" content=\"summary_large_image\" \/>\n<meta name=\"twitter:label1\" content=\"Scris de\" \/>\n\t<meta name=\"twitter:data1\" content=\"Ciurtin Tavi\" \/>\n\t<meta name=\"twitter:label2\" content=\"Timp estimat pentru citire\" \/>\n\t<meta name=\"twitter:data2\" content=\"1 minut\" \/>\n<script type=\"application\/ld+json\" class=\"yoast-schema-graph\">{\"@context\":\"https:\/\/schema.org\",\"@graph\":[{\"@type\":\"Article\",\"@id\":\"https:\/\/mhf.ro\/mm\/credinta-nu-mi-e-moarta-de-venu-blajan\/#article\",\"isPartOf\":{\"@id\":\"https:\/\/mhf.ro\/mm\/credinta-nu-mi-e-moarta-de-venu-blajan\/\"},\"author\":{\"name\":\"Ciurtin Tavi\",\"@id\":\"https:\/\/mhf.ro\/mm\/#\/schema\/person\/d2e8248dfe54de3d7284ff7254d2e29b\"},\"headline\":\"Credin\u0163a nu mi-e moart\u0103&#8230; de ve@nu blajan\",\"datePublished\":\"2020-07-12T05:37:49+00:00\",\"dateModified\":\"2021-04-21T06:51:28+00:00\",\"mainEntityOfPage\":{\"@id\":\"https:\/\/mhf.ro\/mm\/credinta-nu-mi-e-moarta-de-venu-blajan\/\"},\"wordCount\":119,\"commentCount\":0,\"publisher\":{\"@id\":\"https:\/\/mhf.ro\/mm\/#\/schema\/person\/a3bebf7bdb4bf12f698aff73c7e46c21\"},\"image\":{\"@id\":\"https:\/\/mhf.ro\/mm\/credinta-nu-mi-e-moarta-de-venu-blajan\/#primaryimage\"},\"thumbnailUrl\":\"https:\/\/mhf.ro\/mm\/wp-content\/uploads\/2020\/07\/copil-venit.jpg\",\"articleSection\":[\"Arta\",\"Diverse\"],\"inLanguage\":\"ro-RO\",\"potentialAction\":[{\"@type\":\"CommentAction\",\"name\":\"Comment\",\"target\":[\"https:\/\/mhf.ro\/mm\/credinta-nu-mi-e-moarta-de-venu-blajan\/#respond\"]}]},{\"@type\":\"WebPage\",\"@id\":\"https:\/\/mhf.ro\/mm\/credinta-nu-mi-e-moarta-de-venu-blajan\/\",\"url\":\"https:\/\/mhf.ro\/mm\/credinta-nu-mi-e-moarta-de-venu-blajan\/\",\"name\":\"Credin\u0163a nu mi-e moart\u0103... de ve@nu blajan - MHF Photography\",\"isPartOf\":{\"@id\":\"https:\/\/mhf.ro\/mm\/#website\"},\"primaryImageOfPage\":{\"@id\":\"https:\/\/mhf.ro\/mm\/credinta-nu-mi-e-moarta-de-venu-blajan\/#primaryimage\"},\"image\":{\"@id\":\"https:\/\/mhf.ro\/mm\/credinta-nu-mi-e-moarta-de-venu-blajan\/#primaryimage\"},\"thumbnailUrl\":\"https:\/\/mhf.ro\/mm\/wp-content\/uploads\/2020\/07\/copil-venit.jpg\",\"datePublished\":\"2020-07-12T05:37:49+00:00\",\"dateModified\":\"2021-04-21T06:51:28+00:00\",\"breadcrumb\":{\"@id\":\"https:\/\/mhf.ro\/mm\/credinta-nu-mi-e-moarta-de-venu-blajan\/#breadcrumb\"},\"inLanguage\":\"ro-RO\",\"potentialAction\":[{\"@type\":\"ReadAction\",\"target\":[\"https:\/\/mhf.ro\/mm\/credinta-nu-mi-e-moarta-de-venu-blajan\/\"]}]},{\"@type\":\"ImageObject\",\"inLanguage\":\"ro-RO\",\"@id\":\"https:\/\/mhf.ro\/mm\/credinta-nu-mi-e-moarta-de-venu-blajan\/#primaryimage\",\"url\":\"https:\/\/mhf.ro\/mm\/wp-content\/uploads\/2020\/07\/copil-venit.jpg\",\"contentUrl\":\"https:\/\/mhf.ro\/mm\/wp-content\/uploads\/2020\/07\/copil-venit.jpg\",\"width\":564,\"height\":564},{\"@type\":\"BreadcrumbList\",\"@id\":\"https:\/\/mhf.ro\/mm\/credinta-nu-mi-e-moarta-de-venu-blajan\/#breadcrumb\",\"itemListElement\":[{\"@type\":\"ListItem\",\"position\":1,\"name\":\"Prima pagin\u0103\",\"item\":\"https:\/\/mhf.ro\/mm\/\"},{\"@type\":\"ListItem\",\"position\":2,\"name\":\"Credin\u0163a nu mi-e moart\u0103&#8230; de ve@nu blajan\"}]},{\"@type\":\"WebSite\",\"@id\":\"https:\/\/mhf.ro\/mm\/#website\",\"url\":\"https:\/\/mhf.ro\/mm\/\",\"name\":\"MHF Photography \u2013 Blog de fotografie, natur\u0103 \u0219i tehnic\u0103 divers\u0103\",\"description\":\"Aventur\u0103 \u00een fiecare cadru.\",\"publisher\":{\"@id\":\"https:\/\/mhf.ro\/mm\/#\/schema\/person\/a3bebf7bdb4bf12f698aff73c7e46c21\"},\"potentialAction\":[{\"@type\":\"SearchAction\",\"target\":{\"@type\":\"EntryPoint\",\"urlTemplate\":\"https:\/\/mhf.ro\/mm\/?s={search_term_string}\"},\"query-input\":{\"@type\":\"PropertyValueSpecification\",\"valueRequired\":true,\"valueName\":\"search_term_string\"}}],\"inLanguage\":\"ro-RO\"},{\"@type\":[\"Person\",\"Organization\"],\"@id\":\"https:\/\/mhf.ro\/mm\/#\/schema\/person\/a3bebf7bdb4bf12f698aff73c7e46c21\",\"name\":\"Marius Marcu\",\"image\":{\"@type\":\"ImageObject\",\"inLanguage\":\"ro-RO\",\"@id\":\"https:\/\/mhf.ro\/mm\/#\/schema\/person\/image\/\",\"url\":\"https:\/\/mhf.ro\/mm\/wp-content\/uploads\/2025\/12\/cropped-logo_mhf_2.png\",\"contentUrl\":\"https:\/\/mhf.ro\/mm\/wp-content\/uploads\/2025\/12\/cropped-logo_mhf_2.png\",\"width\":1096,\"height\":457,\"caption\":\"Marius Marcu\"},\"logo\":{\"@id\":\"https:\/\/mhf.ro\/mm\/#\/schema\/person\/image\/\"},\"sameAs\":[\"https:\/\/mhf.ro\/mm\"]},{\"@type\":\"Person\",\"@id\":\"https:\/\/mhf.ro\/mm\/#\/schema\/person\/d2e8248dfe54de3d7284ff7254d2e29b\",\"name\":\"Ciurtin Tavi\",\"image\":{\"@type\":\"ImageObject\",\"inLanguage\":\"ro-RO\",\"@id\":\"https:\/\/mhf.ro\/mm\/#\/schema\/person\/image\/\",\"url\":\"https:\/\/secure.gravatar.com\/avatar\/5afa01044b4e9328c510b64d3aa571c665404d2e22859f2e114ebd21774aab9c?s=96&d=monsterid&r=g\",\"contentUrl\":\"https:\/\/secure.gravatar.com\/avatar\/5afa01044b4e9328c510b64d3aa571c665404d2e22859f2e114ebd21774aab9c?s=96&d=monsterid&r=g\",\"caption\":\"Ciurtin Tavi\"},\"description\":\"N-am crezut niciodata ca ce am vizionat in vis, va fi permanent lege pentru mine... as fi isteric sa cred, ca, chiar eu pot sa-mi duc neputinta atat de mult sa cred ca eu... nu mai stiu sa glumesc, cu el, cu ea, cu tine, si in ultimul rand... cu mine... stii ce as vrea? ca eu nu stiu.... ma catar doar pe o dorinta, fumeganda-n mintea mea, asa, apucata de un ciucur ca un vis.... un vis legitim, nu unul....labartit din memoria somnului, ca... ultima discutie cu tine! hai, pa... ma duc sa-mi mustruluiesc, speranta de-a avea curajul sa revina la suprafata inaintea zorilor .\",\"sameAs\":[\"https:\/\/mhf.ro\/mm\"],\"url\":\"https:\/\/mhf.ro\/mm\/author\/tavi\/\"}]}<\/script>\n<!-- \/ Yoast SEO plugin. -->","yoast_head_json":{"title":"Credin\u0163a nu mi-e moart\u0103... de ve@nu blajan - MHF Photography","robots":{"index":"index","follow":"follow","max-snippet":"max-snippet:-1","max-image-preview":"max-image-preview:large","max-video-preview":"max-video-preview:-1"},"canonical":"https:\/\/mhf.ro\/mm\/credinta-nu-mi-e-moarta-de-venu-blajan\/","og_locale":"ro_RO","og_type":"article","og_title":"Credin\u0163a nu mi-e moart\u0103... de ve@nu blajan - MHF Photography","og_description":"Cred \u00een Dumnezeu, tu crezi? Nu-i al\u0103turi ca s\u0103-l vezi Vezi doar r\u0103ul ce-l suprim\u0103 Multora ce n-au vreo vin\u0103\u2026","og_url":"https:\/\/mhf.ro\/mm\/credinta-nu-mi-e-moarta-de-venu-blajan\/","og_site_name":"MHF Photography","article_published_time":"2020-07-12T05:37:49+00:00","article_modified_time":"2021-04-21T06:51:28+00:00","og_image":[{"width":564,"height":564,"url":"https:\/\/mhf.ro\/mm\/wp-content\/uploads\/2020\/07\/copil-venit.jpg","type":"image\/jpeg"}],"author":"Ciurtin Tavi","twitter_card":"summary_large_image","twitter_misc":{"Scris de":"Ciurtin Tavi","Timp estimat pentru citire":"1 minut"},"schema":{"@context":"https:\/\/schema.org","@graph":[{"@type":"Article","@id":"https:\/\/mhf.ro\/mm\/credinta-nu-mi-e-moarta-de-venu-blajan\/#article","isPartOf":{"@id":"https:\/\/mhf.ro\/mm\/credinta-nu-mi-e-moarta-de-venu-blajan\/"},"author":{"name":"Ciurtin Tavi","@id":"https:\/\/mhf.ro\/mm\/#\/schema\/person\/d2e8248dfe54de3d7284ff7254d2e29b"},"headline":"Credin\u0163a nu mi-e moart\u0103&#8230; de ve@nu blajan","datePublished":"2020-07-12T05:37:49+00:00","dateModified":"2021-04-21T06:51:28+00:00","mainEntityOfPage":{"@id":"https:\/\/mhf.ro\/mm\/credinta-nu-mi-e-moarta-de-venu-blajan\/"},"wordCount":119,"commentCount":0,"publisher":{"@id":"https:\/\/mhf.ro\/mm\/#\/schema\/person\/a3bebf7bdb4bf12f698aff73c7e46c21"},"image":{"@id":"https:\/\/mhf.ro\/mm\/credinta-nu-mi-e-moarta-de-venu-blajan\/#primaryimage"},"thumbnailUrl":"https:\/\/mhf.ro\/mm\/wp-content\/uploads\/2020\/07\/copil-venit.jpg","articleSection":["Arta","Diverse"],"inLanguage":"ro-RO","potentialAction":[{"@type":"CommentAction","name":"Comment","target":["https:\/\/mhf.ro\/mm\/credinta-nu-mi-e-moarta-de-venu-blajan\/#respond"]}]},{"@type":"WebPage","@id":"https:\/\/mhf.ro\/mm\/credinta-nu-mi-e-moarta-de-venu-blajan\/","url":"https:\/\/mhf.ro\/mm\/credinta-nu-mi-e-moarta-de-venu-blajan\/","name":"Credin\u0163a nu mi-e moart\u0103... de ve@nu blajan - MHF Photography","isPartOf":{"@id":"https:\/\/mhf.ro\/mm\/#website"},"primaryImageOfPage":{"@id":"https:\/\/mhf.ro\/mm\/credinta-nu-mi-e-moarta-de-venu-blajan\/#primaryimage"},"image":{"@id":"https:\/\/mhf.ro\/mm\/credinta-nu-mi-e-moarta-de-venu-blajan\/#primaryimage"},"thumbnailUrl":"https:\/\/mhf.ro\/mm\/wp-content\/uploads\/2020\/07\/copil-venit.jpg","datePublished":"2020-07-12T05:37:49+00:00","dateModified":"2021-04-21T06:51:28+00:00","breadcrumb":{"@id":"https:\/\/mhf.ro\/mm\/credinta-nu-mi-e-moarta-de-venu-blajan\/#breadcrumb"},"inLanguage":"ro-RO","potentialAction":[{"@type":"ReadAction","target":["https:\/\/mhf.ro\/mm\/credinta-nu-mi-e-moarta-de-venu-blajan\/"]}]},{"@type":"ImageObject","inLanguage":"ro-RO","@id":"https:\/\/mhf.ro\/mm\/credinta-nu-mi-e-moarta-de-venu-blajan\/#primaryimage","url":"https:\/\/mhf.ro\/mm\/wp-content\/uploads\/2020\/07\/copil-venit.jpg","contentUrl":"https:\/\/mhf.ro\/mm\/wp-content\/uploads\/2020\/07\/copil-venit.jpg","width":564,"height":564},{"@type":"BreadcrumbList","@id":"https:\/\/mhf.ro\/mm\/credinta-nu-mi-e-moarta-de-venu-blajan\/#breadcrumb","itemListElement":[{"@type":"ListItem","position":1,"name":"Prima pagin\u0103","item":"https:\/\/mhf.ro\/mm\/"},{"@type":"ListItem","position":2,"name":"Credin\u0163a nu mi-e moart\u0103&#8230; de ve@nu blajan"}]},{"@type":"WebSite","@id":"https:\/\/mhf.ro\/mm\/#website","url":"https:\/\/mhf.ro\/mm\/","name":"MHF Photography \u2013 Blog de fotografie, natur\u0103 \u0219i tehnic\u0103 divers\u0103","description":"Aventur\u0103 \u00een fiecare cadru.","publisher":{"@id":"https:\/\/mhf.ro\/mm\/#\/schema\/person\/a3bebf7bdb4bf12f698aff73c7e46c21"},"potentialAction":[{"@type":"SearchAction","target":{"@type":"EntryPoint","urlTemplate":"https:\/\/mhf.ro\/mm\/?s={search_term_string}"},"query-input":{"@type":"PropertyValueSpecification","valueRequired":true,"valueName":"search_term_string"}}],"inLanguage":"ro-RO"},{"@type":["Person","Organization"],"@id":"https:\/\/mhf.ro\/mm\/#\/schema\/person\/a3bebf7bdb4bf12f698aff73c7e46c21","name":"Marius Marcu","image":{"@type":"ImageObject","inLanguage":"ro-RO","@id":"https:\/\/mhf.ro\/mm\/#\/schema\/person\/image\/","url":"https:\/\/mhf.ro\/mm\/wp-content\/uploads\/2025\/12\/cropped-logo_mhf_2.png","contentUrl":"https:\/\/mhf.ro\/mm\/wp-content\/uploads\/2025\/12\/cropped-logo_mhf_2.png","width":1096,"height":457,"caption":"Marius Marcu"},"logo":{"@id":"https:\/\/mhf.ro\/mm\/#\/schema\/person\/image\/"},"sameAs":["https:\/\/mhf.ro\/mm"]},{"@type":"Person","@id":"https:\/\/mhf.ro\/mm\/#\/schema\/person\/d2e8248dfe54de3d7284ff7254d2e29b","name":"Ciurtin Tavi","image":{"@type":"ImageObject","inLanguage":"ro-RO","@id":"https:\/\/mhf.ro\/mm\/#\/schema\/person\/image\/","url":"https:\/\/secure.gravatar.com\/avatar\/5afa01044b4e9328c510b64d3aa571c665404d2e22859f2e114ebd21774aab9c?s=96&d=monsterid&r=g","contentUrl":"https:\/\/secure.gravatar.com\/avatar\/5afa01044b4e9328c510b64d3aa571c665404d2e22859f2e114ebd21774aab9c?s=96&d=monsterid&r=g","caption":"Ciurtin Tavi"},"description":"N-am crezut niciodata ca ce am vizionat in vis, va fi permanent lege pentru mine... as fi isteric sa cred, ca, chiar eu pot sa-mi duc neputinta atat de mult sa cred ca eu... nu mai stiu sa glumesc, cu el, cu ea, cu tine, si in ultimul rand... cu mine... stii ce as vrea? ca eu nu stiu.... ma catar doar pe o dorinta, fumeganda-n mintea mea, asa, apucata de un ciucur ca un vis.... un vis legitim, nu unul....labartit din memoria somnului, ca... ultima discutie cu tine! hai, pa... ma duc sa-mi mustruluiesc, speranta de-a avea curajul sa revina la suprafata inaintea zorilor .","sameAs":["https:\/\/mhf.ro\/mm"],"url":"https:\/\/mhf.ro\/mm\/author\/tavi\/"}]}},"_links":{"self":[{"href":"https:\/\/mhf.ro\/mm\/wp-json\/wp\/v2\/posts\/2303","targetHints":{"allow":["GET"]}}],"collection":[{"href":"https:\/\/mhf.ro\/mm\/wp-json\/wp\/v2\/posts"}],"about":[{"href":"https:\/\/mhf.ro\/mm\/wp-json\/wp\/v2\/types\/post"}],"author":[{"embeddable":true,"href":"https:\/\/mhf.ro\/mm\/wp-json\/wp\/v2\/users\/3"}],"replies":[{"embeddable":true,"href":"https:\/\/mhf.ro\/mm\/wp-json\/wp\/v2\/comments?post=2303"}],"version-history":[{"count":1,"href":"https:\/\/mhf.ro\/mm\/wp-json\/wp\/v2\/posts\/2303\/revisions"}],"predecessor-version":[{"id":2305,"href":"https:\/\/mhf.ro\/mm\/wp-json\/wp\/v2\/posts\/2303\/revisions\/2305"}],"wp:featuredmedia":[{"embeddable":true,"href":"https:\/\/mhf.ro\/mm\/wp-json\/wp\/v2\/media\/2304"}],"wp:attachment":[{"href":"https:\/\/mhf.ro\/mm\/wp-json\/wp\/v2\/media?parent=2303"}],"wp:term":[{"taxonomy":"category","embeddable":true,"href":"https:\/\/mhf.ro\/mm\/wp-json\/wp\/v2\/categories?post=2303"},{"taxonomy":"post_tag","embeddable":true,"href":"https:\/\/mhf.ro\/mm\/wp-json\/wp\/v2\/tags?post=2303"}],"curies":[{"name":"wp","href":"https:\/\/api.w.org\/{rel}","templated":true}]}}